{"id":26316,"date":"2026-09-04T10:20:22","date_gmt":"2026-09-04T13:20:22","guid":{"rendered":"https:\/\/fmpatagoniamadryn.com.ar\/?p=26316"},"modified":"2026-09-04T10:20:23","modified_gmt":"2026-09-04T13:20:23","slug":"ferro-recibe-a-mitre-y-busca-afianzarse-en-la-cima-de-la-primera-nacional","status":"publish","type":"post","link":"https:\/\/fmpatagoniamadryn.com.ar\/?p=26316","title":{"rendered":"Ferro recibe a Mitre y busca afianzarse en la cima de la Primera Nacional"},"content":{"rendered":"\n<p class=\"wp-block-paragraph\">La Primera Nacional comienza este viernes su vig\u00e9sima octava jornada, con varios partidos importantes tanto en la pelea por los primeros puestos como en la lucha por la permanencia.<\/p>\n\n\n\n<p class=\"wp-block-paragraph\">El principal atractivo estar\u00e1 en Caballito, donde <strong>Ferro Carril Oeste recibir\u00e1 a Mitre de Santiago del Estero desde las 20<\/strong>, en el estadio Arquitecto Ricardo Etcheverry. El encuentro ser\u00e1 arbitrado por Juan Pablo Loustau y podr\u00e1 verse por LPF Play.<\/p>\n\n\n\n<h2 class=\"wp-block-heading\">Ferro quiere sostener la ventaja<\/h2>\n\n\n\n<p class=\"wp-block-paragraph\">El conjunto de Caballito llega como l\u00edder de la Zona A con <strong>53 puntos<\/strong>, producto de 16 triunfos, cinco empates y seis derrotas en 27 presentaciones. Su principal perseguidor es Deportivo Mor\u00f3n, que suma 49 unidades.<\/p>\n\n\n\n<p class=\"wp-block-paragraph\">Ferro viene de igualar 2-2 frente a Estudiantes de Buenos Aires como visitante, resultado que le permiti\u00f3 conservar una diferencia de cuatro puntos en lo m\u00e1s alto de la tabla.<\/p>\n\n\n\n<p class=\"wp-block-paragraph\">Del otro lado estar\u00e1 Mitre, que ocupa el und\u00e9cimo puesto con 30 puntos. El equipo santiague\u00f1o necesita sumar para alejarse de la zona comprometida de la clasificaci\u00f3n, por lo que buscar\u00e1 dar el golpe en Caballito.<\/p>\n\n\n\n<h2 class=\"wp-block-heading\">Toda la programaci\u00f3n de la fecha 28<\/h2>\n\n\n\n<p class=\"wp-block-paragraph\">La jornada comenzar\u00e1 este viernes a las 15.30 con <strong>Defensores de Belgrano vs. Racing de C\u00f3rdoba<\/strong>, mientras que a las 20 ser\u00e1 el turno de Ferro y Mitre.<\/p>\n\n\n\n<p class=\"wp-block-paragraph\"><strong>Viernes 4 de septiembre<\/strong><\/p>\n\n\n\n<ul class=\"wp-block-list\">\n<li>15.30: Defensores de Belgrano vs. Racing de C\u00f3rdoba<\/li>\n\n\n\n<li>20.00: Ferro vs. Mitre de Santiago del Estero<\/li>\n<\/ul>\n\n\n\n<p class=\"wp-block-paragraph\"><strong>S\u00e1bado 5 de septiembre<\/strong><\/p>\n\n\n\n<ul class=\"wp-block-list\">\n<li>15.00: San Telmo vs. Los Andes<\/li>\n\n\n\n<li>15.00: Trist\u00e1n Su\u00e1rez vs. San Mart\u00edn de Tucum\u00e1n<\/li>\n\n\n\n<li>15.30: Chacarita vs. Atlanta<\/li>\n\n\n\n<li>15.30: Acassuso vs. All Boys<\/li>\n\n\n\n<li>17.00: Col\u00f3n vs. Deportivo Mor\u00f3n<\/li>\n<\/ul>\n\n\n\n<p class=\"wp-block-paragraph\"><strong>Domingo 6 de septiembre<\/strong><\/p>\n\n\n\n<ul class=\"wp-block-list\">\n<li>15.00: Agropecuario vs. Atl\u00e9tico Rafaela<\/li>\n\n\n\n<li>15.00: San Miguel vs. Godoy Cruz<\/li>\n\n\n\n<li>15.30: Almagro vs. Gimnasia de Jujuy<\/li>\n\n\n\n<li>15.30: San Mart\u00edn de San Juan vs. Midland<\/li>\n\n\n\n<li>16.00: Temperley vs. Colegiales<\/li>\n\n\n\n<li>16.00: Chaco For Ever vs. Estudiantes de Buenos Aires<\/li>\n\n\n\n<li>16.00: <strong>Deportivo Madryn vs. Ciudad de Bol\u00edvar<\/strong><\/li>\n\n\n\n<li>16.00: Deportivo Maip\u00fa vs. Patronato<\/li>\n\n\n\n<li>17.00: Central Norte vs. Almirante Brown<\/li>\n\n\n\n<li>17.00: G\u00fcemes de Santiago del Estero vs. Gimnasia y Tiro<\/li>\n<\/ul>\n\n\n\n<p class=\"wp-block-paragraph\"><strong>Lunes 7 de septiembre<\/strong><\/p>\n\n\n\n<ul class=\"wp-block-list\">\n<li>19.30: Nueva Chicago vs. Quilmes<\/li>\n<\/ul>\n\n\n\n<p class=\"wp-block-paragraph\">La programaci\u00f3n corresponde a la fecha 28 de la Primera Nacional, con los encuentros distribuidos entre viernes y lunes.<\/p>\n","protected":false},"excerpt":{"rendered":"<p>Este viernes se pone en marcha la vig\u00e9sima octava fecha de la segunda divisi\u00f3n del f\u00fatbol argentino. El l\u00edder Ferro recibe a Mitre de Santiago del Estero desde las 20, mientras que Deportivo Madryn jugar\u00e1 el domingo ante Ciudad de Bol\u00edvar.<\/p>\n","protected":false},"author":5,"featured_media":26317,"comment_status":"closed","ping_status":"closed","sticky":false,"template":"","format":"standard","meta":{"footnotes":""},"categories":[4],"tags":[49,48],"class_list":["post-26316","post","type-post","status-publish","format-standard","has-post-thumbnail","hentry","category-deportes","tag-afa","tag-futbol"],"yoast_head":"<!-- This site is optimized with the Yoast SEO plugin v28.4 - https:\/\/yoast.com\/product\/yoast-seo-wordpress\/ -->\n<title>Ferro recibe a Mitre y busca afianzarse en la cima de la Primera Nacional - FM Patagonia Madryn<\/title>\n<meta name=\"robots\" content=\"index, follow, max-snippet:-1, max-image-preview:large, max-video-preview:-1\" \/>\n<link rel=\"canonical\" href=\"https:\/\/fmpatagoniamadryn.com.ar\/?p=26316\" \/>\n<meta property=\"og:locale\" content=\"es_ES\" \/>\n<meta property=\"og:type\" content=\"article\" \/>\n<meta property=\"og:title\" content=\"Ferro recibe a Mitre y busca afianzarse en la cima de la Primera Nacional - FM Patagonia Madryn\" \/>\n<meta property=\"og:description\" content=\"Este viernes se pone en marcha la vig\u00e9sima octava fecha de la segunda divisi\u00f3n del f\u00fatbol argentino. El l\u00edder Ferro recibe a Mitre de Santiago del Estero desde las 20, mientras que Deportivo Madryn jugar\u00e1 el domingo ante Ciudad de Bol\u00edvar.\" \/>\n<meta property=\"og:url\" content=\"https:\/\/fmpatagoniamadryn.com.ar\/?p=26316\" \/>\n<meta property=\"og:site_name\" content=\"FM Patagonia Madryn\" \/>\n<meta property=\"article:published_time\" content=\"2026-09-04T13:20:22+00:00\" \/>\n<meta property=\"article:modified_time\" content=\"2026-09-04T13:20:23+00:00\" \/>\n<meta name=\"author\" content=\"FM Patagonia\" \/>\n<meta name=\"twitter:card\" content=\"summary_large_image\" \/>\n<meta name=\"twitter:label1\" content=\"Escrito por\" \/>\n\t<meta name=\"twitter:data1\" content=\"FM Patagonia\" \/>\n\t<meta name=\"twitter:label2\" content=\"Tiempo de lectura\" \/>\n\t<meta name=\"twitter:data2\" content=\"2 minutos\" \/>\n<script type=\"application\/ld+json\" class=\"yoast-schema-graph\">{\"@context\":\"https:\\\/\\\/schema.org\",\"@graph\":[{\"@type\":\"Article\",\"@id\":\"https:\\\/\\\/fmpatagoniamadryn.com.ar\\\/?p=26316#article\",\"isPartOf\":{\"@id\":\"https:\\\/\\\/fmpatagoniamadryn.com.ar\\\/?p=26316\"},\"author\":{\"name\":\"FM Patagonia\",\"@id\":\"https:\\\/\\\/fmpatagoniamadryn.com.ar\\\/#\\\/schema\\\/person\\\/d1eaeab8ab628617785f4d9ef0e8d5d8\"},\"headline\":\"Ferro recibe a Mitre y busca afianzarse en la cima de la Primera Nacional\",\"datePublished\":\"2026-09-04T13:20:22+00:00\",\"dateModified\":\"2026-09-04T13:20:23+00:00\",\"mainEntityOfPage\":{\"@id\":\"https:\\\/\\\/fmpatagoniamadryn.com.ar\\\/?p=26316\"},\"wordCount\":365,\"publisher\":{\"@id\":\"https:\\\/\\\/fmpatagoniamadryn.com.ar\\\/#organization\"},\"image\":{\"@id\":\"https:\\\/\\\/fmpatagoniamadryn.com.ar\\\/?p=26316#primaryimage\"},\"thumbnailUrl\":\"https:\\\/\\\/fmpatagoniamadryn.com.ar\\\/wp-content\\\/uploads\\\/2026\\\/09\\\/ferro-prim-nacional.avif\",\"keywords\":[\"AFA\",\"F\u00fatbol\"],\"articleSection\":[\"Deportes\"],\"inLanguage\":\"es\"},{\"@type\":\"WebPage\",\"@id\":\"https:\\\/\\\/fmpatagoniamadryn.com.ar\\\/?p=26316\",\"url\":\"https:\\\/\\\/fmpatagoniamadryn.com.ar\\\/?p=26316\",\"name\":\"Ferro recibe a Mitre y busca afianzarse en la cima de la Primera Nacional - FM Patagonia Madryn\",\"isPartOf\":{\"@id\":\"https:\\\/\\\/fmpatagoniamadryn.com.ar\\\/#website\"},\"primaryImageOfPage\":{\"@id\":\"https:\\\/\\\/fmpatagoniamadryn.com.ar\\\/?p=26316#primaryimage\"},\"image\":{\"@id\":\"https:\\\/\\\/fmpatagoniamadryn.com.ar\\\/?p=26316#primaryimage\"},\"thumbnailUrl\":\"https:\\\/\\\/fmpatagoniamadryn.com.ar\\\/wp-content\\\/uploads\\\/2026\\\/09\\\/ferro-prim-nacional.avif\",\"datePublished\":\"2026-09-04T13:20:22+00:00\",\"dateModified\":\"2026-09-04T13:20:23+00:00\",\"breadcrumb\":{\"@id\":\"https:\\\/\\\/fmpatagoniamadryn.com.ar\\\/?p=26316#breadcrumb\"},\"inLanguage\":\"es\",\"potentialAction\":[{\"@type\":\"ReadAction\",\"target\":[\"https:\\\/\\\/fmpatagoniamadryn.com.ar\\\/?p=26316\"]}]},{\"@type\":\"ImageObject\",\"inLanguage\":\"es\",\"@id\":\"https:\\\/\\\/fmpatagoniamadryn.com.ar\\\/?p=26316#primaryimage\",\"url\":\"https:\\\/\\\/fmpatagoniamadryn.com.ar\\\/wp-content\\\/uploads\\\/2026\\\/09\\\/ferro-prim-nacional.avif\",\"contentUrl\":\"https:\\\/\\\/fmpatagoniamadryn.com.ar\\\/wp-content\\\/uploads\\\/2026\\\/09\\\/ferro-prim-nacional.avif\",\"width\":806,\"height\":540},{\"@type\":\"BreadcrumbList\",\"@id\":\"https:\\\/\\\/fmpatagoniamadryn.com.ar\\\/?p=26316#breadcrumb\",\"itemListElement\":[{\"@type\":\"ListItem\",\"position\":1,\"name\":\"Portada\",\"item\":\"https:\\\/\\\/fmpatagoniamadryn.com.ar\\\/\"},{\"@type\":\"ListItem\",\"position\":2,\"name\":\"Ferro recibe a Mitre y busca afianzarse en la cima de la Primera Nacional\"}]},{\"@type\":\"WebSite\",\"@id\":\"https:\\\/\\\/fmpatagoniamadryn.com.ar\\\/#website\",\"url\":\"https:\\\/\\\/fmpatagoniamadryn.com.ar\\\/\",\"name\":\"FM Patagonia Madryn\",\"description\":\"Radio Patagonia 105.5\",\"publisher\":{\"@id\":\"https:\\\/\\\/fmpatagoniamadryn.com.ar\\\/#organization\"},\"potentialAction\":[{\"@type\":\"SearchAction\",\"target\":{\"@type\":\"EntryPoint\",\"urlTemplate\":\"https:\\\/\\\/fmpatagoniamadryn.com.ar\\\/?s={search_term_string}\"},\"query-input\":{\"@type\":\"PropertyValueSpecification\",\"valueRequired\":true,\"valueName\":\"search_term_string\"}}],\"inLanguage\":\"es\"},{\"@type\":\"Organization\",\"@id\":\"https:\\\/\\\/fmpatagoniamadryn.com.ar\\\/#organization\",\"name\":\"FM Patagonia Madryn\",\"url\":\"https:\\\/\\\/fmpatagoniamadryn.com.ar\\\/\",\"logo\":{\"@type\":\"ImageObject\",\"inLanguage\":\"es\",\"@id\":\"https:\\\/\\\/fmpatagoniamadryn.com.ar\\\/#\\\/schema\\\/logo\\\/image\\\/\",\"url\":\"https:\\\/\\\/fmpatagoniamadryn.com.ar\\\/wp-content\\\/uploads\\\/2023\\\/01\\\/cropped-Diseno-sin-titulo.png\",\"contentUrl\":\"https:\\\/\\\/fmpatagoniamadryn.com.ar\\\/wp-content\\\/uploads\\\/2023\\\/01\\\/cropped-Diseno-sin-titulo.png\",\"width\":6911,\"height\":2657,\"caption\":\"FM Patagonia Madryn\"},\"image\":{\"@id\":\"https:\\\/\\\/fmpatagoniamadryn.com.ar\\\/#\\\/schema\\\/logo\\\/image\\\/\"}},{\"@type\":\"Person\",\"@id\":\"https:\\\/\\\/fmpatagoniamadryn.com.ar\\\/#\\\/schema\\\/person\\\/d1eaeab8ab628617785f4d9ef0e8d5d8\",\"name\":\"FM Patagonia\",\"url\":\"https:\\\/\\\/fmpatagoniamadryn.com.ar\\\/?author=5\"}]}<\/script>\n<!-- \/ Yoast SEO plugin. -->","yoast_head_json":{"title":"Ferro recibe a Mitre y busca afianzarse en la cima de la Primera Nacional - FM Patagonia Madryn","robots":{"index":"index","follow":"follow","max-snippet":"max-snippet:-1","max-image-preview":"max-image-preview:large","max-video-preview":"max-video-preview:-1"},"canonical":"https:\/\/fmpatagoniamadryn.com.ar\/?p=26316","og_locale":"es_ES","og_type":"article","og_title":"Ferro recibe a Mitre y busca afianzarse en la cima de la Primera Nacional - FM Patagonia Madryn","og_description":"Este viernes se pone en marcha la vig\u00e9sima octava fecha de la segunda divisi\u00f3n del f\u00fatbol argentino. El l\u00edder Ferro recibe a Mitre de Santiago del Estero desde las 20, mientras que Deportivo Madryn jugar\u00e1 el domingo ante Ciudad de Bol\u00edvar.","og_url":"https:\/\/fmpatagoniamadryn.com.ar\/?p=26316","og_site_name":"FM Patagonia Madryn","article_published_time":"2026-09-04T13:20:22+00:00","article_modified_time":"2026-09-04T13:20:23+00:00","author":"FM Patagonia","twitter_card":"summary_large_image","twitter_misc":{"Escrito por":"FM Patagonia","Tiempo de lectura":"2 minutos"},"schema":{"@context":"https:\/\/schema.org","@graph":[{"@type":"Article","@id":"https:\/\/fmpatagoniamadryn.com.ar\/?p=26316#article","isPartOf":{"@id":"https:\/\/fmpatagoniamadryn.com.ar\/?p=26316"},"author":{"name":"FM Patagonia","@id":"https:\/\/fmpatagoniamadryn.com.ar\/#\/schema\/person\/d1eaeab8ab628617785f4d9ef0e8d5d8"},"headline":"Ferro recibe a Mitre y busca afianzarse en la cima de la Primera Nacional","datePublished":"2026-09-04T13:20:22+00:00","dateModified":"2026-09-04T13:20:23+00:00","mainEntityOfPage":{"@id":"https:\/\/fmpatagoniamadryn.com.ar\/?p=26316"},"wordCount":365,"publisher":{"@id":"https:\/\/fmpatagoniamadryn.com.ar\/#organization"},"image":{"@id":"https:\/\/fmpatagoniamadryn.com.ar\/?p=26316#primaryimage"},"thumbnailUrl":"https:\/\/fmpatagoniamadryn.com.ar\/wp-content\/uploads\/2026\/09\/ferro-prim-nacional.avif","keywords":["AFA","F\u00fatbol"],"articleSection":["Deportes"],"inLanguage":"es"},{"@type":"WebPage","@id":"https:\/\/fmpatagoniamadryn.com.ar\/?p=26316","url":"https:\/\/fmpatagoniamadryn.com.ar\/?p=26316","name":"Ferro recibe a Mitre y busca afianzarse en la cima de la Primera Nacional - FM Patagonia Madryn","isPartOf":{"@id":"https:\/\/fmpatagoniamadryn.com.ar\/#website"},"primaryImageOfPage":{"@id":"https:\/\/fmpatagoniamadryn.com.ar\/?p=26316#primaryimage"},"image":{"@id":"https:\/\/fmpatagoniamadryn.com.ar\/?p=26316#primaryimage"},"thumbnailUrl":"https:\/\/fmpatagoniamadryn.com.ar\/wp-content\/uploads\/2026\/09\/ferro-prim-nacional.avif","datePublished":"2026-09-04T13:20:22+00:00","dateModified":"2026-09-04T13:20:23+00:00","breadcrumb":{"@id":"https:\/\/fmpatagoniamadryn.com.ar\/?p=26316#breadcrumb"},"inLanguage":"es","potentialAction":[{"@type":"ReadAction","target":["https:\/\/fmpatagoniamadryn.com.ar\/?p=26316"]}]},{"@type":"ImageObject","inLanguage":"es","@id":"https:\/\/fmpatagoniamadryn.com.ar\/?p=26316#primaryimage","url":"https:\/\/fmpatagoniamadryn.com.ar\/wp-content\/uploads\/2026\/09\/ferro-prim-nacional.avif","contentUrl":"https:\/\/fmpatagoniamadryn.com.ar\/wp-content\/uploads\/2026\/09\/ferro-prim-nacional.avif","width":806,"height":540},{"@type":"BreadcrumbList","@id":"https:\/\/fmpatagoniamadryn.com.ar\/?p=26316#breadcrumb","itemListElement":[{"@type":"ListItem","position":1,"name":"Portada","item":"https:\/\/fmpatagoniamadryn.com.ar\/"},{"@type":"ListItem","position":2,"name":"Ferro recibe a Mitre y busca afianzarse en la cima de la Primera Nacional"}]},{"@type":"WebSite","@id":"https:\/\/fmpatagoniamadryn.com.ar\/#website","url":"https:\/\/fmpatagoniamadryn.com.ar\/","name":"FM Patagonia Madryn","description":"Radio Patagonia 105.5","publisher":{"@id":"https:\/\/fmpatagoniamadryn.com.ar\/#organization"},"potentialAction":[{"@type":"SearchAction","target":{"@type":"EntryPoint","urlTemplate":"https:\/\/fmpatagoniamadryn.com.ar\/?s={search_term_string}"},"query-input":{"@type":"PropertyValueSpecification","valueRequired":true,"valueName":"search_term_string"}}],"inLanguage":"es"},{"@type":"Organization","@id":"https:\/\/fmpatagoniamadryn.com.ar\/#organization","name":"FM Patagonia Madryn","url":"https:\/\/fmpatagoniamadryn.com.ar\/","logo":{"@type":"ImageObject","inLanguage":"es","@id":"https:\/\/fmpatagoniamadryn.com.ar\/#\/schema\/logo\/image\/","url":"https:\/\/fmpatagoniamadryn.com.ar\/wp-content\/uploads\/2023\/01\/cropped-Diseno-sin-titulo.png","contentUrl":"https:\/\/fmpatagoniamadryn.com.ar\/wp-content\/uploads\/2023\/01\/cropped-Diseno-sin-titulo.png","width":6911,"height":2657,"caption":"FM Patagonia Madryn"},"image":{"@id":"https:\/\/fmpatagoniamadryn.com.ar\/#\/schema\/logo\/image\/"}},{"@type":"Person","@id":"https:\/\/fmpatagoniamadryn.com.ar\/#\/schema\/person\/d1eaeab8ab628617785f4d9ef0e8d5d8","name":"FM Patagonia","url":"https:\/\/fmpatagoniamadryn.com.ar\/?author=5"}]}},"jetpack_featured_media_url":"https:\/\/fmpatagoniamadryn.com.ar\/wp-content\/uploads\/2026\/09\/ferro-prim-nacional.avif","_links":{"self":[{"href":"https:\/\/fmpatagoniamadryn.com.ar\/index.php?rest_route=\/wp\/v2\/posts\/26316","targetHints":{"allow":["GET"]}}],"collection":[{"href":"https:\/\/fmpatagoniamadryn.com.ar\/index.php?rest_route=\/wp\/v2\/posts"}],"about":[{"href":"https:\/\/fmpatagoniamadryn.com.ar\/index.php?rest_route=\/wp\/v2\/types\/post"}],"author":[{"embeddable":true,"href":"https:\/\/fmpatagoniamadryn.com.ar\/index.php?rest_route=\/wp\/v2\/users\/5"}],"replies":[{"embeddable":true,"href":"https:\/\/fmpatagoniamadryn.com.ar\/index.php?rest_route=%2Fwp%2Fv2%2Fcomments&post=26316"}],"version-history":[{"count":1,"href":"https:\/\/fmpatagoniamadryn.com.ar\/index.php?rest_route=\/wp\/v2\/posts\/26316\/revisions"}],"predecessor-version":[{"id":26318,"href":"https:\/\/fmpatagoniamadryn.com.ar\/index.php?rest_route=\/wp\/v2\/posts\/26316\/revisions\/26318"}],"wp:featuredmedia":[{"embeddable":true,"href":"https:\/\/fmpatagoniamadryn.com.ar\/index.php?rest_route=\/wp\/v2\/media\/26317"}],"wp:attachment":[{"href":"https:\/\/fmpatagoniamadryn.com.ar\/index.php?rest_route=%2Fwp%2Fv2%2Fmedia&parent=26316"}],"wp:term":[{"taxonomy":"category","embeddable":true,"href":"https:\/\/fmpatagoniamadryn.com.ar\/index.php?rest_route=%2Fwp%2Fv2%2Fcategories&post=26316"},{"taxonomy":"post_tag","embeddable":true,"href":"https:\/\/fmpatagoniamadryn.com.ar\/index.php?rest_route=%2Fwp%2Fv2%2Ftags&post=26316"}],"curies":[{"name":"wp","href":"https:\/\/api.w.org\/{rel}","templated":true}]}}