{"id":2632,"date":"2023-05-17T18:29:25","date_gmt":"2023-05-17T21:29:25","guid":{"rendered":"https:\/\/fmpatagoniamadryn.com.ar\/?p=2632"},"modified":"2023-05-17T18:30:23","modified_gmt":"2023-05-17T21:30:23","slug":"el-gobierno-provincial-participo-del-acto-por-el-dia-de-la-armada-argentina","status":"publish","type":"post","link":"https:\/\/fmpatagoniamadryn.com.ar\/?p=2632","title":{"rendered":"El Gobierno Provincial particip\u00f3 del acto por el D\u00eda de la Armada Argentina"},"content":{"rendered":"\n<p>La ceremonia se realiz\u00f3 en la Base Almirante Zar de Trelew con la participaci\u00f3n de autoridades provinciales, fuerzas de seguridad y vecinos.<br><br>En la ma\u00f1ana del mi\u00e9rcoles, el Gobierno del Chubut acompa\u00f1\u00f3 la celebraci\u00f3n por el D\u00eda de la Armada, junto a las autoridades de las diversas Fuerzas de Seguridad.<br><br>El acto se desarroll\u00f3 en la Base Almirante Zar, con la presencia del ministro de Gobierno y Justicia, Cristian Ayala; el presidente del Concejo Deliberante de Trelew, Juan Ignacio Aguilar; el jefe de la Delegaci\u00f3n Rawson de la Polic\u00eda Federal Argentina, Comisario Carlos Quinteros; el jefe de la XIV Agrupaci\u00f3n Chubut de Gendarmer\u00eda Nacional, Comandante Mayor Sergio Batista; el jefe de Prefectura Naval Argentina Puerto Rawson, Prefecto Principal Marcelo Serrano; el director del Instituto de Seguridad y Resocializaci\u00f3n U6, Prefecto Gustavo Medina; el jefe del Cuartel Almirante Zar, Subcomisario Ariel Yanoski; el jefe de la Unidad Operacional Trelew de Polic\u00eda de Seguridad Aeroportuaria, Subinspector Susana Cabrera, y dem\u00e1s acompa\u00f1antes.  <br><br>En este marco, el ministro Ayala coment\u00f3 que \u201cfuimos muy bien recibidos por toda la Fuerza y la ciudadan\u00eda que se reuni\u00f3 en este nuevo aniversario de la Armada Argentina. Justamente, en representaci\u00f3n del Gobierno Provincia, transmitir el saludo del gobernador Mariano Arcioni que est\u00e1 con agenda en la ciudad de Buenos Aires, por lo que me encomend\u00f3 que participara de este evento y transmitir los saludos y la permanente presencia del Gobierno Provincial\u201d.<br><br>Asimismo, el ministro Ayala se refiri\u00f3 al lazo que Provincia tiene con la entidad se\u00f1alando que se trata de colaboraci\u00f3n y apoyo mutuo. \u201cLas fuerzas, en esta vida democr\u00e1tica, cumplen un rol fundamental, muchas veces en asistencia y colaboraci\u00f3n en \u00e9poca invernal, sobre todo. Tanto de Gendarmer\u00eda como la Armada, entre otras entidades, tiene fuerte presencia en colaboraciones, por ejemplo, para asistir a pobladores trasladando medicamentos, le\u00f1a y dem\u00e1s suministros a trav\u00e9s de aviones propios. Por lo que son entidades con constante presencia\u201d.<br><br>Por su parte, el Capit\u00e1n de Nav\u00edo, Fabi\u00e1n Edgardo Cersofios, dio su palabra e indic\u00f3 que \u201chemos vivido una nueva conmemoraci\u00f3n en el D\u00eda de la Armada y, como siempre, invitamos a toda la comunidad a que sea part\u00edcipe de esta ceremonia tradicional\u201d.<br><br>Con respecto a la Base Almorante Zar, el Capit\u00e1n de Nav\u00edo se\u00f1al\u00f3 que \u201ccumple sus actividades de manera normal. Somos una Base desde donde otras unidades de la Armada tambi\u00e9n pueden operar y efectuar una de las tareas que es el control de los recursos en el mar y, obviamente, cumplir una de las tareas fundamentales que es la salvaguarda de la vida en el mar, una responsabilidad delegada por el Estado Nacional a la Armada Argentina y es una de las principales tareas que cumplimos\u201d.<\/p>\n","protected":false},"excerpt":{"rendered":"<p>La ceremonia se realiz\u00f3 en la Base Almirante Zar de Trelew con la participaci\u00f3n de autoridades provinciales, fuerzas de seguridad y vecinos. En la ma\u00f1ana del mi\u00e9rcoles, el Gobierno del&hellip; <\/p>\n","protected":false},"author":3,"featured_media":2631,"comment_status":"closed","ping_status":"closed","sticky":false,"template":"","format":"standard","meta":{"footnotes":""},"categories":[13],"tags":[],"class_list":["post-2632","post","type-post","status-publish","format-standard","has-post-thumbnail","hentry","category-nacionales"],"yoast_head":"<!-- This site is optimized with the Yoast SEO plugin v27.4 - https:\/\/yoast.com\/product\/yoast-seo-wordpress\/ -->\n<title>El Gobierno Provincial particip\u00f3 del acto por el D\u00eda de la Armada Argentina - FM Patagonia Madryn<\/title>\n<meta name=\"robots\" content=\"index, follow, max-snippet:-1, max-image-preview:large, max-video-preview:-1\" \/>\n<link rel=\"canonical\" href=\"https:\/\/fmpatagoniamadryn.com.ar\/?p=2632\" \/>\n<meta property=\"og:locale\" content=\"es_ES\" \/>\n<meta property=\"og:type\" content=\"article\" \/>\n<meta property=\"og:title\" content=\"El Gobierno Provincial particip\u00f3 del acto por el D\u00eda de la Armada Argentina - FM Patagonia Madryn\" \/>\n<meta property=\"og:description\" content=\"La ceremonia se realiz\u00f3 en la Base Almirante Zar de Trelew con la participaci\u00f3n de autoridades provinciales, fuerzas de seguridad y vecinos. En la ma\u00f1ana del mi\u00e9rcoles, el Gobierno del&hellip;\" \/>\n<meta property=\"og:url\" content=\"https:\/\/fmpatagoniamadryn.com.ar\/?p=2632\" \/>\n<meta property=\"og:site_name\" content=\"FM Patagonia Madryn\" \/>\n<meta property=\"article:published_time\" content=\"2023-05-17T21:29:25+00:00\" \/>\n<meta property=\"article:modified_time\" content=\"2023-05-17T21:30:23+00:00\" \/>\n<meta property=\"og:image\" content=\"https:\/\/fmpatagoniamadryn.com.ar\/wp-content\/uploads\/2023\/05\/ARMADA-4.jpeg\" \/>\n\t<meta property=\"og:image:width\" content=\"1024\" \/>\n\t<meta property=\"og:image:height\" content=\"682\" \/>\n\t<meta property=\"og:image:type\" content=\"image\/jpeg\" \/>\n<meta name=\"author\" content=\"FM Patagonia\" \/>\n<meta name=\"twitter:card\" content=\"summary_large_image\" \/>\n<meta name=\"twitter:label1\" content=\"Escrito por\" \/>\n\t<meta name=\"twitter:data1\" content=\"FM Patagonia\" \/>\n\t<meta name=\"twitter:label2\" content=\"Tiempo de lectura\" \/>\n\t<meta name=\"twitter:data2\" content=\"2 minutos\" \/>\n<script type=\"application\/ld+json\" class=\"yoast-schema-graph\">{\"@context\":\"https:\\\/\\\/schema.org\",\"@graph\":[{\"@type\":\"Article\",\"@id\":\"https:\\\/\\\/fmpatagoniamadryn.com.ar\\\/?p=2632#article\",\"isPartOf\":{\"@id\":\"https:\\\/\\\/fmpatagoniamadryn.com.ar\\\/?p=2632\"},\"author\":{\"name\":\"FM Patagonia\",\"@id\":\"https:\\\/\\\/fmpatagoniamadryn.com.ar\\\/#\\\/schema\\\/person\\\/1d968ec613613768e14b4e6420a2b125\"},\"headline\":\"El Gobierno Provincial particip\u00f3 del acto por el D\u00eda de la Armada Argentina\",\"datePublished\":\"2023-05-17T21:29:25+00:00\",\"dateModified\":\"2023-05-17T21:30:23+00:00\",\"mainEntityOfPage\":{\"@id\":\"https:\\\/\\\/fmpatagoniamadryn.com.ar\\\/?p=2632\"},\"wordCount\":492,\"publisher\":{\"@id\":\"https:\\\/\\\/fmpatagoniamadryn.com.ar\\\/#organization\"},\"image\":{\"@id\":\"https:\\\/\\\/fmpatagoniamadryn.com.ar\\\/?p=2632#primaryimage\"},\"thumbnailUrl\":\"https:\\\/\\\/fmpatagoniamadryn.com.ar\\\/wp-content\\\/uploads\\\/2023\\\/05\\\/ARMADA-4.jpeg\",\"articleSection\":[\"Nacionales\"],\"inLanguage\":\"es\"},{\"@type\":\"WebPage\",\"@id\":\"https:\\\/\\\/fmpatagoniamadryn.com.ar\\\/?p=2632\",\"url\":\"https:\\\/\\\/fmpatagoniamadryn.com.ar\\\/?p=2632\",\"name\":\"El Gobierno Provincial particip\u00f3 del acto por el D\u00eda de la Armada Argentina - FM Patagonia Madryn\",\"isPartOf\":{\"@id\":\"https:\\\/\\\/fmpatagoniamadryn.com.ar\\\/#website\"},\"primaryImageOfPage\":{\"@id\":\"https:\\\/\\\/fmpatagoniamadryn.com.ar\\\/?p=2632#primaryimage\"},\"image\":{\"@id\":\"https:\\\/\\\/fmpatagoniamadryn.com.ar\\\/?p=2632#primaryimage\"},\"thumbnailUrl\":\"https:\\\/\\\/fmpatagoniamadryn.com.ar\\\/wp-content\\\/uploads\\\/2023\\\/05\\\/ARMADA-4.jpeg\",\"datePublished\":\"2023-05-17T21:29:25+00:00\",\"dateModified\":\"2023-05-17T21:30:23+00:00\",\"breadcrumb\":{\"@id\":\"https:\\\/\\\/fmpatagoniamadryn.com.ar\\\/?p=2632#breadcrumb\"},\"inLanguage\":\"es\",\"potentialAction\":[{\"@type\":\"ReadAction\",\"target\":[\"https:\\\/\\\/fmpatagoniamadryn.com.ar\\\/?p=2632\"]}]},{\"@type\":\"ImageObject\",\"inLanguage\":\"es\",\"@id\":\"https:\\\/\\\/fmpatagoniamadryn.com.ar\\\/?p=2632#primaryimage\",\"url\":\"https:\\\/\\\/fmpatagoniamadryn.com.ar\\\/wp-content\\\/uploads\\\/2023\\\/05\\\/ARMADA-4.jpeg\",\"contentUrl\":\"https:\\\/\\\/fmpatagoniamadryn.com.ar\\\/wp-content\\\/uploads\\\/2023\\\/05\\\/ARMADA-4.jpeg\",\"width\":1024,\"height\":682},{\"@type\":\"BreadcrumbList\",\"@id\":\"https:\\\/\\\/fmpatagoniamadryn.com.ar\\\/?p=2632#breadcrumb\",\"itemListElement\":[{\"@type\":\"ListItem\",\"position\":1,\"name\":\"Portada\",\"item\":\"https:\\\/\\\/fmpatagoniamadryn.com.ar\\\/\"},{\"@type\":\"ListItem\",\"position\":2,\"name\":\"El Gobierno Provincial particip\u00f3 del acto por el D\u00eda de la Armada Argentina\"}]},{\"@type\":\"WebSite\",\"@id\":\"https:\\\/\\\/fmpatagoniamadryn.com.ar\\\/#website\",\"url\":\"https:\\\/\\\/fmpatagoniamadryn.com.ar\\\/\",\"name\":\"FM Patagonia Madryn\",\"description\":\"Radio Patagonia 105.5\",\"publisher\":{\"@id\":\"https:\\\/\\\/fmpatagoniamadryn.com.ar\\\/#organization\"},\"potentialAction\":[{\"@type\":\"SearchAction\",\"target\":{\"@type\":\"EntryPoint\",\"urlTemplate\":\"https:\\\/\\\/fmpatagoniamadryn.com.ar\\\/?s={search_term_string}\"},\"query-input\":{\"@type\":\"PropertyValueSpecification\",\"valueRequired\":true,\"valueName\":\"search_term_string\"}}],\"inLanguage\":\"es\"},{\"@type\":\"Organization\",\"@id\":\"https:\\\/\\\/fmpatagoniamadryn.com.ar\\\/#organization\",\"name\":\"FM Patagonia Madryn\",\"url\":\"https:\\\/\\\/fmpatagoniamadryn.com.ar\\\/\",\"logo\":{\"@type\":\"ImageObject\",\"inLanguage\":\"es\",\"@id\":\"https:\\\/\\\/fmpatagoniamadryn.com.ar\\\/#\\\/schema\\\/logo\\\/image\\\/\",\"url\":\"https:\\\/\\\/fmpatagoniamadryn.com.ar\\\/wp-content\\\/uploads\\\/2023\\\/01\\\/cropped-Diseno-sin-titulo.png\",\"contentUrl\":\"https:\\\/\\\/fmpatagoniamadryn.com.ar\\\/wp-content\\\/uploads\\\/2023\\\/01\\\/cropped-Diseno-sin-titulo.png\",\"width\":6911,\"height\":2657,\"caption\":\"FM Patagonia Madryn\"},\"image\":{\"@id\":\"https:\\\/\\\/fmpatagoniamadryn.com.ar\\\/#\\\/schema\\\/logo\\\/image\\\/\"}},{\"@type\":\"Person\",\"@id\":\"https:\\\/\\\/fmpatagoniamadryn.com.ar\\\/#\\\/schema\\\/person\\\/1d968ec613613768e14b4e6420a2b125\",\"name\":\"FM Patagonia\",\"url\":\"https:\\\/\\\/fmpatagoniamadryn.com.ar\\\/?author=3\"}]}<\/script>\n<!-- \/ Yoast SEO plugin. -->","yoast_head_json":{"title":"El Gobierno Provincial particip\u00f3 del acto por el D\u00eda de la Armada Argentina - FM Patagonia Madryn","robots":{"index":"index","follow":"follow","max-snippet":"max-snippet:-1","max-image-preview":"max-image-preview:large","max-video-preview":"max-video-preview:-1"},"canonical":"https:\/\/fmpatagoniamadryn.com.ar\/?p=2632","og_locale":"es_ES","og_type":"article","og_title":"El Gobierno Provincial particip\u00f3 del acto por el D\u00eda de la Armada Argentina - FM Patagonia Madryn","og_description":"La ceremonia se realiz\u00f3 en la Base Almirante Zar de Trelew con la participaci\u00f3n de autoridades provinciales, fuerzas de seguridad y vecinos. En la ma\u00f1ana del mi\u00e9rcoles, el Gobierno del&hellip;","og_url":"https:\/\/fmpatagoniamadryn.com.ar\/?p=2632","og_site_name":"FM Patagonia Madryn","article_published_time":"2023-05-17T21:29:25+00:00","article_modified_time":"2023-05-17T21:30:23+00:00","og_image":[{"width":1024,"height":682,"url":"https:\/\/fmpatagoniamadryn.com.ar\/wp-content\/uploads\/2023\/05\/ARMADA-4.jpeg","type":"image\/jpeg"}],"author":"FM Patagonia","twitter_card":"summary_large_image","twitter_misc":{"Escrito por":"FM Patagonia","Tiempo de lectura":"2 minutos"},"schema":{"@context":"https:\/\/schema.org","@graph":[{"@type":"Article","@id":"https:\/\/fmpatagoniamadryn.com.ar\/?p=2632#article","isPartOf":{"@id":"https:\/\/fmpatagoniamadryn.com.ar\/?p=2632"},"author":{"name":"FM Patagonia","@id":"https:\/\/fmpatagoniamadryn.com.ar\/#\/schema\/person\/1d968ec613613768e14b4e6420a2b125"},"headline":"El Gobierno Provincial particip\u00f3 del acto por el D\u00eda de la Armada Argentina","datePublished":"2023-05-17T21:29:25+00:00","dateModified":"2023-05-17T21:30:23+00:00","mainEntityOfPage":{"@id":"https:\/\/fmpatagoniamadryn.com.ar\/?p=2632"},"wordCount":492,"publisher":{"@id":"https:\/\/fmpatagoniamadryn.com.ar\/#organization"},"image":{"@id":"https:\/\/fmpatagoniamadryn.com.ar\/?p=2632#primaryimage"},"thumbnailUrl":"https:\/\/fmpatagoniamadryn.com.ar\/wp-content\/uploads\/2023\/05\/ARMADA-4.jpeg","articleSection":["Nacionales"],"inLanguage":"es"},{"@type":"WebPage","@id":"https:\/\/fmpatagoniamadryn.com.ar\/?p=2632","url":"https:\/\/fmpatagoniamadryn.com.ar\/?p=2632","name":"El Gobierno Provincial particip\u00f3 del acto por el D\u00eda de la Armada Argentina - FM Patagonia Madryn","isPartOf":{"@id":"https:\/\/fmpatagoniamadryn.com.ar\/#website"},"primaryImageOfPage":{"@id":"https:\/\/fmpatagoniamadryn.com.ar\/?p=2632#primaryimage"},"image":{"@id":"https:\/\/fmpatagoniamadryn.com.ar\/?p=2632#primaryimage"},"thumbnailUrl":"https:\/\/fmpatagoniamadryn.com.ar\/wp-content\/uploads\/2023\/05\/ARMADA-4.jpeg","datePublished":"2023-05-17T21:29:25+00:00","dateModified":"2023-05-17T21:30:23+00:00","breadcrumb":{"@id":"https:\/\/fmpatagoniamadryn.com.ar\/?p=2632#breadcrumb"},"inLanguage":"es","potentialAction":[{"@type":"ReadAction","target":["https:\/\/fmpatagoniamadryn.com.ar\/?p=2632"]}]},{"@type":"ImageObject","inLanguage":"es","@id":"https:\/\/fmpatagoniamadryn.com.ar\/?p=2632#primaryimage","url":"https:\/\/fmpatagoniamadryn.com.ar\/wp-content\/uploads\/2023\/05\/ARMADA-4.jpeg","contentUrl":"https:\/\/fmpatagoniamadryn.com.ar\/wp-content\/uploads\/2023\/05\/ARMADA-4.jpeg","width":1024,"height":682},{"@type":"BreadcrumbList","@id":"https:\/\/fmpatagoniamadryn.com.ar\/?p=2632#breadcrumb","itemListElement":[{"@type":"ListItem","position":1,"name":"Portada","item":"https:\/\/fmpatagoniamadryn.com.ar\/"},{"@type":"ListItem","position":2,"name":"El Gobierno Provincial particip\u00f3 del acto por el D\u00eda de la Armada Argentina"}]},{"@type":"WebSite","@id":"https:\/\/fmpatagoniamadryn.com.ar\/#website","url":"https:\/\/fmpatagoniamadryn.com.ar\/","name":"FM Patagonia Madryn","description":"Radio Patagonia 105.5","publisher":{"@id":"https:\/\/fmpatagoniamadryn.com.ar\/#organization"},"potentialAction":[{"@type":"SearchAction","target":{"@type":"EntryPoint","urlTemplate":"https:\/\/fmpatagoniamadryn.com.ar\/?s={search_term_string}"},"query-input":{"@type":"PropertyValueSpecification","valueRequired":true,"valueName":"search_term_string"}}],"inLanguage":"es"},{"@type":"Organization","@id":"https:\/\/fmpatagoniamadryn.com.ar\/#organization","name":"FM Patagonia Madryn","url":"https:\/\/fmpatagoniamadryn.com.ar\/","logo":{"@type":"ImageObject","inLanguage":"es","@id":"https:\/\/fmpatagoniamadryn.com.ar\/#\/schema\/logo\/image\/","url":"https:\/\/fmpatagoniamadryn.com.ar\/wp-content\/uploads\/2023\/01\/cropped-Diseno-sin-titulo.png","contentUrl":"https:\/\/fmpatagoniamadryn.com.ar\/wp-content\/uploads\/2023\/01\/cropped-Diseno-sin-titulo.png","width":6911,"height":2657,"caption":"FM Patagonia Madryn"},"image":{"@id":"https:\/\/fmpatagoniamadryn.com.ar\/#\/schema\/logo\/image\/"}},{"@type":"Person","@id":"https:\/\/fmpatagoniamadryn.com.ar\/#\/schema\/person\/1d968ec613613768e14b4e6420a2b125","name":"FM Patagonia","url":"https:\/\/fmpatagoniamadryn.com.ar\/?author=3"}]}},"jetpack_featured_media_url":"https:\/\/fmpatagoniamadryn.com.ar\/wp-content\/uploads\/2023\/05\/ARMADA-4.jpeg","_links":{"self":[{"href":"https:\/\/fmpatagoniamadryn.com.ar\/index.php?rest_route=\/wp\/v2\/posts\/2632","targetHints":{"allow":["GET"]}}],"collection":[{"href":"https:\/\/fmpatagoniamadryn.com.ar\/index.php?rest_route=\/wp\/v2\/posts"}],"about":[{"href":"https:\/\/fmpatagoniamadryn.com.ar\/index.php?rest_route=\/wp\/v2\/types\/post"}],"author":[{"embeddable":true,"href":"https:\/\/fmpatagoniamadryn.com.ar\/index.php?rest_route=\/wp\/v2\/users\/3"}],"replies":[{"embeddable":true,"href":"https:\/\/fmpatagoniamadryn.com.ar\/index.php?rest_route=%2Fwp%2Fv2%2Fcomments&post=2632"}],"version-history":[{"count":1,"href":"https:\/\/fmpatagoniamadryn.com.ar\/index.php?rest_route=\/wp\/v2\/posts\/2632\/revisions"}],"predecessor-version":[{"id":2633,"href":"https:\/\/fmpatagoniamadryn.com.ar\/index.php?rest_route=\/wp\/v2\/posts\/2632\/revisions\/2633"}],"wp:featuredmedia":[{"embeddable":true,"href":"https:\/\/fmpatagoniamadryn.com.ar\/index.php?rest_route=\/wp\/v2\/media\/2631"}],"wp:attachment":[{"href":"https:\/\/fmpatagoniamadryn.com.ar\/index.php?rest_route=%2Fwp%2Fv2%2Fmedia&parent=2632"}],"wp:term":[{"taxonomy":"category","embeddable":true,"href":"https:\/\/fmpatagoniamadryn.com.ar\/index.php?rest_route=%2Fwp%2Fv2%2Fcategories&post=2632"},{"taxonomy":"post_tag","embeddable":true,"href":"https:\/\/fmpatagoniamadryn.com.ar\/index.php?rest_route=%2Fwp%2Fv2%2Ftags&post=2632"}],"curies":[{"name":"wp","href":"https:\/\/api.w.org\/{rel}","templated":true}]}}