{"id":26333,"date":"2026-09-04T13:46:28","date_gmt":"2026-09-04T16:46:28","guid":{"rendered":"https:\/\/fmpatagoniamadryn.com.ar\/?p=26333"},"modified":"2026-09-04T13:46:28","modified_gmt":"2026-09-04T16:46:28","slug":"el-gobierno-del-chubut-y-unicef-recorren-la-meseta-para-fortalecer-las-politicas-de-ninez","status":"publish","type":"post","link":"https:\/\/fmpatagoniamadryn.com.ar\/?p=26333","title":{"rendered":"El Gobierno del Chubut y UNICEF recorren la Meseta para fortalecer las pol\u00edticas de Ni\u00f1ez"},"content":{"rendered":"\n<p class=\"wp-block-paragraph\">El Gobierno del Chubut, a trav\u00e9s del Ministerio de Desarrollo Humano, lleva adelante junto a UNICEF una recorrida territorial por las localidades de Telsen, Gan Gan y Gastre, con el prop\u00f3sito de acompa\u00f1ar a los equipos locales y fortalecer las pol\u00edticas p\u00fablicas destinadas a ni\u00f1os y adolescentes de la Meseta.<\/p>\n\n\n\n<p class=\"wp-block-paragraph\">La delegaci\u00f3n del Ministerio estuvo encabezada por el subsecretario de Desarrollo Humano y Familia, Christian Aprosoff; y durante las distintas reuniones realizadas se analizaron las acciones implementadas, los avances alcanzados y los principales desaf\u00edos de cada comunidad, promoviendo una intervenci\u00f3n articulada entre las instituciones provinciales y locales.<\/p>\n\n\n\n<h2 class=\"wp-block-heading\"><em>Gan Gan: fortalecimiento de derechos y trabajo intersectorial<\/em><\/h2>\n\n\n\n<p class=\"wp-block-paragraph\">En Gan Gan, la referente del \u00c1rea de Ni\u00f1ez, Adolescencia y Familia de la comuna rural, Soraya Cual, destac\u00f3 la importancia del Programa de Fortalecimiento de Derechos de Ni\u00f1os y Adolescentes y el acompa\u00f1amiento brindado por el Gobierno del Chubut.<\/p>\n\n\n\n<p class=\"wp-block-paragraph\">\u201cEste programa nos permiti\u00f3 implementar pol\u00edticas p\u00fablicas y medidas de protecci\u00f3n, adem\u00e1s de fortalecer el encuentro y el trabajo intersectorial con las diferentes instituciones de la localidad, para abordar de manera conjunta las distintas situaciones que se presentan en nuestra comunidad\u201d, expres\u00f3 Cual.<\/p>\n\n\n\n<p class=\"wp-block-paragraph\">La reuni\u00f3n cont\u00f3 con la participaci\u00f3n del jefe comunal, Pedro Huisca; Soraya Cual, en representaci\u00f3n del \u00c1rea de Ni\u00f1ez, Adolescencia y Familia y como referente local de MUNA; y Patricia Galdamez, referente del \u00c1rea Social.<\/p>\n\n\n\n<p class=\"wp-block-paragraph\">Tambi\u00e9n estuvieron presentes el director del Hospital y una trabajadora comunitaria de Salud en Terreno; la directora de la Escuela Secundaria; referentes de acompa\u00f1amiento a las trayectorias escolares de los niveles Inicial y Primario; el juez de Paz y la jefa de la Comisar\u00eda.<\/p>\n\n\n\n<p class=\"wp-block-paragraph\">La amplia representaci\u00f3n institucional permiti\u00f3 abordar de manera integral las realidades de la Ni\u00f1ez y la Adolescencia en la localidad, consolidando una red comunitaria para la promoci\u00f3n y protecci\u00f3n de sus derechos.<\/p>\n\n\n\n<h2 class=\"wp-block-heading\"><em>Telsen avanza en su Plan de Acci\u00f3n<\/em><\/h2>\n\n\n\n<p class=\"wp-block-paragraph\">En Telsen, el encuentro permiti\u00f3 evaluar los avances alcanzados en la implementaci\u00f3n del Plan de Acci\u00f3n local, elaborado a partir de un autodiagn\u00f3stico que posibilit\u00f3 conocer con mayor profundidad la realidad de ni\u00f1os y adolescentes de la comunidad.<\/p>\n\n\n\n<p class=\"wp-block-paragraph\">La referente local de MUNA destac\u00f3 el acompa\u00f1amiento permanente de UNICEF y del Gobierno del Chubut para identificar los principales desaf\u00edos, establecer prioridades y definir las acciones necesarias para alcanzar las metas previstas hacia noviembre.<\/p>\n\n\n\n<p class=\"wp-block-paragraph\">\u201cEste proceso nos permiti\u00f3 tomar mayor conciencia sobre las problem\u00e1ticas de la Ni\u00f1ez y la Adolescencia. Valoramos especialmente la orientaci\u00f3n, la informaci\u00f3n y el acompa\u00f1amiento permanente que recibimos para llevar adelante cada una de las acciones\u201d, expres\u00f3.<\/p>\n\n\n\n<h2 class=\"wp-block-heading\"><em>Una pol\u00edtica construida desde el territorio<\/em><\/h2>\n\n\n\n<p class=\"wp-block-paragraph\">La agenda de trabajo tambi\u00e9n comprendi\u00f3 una visita a Gastre, como parte del acompa\u00f1amiento territorial que UNICEF y el Ministerio de Desarrollo Humano desarrollan en las comunidades de la Meseta.<\/p>\n\n\n\n<p class=\"wp-block-paragraph\">La recorrida permiti\u00f3 fortalecer el di\u00e1logo con las autoridades y los equipos locales, reconocer las particularidades de cada comunidad y continuar construyendo respuestas integrales desde una perspectiva de derechos.<\/p>\n\n\n\n<p class=\"wp-block-paragraph\">Estas acciones forman parte de la decisi\u00f3n del Gobierno del Chubut de profundizar la presencia territorial y el trabajo articulado con UNICEF, los municipios, las comunas rurales y las instituciones de cada localidad, promoviendo pol\u00edticas de Ni\u00f1ez y Adolescencia que respondan a las necesidades concretas de las familias chubutenses.<\/p>\n","protected":false},"excerpt":{"rendered":"<p>Equipos provinciales y de la agencia de la ONU visitaron Telsen, Gan Gan y Gastre, donde mantuvieron encuentros con autoridades y referentes locales para evaluar avances y profundizar el trabajo intersectorial en materia de Ni\u00f1ez y Adolescencia.<\/p>\n","protected":false},"author":4,"featured_media":26332,"comment_status":"closed","ping_status":"closed","sticky":false,"template":"","format":"standard","meta":{"footnotes":""},"categories":[14],"tags":[693,694,695],"class_list":["post-26333","post","type-post","status-publish","format-standard","has-post-thumbnail","hentry","category-provinciales","tag-meseta","tag-politica-de-ninez","tag-unicef"],"yoast_head":"<!-- This site is optimized with the Yoast SEO plugin v28.4 - https:\/\/yoast.com\/product\/yoast-seo-wordpress\/ -->\n<title>El Gobierno del Chubut y UNICEF recorren la Meseta para fortalecer las pol\u00edticas de Ni\u00f1ez - FM Patagonia Madryn<\/title>\n<meta name=\"robots\" content=\"index, follow, max-snippet:-1, max-image-preview:large, max-video-preview:-1\" \/>\n<link rel=\"canonical\" href=\"https:\/\/fmpatagoniamadryn.com.ar\/?p=26333\" \/>\n<meta property=\"og:locale\" content=\"es_ES\" \/>\n<meta property=\"og:type\" content=\"article\" \/>\n<meta property=\"og:title\" content=\"El Gobierno del Chubut y UNICEF recorren la Meseta para fortalecer las pol\u00edticas de Ni\u00f1ez - FM Patagonia Madryn\" \/>\n<meta property=\"og:description\" content=\"Equipos provinciales y de la agencia de la ONU visitaron Telsen, Gan Gan y Gastre, donde mantuvieron encuentros con autoridades y referentes locales para evaluar avances y profundizar el trabajo intersectorial en materia de Ni\u00f1ez y Adolescencia.\" \/>\n<meta property=\"og:url\" content=\"https:\/\/fmpatagoniamadryn.com.ar\/?p=26333\" \/>\n<meta property=\"og:site_name\" content=\"FM Patagonia Madryn\" \/>\n<meta property=\"article:published_time\" content=\"2026-09-04T16:46:28+00:00\" \/>\n<meta property=\"og:image\" content=\"https:\/\/fmpatagoniamadryn.com.ar\/wp-content\/uploads\/2026\/09\/aab85cfe-d657-4a25-8dba-6be74c6b2d2a.jpg\" \/>\n\t<meta property=\"og:image:width\" content=\"1280\" \/>\n\t<meta property=\"og:image:height\" content=\"853\" \/>\n\t<meta property=\"og:image:type\" content=\"image\/jpeg\" \/>\n<meta name=\"author\" content=\"FM Patagonia\" \/>\n<meta name=\"twitter:card\" content=\"summary_large_image\" \/>\n<meta name=\"twitter:label1\" content=\"Escrito por\" \/>\n\t<meta name=\"twitter:data1\" content=\"FM Patagonia\" \/>\n\t<meta name=\"twitter:label2\" content=\"Tiempo de lectura\" \/>\n\t<meta name=\"twitter:data2\" content=\"3 minutos\" \/>\n<script type=\"application\/ld+json\" class=\"yoast-schema-graph\">{\"@context\":\"https:\\\/\\\/schema.org\",\"@graph\":[{\"@type\":\"Article\",\"@id\":\"https:\\\/\\\/fmpatagoniamadryn.com.ar\\\/?p=26333#article\",\"isPartOf\":{\"@id\":\"https:\\\/\\\/fmpatagoniamadryn.com.ar\\\/?p=26333\"},\"author\":{\"name\":\"FM Patagonia\",\"@id\":\"https:\\\/\\\/fmpatagoniamadryn.com.ar\\\/#\\\/schema\\\/person\\\/97b1d30cb2ae311544a88a5201700571\"},\"headline\":\"El Gobierno del Chubut y UNICEF recorren la Meseta para fortalecer las pol\u00edticas de Ni\u00f1ez\",\"datePublished\":\"2026-09-04T16:46:28+00:00\",\"mainEntityOfPage\":{\"@id\":\"https:\\\/\\\/fmpatagoniamadryn.com.ar\\\/?p=26333\"},\"wordCount\":593,\"publisher\":{\"@id\":\"https:\\\/\\\/fmpatagoniamadryn.com.ar\\\/#organization\"},\"image\":{\"@id\":\"https:\\\/\\\/fmpatagoniamadryn.com.ar\\\/?p=26333#primaryimage\"},\"thumbnailUrl\":\"https:\\\/\\\/fmpatagoniamadryn.com.ar\\\/wp-content\\\/uploads\\\/2026\\\/09\\\/aab85cfe-d657-4a25-8dba-6be74c6b2d2a.jpg\",\"keywords\":[\"meseta\",\"politica de ni\u00f1ez\",\"UNICEF\"],\"articleSection\":[\"Provinciales\"],\"inLanguage\":\"es\"},{\"@type\":\"WebPage\",\"@id\":\"https:\\\/\\\/fmpatagoniamadryn.com.ar\\\/?p=26333\",\"url\":\"https:\\\/\\\/fmpatagoniamadryn.com.ar\\\/?p=26333\",\"name\":\"El Gobierno del Chubut y UNICEF recorren la Meseta para fortalecer las pol\u00edticas de Ni\u00f1ez - FM Patagonia Madryn\",\"isPartOf\":{\"@id\":\"https:\\\/\\\/fmpatagoniamadryn.com.ar\\\/#website\"},\"primaryImageOfPage\":{\"@id\":\"https:\\\/\\\/fmpatagoniamadryn.com.ar\\\/?p=26333#primaryimage\"},\"image\":{\"@id\":\"https:\\\/\\\/fmpatagoniamadryn.com.ar\\\/?p=26333#primaryimage\"},\"thumbnailUrl\":\"https:\\\/\\\/fmpatagoniamadryn.com.ar\\\/wp-content\\\/uploads\\\/2026\\\/09\\\/aab85cfe-d657-4a25-8dba-6be74c6b2d2a.jpg\",\"datePublished\":\"2026-09-04T16:46:28+00:00\",\"breadcrumb\":{\"@id\":\"https:\\\/\\\/fmpatagoniamadryn.com.ar\\\/?p=26333#breadcrumb\"},\"inLanguage\":\"es\",\"potentialAction\":[{\"@type\":\"ReadAction\",\"target\":[\"https:\\\/\\\/fmpatagoniamadryn.com.ar\\\/?p=26333\"]}]},{\"@type\":\"ImageObject\",\"inLanguage\":\"es\",\"@id\":\"https:\\\/\\\/fmpatagoniamadryn.com.ar\\\/?p=26333#primaryimage\",\"url\":\"https:\\\/\\\/fmpatagoniamadryn.com.ar\\\/wp-content\\\/uploads\\\/2026\\\/09\\\/aab85cfe-d657-4a25-8dba-6be74c6b2d2a.jpg\",\"contentUrl\":\"https:\\\/\\\/fmpatagoniamadryn.com.ar\\\/wp-content\\\/uploads\\\/2026\\\/09\\\/aab85cfe-d657-4a25-8dba-6be74c6b2d2a.jpg\",\"width\":1280,\"height\":853},{\"@type\":\"BreadcrumbList\",\"@id\":\"https:\\\/\\\/fmpatagoniamadryn.com.ar\\\/?p=26333#breadcrumb\",\"itemListElement\":[{\"@type\":\"ListItem\",\"position\":1,\"name\":\"Portada\",\"item\":\"https:\\\/\\\/fmpatagoniamadryn.com.ar\\\/\"},{\"@type\":\"ListItem\",\"position\":2,\"name\":\"El Gobierno del Chubut y UNICEF recorren la Meseta para fortalecer las pol\u00edticas de Ni\u00f1ez\"}]},{\"@type\":\"WebSite\",\"@id\":\"https:\\\/\\\/fmpatagoniamadryn.com.ar\\\/#website\",\"url\":\"https:\\\/\\\/fmpatagoniamadryn.com.ar\\\/\",\"name\":\"FM Patagonia Madryn\",\"description\":\"Radio Patagonia 105.5\",\"publisher\":{\"@id\":\"https:\\\/\\\/fmpatagoniamadryn.com.ar\\\/#organization\"},\"potentialAction\":[{\"@type\":\"SearchAction\",\"target\":{\"@type\":\"EntryPoint\",\"urlTemplate\":\"https:\\\/\\\/fmpatagoniamadryn.com.ar\\\/?s={search_term_string}\"},\"query-input\":{\"@type\":\"PropertyValueSpecification\",\"valueRequired\":true,\"valueName\":\"search_term_string\"}}],\"inLanguage\":\"es\"},{\"@type\":\"Organization\",\"@id\":\"https:\\\/\\\/fmpatagoniamadryn.com.ar\\\/#organization\",\"name\":\"FM Patagonia Madryn\",\"url\":\"https:\\\/\\\/fmpatagoniamadryn.com.ar\\\/\",\"logo\":{\"@type\":\"ImageObject\",\"inLanguage\":\"es\",\"@id\":\"https:\\\/\\\/fmpatagoniamadryn.com.ar\\\/#\\\/schema\\\/logo\\\/image\\\/\",\"url\":\"https:\\\/\\\/fmpatagoniamadryn.com.ar\\\/wp-content\\\/uploads\\\/2023\\\/01\\\/cropped-Diseno-sin-titulo.png\",\"contentUrl\":\"https:\\\/\\\/fmpatagoniamadryn.com.ar\\\/wp-content\\\/uploads\\\/2023\\\/01\\\/cropped-Diseno-sin-titulo.png\",\"width\":6911,\"height\":2657,\"caption\":\"FM Patagonia Madryn\"},\"image\":{\"@id\":\"https:\\\/\\\/fmpatagoniamadryn.com.ar\\\/#\\\/schema\\\/logo\\\/image\\\/\"}},{\"@type\":\"Person\",\"@id\":\"https:\\\/\\\/fmpatagoniamadryn.com.ar\\\/#\\\/schema\\\/person\\\/97b1d30cb2ae311544a88a5201700571\",\"name\":\"FM Patagonia\",\"url\":\"https:\\\/\\\/fmpatagoniamadryn.com.ar\\\/?author=4\"}]}<\/script>\n<!-- \/ Yoast SEO plugin. -->","yoast_head_json":{"title":"El Gobierno del Chubut y UNICEF recorren la Meseta para fortalecer las pol\u00edticas de Ni\u00f1ez - FM Patagonia Madryn","robots":{"index":"index","follow":"follow","max-snippet":"max-snippet:-1","max-image-preview":"max-image-preview:large","max-video-preview":"max-video-preview:-1"},"canonical":"https:\/\/fmpatagoniamadryn.com.ar\/?p=26333","og_locale":"es_ES","og_type":"article","og_title":"El Gobierno del Chubut y UNICEF recorren la Meseta para fortalecer las pol\u00edticas de Ni\u00f1ez - FM Patagonia Madryn","og_description":"Equipos provinciales y de la agencia de la ONU visitaron Telsen, Gan Gan y Gastre, donde mantuvieron encuentros con autoridades y referentes locales para evaluar avances y profundizar el trabajo intersectorial en materia de Ni\u00f1ez y Adolescencia.","og_url":"https:\/\/fmpatagoniamadryn.com.ar\/?p=26333","og_site_name":"FM Patagonia Madryn","article_published_time":"2026-09-04T16:46:28+00:00","og_image":[{"width":1280,"height":853,"url":"https:\/\/fmpatagoniamadryn.com.ar\/wp-content\/uploads\/2026\/09\/aab85cfe-d657-4a25-8dba-6be74c6b2d2a.jpg","type":"image\/jpeg"}],"author":"FM Patagonia","twitter_card":"summary_large_image","twitter_misc":{"Escrito por":"FM Patagonia","Tiempo de lectura":"3 minutos"},"schema":{"@context":"https:\/\/schema.org","@graph":[{"@type":"Article","@id":"https:\/\/fmpatagoniamadryn.com.ar\/?p=26333#article","isPartOf":{"@id":"https:\/\/fmpatagoniamadryn.com.ar\/?p=26333"},"author":{"name":"FM Patagonia","@id":"https:\/\/fmpatagoniamadryn.com.ar\/#\/schema\/person\/97b1d30cb2ae311544a88a5201700571"},"headline":"El Gobierno del Chubut y UNICEF recorren la Meseta para fortalecer las pol\u00edticas de Ni\u00f1ez","datePublished":"2026-09-04T16:46:28+00:00","mainEntityOfPage":{"@id":"https:\/\/fmpatagoniamadryn.com.ar\/?p=26333"},"wordCount":593,"publisher":{"@id":"https:\/\/fmpatagoniamadryn.com.ar\/#organization"},"image":{"@id":"https:\/\/fmpatagoniamadryn.com.ar\/?p=26333#primaryimage"},"thumbnailUrl":"https:\/\/fmpatagoniamadryn.com.ar\/wp-content\/uploads\/2026\/09\/aab85cfe-d657-4a25-8dba-6be74c6b2d2a.jpg","keywords":["meseta","politica de ni\u00f1ez","UNICEF"],"articleSection":["Provinciales"],"inLanguage":"es"},{"@type":"WebPage","@id":"https:\/\/fmpatagoniamadryn.com.ar\/?p=26333","url":"https:\/\/fmpatagoniamadryn.com.ar\/?p=26333","name":"El Gobierno del Chubut y UNICEF recorren la Meseta para fortalecer las pol\u00edticas de Ni\u00f1ez - FM Patagonia Madryn","isPartOf":{"@id":"https:\/\/fmpatagoniamadryn.com.ar\/#website"},"primaryImageOfPage":{"@id":"https:\/\/fmpatagoniamadryn.com.ar\/?p=26333#primaryimage"},"image":{"@id":"https:\/\/fmpatagoniamadryn.com.ar\/?p=26333#primaryimage"},"thumbnailUrl":"https:\/\/fmpatagoniamadryn.com.ar\/wp-content\/uploads\/2026\/09\/aab85cfe-d657-4a25-8dba-6be74c6b2d2a.jpg","datePublished":"2026-09-04T16:46:28+00:00","breadcrumb":{"@id":"https:\/\/fmpatagoniamadryn.com.ar\/?p=26333#breadcrumb"},"inLanguage":"es","potentialAction":[{"@type":"ReadAction","target":["https:\/\/fmpatagoniamadryn.com.ar\/?p=26333"]}]},{"@type":"ImageObject","inLanguage":"es","@id":"https:\/\/fmpatagoniamadryn.com.ar\/?p=26333#primaryimage","url":"https:\/\/fmpatagoniamadryn.com.ar\/wp-content\/uploads\/2026\/09\/aab85cfe-d657-4a25-8dba-6be74c6b2d2a.jpg","contentUrl":"https:\/\/fmpatagoniamadryn.com.ar\/wp-content\/uploads\/2026\/09\/aab85cfe-d657-4a25-8dba-6be74c6b2d2a.jpg","width":1280,"height":853},{"@type":"BreadcrumbList","@id":"https:\/\/fmpatagoniamadryn.com.ar\/?p=26333#breadcrumb","itemListElement":[{"@type":"ListItem","position":1,"name":"Portada","item":"https:\/\/fmpatagoniamadryn.com.ar\/"},{"@type":"ListItem","position":2,"name":"El Gobierno del Chubut y UNICEF recorren la Meseta para fortalecer las pol\u00edticas de Ni\u00f1ez"}]},{"@type":"WebSite","@id":"https:\/\/fmpatagoniamadryn.com.ar\/#website","url":"https:\/\/fmpatagoniamadryn.com.ar\/","name":"FM Patagonia Madryn","description":"Radio Patagonia 105.5","publisher":{"@id":"https:\/\/fmpatagoniamadryn.com.ar\/#organization"},"potentialAction":[{"@type":"SearchAction","target":{"@type":"EntryPoint","urlTemplate":"https:\/\/fmpatagoniamadryn.com.ar\/?s={search_term_string}"},"query-input":{"@type":"PropertyValueSpecification","valueRequired":true,"valueName":"search_term_string"}}],"inLanguage":"es"},{"@type":"Organization","@id":"https:\/\/fmpatagoniamadryn.com.ar\/#organization","name":"FM Patagonia Madryn","url":"https:\/\/fmpatagoniamadryn.com.ar\/","logo":{"@type":"ImageObject","inLanguage":"es","@id":"https:\/\/fmpatagoniamadryn.com.ar\/#\/schema\/logo\/image\/","url":"https:\/\/fmpatagoniamadryn.com.ar\/wp-content\/uploads\/2023\/01\/cropped-Diseno-sin-titulo.png","contentUrl":"https:\/\/fmpatagoniamadryn.com.ar\/wp-content\/uploads\/2023\/01\/cropped-Diseno-sin-titulo.png","width":6911,"height":2657,"caption":"FM Patagonia Madryn"},"image":{"@id":"https:\/\/fmpatagoniamadryn.com.ar\/#\/schema\/logo\/image\/"}},{"@type":"Person","@id":"https:\/\/fmpatagoniamadryn.com.ar\/#\/schema\/person\/97b1d30cb2ae311544a88a5201700571","name":"FM Patagonia","url":"https:\/\/fmpatagoniamadryn.com.ar\/?author=4"}]}},"jetpack_featured_media_url":"https:\/\/fmpatagoniamadryn.com.ar\/wp-content\/uploads\/2026\/09\/aab85cfe-d657-4a25-8dba-6be74c6b2d2a.jpg","_links":{"self":[{"href":"https:\/\/fmpatagoniamadryn.com.ar\/index.php?rest_route=\/wp\/v2\/posts\/26333","targetHints":{"allow":["GET"]}}],"collection":[{"href":"https:\/\/fmpatagoniamadryn.com.ar\/index.php?rest_route=\/wp\/v2\/posts"}],"about":[{"href":"https:\/\/fmpatagoniamadryn.com.ar\/index.php?rest_route=\/wp\/v2\/types\/post"}],"author":[{"embeddable":true,"href":"https:\/\/fmpatagoniamadryn.com.ar\/index.php?rest_route=\/wp\/v2\/users\/4"}],"replies":[{"embeddable":true,"href":"https:\/\/fmpatagoniamadryn.com.ar\/index.php?rest_route=%2Fwp%2Fv2%2Fcomments&post=26333"}],"version-history":[{"count":1,"href":"https:\/\/fmpatagoniamadryn.com.ar\/index.php?rest_route=\/wp\/v2\/posts\/26333\/revisions"}],"predecessor-version":[{"id":26334,"href":"https:\/\/fmpatagoniamadryn.com.ar\/index.php?rest_route=\/wp\/v2\/posts\/26333\/revisions\/26334"}],"wp:featuredmedia":[{"embeddable":true,"href":"https:\/\/fmpatagoniamadryn.com.ar\/index.php?rest_route=\/wp\/v2\/media\/26332"}],"wp:attachment":[{"href":"https:\/\/fmpatagoniamadryn.com.ar\/index.php?rest_route=%2Fwp%2Fv2%2Fmedia&parent=26333"}],"wp:term":[{"taxonomy":"category","embeddable":true,"href":"https:\/\/fmpatagoniamadryn.com.ar\/index.php?rest_route=%2Fwp%2Fv2%2Fcategories&post=26333"},{"taxonomy":"post_tag","embeddable":true,"href":"https:\/\/fmpatagoniamadryn.com.ar\/index.php?rest_route=%2Fwp%2Fv2%2Ftags&post=26333"}],"curies":[{"name":"wp","href":"https:\/\/api.w.org\/{rel}","templated":true}]}}