{"id":26336,"date":"2026-09-04T14:06:02","date_gmt":"2026-09-04T17:06:02","guid":{"rendered":"https:\/\/fmpatagoniamadryn.com.ar\/?p=26336"},"modified":"2026-09-04T14:06:02","modified_gmt":"2026-09-04T17:06:02","slug":"veteranos-de-malvinas-cuestionaron-el-giro-del-gobierno-y-pidieron-cautela-ante-el-anuncio-de-una-base-militar","status":"publish","type":"post","link":"https:\/\/fmpatagoniamadryn.com.ar\/?p=26336","title":{"rendered":"Veteranos de Malvinas cuestionaron el giro del Gobierno y pidieron cautela ante el anuncio de una base militar"},"content":{"rendered":"\n<p class=\"p3 wp-block-paragraph\">El <strong>presidente del Centro de Veteranos de Malvinas, Daniel Belmar<\/strong>, consider\u00f3 que las expresiones del Presidente resultaron \u201cpoco habituales\u201d y marc\u00f3 que representan un giro respecto de los posicionamientos que se hab\u00edan escuchado hasta el momento.<\/p>\n\n\n\n<p class=\"p3 wp-block-paragraph\">En ese sentido, Daniel Belmar record\u00f3 que la cuesti\u00f3n de Malvinas no se limita a las islas, sino que tambi\u00e9n involucra la explotaci\u00f3n pesquera, el desarrollo de proyectos hidrocarbur\u00edferos, la log\u00edstica, el crecimiento del turismo y la creciente importancia estrat\u00e9gica de la Ant\u00e1rtida.<\/p>\n\n\n\n<p class=\"p3 wp-block-paragraph\">\u201cEstamos viviendo momentos muy \u00e1lgidos, muy r\u00e1pidos, en un punto de mucho deterioro, y tambi\u00e9n a nivel mundial de mucho deterioro, donde las guerras persisten\u201d, sostuvo Daniel Belmar, quien plante\u00f3 interrogantes sobre los alcances del anuncio y, especialmente, sobre c\u00f3mo se financiar\u00eda una eventual estructura de defensa.<\/p>\n\n\n\n<p class=\"p3 wp-block-paragraph\">\u201cSi el posicionamiento es para hacer un control sobre el espacio, debemos tener mayor log\u00edstica. Hoy no tenemos nada\u201d, se\u00f1al\u00f3, al tiempo que cuestion\u00f3 de d\u00f3nde surgir\u00edan los recursos necesarios para sostener una estructura de esas caracter\u00edsticas.<\/p>\n\n\n\n<h3 class=\"wp-block-heading\"><strong>La comparaci\u00f3n con 1982<\/strong><\/h3>\n\n\n\n<p class=\"p3 wp-block-paragraph\">Daniel Belmar tambi\u00e9n llam\u00f3 a tener especial cuidado con las alianzas internacionales y traz\u00f3 un paralelismo con el contexto previo a la Guerra de Malvinas.<\/p>\n\n\n\n<p class=\"p3 wp-block-paragraph\">\u201cHace 44 a\u00f1os un presidente de la Naci\u00f3n, en el momento de facto, tuvo la idea de recuperar las islas porque contaba con el aval de un presidente norteamericano. Despu\u00e9s ustedes son testigos de todo lo que pas\u00f3 y a favor de qui\u00e9n jugaron los norteamericanos\u201d, record\u00f3.<\/p>\n\n\n\n<p class=\"p3 wp-block-paragraph\">A partir de esa experiencia, advirti\u00f3 que la cuesti\u00f3n no debe analizarse como un simple acuerdo entre pa\u00edses. \u201cEsto no es un cambio de figuritas. Ac\u00e1 hay muchos intereses del mundo y hay una mirada muy grande sobre los recursos de la Argentina\u201d, afirm\u00f3.<\/p>\n\n\n\n<p class=\"p3 wp-block-paragraph\">Tambi\u00e9n consider\u00f3 que existe una coincidencia en el contexto pol\u00edtico de aquel momento y el actual, al se\u00f1alar que la utilizaci\u00f3n de la causa Malvinas puede tener una dimensi\u00f3n pol\u00edtica.<\/p>\n\n\n\n<p class=\"p3 wp-block-paragraph\">\u201cLa cuesti\u00f3n de Malvinas en muchas ocasiones es muy bien utilizada por mucha gente, porque sabe que en la cuesti\u00f3n de Malvinas la gente tiene otra mirada y los favorece de una forma u otra\u201d, expres\u00f3 Daniel Belmar.<\/p>\n\n\n\n<p class=\"p3 wp-block-paragraph\">Sin embargo, sostuvo que la sociedad puede distinguir las verdaderas intenciones detr\u00e1s de esos posicionamientos y remarc\u00f3 que los argentinos no deber\u00edan dejarse llevar \u00fanicamente por un discurso.<\/p>\n\n\n\n<h3 class=\"wp-block-heading\"><strong>\u201cHay que tomarlo con pinzas\u201d<\/strong><\/h3>\n\n\n\n<p class=\"p3 wp-block-paragraph\">Daniel Belmar tambi\u00e9n cuestion\u00f3 que se avance \u00fanicamente mediante anuncios, leyes o sanciones si luego esas medidas no se cumplen.<\/p>\n\n\n\n<p class=\"p3 wp-block-paragraph\">En particular, mencion\u00f3 la <strong>Ley Gaucho Rivero<\/strong> y sostuvo que \u201cno se est\u00e1 cumpliendo\u201d, por lo que reclam\u00f3 que cualquier nueva normativa vinculada con la soberan\u00eda tenga una aplicaci\u00f3n efectiva y no termine simplemente archivada.<\/p>\n\n\n\n<p class=\"p3 wp-block-paragraph\">Tambi\u00e9n hizo referencia a la presencia y circulaci\u00f3n de buques brit\u00e1nicos y a la capacidad log\u00edstica del Reino Unido. \u201cTampoco se respetan los tratados, porque, por ejemplo, los brit\u00e1nicos, si quieren circular mar\u00edtimamente por cualquier espacio, lo hacen, porque tienen la log\u00edstica\u201d, manifest\u00f3.<\/p>\n\n\n\n<p class=\"p3 wp-block-paragraph\">Por ese motivo, advirti\u00f3 sobre la posibilidad de que una eventual base o estructura militar termine generando consecuencias no previstas para el pa\u00eds.<\/p>\n\n\n\n<p class=\"p3 wp-block-paragraph\">\u201cHay que tener mucho cuidado con esta cuesti\u00f3n, que no fomentemos la creaci\u00f3n de una base en el lugar y que en alg\u00fan momento se nos vuelva en contra\u201d, plante\u00f3 Daniel Belmar.<\/p>\n\n\n\n<h3 class=\"wp-block-heading\"><strong>Ram\u00f3n Urquiza: \u201cLo veo muy lejano\u201d<\/strong><\/h3>\n\n\n\n<p class=\"p3 wp-block-paragraph\">Por su parte, <strong>Ram\u00f3n Urquiza<\/strong> reconoci\u00f3 que nunca imagin\u00f3 que el Gobierno llegar\u00eda a plantear una iniciativa de estas caracter\u00edsticas.<\/p>\n\n\n\n<p class=\"p3 wp-block-paragraph\">\u201cYo nunca pens\u00e9 que el Presidente iba a llegar a esto con el tema de la base militar ac\u00e1 en la provincia de Santa Cruz, toda esa Tierra del Fuego\u201d, expres\u00f3.<\/p>\n\n\n\n<p class=\"p3 wp-block-paragraph\">Urquiza consider\u00f3 que la concreci\u00f3n de una estructura de este tipo parece actualmente lejana y plante\u00f3 dudas respecto de la eventual participaci\u00f3n de Estados Unidos.<\/p>\n\n\n\n<p class=\"p3 wp-block-paragraph\">\u201cQuiz\u00e1s se le puede dar una mano solamente de Estados Unidos, pero se sabe que juega la desconfianza\u201d, sostuvo.<\/p>\n\n\n\n<p class=\"p3 wp-block-paragraph\">El veterano tambi\u00e9n ampli\u00f3 la mirada sobre los recursos estrat\u00e9gicos de la regi\u00f3n y se\u00f1al\u00f3 que la preocupaci\u00f3n no est\u00e1 \u00fanicamente relacionada con Malvinas, el petr\u00f3leo o la pesca.<\/p>\n\n\n\n<p class=\"p3 wp-block-paragraph\">\u201cNo solamente por las Islas Malvinas, por el petr\u00f3leo ni por las pescas. Aparte viene por el agua tambi\u00e9n. Ese es el fuerte que m\u00e1s necesita Estados Unidos, el agua y la Ant\u00e1rtida\u201d, afirm\u00f3.<\/p>\n\n\n\n<p class=\"p3 wp-block-paragraph\">Por ese motivo, consider\u00f3 que las decisiones anunciadas recientemente son \u201cpeligrosas\u201d y sostuvo que la preocupaci\u00f3n alcanza no solamente a los veteranos sino a la sociedad en general.<\/p>\n\n\n\n<h3 class=\"wp-block-heading\"><strong>\u201cMalvinas sigue siendo algo muy sensible\u201d<\/strong><\/h3>\n\n\n\n<p class=\"p3 wp-block-paragraph\">Durante la entrevista tambi\u00e9n se remarc\u00f3 que cualquier referencia a Malvinas y a la soberan\u00eda genera una atenci\u00f3n especial entre los veteranos y la sociedad argentina.<\/p>\n\n\n\n<p class=\"p3 wp-block-paragraph\">Ram\u00f3n Urquiza sostuvo que los veteranos mantendr\u00e1n presente la causa durante toda su vida y expres\u00f3 su disconformidad con las declaraciones presidenciales.<\/p>\n\n\n\n<p class=\"p3 wp-block-paragraph\">\u201cNosotros los veteranos toda la vida vamos a tener Malvinas presente. A usted no le guste, y ac\u00e1 en la provincia de Chubut Malvinas respeta mucho a la gente de Chubut\u201d, manifest\u00f3.<\/p>\n\n\n\n<p class=\"p3 wp-block-paragraph\">Adem\u00e1s, cuestion\u00f3 lo que considera una p\u00e9rdida progresiva de derechos argentinos sobre la cuesti\u00f3n de soberan\u00eda.<\/p>\n\n\n\n<p class=\"p3 wp-block-paragraph\">\u201cEsa cosa que dijo el Presidente no me gust\u00f3 para nada porque de a poquito vamos perdiendo todo el derecho que tenemos los argentinos\u201d, expres\u00f3.<\/p>\n\n\n\n<p class=\"p3 wp-block-paragraph\">Urquiza tambi\u00e9n advirti\u00f3 que el discurso oficial podr\u00eda volver a cambiar y pidi\u00f3 analizar las declaraciones con cautela. \u201cMa\u00f1ana quiz\u00e1 puede ser otra, porque ma\u00f1ana puede cambiar el discurso. Ma\u00f1ana puede girar nuevamente y puede girar por completo. Entonces hay que tomarlo todo con pinzas\u201d, afirm\u00f3.<\/p>\n\n\n\n<h3 class=\"wp-block-heading\"><strong>Preocupaci\u00f3n por el escenario internacional<\/strong><\/h3>\n\n\n\n<p class=\"p3 wp-block-paragraph\">Los veteranos tambi\u00e9n analizaron el anuncio en el contexto de una situaci\u00f3n internacional marcada por conflictos b\u00e9licos, tensiones diplom\u00e1ticas y disputas por recursos estrat\u00e9gicos.<\/p>\n\n\n\n<p class=\"p3 wp-block-paragraph\">Daniel Belmar consider\u00f3 que Argentina debe evitar quedar aislada o enfrentada con otros pa\u00edses por cuestiones pol\u00edticas e ideol\u00f3gicas.<\/p>\n\n\n\n<p class=\"p3 wp-block-paragraph\">\u201cEstamos dando una imagen al exterior bastante adversa. No es serio tampoco que podamos confrontar con todos los vecinos, peleamos con todos los pa\u00edses por cuestiones pol\u00edticas e ideolog\u00edas\u201d, se\u00f1al\u00f3.<\/p>\n\n\n\n<p class=\"p3 wp-block-paragraph\">En ese sentido, sostuvo que el objetivo debe ser recuperar la soberan\u00eda sobre Malvinas mediante una estrategia de Estado sostenida en el tiempo.<\/p>\n\n\n\n<p class=\"p3 wp-block-paragraph\">\u201cNosotros anhelamos recuperar Malvinas, pero tambi\u00e9n eso con tener un l\u00edder real, verdadero, un gobierno inteligente, honesto, que trabaje para la Argentina\u201d, afirm\u00f3.<\/p>\n\n\n\n<p class=\"p3 wp-block-paragraph\">Finalmente, Daniel Belmar insisti\u00f3 en la necesidad de mirar las consecuencias a largo plazo de las decisiones que se toman en materia de defensa y soberan\u00eda.<\/p>\n\n\n\n<p class=\"p3 wp-block-paragraph\">\u201cUno apoya que al Gobierno le vaya bien porque tiene que vivir a la Argentina, pero muchas veces somos muy temerosos de las decisiones que se tomen. Que esto no tenga una consecuencia para el futuro, ni de nuestros hijos, ni de nuestros nietos\u201d, sostuvo.<\/p>\n\n\n\n<p class=\"p4 wp-block-paragraph\">Y concluy\u00f3 con una advertencia: \u201cTenemos que dejar un pa\u00eds fortalecido. No que en un pr\u00f3ximo cambio de gobierno se encuentren con que tenemos como otra etapa todos los caminos cerrados\u201d.<\/p>\n","protected":false},"excerpt":{"rendered":"<p>Veteranos de la Guerra de Malvinas expresaron su preocupaci\u00f3n y cautela frente a las recientes declaraciones del presidente Javier Milei vinculadas con la soberan\u00eda, la defensa y la posibilidad de avanzar con una base militar en la Patagonia. Se\u00f1alaron que existe un cambio significativo respecto de la l\u00ednea discursiva que el Gobierno nacional hab\u00eda sostenido durante los \u00faltimos a\u00f1os y advirtieron sobre los intereses extranjeros que atraviesan la regi\u00f3n.<\/p>\n","protected":false},"author":4,"featured_media":26335,"comment_status":"closed","ping_status":"closed","sticky":false,"template":"","format":"standard","meta":{"footnotes":""},"categories":[279,2],"tags":[697,669,696],"class_list":["post-26336","post","type-post","status-publish","format-standard","has-post-thumbnail","hentry","category-cultura","category-politica","tag-base-naval","tag-malvinas","tag-veteranos"],"yoast_head":"<!-- This site is optimized with the Yoast SEO plugin v28.4 - https:\/\/yoast.com\/product\/yoast-seo-wordpress\/ -->\n<title>Veteranos de Malvinas cuestionaron el giro del Gobierno y pidieron cautela ante el anuncio de una base militar - FM Patagonia Madryn<\/title>\n<meta name=\"robots\" content=\"index, follow, max-snippet:-1, max-image-preview:large, max-video-preview:-1\" \/>\n<link rel=\"canonical\" href=\"https:\/\/fmpatagoniamadryn.com.ar\/?p=26336\" \/>\n<meta property=\"og:locale\" content=\"es_ES\" \/>\n<meta property=\"og:type\" content=\"article\" \/>\n<meta property=\"og:title\" content=\"Veteranos de Malvinas cuestionaron el giro del Gobierno y pidieron cautela ante el anuncio de una base militar - FM Patagonia Madryn\" \/>\n<meta property=\"og:description\" content=\"Veteranos de la Guerra de Malvinas expresaron su preocupaci\u00f3n y cautela frente a las recientes declaraciones del presidente Javier Milei vinculadas con la soberan\u00eda, la defensa y la posibilidad de avanzar con una base militar en la Patagonia. Se\u00f1alaron que existe un cambio significativo respecto de la l\u00ednea discursiva que el Gobierno nacional hab\u00eda sostenido durante los \u00faltimos a\u00f1os y advirtieron sobre los intereses extranjeros que atraviesan la regi\u00f3n.\" \/>\n<meta property=\"og:url\" content=\"https:\/\/fmpatagoniamadryn.com.ar\/?p=26336\" \/>\n<meta property=\"og:site_name\" content=\"FM Patagonia Madryn\" \/>\n<meta property=\"article:published_time\" content=\"2026-09-04T17:06:02+00:00\" \/>\n<meta property=\"og:image\" content=\"https:\/\/fmpatagoniamadryn.com.ar\/wp-content\/uploads\/2026\/09\/img_8730.png\" \/>\n\t<meta property=\"og:image:width\" content=\"720\" \/>\n\t<meta property=\"og:image:height\" content=\"413\" \/>\n\t<meta property=\"og:image:type\" content=\"image\/png\" \/>\n<meta name=\"author\" content=\"FM Patagonia\" \/>\n<meta name=\"twitter:card\" content=\"summary_large_image\" \/>\n<meta name=\"twitter:label1\" content=\"Escrito por\" \/>\n\t<meta name=\"twitter:data1\" content=\"FM Patagonia\" \/>\n\t<meta name=\"twitter:label2\" content=\"Tiempo de lectura\" \/>\n\t<meta name=\"twitter:data2\" content=\"6 minutos\" \/>\n<script type=\"application\/ld+json\" class=\"yoast-schema-graph\">{\"@context\":\"https:\\\/\\\/schema.org\",\"@graph\":[{\"@type\":\"Article\",\"@id\":\"https:\\\/\\\/fmpatagoniamadryn.com.ar\\\/?p=26336#article\",\"isPartOf\":{\"@id\":\"https:\\\/\\\/fmpatagoniamadryn.com.ar\\\/?p=26336\"},\"author\":{\"name\":\"FM Patagonia\",\"@id\":\"https:\\\/\\\/fmpatagoniamadryn.com.ar\\\/#\\\/schema\\\/person\\\/97b1d30cb2ae311544a88a5201700571\"},\"headline\":\"Veteranos de Malvinas cuestionaron el giro del Gobierno y pidieron cautela ante el anuncio de una base militar\",\"datePublished\":\"2026-09-04T17:06:02+00:00\",\"mainEntityOfPage\":{\"@id\":\"https:\\\/\\\/fmpatagoniamadryn.com.ar\\\/?p=26336\"},\"wordCount\":1244,\"publisher\":{\"@id\":\"https:\\\/\\\/fmpatagoniamadryn.com.ar\\\/#organization\"},\"image\":{\"@id\":\"https:\\\/\\\/fmpatagoniamadryn.com.ar\\\/?p=26336#primaryimage\"},\"thumbnailUrl\":\"https:\\\/\\\/fmpatagoniamadryn.com.ar\\\/wp-content\\\/uploads\\\/2026\\\/09\\\/img_8730.png\",\"keywords\":[\"Base Naval\",\"malvinas\",\"Veteranos\"],\"articleSection\":[\"Cultura\",\"Pol\u00edtica\"],\"inLanguage\":\"es\"},{\"@type\":\"WebPage\",\"@id\":\"https:\\\/\\\/fmpatagoniamadryn.com.ar\\\/?p=26336\",\"url\":\"https:\\\/\\\/fmpatagoniamadryn.com.ar\\\/?p=26336\",\"name\":\"Veteranos de Malvinas cuestionaron el giro del Gobierno y pidieron cautela ante el anuncio de una base militar - FM Patagonia Madryn\",\"isPartOf\":{\"@id\":\"https:\\\/\\\/fmpatagoniamadryn.com.ar\\\/#website\"},\"primaryImageOfPage\":{\"@id\":\"https:\\\/\\\/fmpatagoniamadryn.com.ar\\\/?p=26336#primaryimage\"},\"image\":{\"@id\":\"https:\\\/\\\/fmpatagoniamadryn.com.ar\\\/?p=26336#primaryimage\"},\"thumbnailUrl\":\"https:\\\/\\\/fmpatagoniamadryn.com.ar\\\/wp-content\\\/uploads\\\/2026\\\/09\\\/img_8730.png\",\"datePublished\":\"2026-09-04T17:06:02+00:00\",\"breadcrumb\":{\"@id\":\"https:\\\/\\\/fmpatagoniamadryn.com.ar\\\/?p=26336#breadcrumb\"},\"inLanguage\":\"es\",\"potentialAction\":[{\"@type\":\"ReadAction\",\"target\":[\"https:\\\/\\\/fmpatagoniamadryn.com.ar\\\/?p=26336\"]}]},{\"@type\":\"ImageObject\",\"inLanguage\":\"es\",\"@id\":\"https:\\\/\\\/fmpatagoniamadryn.com.ar\\\/?p=26336#primaryimage\",\"url\":\"https:\\\/\\\/fmpatagoniamadryn.com.ar\\\/wp-content\\\/uploads\\\/2026\\\/09\\\/img_8730.png\",\"contentUrl\":\"https:\\\/\\\/fmpatagoniamadryn.com.ar\\\/wp-content\\\/uploads\\\/2026\\\/09\\\/img_8730.png\",\"width\":720,\"height\":413},{\"@type\":\"BreadcrumbList\",\"@id\":\"https:\\\/\\\/fmpatagoniamadryn.com.ar\\\/?p=26336#breadcrumb\",\"itemListElement\":[{\"@type\":\"ListItem\",\"position\":1,\"name\":\"Portada\",\"item\":\"https:\\\/\\\/fmpatagoniamadryn.com.ar\\\/\"},{\"@type\":\"ListItem\",\"position\":2,\"name\":\"Veteranos de Malvinas cuestionaron el giro del Gobierno y pidieron cautela ante el anuncio de una base militar\"}]},{\"@type\":\"WebSite\",\"@id\":\"https:\\\/\\\/fmpatagoniamadryn.com.ar\\\/#website\",\"url\":\"https:\\\/\\\/fmpatagoniamadryn.com.ar\\\/\",\"name\":\"FM Patagonia Madryn\",\"description\":\"Radio Patagonia 105.5\",\"publisher\":{\"@id\":\"https:\\\/\\\/fmpatagoniamadryn.com.ar\\\/#organization\"},\"potentialAction\":[{\"@type\":\"SearchAction\",\"target\":{\"@type\":\"EntryPoint\",\"urlTemplate\":\"https:\\\/\\\/fmpatagoniamadryn.com.ar\\\/?s={search_term_string}\"},\"query-input\":{\"@type\":\"PropertyValueSpecification\",\"valueRequired\":true,\"valueName\":\"search_term_string\"}}],\"inLanguage\":\"es\"},{\"@type\":\"Organization\",\"@id\":\"https:\\\/\\\/fmpatagoniamadryn.com.ar\\\/#organization\",\"name\":\"FM Patagonia Madryn\",\"url\":\"https:\\\/\\\/fmpatagoniamadryn.com.ar\\\/\",\"logo\":{\"@type\":\"ImageObject\",\"inLanguage\":\"es\",\"@id\":\"https:\\\/\\\/fmpatagoniamadryn.com.ar\\\/#\\\/schema\\\/logo\\\/image\\\/\",\"url\":\"https:\\\/\\\/fmpatagoniamadryn.com.ar\\\/wp-content\\\/uploads\\\/2023\\\/01\\\/cropped-Diseno-sin-titulo.png\",\"contentUrl\":\"https:\\\/\\\/fmpatagoniamadryn.com.ar\\\/wp-content\\\/uploads\\\/2023\\\/01\\\/cropped-Diseno-sin-titulo.png\",\"width\":6911,\"height\":2657,\"caption\":\"FM Patagonia Madryn\"},\"image\":{\"@id\":\"https:\\\/\\\/fmpatagoniamadryn.com.ar\\\/#\\\/schema\\\/logo\\\/image\\\/\"}},{\"@type\":\"Person\",\"@id\":\"https:\\\/\\\/fmpatagoniamadryn.com.ar\\\/#\\\/schema\\\/person\\\/97b1d30cb2ae311544a88a5201700571\",\"name\":\"FM Patagonia\",\"url\":\"https:\\\/\\\/fmpatagoniamadryn.com.ar\\\/?author=4\"}]}<\/script>\n<!-- \/ Yoast SEO plugin. -->","yoast_head_json":{"title":"Veteranos de Malvinas cuestionaron el giro del Gobierno y pidieron cautela ante el anuncio de una base militar - FM Patagonia Madryn","robots":{"index":"index","follow":"follow","max-snippet":"max-snippet:-1","max-image-preview":"max-image-preview:large","max-video-preview":"max-video-preview:-1"},"canonical":"https:\/\/fmpatagoniamadryn.com.ar\/?p=26336","og_locale":"es_ES","og_type":"article","og_title":"Veteranos de Malvinas cuestionaron el giro del Gobierno y pidieron cautela ante el anuncio de una base militar - FM Patagonia Madryn","og_description":"Veteranos de la Guerra de Malvinas expresaron su preocupaci\u00f3n y cautela frente a las recientes declaraciones del presidente Javier Milei vinculadas con la soberan\u00eda, la defensa y la posibilidad de avanzar con una base militar en la Patagonia. Se\u00f1alaron que existe un cambio significativo respecto de la l\u00ednea discursiva que el Gobierno nacional hab\u00eda sostenido durante los \u00faltimos a\u00f1os y advirtieron sobre los intereses extranjeros que atraviesan la regi\u00f3n.","og_url":"https:\/\/fmpatagoniamadryn.com.ar\/?p=26336","og_site_name":"FM Patagonia Madryn","article_published_time":"2026-09-04T17:06:02+00:00","og_image":[{"width":720,"height":413,"url":"https:\/\/fmpatagoniamadryn.com.ar\/wp-content\/uploads\/2026\/09\/img_8730.png","type":"image\/png"}],"author":"FM Patagonia","twitter_card":"summary_large_image","twitter_misc":{"Escrito por":"FM Patagonia","Tiempo de lectura":"6 minutos"},"schema":{"@context":"https:\/\/schema.org","@graph":[{"@type":"Article","@id":"https:\/\/fmpatagoniamadryn.com.ar\/?p=26336#article","isPartOf":{"@id":"https:\/\/fmpatagoniamadryn.com.ar\/?p=26336"},"author":{"name":"FM Patagonia","@id":"https:\/\/fmpatagoniamadryn.com.ar\/#\/schema\/person\/97b1d30cb2ae311544a88a5201700571"},"headline":"Veteranos de Malvinas cuestionaron el giro del Gobierno y pidieron cautela ante el anuncio de una base militar","datePublished":"2026-09-04T17:06:02+00:00","mainEntityOfPage":{"@id":"https:\/\/fmpatagoniamadryn.com.ar\/?p=26336"},"wordCount":1244,"publisher":{"@id":"https:\/\/fmpatagoniamadryn.com.ar\/#organization"},"image":{"@id":"https:\/\/fmpatagoniamadryn.com.ar\/?p=26336#primaryimage"},"thumbnailUrl":"https:\/\/fmpatagoniamadryn.com.ar\/wp-content\/uploads\/2026\/09\/img_8730.png","keywords":["Base Naval","malvinas","Veteranos"],"articleSection":["Cultura","Pol\u00edtica"],"inLanguage":"es"},{"@type":"WebPage","@id":"https:\/\/fmpatagoniamadryn.com.ar\/?p=26336","url":"https:\/\/fmpatagoniamadryn.com.ar\/?p=26336","name":"Veteranos de Malvinas cuestionaron el giro del Gobierno y pidieron cautela ante el anuncio de una base militar - FM Patagonia Madryn","isPartOf":{"@id":"https:\/\/fmpatagoniamadryn.com.ar\/#website"},"primaryImageOfPage":{"@id":"https:\/\/fmpatagoniamadryn.com.ar\/?p=26336#primaryimage"},"image":{"@id":"https:\/\/fmpatagoniamadryn.com.ar\/?p=26336#primaryimage"},"thumbnailUrl":"https:\/\/fmpatagoniamadryn.com.ar\/wp-content\/uploads\/2026\/09\/img_8730.png","datePublished":"2026-09-04T17:06:02+00:00","breadcrumb":{"@id":"https:\/\/fmpatagoniamadryn.com.ar\/?p=26336#breadcrumb"},"inLanguage":"es","potentialAction":[{"@type":"ReadAction","target":["https:\/\/fmpatagoniamadryn.com.ar\/?p=26336"]}]},{"@type":"ImageObject","inLanguage":"es","@id":"https:\/\/fmpatagoniamadryn.com.ar\/?p=26336#primaryimage","url":"https:\/\/fmpatagoniamadryn.com.ar\/wp-content\/uploads\/2026\/09\/img_8730.png","contentUrl":"https:\/\/fmpatagoniamadryn.com.ar\/wp-content\/uploads\/2026\/09\/img_8730.png","width":720,"height":413},{"@type":"BreadcrumbList","@id":"https:\/\/fmpatagoniamadryn.com.ar\/?p=26336#breadcrumb","itemListElement":[{"@type":"ListItem","position":1,"name":"Portada","item":"https:\/\/fmpatagoniamadryn.com.ar\/"},{"@type":"ListItem","position":2,"name":"Veteranos de Malvinas cuestionaron el giro del Gobierno y pidieron cautela ante el anuncio de una base militar"}]},{"@type":"WebSite","@id":"https:\/\/fmpatagoniamadryn.com.ar\/#website","url":"https:\/\/fmpatagoniamadryn.com.ar\/","name":"FM Patagonia Madryn","description":"Radio Patagonia 105.5","publisher":{"@id":"https:\/\/fmpatagoniamadryn.com.ar\/#organization"},"potentialAction":[{"@type":"SearchAction","target":{"@type":"EntryPoint","urlTemplate":"https:\/\/fmpatagoniamadryn.com.ar\/?s={search_term_string}"},"query-input":{"@type":"PropertyValueSpecification","valueRequired":true,"valueName":"search_term_string"}}],"inLanguage":"es"},{"@type":"Organization","@id":"https:\/\/fmpatagoniamadryn.com.ar\/#organization","name":"FM Patagonia Madryn","url":"https:\/\/fmpatagoniamadryn.com.ar\/","logo":{"@type":"ImageObject","inLanguage":"es","@id":"https:\/\/fmpatagoniamadryn.com.ar\/#\/schema\/logo\/image\/","url":"https:\/\/fmpatagoniamadryn.com.ar\/wp-content\/uploads\/2023\/01\/cropped-Diseno-sin-titulo.png","contentUrl":"https:\/\/fmpatagoniamadryn.com.ar\/wp-content\/uploads\/2023\/01\/cropped-Diseno-sin-titulo.png","width":6911,"height":2657,"caption":"FM Patagonia Madryn"},"image":{"@id":"https:\/\/fmpatagoniamadryn.com.ar\/#\/schema\/logo\/image\/"}},{"@type":"Person","@id":"https:\/\/fmpatagoniamadryn.com.ar\/#\/schema\/person\/97b1d30cb2ae311544a88a5201700571","name":"FM Patagonia","url":"https:\/\/fmpatagoniamadryn.com.ar\/?author=4"}]}},"jetpack_featured_media_url":"https:\/\/fmpatagoniamadryn.com.ar\/wp-content\/uploads\/2026\/09\/img_8730.png","_links":{"self":[{"href":"https:\/\/fmpatagoniamadryn.com.ar\/index.php?rest_route=\/wp\/v2\/posts\/26336","targetHints":{"allow":["GET"]}}],"collection":[{"href":"https:\/\/fmpatagoniamadryn.com.ar\/index.php?rest_route=\/wp\/v2\/posts"}],"about":[{"href":"https:\/\/fmpatagoniamadryn.com.ar\/index.php?rest_route=\/wp\/v2\/types\/post"}],"author":[{"embeddable":true,"href":"https:\/\/fmpatagoniamadryn.com.ar\/index.php?rest_route=\/wp\/v2\/users\/4"}],"replies":[{"embeddable":true,"href":"https:\/\/fmpatagoniamadryn.com.ar\/index.php?rest_route=%2Fwp%2Fv2%2Fcomments&post=26336"}],"version-history":[{"count":1,"href":"https:\/\/fmpatagoniamadryn.com.ar\/index.php?rest_route=\/wp\/v2\/posts\/26336\/revisions"}],"predecessor-version":[{"id":26337,"href":"https:\/\/fmpatagoniamadryn.com.ar\/index.php?rest_route=\/wp\/v2\/posts\/26336\/revisions\/26337"}],"wp:featuredmedia":[{"embeddable":true,"href":"https:\/\/fmpatagoniamadryn.com.ar\/index.php?rest_route=\/wp\/v2\/media\/26335"}],"wp:attachment":[{"href":"https:\/\/fmpatagoniamadryn.com.ar\/index.php?rest_route=%2Fwp%2Fv2%2Fmedia&parent=26336"}],"wp:term":[{"taxonomy":"category","embeddable":true,"href":"https:\/\/fmpatagoniamadryn.com.ar\/index.php?rest_route=%2Fwp%2Fv2%2Fcategories&post=26336"},{"taxonomy":"post_tag","embeddable":true,"href":"https:\/\/fmpatagoniamadryn.com.ar\/index.php?rest_route=%2Fwp%2Fv2%2Ftags&post=26336"}],"curies":[{"name":"wp","href":"https:\/\/api.w.org\/{rel}","templated":true}]}}