{"id":26339,"date":"2026-09-04T16:33:45","date_gmt":"2026-09-04T19:33:45","guid":{"rendered":"https:\/\/fmpatagoniamadryn.com.ar\/?p=26339"},"modified":"2026-09-04T16:33:45","modified_gmt":"2026-09-04T19:33:45","slug":"puerto-madryn-me-confundi-de-dia-carlos-diaz-se-presento-en-tribunales-y-se-levanto-el-pedido-de-captura-el-martes-se-revisara-el-incumplimiento-de-la-probation","status":"publish","type":"post","link":"https:\/\/fmpatagoniamadryn.com.ar\/?p=26339","title":{"rendered":"Puerto Madryn: \u201cMe confund\u00ed de d\u00eda\u201d. Carlos D\u00edaz se present\u00f3 en Tribunales y se levant\u00f3 el pedido de captura: el martes se revisar\u00e1 el incumplimiento de la probation"},"content":{"rendered":"\n<p class=\"p1 wp-block-paragraph\"><\/p>\n\n\n\n<p class=\"p2 wp-block-paragraph\">Ante la jueza Mar\u00eda In\u00e9s Bartels, manifest\u00f3 que se hab\u00eda \u201cconfundido\u201d respecto del d\u00eda fijado para la audiencia a la que deb\u00eda asistir.<\/p>\n\n\n\n<p class=\"p2 wp-block-paragraph\">Durante la jornada tambi\u00e9n se abord\u00f3 el pedido de revisi\u00f3n de la suspensi\u00f3n de juicio a prueba, promovido por el querellante aut\u00f3nomo Diego Mart\u00ednez Zapata, a ra\u00edz del incumplimiento de las condiciones impuestas a D\u00edaz.<\/p>\n\n\n\n<p class=\"p2 wp-block-paragraph\">En particular, se inform\u00f3 que una de las obligaciones asumidas consist\u00eda en el pago de cuotas que deb\u00edan comenzar a abonarse en mayo y que, hasta el momento, no se habr\u00eda registrado ning\u00fan pago. Por este motivo, qued\u00f3 fijada para el pr\u00f3ximo martes 8 de septiembre, a las 9:00, una audiencia de revisi\u00f3n.<\/p>\n\n\n\n<p class=\"p1 wp-block-paragraph\"><\/p>\n","protected":false},"excerpt":{"rendered":"<p>Ante la jueza Mar\u00eda In\u00e9s Bartels, manifest\u00f3 que se hab\u00eda \u201cconfundido\u201d respecto del d\u00eda fijado para la audiencia a la que deb\u00eda asistir. Durante la jornada tambi\u00e9n se abord\u00f3 el&hellip; <\/p>\n","protected":false},"author":2,"featured_media":26338,"comment_status":"closed","ping_status":"closed","sticky":false,"template":"","format":"standard","meta":{"footnotes":""},"categories":[118],"tags":[],"class_list":["post-26339","post","type-post","status-publish","format-standard","has-post-thumbnail","hentry","category-judiciales"],"yoast_head":"<!-- This site is optimized with the Yoast SEO plugin v28.4 - https:\/\/yoast.com\/product\/yoast-seo-wordpress\/ -->\n<title>Puerto Madryn: \u201cMe confund\u00ed de d\u00eda\u201d. Carlos D\u00edaz se present\u00f3 en Tribunales y se levant\u00f3 el pedido de captura: el martes se revisar\u00e1 el incumplimiento de la probation - FM Patagonia Madryn<\/title>\n<meta name=\"robots\" content=\"index, follow, max-snippet:-1, max-image-preview:large, max-video-preview:-1\" \/>\n<link rel=\"canonical\" href=\"https:\/\/fmpatagoniamadryn.com.ar\/?p=26339\" \/>\n<meta property=\"og:locale\" content=\"es_ES\" \/>\n<meta property=\"og:type\" content=\"article\" \/>\n<meta property=\"og:title\" content=\"Puerto Madryn: \u201cMe confund\u00ed de d\u00eda\u201d. Carlos D\u00edaz se present\u00f3 en Tribunales y se levant\u00f3 el pedido de captura: el martes se revisar\u00e1 el incumplimiento de la probation - FM Patagonia Madryn\" \/>\n<meta property=\"og:description\" content=\"Ante la jueza Mar\u00eda In\u00e9s Bartels, manifest\u00f3 que se hab\u00eda \u201cconfundido\u201d respecto del d\u00eda fijado para la audiencia a la que deb\u00eda asistir. Durante la jornada tambi\u00e9n se abord\u00f3 el&hellip;\" \/>\n<meta property=\"og:url\" content=\"https:\/\/fmpatagoniamadryn.com.ar\/?p=26339\" \/>\n<meta property=\"og:site_name\" content=\"FM Patagonia Madryn\" \/>\n<meta property=\"article:published_time\" content=\"2026-09-04T19:33:45+00:00\" \/>\n<meta property=\"og:image\" content=\"https:\/\/fmpatagoniamadryn.com.ar\/wp-content\/uploads\/2026\/09\/img_3034.jpg\" \/>\n\t<meta property=\"og:image:width\" content=\"1320\" \/>\n\t<meta property=\"og:image:height\" content=\"1205\" \/>\n\t<meta property=\"og:image:type\" content=\"image\/jpeg\" \/>\n<meta name=\"author\" content=\"FM Patagonia\" \/>\n<meta name=\"twitter:card\" content=\"summary_large_image\" \/>\n<meta name=\"twitter:label1\" content=\"Escrito por\" \/>\n\t<meta name=\"twitter:data1\" content=\"FM Patagonia\" \/>\n\t<meta name=\"twitter:label2\" content=\"Tiempo de lectura\" \/>\n\t<meta name=\"twitter:data2\" content=\"1 minuto\" \/>\n<script type=\"application\/ld+json\" class=\"yoast-schema-graph\">{\"@context\":\"https:\\\/\\\/schema.org\",\"@graph\":[{\"@type\":\"Article\",\"@id\":\"https:\\\/\\\/fmpatagoniamadryn.com.ar\\\/?p=26339#article\",\"isPartOf\":{\"@id\":\"https:\\\/\\\/fmpatagoniamadryn.com.ar\\\/?p=26339\"},\"author\":{\"name\":\"FM Patagonia\",\"@id\":\"https:\\\/\\\/fmpatagoniamadryn.com.ar\\\/#\\\/schema\\\/person\\\/8a3de4ad7efceacab06c1641c50303b7\"},\"headline\":\"Puerto Madryn: \u201cMe confund\u00ed de d\u00eda\u201d. Carlos D\u00edaz se present\u00f3 en Tribunales y se levant\u00f3 el pedido de captura: el martes se revisar\u00e1 el incumplimiento de la probation\",\"datePublished\":\"2026-09-04T19:33:45+00:00\",\"mainEntityOfPage\":{\"@id\":\"https:\\\/\\\/fmpatagoniamadryn.com.ar\\\/?p=26339\"},\"wordCount\":157,\"publisher\":{\"@id\":\"https:\\\/\\\/fmpatagoniamadryn.com.ar\\\/#organization\"},\"image\":{\"@id\":\"https:\\\/\\\/fmpatagoniamadryn.com.ar\\\/?p=26339#primaryimage\"},\"thumbnailUrl\":\"https:\\\/\\\/fmpatagoniamadryn.com.ar\\\/wp-content\\\/uploads\\\/2026\\\/09\\\/img_3034.jpg\",\"articleSection\":[\"Judiciales\"],\"inLanguage\":\"es\"},{\"@type\":\"WebPage\",\"@id\":\"https:\\\/\\\/fmpatagoniamadryn.com.ar\\\/?p=26339\",\"url\":\"https:\\\/\\\/fmpatagoniamadryn.com.ar\\\/?p=26339\",\"name\":\"Puerto Madryn: \u201cMe confund\u00ed de d\u00eda\u201d. Carlos D\u00edaz se present\u00f3 en Tribunales y se levant\u00f3 el pedido de captura: el martes se revisar\u00e1 el incumplimiento de la probation - FM Patagonia Madryn\",\"isPartOf\":{\"@id\":\"https:\\\/\\\/fmpatagoniamadryn.com.ar\\\/#website\"},\"primaryImageOfPage\":{\"@id\":\"https:\\\/\\\/fmpatagoniamadryn.com.ar\\\/?p=26339#primaryimage\"},\"image\":{\"@id\":\"https:\\\/\\\/fmpatagoniamadryn.com.ar\\\/?p=26339#primaryimage\"},\"thumbnailUrl\":\"https:\\\/\\\/fmpatagoniamadryn.com.ar\\\/wp-content\\\/uploads\\\/2026\\\/09\\\/img_3034.jpg\",\"datePublished\":\"2026-09-04T19:33:45+00:00\",\"breadcrumb\":{\"@id\":\"https:\\\/\\\/fmpatagoniamadryn.com.ar\\\/?p=26339#breadcrumb\"},\"inLanguage\":\"es\",\"potentialAction\":[{\"@type\":\"ReadAction\",\"target\":[\"https:\\\/\\\/fmpatagoniamadryn.com.ar\\\/?p=26339\"]}]},{\"@type\":\"ImageObject\",\"inLanguage\":\"es\",\"@id\":\"https:\\\/\\\/fmpatagoniamadryn.com.ar\\\/?p=26339#primaryimage\",\"url\":\"https:\\\/\\\/fmpatagoniamadryn.com.ar\\\/wp-content\\\/uploads\\\/2026\\\/09\\\/img_3034.jpg\",\"contentUrl\":\"https:\\\/\\\/fmpatagoniamadryn.com.ar\\\/wp-content\\\/uploads\\\/2026\\\/09\\\/img_3034.jpg\",\"width\":1320,\"height\":1205},{\"@type\":\"BreadcrumbList\",\"@id\":\"https:\\\/\\\/fmpatagoniamadryn.com.ar\\\/?p=26339#breadcrumb\",\"itemListElement\":[{\"@type\":\"ListItem\",\"position\":1,\"name\":\"Portada\",\"item\":\"https:\\\/\\\/fmpatagoniamadryn.com.ar\\\/\"},{\"@type\":\"ListItem\",\"position\":2,\"name\":\"Puerto Madryn: \u201cMe confund\u00ed de d\u00eda\u201d. Carlos D\u00edaz se present\u00f3 en Tribunales y se levant\u00f3 el pedido de captura: el martes se revisar\u00e1 el incumplimiento de la probation\"}]},{\"@type\":\"WebSite\",\"@id\":\"https:\\\/\\\/fmpatagoniamadryn.com.ar\\\/#website\",\"url\":\"https:\\\/\\\/fmpatagoniamadryn.com.ar\\\/\",\"name\":\"FM Patagonia Madryn\",\"description\":\"Radio Patagonia 105.5\",\"publisher\":{\"@id\":\"https:\\\/\\\/fmpatagoniamadryn.com.ar\\\/#organization\"},\"potentialAction\":[{\"@type\":\"SearchAction\",\"target\":{\"@type\":\"EntryPoint\",\"urlTemplate\":\"https:\\\/\\\/fmpatagoniamadryn.com.ar\\\/?s={search_term_string}\"},\"query-input\":{\"@type\":\"PropertyValueSpecification\",\"valueRequired\":true,\"valueName\":\"search_term_string\"}}],\"inLanguage\":\"es\"},{\"@type\":\"Organization\",\"@id\":\"https:\\\/\\\/fmpatagoniamadryn.com.ar\\\/#organization\",\"name\":\"FM Patagonia Madryn\",\"url\":\"https:\\\/\\\/fmpatagoniamadryn.com.ar\\\/\",\"logo\":{\"@type\":\"ImageObject\",\"inLanguage\":\"es\",\"@id\":\"https:\\\/\\\/fmpatagoniamadryn.com.ar\\\/#\\\/schema\\\/logo\\\/image\\\/\",\"url\":\"https:\\\/\\\/fmpatagoniamadryn.com.ar\\\/wp-content\\\/uploads\\\/2023\\\/01\\\/cropped-Diseno-sin-titulo.png\",\"contentUrl\":\"https:\\\/\\\/fmpatagoniamadryn.com.ar\\\/wp-content\\\/uploads\\\/2023\\\/01\\\/cropped-Diseno-sin-titulo.png\",\"width\":6911,\"height\":2657,\"caption\":\"FM Patagonia Madryn\"},\"image\":{\"@id\":\"https:\\\/\\\/fmpatagoniamadryn.com.ar\\\/#\\\/schema\\\/logo\\\/image\\\/\"}},{\"@type\":\"Person\",\"@id\":\"https:\\\/\\\/fmpatagoniamadryn.com.ar\\\/#\\\/schema\\\/person\\\/8a3de4ad7efceacab06c1641c50303b7\",\"name\":\"FM Patagonia\",\"url\":\"https:\\\/\\\/fmpatagoniamadryn.com.ar\\\/?author=2\"}]}<\/script>\n<!-- \/ Yoast SEO plugin. -->","yoast_head_json":{"title":"Puerto Madryn: \u201cMe confund\u00ed de d\u00eda\u201d. Carlos D\u00edaz se present\u00f3 en Tribunales y se levant\u00f3 el pedido de captura: el martes se revisar\u00e1 el incumplimiento de la probation - FM Patagonia Madryn","robots":{"index":"index","follow":"follow","max-snippet":"max-snippet:-1","max-image-preview":"max-image-preview:large","max-video-preview":"max-video-preview:-1"},"canonical":"https:\/\/fmpatagoniamadryn.com.ar\/?p=26339","og_locale":"es_ES","og_type":"article","og_title":"Puerto Madryn: \u201cMe confund\u00ed de d\u00eda\u201d. Carlos D\u00edaz se present\u00f3 en Tribunales y se levant\u00f3 el pedido de captura: el martes se revisar\u00e1 el incumplimiento de la probation - FM Patagonia Madryn","og_description":"Ante la jueza Mar\u00eda In\u00e9s Bartels, manifest\u00f3 que se hab\u00eda \u201cconfundido\u201d respecto del d\u00eda fijado para la audiencia a la que deb\u00eda asistir. Durante la jornada tambi\u00e9n se abord\u00f3 el&hellip;","og_url":"https:\/\/fmpatagoniamadryn.com.ar\/?p=26339","og_site_name":"FM Patagonia Madryn","article_published_time":"2026-09-04T19:33:45+00:00","og_image":[{"width":1320,"height":1205,"url":"https:\/\/fmpatagoniamadryn.com.ar\/wp-content\/uploads\/2026\/09\/img_3034.jpg","type":"image\/jpeg"}],"author":"FM Patagonia","twitter_card":"summary_large_image","twitter_misc":{"Escrito por":"FM Patagonia","Tiempo de lectura":"1 minuto"},"schema":{"@context":"https:\/\/schema.org","@graph":[{"@type":"Article","@id":"https:\/\/fmpatagoniamadryn.com.ar\/?p=26339#article","isPartOf":{"@id":"https:\/\/fmpatagoniamadryn.com.ar\/?p=26339"},"author":{"name":"FM Patagonia","@id":"https:\/\/fmpatagoniamadryn.com.ar\/#\/schema\/person\/8a3de4ad7efceacab06c1641c50303b7"},"headline":"Puerto Madryn: \u201cMe confund\u00ed de d\u00eda\u201d. Carlos D\u00edaz se present\u00f3 en Tribunales y se levant\u00f3 el pedido de captura: el martes se revisar\u00e1 el incumplimiento de la probation","datePublished":"2026-09-04T19:33:45+00:00","mainEntityOfPage":{"@id":"https:\/\/fmpatagoniamadryn.com.ar\/?p=26339"},"wordCount":157,"publisher":{"@id":"https:\/\/fmpatagoniamadryn.com.ar\/#organization"},"image":{"@id":"https:\/\/fmpatagoniamadryn.com.ar\/?p=26339#primaryimage"},"thumbnailUrl":"https:\/\/fmpatagoniamadryn.com.ar\/wp-content\/uploads\/2026\/09\/img_3034.jpg","articleSection":["Judiciales"],"inLanguage":"es"},{"@type":"WebPage","@id":"https:\/\/fmpatagoniamadryn.com.ar\/?p=26339","url":"https:\/\/fmpatagoniamadryn.com.ar\/?p=26339","name":"Puerto Madryn: \u201cMe confund\u00ed de d\u00eda\u201d. Carlos D\u00edaz se present\u00f3 en Tribunales y se levant\u00f3 el pedido de captura: el martes se revisar\u00e1 el incumplimiento de la probation - FM Patagonia Madryn","isPartOf":{"@id":"https:\/\/fmpatagoniamadryn.com.ar\/#website"},"primaryImageOfPage":{"@id":"https:\/\/fmpatagoniamadryn.com.ar\/?p=26339#primaryimage"},"image":{"@id":"https:\/\/fmpatagoniamadryn.com.ar\/?p=26339#primaryimage"},"thumbnailUrl":"https:\/\/fmpatagoniamadryn.com.ar\/wp-content\/uploads\/2026\/09\/img_3034.jpg","datePublished":"2026-09-04T19:33:45+00:00","breadcrumb":{"@id":"https:\/\/fmpatagoniamadryn.com.ar\/?p=26339#breadcrumb"},"inLanguage":"es","potentialAction":[{"@type":"ReadAction","target":["https:\/\/fmpatagoniamadryn.com.ar\/?p=26339"]}]},{"@type":"ImageObject","inLanguage":"es","@id":"https:\/\/fmpatagoniamadryn.com.ar\/?p=26339#primaryimage","url":"https:\/\/fmpatagoniamadryn.com.ar\/wp-content\/uploads\/2026\/09\/img_3034.jpg","contentUrl":"https:\/\/fmpatagoniamadryn.com.ar\/wp-content\/uploads\/2026\/09\/img_3034.jpg","width":1320,"height":1205},{"@type":"BreadcrumbList","@id":"https:\/\/fmpatagoniamadryn.com.ar\/?p=26339#breadcrumb","itemListElement":[{"@type":"ListItem","position":1,"name":"Portada","item":"https:\/\/fmpatagoniamadryn.com.ar\/"},{"@type":"ListItem","position":2,"name":"Puerto Madryn: \u201cMe confund\u00ed de d\u00eda\u201d. Carlos D\u00edaz se present\u00f3 en Tribunales y se levant\u00f3 el pedido de captura: el martes se revisar\u00e1 el incumplimiento de la probation"}]},{"@type":"WebSite","@id":"https:\/\/fmpatagoniamadryn.com.ar\/#website","url":"https:\/\/fmpatagoniamadryn.com.ar\/","name":"FM Patagonia Madryn","description":"Radio Patagonia 105.5","publisher":{"@id":"https:\/\/fmpatagoniamadryn.com.ar\/#organization"},"potentialAction":[{"@type":"SearchAction","target":{"@type":"EntryPoint","urlTemplate":"https:\/\/fmpatagoniamadryn.com.ar\/?s={search_term_string}"},"query-input":{"@type":"PropertyValueSpecification","valueRequired":true,"valueName":"search_term_string"}}],"inLanguage":"es"},{"@type":"Organization","@id":"https:\/\/fmpatagoniamadryn.com.ar\/#organization","name":"FM Patagonia Madryn","url":"https:\/\/fmpatagoniamadryn.com.ar\/","logo":{"@type":"ImageObject","inLanguage":"es","@id":"https:\/\/fmpatagoniamadryn.com.ar\/#\/schema\/logo\/image\/","url":"https:\/\/fmpatagoniamadryn.com.ar\/wp-content\/uploads\/2023\/01\/cropped-Diseno-sin-titulo.png","contentUrl":"https:\/\/fmpatagoniamadryn.com.ar\/wp-content\/uploads\/2023\/01\/cropped-Diseno-sin-titulo.png","width":6911,"height":2657,"caption":"FM Patagonia Madryn"},"image":{"@id":"https:\/\/fmpatagoniamadryn.com.ar\/#\/schema\/logo\/image\/"}},{"@type":"Person","@id":"https:\/\/fmpatagoniamadryn.com.ar\/#\/schema\/person\/8a3de4ad7efceacab06c1641c50303b7","name":"FM Patagonia","url":"https:\/\/fmpatagoniamadryn.com.ar\/?author=2"}]}},"jetpack_featured_media_url":"https:\/\/fmpatagoniamadryn.com.ar\/wp-content\/uploads\/2026\/09\/img_3034.jpg","_links":{"self":[{"href":"https:\/\/fmpatagoniamadryn.com.ar\/index.php?rest_route=\/wp\/v2\/posts\/26339","targetHints":{"allow":["GET"]}}],"collection":[{"href":"https:\/\/fmpatagoniamadryn.com.ar\/index.php?rest_route=\/wp\/v2\/posts"}],"about":[{"href":"https:\/\/fmpatagoniamadryn.com.ar\/index.php?rest_route=\/wp\/v2\/types\/post"}],"author":[{"embeddable":true,"href":"https:\/\/fmpatagoniamadryn.com.ar\/index.php?rest_route=\/wp\/v2\/users\/2"}],"replies":[{"embeddable":true,"href":"https:\/\/fmpatagoniamadryn.com.ar\/index.php?rest_route=%2Fwp%2Fv2%2Fcomments&post=26339"}],"version-history":[{"count":1,"href":"https:\/\/fmpatagoniamadryn.com.ar\/index.php?rest_route=\/wp\/v2\/posts\/26339\/revisions"}],"predecessor-version":[{"id":26340,"href":"https:\/\/fmpatagoniamadryn.com.ar\/index.php?rest_route=\/wp\/v2\/posts\/26339\/revisions\/26340"}],"wp:featuredmedia":[{"embeddable":true,"href":"https:\/\/fmpatagoniamadryn.com.ar\/index.php?rest_route=\/wp\/v2\/media\/26338"}],"wp:attachment":[{"href":"https:\/\/fmpatagoniamadryn.com.ar\/index.php?rest_route=%2Fwp%2Fv2%2Fmedia&parent=26339"}],"wp:term":[{"taxonomy":"category","embeddable":true,"href":"https:\/\/fmpatagoniamadryn.com.ar\/index.php?rest_route=%2Fwp%2Fv2%2Fcategories&post=26339"},{"taxonomy":"post_tag","embeddable":true,"href":"https:\/\/fmpatagoniamadryn.com.ar\/index.php?rest_route=%2Fwp%2Fv2%2Ftags&post=26339"}],"curies":[{"name":"wp","href":"https:\/\/api.w.org\/{rel}","templated":true}]}}