{"id":26348,"date":"2026-09-04T19:28:16","date_gmt":"2026-09-04T22:28:16","guid":{"rendered":"https:\/\/fmpatagoniamadryn.com.ar\/?p=26348"},"modified":"2026-09-04T19:28:17","modified_gmt":"2026-09-04T22:28:17","slug":"la-afa-anunciara-los-amistosos-de-la-seleccion-argentina-el-proximo-lunes-que-se-sabe-de-la-despedida-de-messi","status":"publish","type":"post","link":"https:\/\/fmpatagoniamadryn.com.ar\/?p=26348","title":{"rendered":"La AFA anunciar\u00e1 los amistosos de la Selecci\u00f3n Argentina el pr\u00f3ximo lunes: qu\u00e9 se sabe de la despedida de Messi"},"content":{"rendered":"\n<p class=\"wp-block-paragraph\">La Selecci\u00f3n Argentina comenzar\u00e1 una nueva etapa despu\u00e9s del retiro de Lionel Messi. La AFA confirm\u00f3 que el pr\u00f3ximo lunes anunciar\u00e1 oficialmente los amistosos que disputar\u00e1 el equipo dirigido por Lionel Scaloni durante las pr\u00f3ximas ventanas internacionales.<\/p>\n\n\n\n<h2 class=\"wp-block-heading\">El lunes se conocer\u00e1n los pr\u00f3ximos rivales<\/h2>\n\n\n\n<p class=\"wp-block-paragraph\">La AFA inform\u00f3 que el lunes dar\u00e1 a conocer los partidos amistosos que jugar\u00e1 la Selecci\u00f3n durante la fecha FIFA de septiembre y octubre, en lo que marcar\u00e1 el comienzo de la era posterior a Messi.<\/p>\n\n\n\n<p class=\"wp-block-paragraph\">La ventana internacional se desarrollar\u00e1 entre fines de septiembre y comienzos de octubre, y ser\u00e1 la primera en la que Argentina deber\u00e1 afrontar sus compromisos sin contar con su capit\u00e1n hist\u00f3rico.<\/p>\n\n\n\n<p class=\"wp-block-paragraph\">Adem\u00e1s, la AFA espera que FIFA determine si los encuentros tendr\u00e1n la consideraci\u00f3n de partidos de \u00abClase A\u00bb, una cuesti\u00f3n que podr\u00eda tener incidencia en el cumplimiento de sanciones de algunos futbolistas.<\/p>\n\n\n\n<h2 class=\"wp-block-heading\">La despedida de Messi, todav\u00eda en suspenso<\/h2>\n\n\n\n<p class=\"wp-block-paragraph\">Mientras se espera conocer el calendario, la gran expectativa est\u00e1 puesta en Lionel Messi. El delantero anunci\u00f3 el lunes su retiro de la Selecci\u00f3n Argentina mediante una emotiva carta, en la que asegur\u00f3 que la decisi\u00f3n \u00abduele en el alma\u00bb, pero que entiende que lleg\u00f3 el momento de cerrar su etapa con la camiseta albiceleste.<\/p>\n\n\n\n<p class=\"wp-block-paragraph\">Messi, de 39 a\u00f1os, termin\u00f3 su ciclo con 207 partidos y 125 goles con Argentina. Durante su trayectoria conquist\u00f3 la Copa Am\u00e9rica 2021 y 2024, la Finalissima 2022 y el Mundial de Qatar 2022, adem\u00e1s de la medalla dorada ol\u00edmpica y el Mundial Sub-20.<\/p>\n\n\n\n<h2 class=\"wp-block-heading\">\u00bfHabr\u00e1 un \u00faltimo partido en Argentina?<\/h2>\n\n\n\n<p class=\"wp-block-paragraph\">Por el momento, <strong>no est\u00e1 confirmado que Messi vaya a regresar al pa\u00eds para disputar un partido de despedida con la Selecci\u00f3n<\/strong>. La definici\u00f3n depender\u00e1, entre otras cuestiones, de la planificaci\u00f3n de la AFA y de la decisi\u00f3n del propio futbolista.<\/p>\n\n\n\n<p class=\"wp-block-paragraph\">El deseo de los hinchas es poder verlo una \u00faltima vez con la camiseta argentina y el n\u00famero 10 en la espalda, esta vez en suelo nacional.<\/p>\n\n\n\n<p class=\"wp-block-paragraph\">Mientras tanto, la AFA ya comenz\u00f3 a homenajear al capit\u00e1n: durante este fin de semana, los partidos del f\u00fatbol argentino tendr\u00e1n un minuto de aplausos en el minuto 10 del primer tiempo en reconocimiento a su trayectoria.<\/p>\n\n\n\n<p class=\"wp-block-paragraph\">El anuncio del pr\u00f3ximo lunes permitir\u00e1 conocer cu\u00e1les ser\u00e1n los primeros pasos de la Selecci\u00f3n en la etapa post Messi y, eventualmente, si existe una oportunidad concreta para que el m\u00e1ximo \u00eddolo de la Albiceleste tenga su despedida definitiva frente al p\u00fablico argentino.<\/p>\n","protected":false},"excerpt":{"rendered":"<p>La Asociaci\u00f3n del F\u00fatbol Argentino dar\u00e1 a conocer el lunes los primeros partidos de la Albiceleste despu\u00e9s del Mundial 2026, correspondientes a las fechas FIFA de septiembre y octubre. La gran inc\u00f3gnita pasa por saber si Lionel Messi tendr\u00e1 la posibilidad de despedirse en cancha ante el p\u00fablico argentino.<\/p>\n","protected":false},"author":5,"featured_media":24247,"comment_status":"closed","ping_status":"closed","sticky":false,"template":"","format":"standard","meta":{"footnotes":""},"categories":[4],"tags":[303],"class_list":["post-26348","post","type-post","status-publish","format-standard","has-post-thumbnail","hentry","category-deportes","tag-amistosos-seleccion"],"yoast_head":"<!-- This site is optimized with the Yoast SEO plugin v28.4 - https:\/\/yoast.com\/product\/yoast-seo-wordpress\/ -->\n<title>La AFA anunciar\u00e1 los amistosos de la Selecci\u00f3n Argentina el pr\u00f3ximo lunes: qu\u00e9 se sabe de la despedida de Messi - FM Patagonia Madryn<\/title>\n<meta name=\"robots\" content=\"index, follow, max-snippet:-1, max-image-preview:large, max-video-preview:-1\" \/>\n<link rel=\"canonical\" href=\"https:\/\/fmpatagoniamadryn.com.ar\/?p=26348\" \/>\n<meta property=\"og:locale\" content=\"es_ES\" \/>\n<meta property=\"og:type\" content=\"article\" \/>\n<meta property=\"og:title\" content=\"La AFA anunciar\u00e1 los amistosos de la Selecci\u00f3n Argentina el pr\u00f3ximo lunes: qu\u00e9 se sabe de la despedida de Messi - FM Patagonia Madryn\" \/>\n<meta property=\"og:description\" content=\"La Asociaci\u00f3n del F\u00fatbol Argentino dar\u00e1 a conocer el lunes los primeros partidos de la Albiceleste despu\u00e9s del Mundial 2026, correspondientes a las fechas FIFA de septiembre y octubre. La gran inc\u00f3gnita pasa por saber si Lionel Messi tendr\u00e1 la posibilidad de despedirse en cancha ante el p\u00fablico argentino.\" \/>\n<meta property=\"og:url\" content=\"https:\/\/fmpatagoniamadryn.com.ar\/?p=26348\" \/>\n<meta property=\"og:site_name\" content=\"FM Patagonia Madryn\" \/>\n<meta property=\"article:published_time\" content=\"2026-09-04T22:28:16+00:00\" \/>\n<meta property=\"article:modified_time\" content=\"2026-09-04T22:28:17+00:00\" \/>\n<meta property=\"og:image\" content=\"https:\/\/fmpatagoniamadryn.com.ar\/wp-content\/uploads\/2026\/07\/argentina-vs-inglaterra-semifinal.webp\" \/>\n\t<meta property=\"og:image:width\" content=\"416\" \/>\n\t<meta property=\"og:image:height\" content=\"234\" \/>\n\t<meta property=\"og:image:type\" content=\"image\/webp\" \/>\n<meta name=\"author\" content=\"FM Patagonia\" \/>\n<meta name=\"twitter:card\" content=\"summary_large_image\" \/>\n<meta name=\"twitter:label1\" content=\"Escrito por\" \/>\n\t<meta name=\"twitter:data1\" content=\"FM Patagonia\" \/>\n\t<meta name=\"twitter:label2\" content=\"Tiempo de lectura\" \/>\n\t<meta name=\"twitter:data2\" content=\"3 minutos\" \/>\n<script type=\"application\/ld+json\" class=\"yoast-schema-graph\">{\"@context\":\"https:\\\/\\\/schema.org\",\"@graph\":[{\"@type\":\"Article\",\"@id\":\"https:\\\/\\\/fmpatagoniamadryn.com.ar\\\/?p=26348#article\",\"isPartOf\":{\"@id\":\"https:\\\/\\\/fmpatagoniamadryn.com.ar\\\/?p=26348\"},\"author\":{\"name\":\"FM Patagonia\",\"@id\":\"https:\\\/\\\/fmpatagoniamadryn.com.ar\\\/#\\\/schema\\\/person\\\/d1eaeab8ab628617785f4d9ef0e8d5d8\"},\"headline\":\"La AFA anunciar\u00e1 los amistosos de la Selecci\u00f3n Argentina el pr\u00f3ximo lunes: qu\u00e9 se sabe de la despedida de Messi\",\"datePublished\":\"2026-09-04T22:28:16+00:00\",\"dateModified\":\"2026-09-04T22:28:17+00:00\",\"mainEntityOfPage\":{\"@id\":\"https:\\\/\\\/fmpatagoniamadryn.com.ar\\\/?p=26348\"},\"wordCount\":452,\"publisher\":{\"@id\":\"https:\\\/\\\/fmpatagoniamadryn.com.ar\\\/#organization\"},\"image\":{\"@id\":\"https:\\\/\\\/fmpatagoniamadryn.com.ar\\\/?p=26348#primaryimage\"},\"thumbnailUrl\":\"https:\\\/\\\/fmpatagoniamadryn.com.ar\\\/wp-content\\\/uploads\\\/2026\\\/07\\\/argentina-vs-inglaterra-semifinal.webp\",\"keywords\":[\"Amistosos Selecci\u00f3n\"],\"articleSection\":[\"Deportes\"],\"inLanguage\":\"es\"},{\"@type\":\"WebPage\",\"@id\":\"https:\\\/\\\/fmpatagoniamadryn.com.ar\\\/?p=26348\",\"url\":\"https:\\\/\\\/fmpatagoniamadryn.com.ar\\\/?p=26348\",\"name\":\"La AFA anunciar\u00e1 los amistosos de la Selecci\u00f3n Argentina el pr\u00f3ximo lunes: qu\u00e9 se sabe de la despedida de Messi - FM Patagonia Madryn\",\"isPartOf\":{\"@id\":\"https:\\\/\\\/fmpatagoniamadryn.com.ar\\\/#website\"},\"primaryImageOfPage\":{\"@id\":\"https:\\\/\\\/fmpatagoniamadryn.com.ar\\\/?p=26348#primaryimage\"},\"image\":{\"@id\":\"https:\\\/\\\/fmpatagoniamadryn.com.ar\\\/?p=26348#primaryimage\"},\"thumbnailUrl\":\"https:\\\/\\\/fmpatagoniamadryn.com.ar\\\/wp-content\\\/uploads\\\/2026\\\/07\\\/argentina-vs-inglaterra-semifinal.webp\",\"datePublished\":\"2026-09-04T22:28:16+00:00\",\"dateModified\":\"2026-09-04T22:28:17+00:00\",\"breadcrumb\":{\"@id\":\"https:\\\/\\\/fmpatagoniamadryn.com.ar\\\/?p=26348#breadcrumb\"},\"inLanguage\":\"es\",\"potentialAction\":[{\"@type\":\"ReadAction\",\"target\":[\"https:\\\/\\\/fmpatagoniamadryn.com.ar\\\/?p=26348\"]}]},{\"@type\":\"ImageObject\",\"inLanguage\":\"es\",\"@id\":\"https:\\\/\\\/fmpatagoniamadryn.com.ar\\\/?p=26348#primaryimage\",\"url\":\"https:\\\/\\\/fmpatagoniamadryn.com.ar\\\/wp-content\\\/uploads\\\/2026\\\/07\\\/argentina-vs-inglaterra-semifinal.webp\",\"contentUrl\":\"https:\\\/\\\/fmpatagoniamadryn.com.ar\\\/wp-content\\\/uploads\\\/2026\\\/07\\\/argentina-vs-inglaterra-semifinal.webp\",\"width\":416,\"height\":234},{\"@type\":\"BreadcrumbList\",\"@id\":\"https:\\\/\\\/fmpatagoniamadryn.com.ar\\\/?p=26348#breadcrumb\",\"itemListElement\":[{\"@type\":\"ListItem\",\"position\":1,\"name\":\"Portada\",\"item\":\"https:\\\/\\\/fmpatagoniamadryn.com.ar\\\/\"},{\"@type\":\"ListItem\",\"position\":2,\"name\":\"La AFA anunciar\u00e1 los amistosos de la Selecci\u00f3n Argentina el pr\u00f3ximo lunes: qu\u00e9 se sabe de la despedida de Messi\"}]},{\"@type\":\"WebSite\",\"@id\":\"https:\\\/\\\/fmpatagoniamadryn.com.ar\\\/#website\",\"url\":\"https:\\\/\\\/fmpatagoniamadryn.com.ar\\\/\",\"name\":\"FM Patagonia Madryn\",\"description\":\"Radio Patagonia 105.5\",\"publisher\":{\"@id\":\"https:\\\/\\\/fmpatagoniamadryn.com.ar\\\/#organization\"},\"potentialAction\":[{\"@type\":\"SearchAction\",\"target\":{\"@type\":\"EntryPoint\",\"urlTemplate\":\"https:\\\/\\\/fmpatagoniamadryn.com.ar\\\/?s={search_term_string}\"},\"query-input\":{\"@type\":\"PropertyValueSpecification\",\"valueRequired\":true,\"valueName\":\"search_term_string\"}}],\"inLanguage\":\"es\"},{\"@type\":\"Organization\",\"@id\":\"https:\\\/\\\/fmpatagoniamadryn.com.ar\\\/#organization\",\"name\":\"FM Patagonia Madryn\",\"url\":\"https:\\\/\\\/fmpatagoniamadryn.com.ar\\\/\",\"logo\":{\"@type\":\"ImageObject\",\"inLanguage\":\"es\",\"@id\":\"https:\\\/\\\/fmpatagoniamadryn.com.ar\\\/#\\\/schema\\\/logo\\\/image\\\/\",\"url\":\"https:\\\/\\\/fmpatagoniamadryn.com.ar\\\/wp-content\\\/uploads\\\/2023\\\/01\\\/cropped-Diseno-sin-titulo.png\",\"contentUrl\":\"https:\\\/\\\/fmpatagoniamadryn.com.ar\\\/wp-content\\\/uploads\\\/2023\\\/01\\\/cropped-Diseno-sin-titulo.png\",\"width\":6911,\"height\":2657,\"caption\":\"FM Patagonia Madryn\"},\"image\":{\"@id\":\"https:\\\/\\\/fmpatagoniamadryn.com.ar\\\/#\\\/schema\\\/logo\\\/image\\\/\"}},{\"@type\":\"Person\",\"@id\":\"https:\\\/\\\/fmpatagoniamadryn.com.ar\\\/#\\\/schema\\\/person\\\/d1eaeab8ab628617785f4d9ef0e8d5d8\",\"name\":\"FM Patagonia\",\"url\":\"https:\\\/\\\/fmpatagoniamadryn.com.ar\\\/?author=5\"}]}<\/script>\n<!-- \/ Yoast SEO plugin. -->","yoast_head_json":{"title":"La AFA anunciar\u00e1 los amistosos de la Selecci\u00f3n Argentina el pr\u00f3ximo lunes: qu\u00e9 se sabe de la despedida de Messi - FM Patagonia Madryn","robots":{"index":"index","follow":"follow","max-snippet":"max-snippet:-1","max-image-preview":"max-image-preview:large","max-video-preview":"max-video-preview:-1"},"canonical":"https:\/\/fmpatagoniamadryn.com.ar\/?p=26348","og_locale":"es_ES","og_type":"article","og_title":"La AFA anunciar\u00e1 los amistosos de la Selecci\u00f3n Argentina el pr\u00f3ximo lunes: qu\u00e9 se sabe de la despedida de Messi - FM Patagonia Madryn","og_description":"La Asociaci\u00f3n del F\u00fatbol Argentino dar\u00e1 a conocer el lunes los primeros partidos de la Albiceleste despu\u00e9s del Mundial 2026, correspondientes a las fechas FIFA de septiembre y octubre. La gran inc\u00f3gnita pasa por saber si Lionel Messi tendr\u00e1 la posibilidad de despedirse en cancha ante el p\u00fablico argentino.","og_url":"https:\/\/fmpatagoniamadryn.com.ar\/?p=26348","og_site_name":"FM Patagonia Madryn","article_published_time":"2026-09-04T22:28:16+00:00","article_modified_time":"2026-09-04T22:28:17+00:00","og_image":[{"width":416,"height":234,"url":"https:\/\/fmpatagoniamadryn.com.ar\/wp-content\/uploads\/2026\/07\/argentina-vs-inglaterra-semifinal.webp","type":"image\/webp"}],"author":"FM Patagonia","twitter_card":"summary_large_image","twitter_misc":{"Escrito por":"FM Patagonia","Tiempo de lectura":"3 minutos"},"schema":{"@context":"https:\/\/schema.org","@graph":[{"@type":"Article","@id":"https:\/\/fmpatagoniamadryn.com.ar\/?p=26348#article","isPartOf":{"@id":"https:\/\/fmpatagoniamadryn.com.ar\/?p=26348"},"author":{"name":"FM Patagonia","@id":"https:\/\/fmpatagoniamadryn.com.ar\/#\/schema\/person\/d1eaeab8ab628617785f4d9ef0e8d5d8"},"headline":"La AFA anunciar\u00e1 los amistosos de la Selecci\u00f3n Argentina el pr\u00f3ximo lunes: qu\u00e9 se sabe de la despedida de Messi","datePublished":"2026-09-04T22:28:16+00:00","dateModified":"2026-09-04T22:28:17+00:00","mainEntityOfPage":{"@id":"https:\/\/fmpatagoniamadryn.com.ar\/?p=26348"},"wordCount":452,"publisher":{"@id":"https:\/\/fmpatagoniamadryn.com.ar\/#organization"},"image":{"@id":"https:\/\/fmpatagoniamadryn.com.ar\/?p=26348#primaryimage"},"thumbnailUrl":"https:\/\/fmpatagoniamadryn.com.ar\/wp-content\/uploads\/2026\/07\/argentina-vs-inglaterra-semifinal.webp","keywords":["Amistosos Selecci\u00f3n"],"articleSection":["Deportes"],"inLanguage":"es"},{"@type":"WebPage","@id":"https:\/\/fmpatagoniamadryn.com.ar\/?p=26348","url":"https:\/\/fmpatagoniamadryn.com.ar\/?p=26348","name":"La AFA anunciar\u00e1 los amistosos de la Selecci\u00f3n Argentina el pr\u00f3ximo lunes: qu\u00e9 se sabe de la despedida de Messi - FM Patagonia Madryn","isPartOf":{"@id":"https:\/\/fmpatagoniamadryn.com.ar\/#website"},"primaryImageOfPage":{"@id":"https:\/\/fmpatagoniamadryn.com.ar\/?p=26348#primaryimage"},"image":{"@id":"https:\/\/fmpatagoniamadryn.com.ar\/?p=26348#primaryimage"},"thumbnailUrl":"https:\/\/fmpatagoniamadryn.com.ar\/wp-content\/uploads\/2026\/07\/argentina-vs-inglaterra-semifinal.webp","datePublished":"2026-09-04T22:28:16+00:00","dateModified":"2026-09-04T22:28:17+00:00","breadcrumb":{"@id":"https:\/\/fmpatagoniamadryn.com.ar\/?p=26348#breadcrumb"},"inLanguage":"es","potentialAction":[{"@type":"ReadAction","target":["https:\/\/fmpatagoniamadryn.com.ar\/?p=26348"]}]},{"@type":"ImageObject","inLanguage":"es","@id":"https:\/\/fmpatagoniamadryn.com.ar\/?p=26348#primaryimage","url":"https:\/\/fmpatagoniamadryn.com.ar\/wp-content\/uploads\/2026\/07\/argentina-vs-inglaterra-semifinal.webp","contentUrl":"https:\/\/fmpatagoniamadryn.com.ar\/wp-content\/uploads\/2026\/07\/argentina-vs-inglaterra-semifinal.webp","width":416,"height":234},{"@type":"BreadcrumbList","@id":"https:\/\/fmpatagoniamadryn.com.ar\/?p=26348#breadcrumb","itemListElement":[{"@type":"ListItem","position":1,"name":"Portada","item":"https:\/\/fmpatagoniamadryn.com.ar\/"},{"@type":"ListItem","position":2,"name":"La AFA anunciar\u00e1 los amistosos de la Selecci\u00f3n Argentina el pr\u00f3ximo lunes: qu\u00e9 se sabe de la despedida de Messi"}]},{"@type":"WebSite","@id":"https:\/\/fmpatagoniamadryn.com.ar\/#website","url":"https:\/\/fmpatagoniamadryn.com.ar\/","name":"FM Patagonia Madryn","description":"Radio Patagonia 105.5","publisher":{"@id":"https:\/\/fmpatagoniamadryn.com.ar\/#organization"},"potentialAction":[{"@type":"SearchAction","target":{"@type":"EntryPoint","urlTemplate":"https:\/\/fmpatagoniamadryn.com.ar\/?s={search_term_string}"},"query-input":{"@type":"PropertyValueSpecification","valueRequired":true,"valueName":"search_term_string"}}],"inLanguage":"es"},{"@type":"Organization","@id":"https:\/\/fmpatagoniamadryn.com.ar\/#organization","name":"FM Patagonia Madryn","url":"https:\/\/fmpatagoniamadryn.com.ar\/","logo":{"@type":"ImageObject","inLanguage":"es","@id":"https:\/\/fmpatagoniamadryn.com.ar\/#\/schema\/logo\/image\/","url":"https:\/\/fmpatagoniamadryn.com.ar\/wp-content\/uploads\/2023\/01\/cropped-Diseno-sin-titulo.png","contentUrl":"https:\/\/fmpatagoniamadryn.com.ar\/wp-content\/uploads\/2023\/01\/cropped-Diseno-sin-titulo.png","width":6911,"height":2657,"caption":"FM Patagonia Madryn"},"image":{"@id":"https:\/\/fmpatagoniamadryn.com.ar\/#\/schema\/logo\/image\/"}},{"@type":"Person","@id":"https:\/\/fmpatagoniamadryn.com.ar\/#\/schema\/person\/d1eaeab8ab628617785f4d9ef0e8d5d8","name":"FM Patagonia","url":"https:\/\/fmpatagoniamadryn.com.ar\/?author=5"}]}},"jetpack_featured_media_url":"https:\/\/fmpatagoniamadryn.com.ar\/wp-content\/uploads\/2026\/07\/argentina-vs-inglaterra-semifinal.webp","_links":{"self":[{"href":"https:\/\/fmpatagoniamadryn.com.ar\/index.php?rest_route=\/wp\/v2\/posts\/26348","targetHints":{"allow":["GET"]}}],"collection":[{"href":"https:\/\/fmpatagoniamadryn.com.ar\/index.php?rest_route=\/wp\/v2\/posts"}],"about":[{"href":"https:\/\/fmpatagoniamadryn.com.ar\/index.php?rest_route=\/wp\/v2\/types\/post"}],"author":[{"embeddable":true,"href":"https:\/\/fmpatagoniamadryn.com.ar\/index.php?rest_route=\/wp\/v2\/users\/5"}],"replies":[{"embeddable":true,"href":"https:\/\/fmpatagoniamadryn.com.ar\/index.php?rest_route=%2Fwp%2Fv2%2Fcomments&post=26348"}],"version-history":[{"count":1,"href":"https:\/\/fmpatagoniamadryn.com.ar\/index.php?rest_route=\/wp\/v2\/posts\/26348\/revisions"}],"predecessor-version":[{"id":26349,"href":"https:\/\/fmpatagoniamadryn.com.ar\/index.php?rest_route=\/wp\/v2\/posts\/26348\/revisions\/26349"}],"wp:featuredmedia":[{"embeddable":true,"href":"https:\/\/fmpatagoniamadryn.com.ar\/index.php?rest_route=\/wp\/v2\/media\/24247"}],"wp:attachment":[{"href":"https:\/\/fmpatagoniamadryn.com.ar\/index.php?rest_route=%2Fwp%2Fv2%2Fmedia&parent=26348"}],"wp:term":[{"taxonomy":"category","embeddable":true,"href":"https:\/\/fmpatagoniamadryn.com.ar\/index.php?rest_route=%2Fwp%2Fv2%2Fcategories&post=26348"},{"taxonomy":"post_tag","embeddable":true,"href":"https:\/\/fmpatagoniamadryn.com.ar\/index.php?rest_route=%2Fwp%2Fv2%2Ftags&post=26348"}],"curies":[{"name":"wp","href":"https:\/\/api.w.org\/{rel}","templated":true}]}}