{"id":26376,"date":"2026-09-05T11:26:42","date_gmt":"2026-09-05T14:26:42","guid":{"rendered":"https:\/\/fmpatagoniamadryn.com.ar\/?p=26376"},"modified":"2026-09-05T11:26:42","modified_gmt":"2026-09-05T14:26:42","slug":"despues-de-nueve-anos-chubut-recupera-el-salon-provincial-de-artesanias-celestina-currumil","status":"publish","type":"post","link":"https:\/\/fmpatagoniamadryn.com.ar\/?p=26376","title":{"rendered":"Despu\u00e9s de nueve a\u00f1os, Chubut recupera el Sal\u00f3n Provincial de Artesan\u00edas \u201cCelestina Currumil\u201d"},"content":{"rendered":"\n<p class=\"wp-block-paragraph\">El Gobierno del Chubut, a trav\u00e9s de la Subsecretar\u00eda de Cultura, recuper\u00f3 despu\u00e9s de nueve a\u00f1os el Sal\u00f3n Provincial de Artesan\u00edas \u201cCelestina Currumil\u201d, uno de los espacios destinados a poner en valor y visibilizar el trabajo, los saberes y los oficios de los artesanos de toda la provincia.<\/p>\n\n\n\n<p class=\"wp-block-paragraph\">La edici\u00f3n 2026 corresponde al 8\u00b0 Sal\u00f3n Provincial y ya complet\u00f3 las diferentes instancias previstas para la admisi\u00f3n, evaluaci\u00f3n y selecci\u00f3n de las piezas. El proceso culminar\u00e1 con la inauguraci\u00f3n de la muestra el martes 29 de septiembre en el Centro Cultural Provincial (CCP) de Rawson, jornada en la que se conocer\u00e1n las piezas ganadoras y las menciones otorgadas por el Jurado.<\/p>\n\n\n\n<p class=\"wp-block-paragraph\">En total fueron presentadas 58 piezas correspondientes a diferentes rubros y t\u00e9cnicas artesanales, de las cuales 50 fueron seleccionadas para formar parte de esta nueva edici\u00f3n.<\/p>\n\n\n\n<h2 class=\"wp-block-heading\"><em>Proceso de selecci\u00f3n<\/em><\/h2>\n\n\n\n<p class=\"wp-block-paragraph\">La convocatoria estuvo destinada a artesanos residentes de la provincia del Chubut con una antig\u00fcedad m\u00ednima de dos a\u00f1os ininterrumpidos, quienes pudieron presentar hasta tres piezas acompa\u00f1adas por la correspondiente ficha t\u00e9cnica.<\/p>\n\n\n\n<p class=\"wp-block-paragraph\">Las inscripciones se realizaron de manera online hasta el 3 de agosto, mediante la presentaci\u00f3n de la planilla y fotograf\u00edas de las piezas. Entre el 4 y el 6 de agosto se desarroll\u00f3 la primera instancia de admisi\u00f3n y el 7 se comunicaron los resultados a los participantes.<\/p>\n\n\n\n<p class=\"wp-block-paragraph\">Posteriormente, entre el 10 y el 21 de agosto, la Subsecretar\u00eda de Cultura recibi\u00f3 f\u00edsicamente las piezas que hab\u00edan superado la primera etapa, con el objetivo de verificar su correspondencia con el material presentado digitalmente y el cumplimiento de los requisitos establecidos en el reglamento.<\/p>\n\n\n\n<p class=\"wp-block-paragraph\">Finalmente, entre el 25 y el 27 de agosto, el Jurado trabaj\u00f3 durante tres jornadas en el Centro Cultural Provincial analizando las piezas admitidas y definiendo las que integrar\u00e1n el Sal\u00f3n, adem\u00e1s de establecer los premios y menciones cuyos ganadores se conocer\u00e1n durante la inauguraci\u00f3n.<\/p>\n\n\n\n<h2 class=\"wp-block-heading\"><em>Requisitos<\/em><\/h2>\n\n\n\n<p class=\"wp-block-paragraph\">Durante todo el proceso se consider\u00f3 como artesan\u00eda a aquellas producciones surgidas de la transformaci\u00f3n de materias primas mediante actividades, destrezas y t\u00e9cnicas desarrolladas principalmente de manera manual o con recursos instrumentales y con escasa intervenci\u00f3n de maquinaria, valorando tanto el dominio de los oficios como su dimensi\u00f3n cultural, est\u00e9tica y funcional.<\/p>\n\n\n\n<p class=\"wp-block-paragraph\">De acuerdo con el reglamento, no fueron admitidas piezas premiadas con anterioridad, obras que llegaron deterioradas, trabajos pertenecientes a artesanos fallecidos o aquellos que no se ajustaron a las condiciones establecidas para la convocatoria.<\/p>\n\n\n\n<h2 class=\"wp-block-heading\"><em>Un jurado de reconocida trayectoria<\/em><\/h2>\n\n\n\n<p class=\"wp-block-paragraph\">El Jurado estuvo integrado por referentes de reconocida trayectoria provincial, regional y nacional: el ebanista de Corcovado, Fernando Iphar, ganador del Concurso del Premio a la Obra Artesanal del 23\u00b0 Encuentro Provincial de Artesanos realizado en Epuy\u00e9n; la artesana de Trelew, Ester Milia, ganadora del Concurso a la Obra Artesanal del 23\u00b0 Encuentro Provincial de Artesanos realizado en Rada Tilly; el ceramista de El Bols\u00f3n, Manuel Langbehn; la directora del Mercado Artesanal de la Secretar\u00eda de Cultura de La Rioja, Mar\u00eda Maza; y, como invitada especial de la Subsecretar\u00eda de Cultura del Chubut, la reconocida artesana tradicional Ermelinda Painequeo.<\/p>\n\n\n\n<p class=\"wp-block-paragraph\">En representaci\u00f3n de la Subsecretar\u00eda de Cultura del Chubut actu\u00f3 como veedor el jefe del Departamento de Artesan\u00edas, \u00c1ngel Arteaga.<\/p>\n\n\n\n<h2 class=\"wp-block-heading\"><em>Patrimonio Cultural de la Provincia<\/em><\/h2>\n\n\n\n<p class=\"wp-block-paragraph\">Luego de las tres jornadas de evaluaci\u00f3n, Ester Milia destac\u00f3 especialmente la importancia que tiene la recuperaci\u00f3n del Sal\u00f3n para los trabajadores del sector y record\u00f3 su propia experiencia como ganadora en dos oportunidades.<\/p>\n\n\n\n<p class=\"wp-block-paragraph\">\u201cEl Sal\u00f3n es potenciador de la calidad de los productos artesanales y, a partir de eso, tambi\u00e9n se potencian las ventas de los productos de los artesanos de nuestra provincia\u201d, se\u00f1al\u00f3 Milia.<\/p>\n\n\n\n<p class=\"wp-block-paragraph\">Asimismo, resalt\u00f3 el valor de los premios adquisici\u00f3n, ya que las piezas ganadoras pasan a integrar el Patrimonio Cultural de la Provincia y pueden circular en distintas exposiciones, permitiendo que el p\u00fablico conozca \u201cla calidad de los productos del artesano chubutense\u201d.<\/p>\n\n\n\n<p class=\"wp-block-paragraph\">En ese sentido, alent\u00f3 a los artesanos de la provincia a participar de este tipo de convocatorias para lograr una mayor visibilidad y continuar perfeccionando sus producciones.<\/p>\n\n\n\n<h2 class=\"wp-block-heading\"><em>Identidad<\/em><\/h2>\n\n\n\n<p class=\"wp-block-paragraph\">Por su parte, Mar\u00eda Maza valor\u00f3 la diversidad encontrada entre las 58 piezas presentadas, con trabajos correspondientes a rubros como textil, cer\u00e1mica y metales, y destac\u00f3 la variedad existente tanto en funcionalidad y materialidad como en las t\u00e9cnicas utilizadas.<\/p>\n\n\n\n<p class=\"wp-block-paragraph\">La directora del Mercado Artesanal de La Rioja explic\u00f3 que durante los tres d\u00edas de trabajo el Jurado realiz\u00f3 la valoraci\u00f3n de las piezas teniendo en cuenta los diferentes criterios establecidos por la organizaci\u00f3n.<\/p>\n\n\n\n<p class=\"wp-block-paragraph\">Maza consider\u00f3 adem\u00e1s que la recuperaci\u00f3n del Sal\u00f3n tiene \u201cun objetivo contundente, que es poner en valor los oficios de los artesanos de la provincia\u201d, y resalt\u00f3 la presencia de simbolog\u00edas, materiales y t\u00e9cnicas que reflejan la identidad de las producciones presentadas.<\/p>\n\n\n\n<p class=\"wp-block-paragraph\">Finalmente, Ermelinda Painequeo destac\u00f3 la posibilidad de mostrar a trav\u00e9s del Sal\u00f3n la diversidad artesanal existente en Chubut y valor\u00f3 especialmente haber sido convocada por primera vez para integrar un jurado.<\/p>\n\n\n\n<p class=\"wp-block-paragraph\">\u201cSoy mapuche tehuelche y los trabajos que hago los realizo desde muy chica. Hoy sigo trabajando desde mi casa con el telar mapuche\u201d, expres\u00f3.<\/p>\n\n\n\n<p class=\"wp-block-paragraph\">Painequeo manifest\u00f3 adem\u00e1s su satisfacci\u00f3n por haber podido aportar sus conocimientos y experiencia durante la evaluaci\u00f3n, particularmente en las piezas vinculadas al tejido, y destac\u00f3 la importancia de generar espacios donde puedan mostrarse las diferentes artesan\u00edas que se producen en la provincia.<\/p>\n\n\n\n<h2 class=\"wp-block-heading\"><em>Los premios<\/em><\/h2>\n\n\n\n<p class=\"wp-block-paragraph\">La edici\u00f3n 2026 contempla un Primer Premio Adquisici\u00f3n de 3 millones de pesos; un Segundo Premio Adquisici\u00f3n de 2 millones; un Tercer Premio Adquisici\u00f3n de 1 mill\u00f3n; un Premio Especial a la Artesan\u00eda Tradicional de 500 mil pesos y un Premio Especial al Dise\u00f1o e Innovaci\u00f3n, tambi\u00e9n de 500 mil pesos.<\/p>\n\n\n\n<p class=\"wp-block-paragraph\">Adem\u00e1s, el Jurado podr\u00e1 otorgar una Primera y una Segunda Menci\u00f3n a aquellas piezas que considere destacables.<\/p>\n\n\n\n<p class=\"wp-block-paragraph\">El Primer, Segundo y Tercer Premio tendr\u00e1n car\u00e1cter de Premio Adquisici\u00f3n, por lo que las piezas distinguidas pasar\u00e1n a incorporarse al Patrimonio Cultural de la Provincia del Chubut.<\/p>\n\n\n\n<p class=\"wp-block-paragraph\">La decisi\u00f3n adoptada por el Jurado ser\u00e1 inapelable e irrevocable y quedar\u00e1 asentada en un acta donde constar\u00e1n la selecci\u00f3n de las piezas, la adjudicaci\u00f3n de los premios y las dem\u00e1s consideraciones correspondientes.<\/p>\n\n\n\n<h2 class=\"wp-block-heading\"><em>Exposici\u00f3n de piezas<\/em><\/h2>\n\n\n\n<p class=\"wp-block-paragraph\">El 8\u00b0 Sal\u00f3n Provincial de Artesan\u00edas \u201cCelestina Currumil\u201d \u2013 Edici\u00f3n 2026 quedar\u00e1 oficialmente inaugurado el martes 29 de septiembre en el Centro Cultural Provincial de Rawson. Ese d\u00eda se conocer\u00e1n los ganadores de cada uno de los premios y menciones.<\/p>\n\n\n\n<p class=\"wp-block-paragraph\">La exposici\u00f3n permanecer\u00e1 abierta hasta el 29 de octubre y podr\u00e1 ser visitada durante un mes por vecinos y visitantes, con entrada libre y gratuita, en los horarios habituales del Centro Cultural Provincial.<\/p>\n\n\n\n<p class=\"wp-block-paragraph\">Las piezas que no fueron seleccionadas podr\u00e1n retirarse a partir del 30 de septiembre.<\/p>\n\n\n\n<p class=\"wp-block-paragraph\">En tanto, las piezas seleccionadas que integren el Sal\u00f3n ser\u00e1n devueltas a partir del 2 de noviembre de 2026. Las mismas ser\u00e1n remitidas al domicilio consignado por cada artesano en su planilla de inscripci\u00f3n mediante servicio de transporte bajo la modalidad de contrareembolso, quedando los costos del env\u00edo a cargo de cada participante.<\/p>\n","protected":false},"excerpt":{"rendered":"<p>Tras completar las instancias de admisi\u00f3n y evaluaci\u00f3n, fueron seleccionadas 50 piezas de artesanos de distintos puntos de la provincia. La octava edici\u00f3n de la muestra abrir\u00e1 sus puertas el martes 29 de septiembre.<\/p>\n","protected":false},"author":4,"featured_media":26375,"comment_status":"closed","ping_status":"closed","sticky":false,"template":"","format":"standard","meta":{"footnotes":""},"categories":[279,122],"tags":[704],"class_list":["post-26376","post","type-post","status-publish","format-standard","has-post-thumbnail","hentry","category-cultura","category-sociedad","tag-artesania-celestina-currumil"],"yoast_head":"<!-- This site is optimized with the Yoast SEO plugin v28.4 - https:\/\/yoast.com\/product\/yoast-seo-wordpress\/ -->\n<title>Despu\u00e9s de nueve a\u00f1os, Chubut recupera el Sal\u00f3n Provincial de Artesan\u00edas \u201cCelestina Currumil\u201d - FM Patagonia Madryn<\/title>\n<meta name=\"robots\" content=\"index, follow, max-snippet:-1, max-image-preview:large, max-video-preview:-1\" \/>\n<link rel=\"canonical\" href=\"https:\/\/fmpatagoniamadryn.com.ar\/?p=26376\" \/>\n<meta property=\"og:locale\" content=\"es_ES\" \/>\n<meta property=\"og:type\" content=\"article\" \/>\n<meta property=\"og:title\" content=\"Despu\u00e9s de nueve a\u00f1os, Chubut recupera el Sal\u00f3n Provincial de Artesan\u00edas \u201cCelestina Currumil\u201d - FM Patagonia Madryn\" \/>\n<meta property=\"og:description\" content=\"Tras completar las instancias de admisi\u00f3n y evaluaci\u00f3n, fueron seleccionadas 50 piezas de artesanos de distintos puntos de la provincia. La octava edici\u00f3n de la muestra abrir\u00e1 sus puertas el martes 29 de septiembre.\" \/>\n<meta property=\"og:url\" content=\"https:\/\/fmpatagoniamadryn.com.ar\/?p=26376\" \/>\n<meta property=\"og:site_name\" content=\"FM Patagonia Madryn\" \/>\n<meta property=\"article:published_time\" content=\"2026-09-05T14:26:42+00:00\" \/>\n<meta property=\"og:image\" content=\"https:\/\/fmpatagoniamadryn.com.ar\/wp-content\/uploads\/2026\/09\/70b04c04-3a6a-438a-8b21-01bae7af4eef.jpg\" \/>\n\t<meta property=\"og:image:width\" content=\"1599\" \/>\n\t<meta property=\"og:image:height\" content=\"899\" \/>\n\t<meta property=\"og:image:type\" content=\"image\/jpeg\" \/>\n<meta name=\"author\" content=\"FM Patagonia\" \/>\n<meta name=\"twitter:card\" content=\"summary_large_image\" \/>\n<meta name=\"twitter:label1\" content=\"Escrito por\" \/>\n\t<meta name=\"twitter:data1\" content=\"FM Patagonia\" \/>\n\t<meta name=\"twitter:label2\" content=\"Tiempo de lectura\" \/>\n\t<meta name=\"twitter:data2\" content=\"6 minutos\" \/>\n<script type=\"application\/ld+json\" class=\"yoast-schema-graph\">{\"@context\":\"https:\\\/\\\/schema.org\",\"@graph\":[{\"@type\":\"Article\",\"@id\":\"https:\\\/\\\/fmpatagoniamadryn.com.ar\\\/?p=26376#article\",\"isPartOf\":{\"@id\":\"https:\\\/\\\/fmpatagoniamadryn.com.ar\\\/?p=26376\"},\"author\":{\"name\":\"FM Patagonia\",\"@id\":\"https:\\\/\\\/fmpatagoniamadryn.com.ar\\\/#\\\/schema\\\/person\\\/97b1d30cb2ae311544a88a5201700571\"},\"headline\":\"Despu\u00e9s de nueve a\u00f1os, Chubut recupera el Sal\u00f3n Provincial de Artesan\u00edas \u201cCelestina Currumil\u201d\",\"datePublished\":\"2026-09-05T14:26:42+00:00\",\"mainEntityOfPage\":{\"@id\":\"https:\\\/\\\/fmpatagoniamadryn.com.ar\\\/?p=26376\"},\"wordCount\":1237,\"publisher\":{\"@id\":\"https:\\\/\\\/fmpatagoniamadryn.com.ar\\\/#organization\"},\"image\":{\"@id\":\"https:\\\/\\\/fmpatagoniamadryn.com.ar\\\/?p=26376#primaryimage\"},\"thumbnailUrl\":\"https:\\\/\\\/fmpatagoniamadryn.com.ar\\\/wp-content\\\/uploads\\\/2026\\\/09\\\/70b04c04-3a6a-438a-8b21-01bae7af4eef.jpg\",\"keywords\":[\"artesania \u201ccelestina currumil\u201d\"],\"articleSection\":[\"Cultura\",\"Sociedad\"],\"inLanguage\":\"es\"},{\"@type\":\"WebPage\",\"@id\":\"https:\\\/\\\/fmpatagoniamadryn.com.ar\\\/?p=26376\",\"url\":\"https:\\\/\\\/fmpatagoniamadryn.com.ar\\\/?p=26376\",\"name\":\"Despu\u00e9s de nueve a\u00f1os, Chubut recupera el Sal\u00f3n Provincial de Artesan\u00edas \u201cCelestina Currumil\u201d - FM Patagonia Madryn\",\"isPartOf\":{\"@id\":\"https:\\\/\\\/fmpatagoniamadryn.com.ar\\\/#website\"},\"primaryImageOfPage\":{\"@id\":\"https:\\\/\\\/fmpatagoniamadryn.com.ar\\\/?p=26376#primaryimage\"},\"image\":{\"@id\":\"https:\\\/\\\/fmpatagoniamadryn.com.ar\\\/?p=26376#primaryimage\"},\"thumbnailUrl\":\"https:\\\/\\\/fmpatagoniamadryn.com.ar\\\/wp-content\\\/uploads\\\/2026\\\/09\\\/70b04c04-3a6a-438a-8b21-01bae7af4eef.jpg\",\"datePublished\":\"2026-09-05T14:26:42+00:00\",\"breadcrumb\":{\"@id\":\"https:\\\/\\\/fmpatagoniamadryn.com.ar\\\/?p=26376#breadcrumb\"},\"inLanguage\":\"es\",\"potentialAction\":[{\"@type\":\"ReadAction\",\"target\":[\"https:\\\/\\\/fmpatagoniamadryn.com.ar\\\/?p=26376\"]}]},{\"@type\":\"ImageObject\",\"inLanguage\":\"es\",\"@id\":\"https:\\\/\\\/fmpatagoniamadryn.com.ar\\\/?p=26376#primaryimage\",\"url\":\"https:\\\/\\\/fmpatagoniamadryn.com.ar\\\/wp-content\\\/uploads\\\/2026\\\/09\\\/70b04c04-3a6a-438a-8b21-01bae7af4eef.jpg\",\"contentUrl\":\"https:\\\/\\\/fmpatagoniamadryn.com.ar\\\/wp-content\\\/uploads\\\/2026\\\/09\\\/70b04c04-3a6a-438a-8b21-01bae7af4eef.jpg\",\"width\":1599,\"height\":899},{\"@type\":\"BreadcrumbList\",\"@id\":\"https:\\\/\\\/fmpatagoniamadryn.com.ar\\\/?p=26376#breadcrumb\",\"itemListElement\":[{\"@type\":\"ListItem\",\"position\":1,\"name\":\"Portada\",\"item\":\"https:\\\/\\\/fmpatagoniamadryn.com.ar\\\/\"},{\"@type\":\"ListItem\",\"position\":2,\"name\":\"Despu\u00e9s de nueve a\u00f1os, Chubut recupera el Sal\u00f3n Provincial de Artesan\u00edas \u201cCelestina Currumil\u201d\"}]},{\"@type\":\"WebSite\",\"@id\":\"https:\\\/\\\/fmpatagoniamadryn.com.ar\\\/#website\",\"url\":\"https:\\\/\\\/fmpatagoniamadryn.com.ar\\\/\",\"name\":\"FM Patagonia Madryn\",\"description\":\"Radio Patagonia 105.5\",\"publisher\":{\"@id\":\"https:\\\/\\\/fmpatagoniamadryn.com.ar\\\/#organization\"},\"potentialAction\":[{\"@type\":\"SearchAction\",\"target\":{\"@type\":\"EntryPoint\",\"urlTemplate\":\"https:\\\/\\\/fmpatagoniamadryn.com.ar\\\/?s={search_term_string}\"},\"query-input\":{\"@type\":\"PropertyValueSpecification\",\"valueRequired\":true,\"valueName\":\"search_term_string\"}}],\"inLanguage\":\"es\"},{\"@type\":\"Organization\",\"@id\":\"https:\\\/\\\/fmpatagoniamadryn.com.ar\\\/#organization\",\"name\":\"FM Patagonia Madryn\",\"url\":\"https:\\\/\\\/fmpatagoniamadryn.com.ar\\\/\",\"logo\":{\"@type\":\"ImageObject\",\"inLanguage\":\"es\",\"@id\":\"https:\\\/\\\/fmpatagoniamadryn.com.ar\\\/#\\\/schema\\\/logo\\\/image\\\/\",\"url\":\"https:\\\/\\\/fmpatagoniamadryn.com.ar\\\/wp-content\\\/uploads\\\/2023\\\/01\\\/cropped-Diseno-sin-titulo.png\",\"contentUrl\":\"https:\\\/\\\/fmpatagoniamadryn.com.ar\\\/wp-content\\\/uploads\\\/2023\\\/01\\\/cropped-Diseno-sin-titulo.png\",\"width\":6911,\"height\":2657,\"caption\":\"FM Patagonia Madryn\"},\"image\":{\"@id\":\"https:\\\/\\\/fmpatagoniamadryn.com.ar\\\/#\\\/schema\\\/logo\\\/image\\\/\"}},{\"@type\":\"Person\",\"@id\":\"https:\\\/\\\/fmpatagoniamadryn.com.ar\\\/#\\\/schema\\\/person\\\/97b1d30cb2ae311544a88a5201700571\",\"name\":\"FM Patagonia\",\"url\":\"https:\\\/\\\/fmpatagoniamadryn.com.ar\\\/?author=4\"}]}<\/script>\n<!-- \/ Yoast SEO plugin. -->","yoast_head_json":{"title":"Despu\u00e9s de nueve a\u00f1os, Chubut recupera el Sal\u00f3n Provincial de Artesan\u00edas \u201cCelestina Currumil\u201d - FM Patagonia Madryn","robots":{"index":"index","follow":"follow","max-snippet":"max-snippet:-1","max-image-preview":"max-image-preview:large","max-video-preview":"max-video-preview:-1"},"canonical":"https:\/\/fmpatagoniamadryn.com.ar\/?p=26376","og_locale":"es_ES","og_type":"article","og_title":"Despu\u00e9s de nueve a\u00f1os, Chubut recupera el Sal\u00f3n Provincial de Artesan\u00edas \u201cCelestina Currumil\u201d - FM Patagonia Madryn","og_description":"Tras completar las instancias de admisi\u00f3n y evaluaci\u00f3n, fueron seleccionadas 50 piezas de artesanos de distintos puntos de la provincia. La octava edici\u00f3n de la muestra abrir\u00e1 sus puertas el martes 29 de septiembre.","og_url":"https:\/\/fmpatagoniamadryn.com.ar\/?p=26376","og_site_name":"FM Patagonia Madryn","article_published_time":"2026-09-05T14:26:42+00:00","og_image":[{"width":1599,"height":899,"url":"https:\/\/fmpatagoniamadryn.com.ar\/wp-content\/uploads\/2026\/09\/70b04c04-3a6a-438a-8b21-01bae7af4eef.jpg","type":"image\/jpeg"}],"author":"FM Patagonia","twitter_card":"summary_large_image","twitter_misc":{"Escrito por":"FM Patagonia","Tiempo de lectura":"6 minutos"},"schema":{"@context":"https:\/\/schema.org","@graph":[{"@type":"Article","@id":"https:\/\/fmpatagoniamadryn.com.ar\/?p=26376#article","isPartOf":{"@id":"https:\/\/fmpatagoniamadryn.com.ar\/?p=26376"},"author":{"name":"FM Patagonia","@id":"https:\/\/fmpatagoniamadryn.com.ar\/#\/schema\/person\/97b1d30cb2ae311544a88a5201700571"},"headline":"Despu\u00e9s de nueve a\u00f1os, Chubut recupera el Sal\u00f3n Provincial de Artesan\u00edas \u201cCelestina Currumil\u201d","datePublished":"2026-09-05T14:26:42+00:00","mainEntityOfPage":{"@id":"https:\/\/fmpatagoniamadryn.com.ar\/?p=26376"},"wordCount":1237,"publisher":{"@id":"https:\/\/fmpatagoniamadryn.com.ar\/#organization"},"image":{"@id":"https:\/\/fmpatagoniamadryn.com.ar\/?p=26376#primaryimage"},"thumbnailUrl":"https:\/\/fmpatagoniamadryn.com.ar\/wp-content\/uploads\/2026\/09\/70b04c04-3a6a-438a-8b21-01bae7af4eef.jpg","keywords":["artesania \u201ccelestina currumil\u201d"],"articleSection":["Cultura","Sociedad"],"inLanguage":"es"},{"@type":"WebPage","@id":"https:\/\/fmpatagoniamadryn.com.ar\/?p=26376","url":"https:\/\/fmpatagoniamadryn.com.ar\/?p=26376","name":"Despu\u00e9s de nueve a\u00f1os, Chubut recupera el Sal\u00f3n Provincial de Artesan\u00edas \u201cCelestina Currumil\u201d - FM Patagonia Madryn","isPartOf":{"@id":"https:\/\/fmpatagoniamadryn.com.ar\/#website"},"primaryImageOfPage":{"@id":"https:\/\/fmpatagoniamadryn.com.ar\/?p=26376#primaryimage"},"image":{"@id":"https:\/\/fmpatagoniamadryn.com.ar\/?p=26376#primaryimage"},"thumbnailUrl":"https:\/\/fmpatagoniamadryn.com.ar\/wp-content\/uploads\/2026\/09\/70b04c04-3a6a-438a-8b21-01bae7af4eef.jpg","datePublished":"2026-09-05T14:26:42+00:00","breadcrumb":{"@id":"https:\/\/fmpatagoniamadryn.com.ar\/?p=26376#breadcrumb"},"inLanguage":"es","potentialAction":[{"@type":"ReadAction","target":["https:\/\/fmpatagoniamadryn.com.ar\/?p=26376"]}]},{"@type":"ImageObject","inLanguage":"es","@id":"https:\/\/fmpatagoniamadryn.com.ar\/?p=26376#primaryimage","url":"https:\/\/fmpatagoniamadryn.com.ar\/wp-content\/uploads\/2026\/09\/70b04c04-3a6a-438a-8b21-01bae7af4eef.jpg","contentUrl":"https:\/\/fmpatagoniamadryn.com.ar\/wp-content\/uploads\/2026\/09\/70b04c04-3a6a-438a-8b21-01bae7af4eef.jpg","width":1599,"height":899},{"@type":"BreadcrumbList","@id":"https:\/\/fmpatagoniamadryn.com.ar\/?p=26376#breadcrumb","itemListElement":[{"@type":"ListItem","position":1,"name":"Portada","item":"https:\/\/fmpatagoniamadryn.com.ar\/"},{"@type":"ListItem","position":2,"name":"Despu\u00e9s de nueve a\u00f1os, Chubut recupera el Sal\u00f3n Provincial de Artesan\u00edas \u201cCelestina Currumil\u201d"}]},{"@type":"WebSite","@id":"https:\/\/fmpatagoniamadryn.com.ar\/#website","url":"https:\/\/fmpatagoniamadryn.com.ar\/","name":"FM Patagonia Madryn","description":"Radio Patagonia 105.5","publisher":{"@id":"https:\/\/fmpatagoniamadryn.com.ar\/#organization"},"potentialAction":[{"@type":"SearchAction","target":{"@type":"EntryPoint","urlTemplate":"https:\/\/fmpatagoniamadryn.com.ar\/?s={search_term_string}"},"query-input":{"@type":"PropertyValueSpecification","valueRequired":true,"valueName":"search_term_string"}}],"inLanguage":"es"},{"@type":"Organization","@id":"https:\/\/fmpatagoniamadryn.com.ar\/#organization","name":"FM Patagonia Madryn","url":"https:\/\/fmpatagoniamadryn.com.ar\/","logo":{"@type":"ImageObject","inLanguage":"es","@id":"https:\/\/fmpatagoniamadryn.com.ar\/#\/schema\/logo\/image\/","url":"https:\/\/fmpatagoniamadryn.com.ar\/wp-content\/uploads\/2023\/01\/cropped-Diseno-sin-titulo.png","contentUrl":"https:\/\/fmpatagoniamadryn.com.ar\/wp-content\/uploads\/2023\/01\/cropped-Diseno-sin-titulo.png","width":6911,"height":2657,"caption":"FM Patagonia Madryn"},"image":{"@id":"https:\/\/fmpatagoniamadryn.com.ar\/#\/schema\/logo\/image\/"}},{"@type":"Person","@id":"https:\/\/fmpatagoniamadryn.com.ar\/#\/schema\/person\/97b1d30cb2ae311544a88a5201700571","name":"FM Patagonia","url":"https:\/\/fmpatagoniamadryn.com.ar\/?author=4"}]}},"jetpack_featured_media_url":"https:\/\/fmpatagoniamadryn.com.ar\/wp-content\/uploads\/2026\/09\/70b04c04-3a6a-438a-8b21-01bae7af4eef.jpg","_links":{"self":[{"href":"https:\/\/fmpatagoniamadryn.com.ar\/index.php?rest_route=\/wp\/v2\/posts\/26376","targetHints":{"allow":["GET"]}}],"collection":[{"href":"https:\/\/fmpatagoniamadryn.com.ar\/index.php?rest_route=\/wp\/v2\/posts"}],"about":[{"href":"https:\/\/fmpatagoniamadryn.com.ar\/index.php?rest_route=\/wp\/v2\/types\/post"}],"author":[{"embeddable":true,"href":"https:\/\/fmpatagoniamadryn.com.ar\/index.php?rest_route=\/wp\/v2\/users\/4"}],"replies":[{"embeddable":true,"href":"https:\/\/fmpatagoniamadryn.com.ar\/index.php?rest_route=%2Fwp%2Fv2%2Fcomments&post=26376"}],"version-history":[{"count":1,"href":"https:\/\/fmpatagoniamadryn.com.ar\/index.php?rest_route=\/wp\/v2\/posts\/26376\/revisions"}],"predecessor-version":[{"id":26377,"href":"https:\/\/fmpatagoniamadryn.com.ar\/index.php?rest_route=\/wp\/v2\/posts\/26376\/revisions\/26377"}],"wp:featuredmedia":[{"embeddable":true,"href":"https:\/\/fmpatagoniamadryn.com.ar\/index.php?rest_route=\/wp\/v2\/media\/26375"}],"wp:attachment":[{"href":"https:\/\/fmpatagoniamadryn.com.ar\/index.php?rest_route=%2Fwp%2Fv2%2Fmedia&parent=26376"}],"wp:term":[{"taxonomy":"category","embeddable":true,"href":"https:\/\/fmpatagoniamadryn.com.ar\/index.php?rest_route=%2Fwp%2Fv2%2Fcategories&post=26376"},{"taxonomy":"post_tag","embeddable":true,"href":"https:\/\/fmpatagoniamadryn.com.ar\/index.php?rest_route=%2Fwp%2Fv2%2Ftags&post=26376"}],"curies":[{"name":"wp","href":"https:\/\/api.w.org\/{rel}","templated":true}]}}