{"id":26378,"date":"2026-09-05T13:29:37","date_gmt":"2026-09-05T16:29:37","guid":{"rendered":"https:\/\/fmpatagoniamadryn.com.ar\/?p=26378"},"modified":"2026-09-05T13:29:39","modified_gmt":"2026-09-05T16:29:39","slug":"formula-1-gasly-sorprendio-en-monza-y-colapinto-largara-septimo","status":"publish","type":"post","link":"https:\/\/fmpatagoniamadryn.com.ar\/?p=26378","title":{"rendered":"F\u00f3rmula 1: Gasly sorprendi\u00f3 en Monza y Colapinto largar\u00e1 s\u00e9ptimo"},"content":{"rendered":"\n<p class=\"wp-block-paragraph\"><strong>Pierre Gasly consigui\u00f3 una inesperada pole position en el Gran Premio de Italia, mientras que Franco Colapinto complet\u00f3 una gran clasificaci\u00f3n y partir\u00e1 desde el s\u00e9ptimo lugar.<\/strong><\/p>\n\n\n\n<h2 class=\"wp-block-heading\">Gasly sorprendi\u00f3 y se qued\u00f3 con la pole<\/h2>\n\n\n\n<p class=\"wp-block-paragraph\">Pierre Gasly protagoniz\u00f3 la gran sorpresa de la clasificaci\u00f3n en Monza. El piloto franc\u00e9s de Alpine consigui\u00f3 el mejor tiempo y se asegur\u00f3 la primera posici\u00f3n de partida para el Gran Premio de Italia.<\/p>\n\n\n\n<p class=\"wp-block-paragraph\">El resultado signific\u00f3 una enorme alegr\u00eda para Alpine, que logr\u00f3 poner a uno de sus autos por delante de las principales escuder\u00edas de la categor\u00eda en uno de los circuitos m\u00e1s exigentes del calendario.<\/p>\n\n\n\n<h2 class=\"wp-block-heading\">Colapinto tuvo una gran clasificaci\u00f3n<\/h2>\n\n\n\n<p class=\"wp-block-paragraph\">Franco Colapinto tambi\u00e9n fue protagonista de una muy buena jornada. El argentino avanz\u00f3 hasta la Q3 y termin\u00f3 <strong>s\u00e9ptimo<\/strong>, por lo que largar\u00e1 desde la cuarta fila en la carrera del domingo.<\/p>\n\n\n\n<p class=\"wp-block-paragraph\">El piloto de Alpine volvi\u00f3 a mostrar un ritmo competitivo durante todo el fin de semana y consigui\u00f3 una posici\u00f3n que le permitir\u00e1 afrontar la carrera con grandes expectativas.<\/p>\n\n\n\n<h2 class=\"wp-block-heading\">As\u00ed ser\u00e1 la largada del Gran Premio de Italia<\/h2>\n\n\n\n<p class=\"wp-block-paragraph\">Gasly partir\u00e1 desde la pole position, acompa\u00f1ado por George Russell en la primera fila. Oscar Piastri y Charles Leclerc ocupar\u00e1n la segunda, mientras que otros de los principales candidatos al campeonato completar\u00e1n las primeras posiciones.<\/p>\n\n\n\n<p class=\"wp-block-paragraph\">Colapinto, en tanto, largar\u00e1 s\u00e9ptimo y tendr\u00e1 una oportunidad importante para avanzar durante la competencia y sumar puntos para Alpine.<\/p>\n\n\n\n<h2 class=\"wp-block-heading\">Colapinto buscar\u00e1 aprovechar su posici\u00f3n<\/h2>\n\n\n\n<p class=\"wp-block-paragraph\">Con una posici\u00f3n de partida entre los mejores de la grilla, el argentino buscar\u00e1 aprovechar el ritmo de su Alpine para protagonizar una buena carrera en Monza.<\/p>\n\n\n\n<p class=\"wp-block-paragraph\">La competencia se disputar\u00e1 este domingo y tendr\u00e1 como uno de sus principales atractivos la inesperada pole de Gasly y la presencia de Colapinto en el s\u00e9ptimo lugar.<\/p>\n","protected":false},"excerpt":{"rendered":"<p>Pierre Gasly protagoniz\u00f3 la gran sorpresa de la clasificaci\u00f3n en Monza. El piloto franc\u00e9s de Alpine consigui\u00f3 el mejor tiempo y se asegur\u00f3 la primera posici\u00f3n de partida para el Gran Premio de Italia.<\/p>\n","protected":false},"author":5,"featured_media":26379,"comment_status":"closed","ping_status":"closed","sticky":false,"template":"","format":"standard","meta":{"footnotes":""},"categories":[4],"tags":[62],"class_list":["post-26378","post","type-post","status-publish","format-standard","has-post-thumbnail","hentry","category-deportes","tag-formula-1"],"yoast_head":"<!-- This site is optimized with the Yoast SEO plugin v28.4 - https:\/\/yoast.com\/product\/yoast-seo-wordpress\/ -->\n<title>F\u00f3rmula 1: Gasly sorprendi\u00f3 en Monza y Colapinto largar\u00e1 s\u00e9ptimo - FM Patagonia Madryn<\/title>\n<meta name=\"robots\" content=\"index, follow, max-snippet:-1, max-image-preview:large, max-video-preview:-1\" \/>\n<link rel=\"canonical\" href=\"https:\/\/fmpatagoniamadryn.com.ar\/?p=26378\" \/>\n<meta property=\"og:locale\" content=\"es_ES\" \/>\n<meta property=\"og:type\" content=\"article\" \/>\n<meta property=\"og:title\" content=\"F\u00f3rmula 1: Gasly sorprendi\u00f3 en Monza y Colapinto largar\u00e1 s\u00e9ptimo - FM Patagonia Madryn\" \/>\n<meta property=\"og:description\" content=\"Pierre Gasly protagoniz\u00f3 la gran sorpresa de la clasificaci\u00f3n en Monza. El piloto franc\u00e9s de Alpine consigui\u00f3 el mejor tiempo y se asegur\u00f3 la primera posici\u00f3n de partida para el Gran Premio de Italia.\" \/>\n<meta property=\"og:url\" content=\"https:\/\/fmpatagoniamadryn.com.ar\/?p=26378\" \/>\n<meta property=\"og:site_name\" content=\"FM Patagonia Madryn\" \/>\n<meta property=\"article:published_time\" content=\"2026-09-05T16:29:37+00:00\" \/>\n<meta property=\"article:modified_time\" content=\"2026-09-05T16:29:39+00:00\" \/>\n<meta property=\"og:image\" content=\"https:\/\/fmpatagoniamadryn.com.ar\/wp-content\/uploads\/2026\/09\/gsly-1-y-colapinto-7.webp\" \/>\n\t<meta property=\"og:image:width\" content=\"416\" \/>\n\t<meta property=\"og:image:height\" content=\"234\" \/>\n\t<meta property=\"og:image:type\" content=\"image\/webp\" \/>\n<meta name=\"author\" content=\"FM Patagonia\" \/>\n<meta name=\"twitter:card\" content=\"summary_large_image\" \/>\n<meta name=\"twitter:label1\" content=\"Escrito por\" \/>\n\t<meta name=\"twitter:data1\" content=\"FM Patagonia\" \/>\n\t<meta name=\"twitter:label2\" content=\"Tiempo de lectura\" \/>\n\t<meta name=\"twitter:data2\" content=\"2 minutos\" \/>\n<script type=\"application\/ld+json\" class=\"yoast-schema-graph\">{\"@context\":\"https:\\\/\\\/schema.org\",\"@graph\":[{\"@type\":\"Article\",\"@id\":\"https:\\\/\\\/fmpatagoniamadryn.com.ar\\\/?p=26378#article\",\"isPartOf\":{\"@id\":\"https:\\\/\\\/fmpatagoniamadryn.com.ar\\\/?p=26378\"},\"author\":{\"name\":\"FM Patagonia\",\"@id\":\"https:\\\/\\\/fmpatagoniamadryn.com.ar\\\/#\\\/schema\\\/person\\\/d1eaeab8ab628617785f4d9ef0e8d5d8\"},\"headline\":\"F\u00f3rmula 1: Gasly sorprendi\u00f3 en Monza y Colapinto largar\u00e1 s\u00e9ptimo\",\"datePublished\":\"2026-09-05T16:29:37+00:00\",\"dateModified\":\"2026-09-05T16:29:39+00:00\",\"mainEntityOfPage\":{\"@id\":\"https:\\\/\\\/fmpatagoniamadryn.com.ar\\\/?p=26378\"},\"wordCount\":324,\"publisher\":{\"@id\":\"https:\\\/\\\/fmpatagoniamadryn.com.ar\\\/#organization\"},\"image\":{\"@id\":\"https:\\\/\\\/fmpatagoniamadryn.com.ar\\\/?p=26378#primaryimage\"},\"thumbnailUrl\":\"https:\\\/\\\/fmpatagoniamadryn.com.ar\\\/wp-content\\\/uploads\\\/2026\\\/09\\\/gsly-1-y-colapinto-7.webp\",\"keywords\":[\"F\u00f3rmula 1\"],\"articleSection\":[\"Deportes\"],\"inLanguage\":\"es\"},{\"@type\":\"WebPage\",\"@id\":\"https:\\\/\\\/fmpatagoniamadryn.com.ar\\\/?p=26378\",\"url\":\"https:\\\/\\\/fmpatagoniamadryn.com.ar\\\/?p=26378\",\"name\":\"F\u00f3rmula 1: Gasly sorprendi\u00f3 en Monza y Colapinto largar\u00e1 s\u00e9ptimo - FM Patagonia Madryn\",\"isPartOf\":{\"@id\":\"https:\\\/\\\/fmpatagoniamadryn.com.ar\\\/#website\"},\"primaryImageOfPage\":{\"@id\":\"https:\\\/\\\/fmpatagoniamadryn.com.ar\\\/?p=26378#primaryimage\"},\"image\":{\"@id\":\"https:\\\/\\\/fmpatagoniamadryn.com.ar\\\/?p=26378#primaryimage\"},\"thumbnailUrl\":\"https:\\\/\\\/fmpatagoniamadryn.com.ar\\\/wp-content\\\/uploads\\\/2026\\\/09\\\/gsly-1-y-colapinto-7.webp\",\"datePublished\":\"2026-09-05T16:29:37+00:00\",\"dateModified\":\"2026-09-05T16:29:39+00:00\",\"breadcrumb\":{\"@id\":\"https:\\\/\\\/fmpatagoniamadryn.com.ar\\\/?p=26378#breadcrumb\"},\"inLanguage\":\"es\",\"potentialAction\":[{\"@type\":\"ReadAction\",\"target\":[\"https:\\\/\\\/fmpatagoniamadryn.com.ar\\\/?p=26378\"]}]},{\"@type\":\"ImageObject\",\"inLanguage\":\"es\",\"@id\":\"https:\\\/\\\/fmpatagoniamadryn.com.ar\\\/?p=26378#primaryimage\",\"url\":\"https:\\\/\\\/fmpatagoniamadryn.com.ar\\\/wp-content\\\/uploads\\\/2026\\\/09\\\/gsly-1-y-colapinto-7.webp\",\"contentUrl\":\"https:\\\/\\\/fmpatagoniamadryn.com.ar\\\/wp-content\\\/uploads\\\/2026\\\/09\\\/gsly-1-y-colapinto-7.webp\",\"width\":416,\"height\":234},{\"@type\":\"BreadcrumbList\",\"@id\":\"https:\\\/\\\/fmpatagoniamadryn.com.ar\\\/?p=26378#breadcrumb\",\"itemListElement\":[{\"@type\":\"ListItem\",\"position\":1,\"name\":\"Portada\",\"item\":\"https:\\\/\\\/fmpatagoniamadryn.com.ar\\\/\"},{\"@type\":\"ListItem\",\"position\":2,\"name\":\"F\u00f3rmula 1: Gasly sorprendi\u00f3 en Monza y Colapinto largar\u00e1 s\u00e9ptimo\"}]},{\"@type\":\"WebSite\",\"@id\":\"https:\\\/\\\/fmpatagoniamadryn.com.ar\\\/#website\",\"url\":\"https:\\\/\\\/fmpatagoniamadryn.com.ar\\\/\",\"name\":\"FM Patagonia Madryn\",\"description\":\"Radio Patagonia 105.5\",\"publisher\":{\"@id\":\"https:\\\/\\\/fmpatagoniamadryn.com.ar\\\/#organization\"},\"potentialAction\":[{\"@type\":\"SearchAction\",\"target\":{\"@type\":\"EntryPoint\",\"urlTemplate\":\"https:\\\/\\\/fmpatagoniamadryn.com.ar\\\/?s={search_term_string}\"},\"query-input\":{\"@type\":\"PropertyValueSpecification\",\"valueRequired\":true,\"valueName\":\"search_term_string\"}}],\"inLanguage\":\"es\"},{\"@type\":\"Organization\",\"@id\":\"https:\\\/\\\/fmpatagoniamadryn.com.ar\\\/#organization\",\"name\":\"FM Patagonia Madryn\",\"url\":\"https:\\\/\\\/fmpatagoniamadryn.com.ar\\\/\",\"logo\":{\"@type\":\"ImageObject\",\"inLanguage\":\"es\",\"@id\":\"https:\\\/\\\/fmpatagoniamadryn.com.ar\\\/#\\\/schema\\\/logo\\\/image\\\/\",\"url\":\"https:\\\/\\\/fmpatagoniamadryn.com.ar\\\/wp-content\\\/uploads\\\/2023\\\/01\\\/cropped-Diseno-sin-titulo.png\",\"contentUrl\":\"https:\\\/\\\/fmpatagoniamadryn.com.ar\\\/wp-content\\\/uploads\\\/2023\\\/01\\\/cropped-Diseno-sin-titulo.png\",\"width\":6911,\"height\":2657,\"caption\":\"FM Patagonia Madryn\"},\"image\":{\"@id\":\"https:\\\/\\\/fmpatagoniamadryn.com.ar\\\/#\\\/schema\\\/logo\\\/image\\\/\"}},{\"@type\":\"Person\",\"@id\":\"https:\\\/\\\/fmpatagoniamadryn.com.ar\\\/#\\\/schema\\\/person\\\/d1eaeab8ab628617785f4d9ef0e8d5d8\",\"name\":\"FM Patagonia\",\"url\":\"https:\\\/\\\/fmpatagoniamadryn.com.ar\\\/?author=5\"}]}<\/script>\n<!-- \/ Yoast SEO plugin. -->","yoast_head_json":{"title":"F\u00f3rmula 1: Gasly sorprendi\u00f3 en Monza y Colapinto largar\u00e1 s\u00e9ptimo - FM Patagonia Madryn","robots":{"index":"index","follow":"follow","max-snippet":"max-snippet:-1","max-image-preview":"max-image-preview:large","max-video-preview":"max-video-preview:-1"},"canonical":"https:\/\/fmpatagoniamadryn.com.ar\/?p=26378","og_locale":"es_ES","og_type":"article","og_title":"F\u00f3rmula 1: Gasly sorprendi\u00f3 en Monza y Colapinto largar\u00e1 s\u00e9ptimo - FM Patagonia Madryn","og_description":"Pierre Gasly protagoniz\u00f3 la gran sorpresa de la clasificaci\u00f3n en Monza. El piloto franc\u00e9s de Alpine consigui\u00f3 el mejor tiempo y se asegur\u00f3 la primera posici\u00f3n de partida para el Gran Premio de Italia.","og_url":"https:\/\/fmpatagoniamadryn.com.ar\/?p=26378","og_site_name":"FM Patagonia Madryn","article_published_time":"2026-09-05T16:29:37+00:00","article_modified_time":"2026-09-05T16:29:39+00:00","og_image":[{"width":416,"height":234,"url":"https:\/\/fmpatagoniamadryn.com.ar\/wp-content\/uploads\/2026\/09\/gsly-1-y-colapinto-7.webp","type":"image\/webp"}],"author":"FM Patagonia","twitter_card":"summary_large_image","twitter_misc":{"Escrito por":"FM Patagonia","Tiempo de lectura":"2 minutos"},"schema":{"@context":"https:\/\/schema.org","@graph":[{"@type":"Article","@id":"https:\/\/fmpatagoniamadryn.com.ar\/?p=26378#article","isPartOf":{"@id":"https:\/\/fmpatagoniamadryn.com.ar\/?p=26378"},"author":{"name":"FM Patagonia","@id":"https:\/\/fmpatagoniamadryn.com.ar\/#\/schema\/person\/d1eaeab8ab628617785f4d9ef0e8d5d8"},"headline":"F\u00f3rmula 1: Gasly sorprendi\u00f3 en Monza y Colapinto largar\u00e1 s\u00e9ptimo","datePublished":"2026-09-05T16:29:37+00:00","dateModified":"2026-09-05T16:29:39+00:00","mainEntityOfPage":{"@id":"https:\/\/fmpatagoniamadryn.com.ar\/?p=26378"},"wordCount":324,"publisher":{"@id":"https:\/\/fmpatagoniamadryn.com.ar\/#organization"},"image":{"@id":"https:\/\/fmpatagoniamadryn.com.ar\/?p=26378#primaryimage"},"thumbnailUrl":"https:\/\/fmpatagoniamadryn.com.ar\/wp-content\/uploads\/2026\/09\/gsly-1-y-colapinto-7.webp","keywords":["F\u00f3rmula 1"],"articleSection":["Deportes"],"inLanguage":"es"},{"@type":"WebPage","@id":"https:\/\/fmpatagoniamadryn.com.ar\/?p=26378","url":"https:\/\/fmpatagoniamadryn.com.ar\/?p=26378","name":"F\u00f3rmula 1: Gasly sorprendi\u00f3 en Monza y Colapinto largar\u00e1 s\u00e9ptimo - FM Patagonia Madryn","isPartOf":{"@id":"https:\/\/fmpatagoniamadryn.com.ar\/#website"},"primaryImageOfPage":{"@id":"https:\/\/fmpatagoniamadryn.com.ar\/?p=26378#primaryimage"},"image":{"@id":"https:\/\/fmpatagoniamadryn.com.ar\/?p=26378#primaryimage"},"thumbnailUrl":"https:\/\/fmpatagoniamadryn.com.ar\/wp-content\/uploads\/2026\/09\/gsly-1-y-colapinto-7.webp","datePublished":"2026-09-05T16:29:37+00:00","dateModified":"2026-09-05T16:29:39+00:00","breadcrumb":{"@id":"https:\/\/fmpatagoniamadryn.com.ar\/?p=26378#breadcrumb"},"inLanguage":"es","potentialAction":[{"@type":"ReadAction","target":["https:\/\/fmpatagoniamadryn.com.ar\/?p=26378"]}]},{"@type":"ImageObject","inLanguage":"es","@id":"https:\/\/fmpatagoniamadryn.com.ar\/?p=26378#primaryimage","url":"https:\/\/fmpatagoniamadryn.com.ar\/wp-content\/uploads\/2026\/09\/gsly-1-y-colapinto-7.webp","contentUrl":"https:\/\/fmpatagoniamadryn.com.ar\/wp-content\/uploads\/2026\/09\/gsly-1-y-colapinto-7.webp","width":416,"height":234},{"@type":"BreadcrumbList","@id":"https:\/\/fmpatagoniamadryn.com.ar\/?p=26378#breadcrumb","itemListElement":[{"@type":"ListItem","position":1,"name":"Portada","item":"https:\/\/fmpatagoniamadryn.com.ar\/"},{"@type":"ListItem","position":2,"name":"F\u00f3rmula 1: Gasly sorprendi\u00f3 en Monza y Colapinto largar\u00e1 s\u00e9ptimo"}]},{"@type":"WebSite","@id":"https:\/\/fmpatagoniamadryn.com.ar\/#website","url":"https:\/\/fmpatagoniamadryn.com.ar\/","name":"FM Patagonia Madryn","description":"Radio Patagonia 105.5","publisher":{"@id":"https:\/\/fmpatagoniamadryn.com.ar\/#organization"},"potentialAction":[{"@type":"SearchAction","target":{"@type":"EntryPoint","urlTemplate":"https:\/\/fmpatagoniamadryn.com.ar\/?s={search_term_string}"},"query-input":{"@type":"PropertyValueSpecification","valueRequired":true,"valueName":"search_term_string"}}],"inLanguage":"es"},{"@type":"Organization","@id":"https:\/\/fmpatagoniamadryn.com.ar\/#organization","name":"FM Patagonia Madryn","url":"https:\/\/fmpatagoniamadryn.com.ar\/","logo":{"@type":"ImageObject","inLanguage":"es","@id":"https:\/\/fmpatagoniamadryn.com.ar\/#\/schema\/logo\/image\/","url":"https:\/\/fmpatagoniamadryn.com.ar\/wp-content\/uploads\/2023\/01\/cropped-Diseno-sin-titulo.png","contentUrl":"https:\/\/fmpatagoniamadryn.com.ar\/wp-content\/uploads\/2023\/01\/cropped-Diseno-sin-titulo.png","width":6911,"height":2657,"caption":"FM Patagonia Madryn"},"image":{"@id":"https:\/\/fmpatagoniamadryn.com.ar\/#\/schema\/logo\/image\/"}},{"@type":"Person","@id":"https:\/\/fmpatagoniamadryn.com.ar\/#\/schema\/person\/d1eaeab8ab628617785f4d9ef0e8d5d8","name":"FM Patagonia","url":"https:\/\/fmpatagoniamadryn.com.ar\/?author=5"}]}},"jetpack_featured_media_url":"https:\/\/fmpatagoniamadryn.com.ar\/wp-content\/uploads\/2026\/09\/gsly-1-y-colapinto-7.webp","_links":{"self":[{"href":"https:\/\/fmpatagoniamadryn.com.ar\/index.php?rest_route=\/wp\/v2\/posts\/26378","targetHints":{"allow":["GET"]}}],"collection":[{"href":"https:\/\/fmpatagoniamadryn.com.ar\/index.php?rest_route=\/wp\/v2\/posts"}],"about":[{"href":"https:\/\/fmpatagoniamadryn.com.ar\/index.php?rest_route=\/wp\/v2\/types\/post"}],"author":[{"embeddable":true,"href":"https:\/\/fmpatagoniamadryn.com.ar\/index.php?rest_route=\/wp\/v2\/users\/5"}],"replies":[{"embeddable":true,"href":"https:\/\/fmpatagoniamadryn.com.ar\/index.php?rest_route=%2Fwp%2Fv2%2Fcomments&post=26378"}],"version-history":[{"count":1,"href":"https:\/\/fmpatagoniamadryn.com.ar\/index.php?rest_route=\/wp\/v2\/posts\/26378\/revisions"}],"predecessor-version":[{"id":26380,"href":"https:\/\/fmpatagoniamadryn.com.ar\/index.php?rest_route=\/wp\/v2\/posts\/26378\/revisions\/26380"}],"wp:featuredmedia":[{"embeddable":true,"href":"https:\/\/fmpatagoniamadryn.com.ar\/index.php?rest_route=\/wp\/v2\/media\/26379"}],"wp:attachment":[{"href":"https:\/\/fmpatagoniamadryn.com.ar\/index.php?rest_route=%2Fwp%2Fv2%2Fmedia&parent=26378"}],"wp:term":[{"taxonomy":"category","embeddable":true,"href":"https:\/\/fmpatagoniamadryn.com.ar\/index.php?rest_route=%2Fwp%2Fv2%2Fcategories&post=26378"},{"taxonomy":"post_tag","embeddable":true,"href":"https:\/\/fmpatagoniamadryn.com.ar\/index.php?rest_route=%2Fwp%2Fv2%2Ftags&post=26378"}],"curies":[{"name":"wp","href":"https:\/\/api.w.org\/{rel}","templated":true}]}}