{"id":26382,"date":"2026-09-05T14:00:40","date_gmt":"2026-09-05T17:00:40","guid":{"rendered":"https:\/\/fmpatagoniamadryn.com.ar\/?p=26382"},"modified":"2026-09-05T14:00:40","modified_gmt":"2026-09-05T17:00:40","slug":"chubut-incorpora-el-uso-de-energias-renovables-en-escuelas","status":"publish","type":"post","link":"https:\/\/fmpatagoniamadryn.com.ar\/?p=26382","title":{"rendered":"Chubut incorpora el uso de energ\u00edas renovables en escuelas"},"content":{"rendered":"\n<p class=\"wp-block-paragraph\">La Provincia del Chubut dio un paso fundamental en la incorporaci\u00f3n del uso de energ\u00edas renovables en las escuelas, al haber concretado la instalaci\u00f3n de un sistema de generaci\u00f3n de energ\u00eda solar en la Escuela Polit\u00e9cnica N\u00b0 702 de Rawson, convirti\u00e9ndola en la primera instituci\u00f3n educativa de la ciudad capital en contar con paneles solares.<\/p>\n\n\n\n<p class=\"wp-block-paragraph\">El proyecto busca incorporar el uso de energ\u00edas renovables en el \u00e1mbito educativo y brindar a los estudiantes la posibilidad de conocer y acercarse a tecnolog\u00edas vinculadas con la generaci\u00f3n de energ\u00eda limpia y sustentable.<\/p>\n\n\n\n<p class=\"wp-block-paragraph\">La iniciativa se llev\u00f3 adelante gracias a un trabajo conjunto entre el estado provincial, la Cooperativa de Servicios P\u00fablicos de Rawson y el sector privado, mediante la participaci\u00f3n de la firma Multisolar y Portal Solar, que donaron los equipos, colaborando la empresa Pen\u00ednsula Energ\u00eda y Servicios con la mano de obra.<\/p>\n\n\n\n<p class=\"wp-block-paragraph\">El sistema est\u00e1 compuesto por seis paneles solares Trina Solar de 545W cada uno, un inversor Growatt SPF3000TLHVM48 y una bater\u00eda Leoch de 5120Wh que permite almacenar la energ\u00eda generada.<\/p>\n\n\n\n<p class=\"wp-block-paragraph\">La instalaci\u00f3n se completa con las estructuras de soporte Chiko Complanar, adem\u00e1s del cableado, protecciones el\u00e9ctricas, llaves t\u00e9rmicas y los componentes necesarios para su funcionamiento.<\/p>\n\n\n\n<p class=\"wp-block-paragraph\">La iniciativa incluye la provisi\u00f3n de los equipos, materiales, instalaci\u00f3n y puesta en funcionamiento del sistema.<\/p>\n\n\n\n<p class=\"wp-block-paragraph\">De esta manera, se avanza en Chubut con la puesta en marcha de iniciativas vinculadas con la innovaci\u00f3n, la eficiencia energ\u00e9tica y el uso de fuentes de energ\u00eda renovables, al tiempo que tambi\u00e9n se generan espacios que permitir\u00e1n a los estudiantes conocer en forma directa el funcionamiento de una instalaci\u00f3n de generaci\u00f3n solar.<\/p>\n\n\n\n<h2 class=\"wp-block-heading\"><em>Educaci\u00f3n t\u00e9cnica y el mundo del trabajo<\/em><\/h2>\n\n\n\n<p class=\"wp-block-paragraph\">En este contexto es que adem\u00e1s el Gobierno del Chubut, a trav\u00e9s del Ministerio de Educaci\u00f3n, firm\u00f3 con la Cooperativa de Servicios P\u00fablicos de Rawson un convenio de colaboraci\u00f3n que combina energ\u00edas renovables, mejoras en infraestructura escolar, capacitaci\u00f3n y pr\u00e1cticas profesionalizantes para estudiantes en la Escuela Polit\u00e9cnica de Rawson.<\/p>\n\n\n\n<p class=\"wp-block-paragraph\">El convenio est\u00e1 destinado a vincular la educaci\u00f3n t\u00e9cnica con la experiencia y capacidad operativa de la Cooperativa, generando acciones concretas en beneficio de los estudiantes y de la comunidad educativa.<\/p>\n\n\n\n<p class=\"wp-block-paragraph\">La iniciativa parte de una premisa sencilla: la experiencia y el conocimiento que todos los d\u00edas se aplican en los servicios p\u00fablicos tambi\u00e9n pueden convertirse en herramientas para educar, capacitar y abrir nuevas oportunidades a los j\u00f3venes de Rawson.<\/p>\n\n\n\n<p class=\"wp-block-paragraph\">El acuerdo se desarroll\u00f3 sobre cuatro ejes fundamentales. Por un lado, la energ\u00eda solar en la escuela. Para ello se avanza en la instalaci\u00f3n de paneles solares, incorporando energ\u00edas renovables y eficiencia energ\u00e9tica. Adem\u00e1s del beneficio para la instituci\u00f3n, el sistema podr\u00e1 transformarse en una herramienta pedag\u00f3gica para que los estudiantes conozcan en la pr\u00e1ctica c\u00f3mo se genera, mide y utiliza la energ\u00eda solar.<\/p>\n\n\n\n<p class=\"wp-block-paragraph\">Por otro lado, se mejora la infraestructura el\u00e9ctrica, aportando en este sentido, la Cooperativa su capacidad t\u00e9cnica para realizar relevamientos y desarrollar mejoras en luminarias e instalaciones el\u00e9ctricas de la escuela, priorizando la seguridad, la eficiencia energ\u00e9tica y mejores condiciones para estudiantes y docentes.<\/p>\n\n\n\n<p class=\"wp-block-paragraph\">Adem\u00e1s, se brindar\u00e1n charlas y capacitaciones por parte de personal y especialistas de la prestataria de los servicios p\u00fablicos de Rawson sobre energ\u00eda, agua potable, saneamiento, seguridad el\u00e9ctrica, energ\u00edas renovables, uso responsable de los recursos y cooperativismo, acercando a los estudiantes conocimientos vinculados con situaciones reales.<\/p>\n\n\n\n<p class=\"wp-block-paragraph\">Asimismo, se desarrollar\u00e1n pr\u00e1cticas profesionalizantes ya que el convenio permite avanzar en la realizaci\u00f3n de pr\u00e1cticas educativas y profesionalizantes, especialmente vinculadas con las especialidades de Maestro Mayor de Obra y T\u00e9cnico en Electr\u00f3nica. El objetivo es que los j\u00f3venes puedan complementar lo aprendido en las aulas con experiencias concretas, acompa\u00f1ados por docentes y t\u00e9cnicos especializados.<\/p>\n\n\n\n<h2 class=\"wp-block-heading\"><em>Cooperativismo<\/em><\/h2>\n\n\n\n<p class=\"wp-block-paragraph\">El acuerdo busca aprovechar la complementariedad entre la formaci\u00f3n t\u00e9cnico-profesional que brinda el sistema educativo y la experiencia cotidiana de la Cooperativa en la prestaci\u00f3n de los servicios p\u00fablicos. Actualmente, el Ministerio de Educaci\u00f3n forma anualmente a m\u00e1s de 700 j\u00f3venes y adultos en las especialidades de Maestro Mayor de Obra y T\u00e9cnico en Electr\u00f3nica.<\/p>\n\n\n\n<p class=\"wp-block-paragraph\">Esta iniciativa forma parte de su compromiso con la comunidad y con uno de los principios esenciales del cooperativismo: educar, formar y compartir conocimientos.<\/p>\n","protected":false},"excerpt":{"rendered":"<p>Se concret\u00f3 la instalaci\u00f3n de un sistema de generaci\u00f3n de energ\u00eda solar en la Escuela Polit\u00e9cnica N\u00b0 702 de Rawson, convirti\u00e9ndose en el primer establecimiento educativo de la ciudad en contar con paneles solares. Adem\u00e1s la Provincia y la Cooperativa de Servicios P\u00fablicos de la capital firmaron un acuerdo de capacitaci\u00f3n y pr\u00e1cticas profesionalizantes para fortalecer la formaci\u00f3n t\u00e9cnica de los estudiantes de esa secundaria.<\/p>\n","protected":false},"author":4,"featured_media":26381,"comment_status":"closed","ping_status":"closed","sticky":false,"template":"","format":"standard","meta":{"footnotes":""},"categories":[14],"tags":[705,706],"class_list":["post-26382","post","type-post","status-publish","format-standard","has-post-thumbnail","hentry","category-provinciales","tag-energias-renovables","tag-escuelas"],"yoast_head":"<!-- This site is optimized with the Yoast SEO plugin v28.4 - https:\/\/yoast.com\/product\/yoast-seo-wordpress\/ -->\n<title>Chubut incorpora el uso de energ\u00edas renovables en escuelas - FM Patagonia Madryn<\/title>\n<meta name=\"robots\" content=\"index, follow, max-snippet:-1, max-image-preview:large, max-video-preview:-1\" \/>\n<link rel=\"canonical\" href=\"https:\/\/fmpatagoniamadryn.com.ar\/?p=26382\" \/>\n<meta property=\"og:locale\" content=\"es_ES\" \/>\n<meta property=\"og:type\" content=\"article\" \/>\n<meta property=\"og:title\" content=\"Chubut incorpora el uso de energ\u00edas renovables en escuelas - FM Patagonia Madryn\" \/>\n<meta property=\"og:description\" content=\"Se concret\u00f3 la instalaci\u00f3n de un sistema de generaci\u00f3n de energ\u00eda solar en la Escuela Polit\u00e9cnica N\u00b0 702 de Rawson, convirti\u00e9ndose en el primer establecimiento educativo de la ciudad en contar con paneles solares. Adem\u00e1s la Provincia y la Cooperativa de Servicios P\u00fablicos de la capital firmaron un acuerdo de capacitaci\u00f3n y pr\u00e1cticas profesionalizantes para fortalecer la formaci\u00f3n t\u00e9cnica de los estudiantes de esa secundaria.\" \/>\n<meta property=\"og:url\" content=\"https:\/\/fmpatagoniamadryn.com.ar\/?p=26382\" \/>\n<meta property=\"og:site_name\" content=\"FM Patagonia Madryn\" \/>\n<meta property=\"article:published_time\" content=\"2026-09-05T17:00:40+00:00\" \/>\n<meta property=\"og:image\" content=\"https:\/\/fmpatagoniamadryn.com.ar\/wp-content\/uploads\/2026\/09\/a60819b1-dbcb-4f1b-abcc-cb8f731a9a62.jpg\" \/>\n\t<meta property=\"og:image:width\" content=\"1280\" \/>\n\t<meta property=\"og:image:height\" content=\"741\" \/>\n\t<meta property=\"og:image:type\" content=\"image\/jpeg\" \/>\n<meta name=\"author\" content=\"FM Patagonia\" \/>\n<meta name=\"twitter:card\" content=\"summary_large_image\" \/>\n<meta name=\"twitter:label1\" content=\"Escrito por\" \/>\n\t<meta name=\"twitter:data1\" content=\"FM Patagonia\" \/>\n\t<meta name=\"twitter:label2\" content=\"Tiempo de lectura\" \/>\n\t<meta name=\"twitter:data2\" content=\"4 minutos\" \/>\n<script type=\"application\/ld+json\" class=\"yoast-schema-graph\">{\"@context\":\"https:\\\/\\\/schema.org\",\"@graph\":[{\"@type\":\"Article\",\"@id\":\"https:\\\/\\\/fmpatagoniamadryn.com.ar\\\/?p=26382#article\",\"isPartOf\":{\"@id\":\"https:\\\/\\\/fmpatagoniamadryn.com.ar\\\/?p=26382\"},\"author\":{\"name\":\"FM Patagonia\",\"@id\":\"https:\\\/\\\/fmpatagoniamadryn.com.ar\\\/#\\\/schema\\\/person\\\/97b1d30cb2ae311544a88a5201700571\"},\"headline\":\"Chubut incorpora el uso de energ\u00edas renovables en escuelas\",\"datePublished\":\"2026-09-05T17:00:40+00:00\",\"mainEntityOfPage\":{\"@id\":\"https:\\\/\\\/fmpatagoniamadryn.com.ar\\\/?p=26382\"},\"wordCount\":775,\"publisher\":{\"@id\":\"https:\\\/\\\/fmpatagoniamadryn.com.ar\\\/#organization\"},\"image\":{\"@id\":\"https:\\\/\\\/fmpatagoniamadryn.com.ar\\\/?p=26382#primaryimage\"},\"thumbnailUrl\":\"https:\\\/\\\/fmpatagoniamadryn.com.ar\\\/wp-content\\\/uploads\\\/2026\\\/09\\\/a60819b1-dbcb-4f1b-abcc-cb8f731a9a62.jpg\",\"keywords\":[\"energias renovables\",\"escuelas\"],\"articleSection\":[\"Provinciales\"],\"inLanguage\":\"es\"},{\"@type\":\"WebPage\",\"@id\":\"https:\\\/\\\/fmpatagoniamadryn.com.ar\\\/?p=26382\",\"url\":\"https:\\\/\\\/fmpatagoniamadryn.com.ar\\\/?p=26382\",\"name\":\"Chubut incorpora el uso de energ\u00edas renovables en escuelas - FM Patagonia Madryn\",\"isPartOf\":{\"@id\":\"https:\\\/\\\/fmpatagoniamadryn.com.ar\\\/#website\"},\"primaryImageOfPage\":{\"@id\":\"https:\\\/\\\/fmpatagoniamadryn.com.ar\\\/?p=26382#primaryimage\"},\"image\":{\"@id\":\"https:\\\/\\\/fmpatagoniamadryn.com.ar\\\/?p=26382#primaryimage\"},\"thumbnailUrl\":\"https:\\\/\\\/fmpatagoniamadryn.com.ar\\\/wp-content\\\/uploads\\\/2026\\\/09\\\/a60819b1-dbcb-4f1b-abcc-cb8f731a9a62.jpg\",\"datePublished\":\"2026-09-05T17:00:40+00:00\",\"breadcrumb\":{\"@id\":\"https:\\\/\\\/fmpatagoniamadryn.com.ar\\\/?p=26382#breadcrumb\"},\"inLanguage\":\"es\",\"potentialAction\":[{\"@type\":\"ReadAction\",\"target\":[\"https:\\\/\\\/fmpatagoniamadryn.com.ar\\\/?p=26382\"]}]},{\"@type\":\"ImageObject\",\"inLanguage\":\"es\",\"@id\":\"https:\\\/\\\/fmpatagoniamadryn.com.ar\\\/?p=26382#primaryimage\",\"url\":\"https:\\\/\\\/fmpatagoniamadryn.com.ar\\\/wp-content\\\/uploads\\\/2026\\\/09\\\/a60819b1-dbcb-4f1b-abcc-cb8f731a9a62.jpg\",\"contentUrl\":\"https:\\\/\\\/fmpatagoniamadryn.com.ar\\\/wp-content\\\/uploads\\\/2026\\\/09\\\/a60819b1-dbcb-4f1b-abcc-cb8f731a9a62.jpg\",\"width\":1280,\"height\":741},{\"@type\":\"BreadcrumbList\",\"@id\":\"https:\\\/\\\/fmpatagoniamadryn.com.ar\\\/?p=26382#breadcrumb\",\"itemListElement\":[{\"@type\":\"ListItem\",\"position\":1,\"name\":\"Portada\",\"item\":\"https:\\\/\\\/fmpatagoniamadryn.com.ar\\\/\"},{\"@type\":\"ListItem\",\"position\":2,\"name\":\"Chubut incorpora el uso de energ\u00edas renovables en escuelas\"}]},{\"@type\":\"WebSite\",\"@id\":\"https:\\\/\\\/fmpatagoniamadryn.com.ar\\\/#website\",\"url\":\"https:\\\/\\\/fmpatagoniamadryn.com.ar\\\/\",\"name\":\"FM Patagonia Madryn\",\"description\":\"Radio Patagonia 105.5\",\"publisher\":{\"@id\":\"https:\\\/\\\/fmpatagoniamadryn.com.ar\\\/#organization\"},\"potentialAction\":[{\"@type\":\"SearchAction\",\"target\":{\"@type\":\"EntryPoint\",\"urlTemplate\":\"https:\\\/\\\/fmpatagoniamadryn.com.ar\\\/?s={search_term_string}\"},\"query-input\":{\"@type\":\"PropertyValueSpecification\",\"valueRequired\":true,\"valueName\":\"search_term_string\"}}],\"inLanguage\":\"es\"},{\"@type\":\"Organization\",\"@id\":\"https:\\\/\\\/fmpatagoniamadryn.com.ar\\\/#organization\",\"name\":\"FM Patagonia Madryn\",\"url\":\"https:\\\/\\\/fmpatagoniamadryn.com.ar\\\/\",\"logo\":{\"@type\":\"ImageObject\",\"inLanguage\":\"es\",\"@id\":\"https:\\\/\\\/fmpatagoniamadryn.com.ar\\\/#\\\/schema\\\/logo\\\/image\\\/\",\"url\":\"https:\\\/\\\/fmpatagoniamadryn.com.ar\\\/wp-content\\\/uploads\\\/2023\\\/01\\\/cropped-Diseno-sin-titulo.png\",\"contentUrl\":\"https:\\\/\\\/fmpatagoniamadryn.com.ar\\\/wp-content\\\/uploads\\\/2023\\\/01\\\/cropped-Diseno-sin-titulo.png\",\"width\":6911,\"height\":2657,\"caption\":\"FM Patagonia Madryn\"},\"image\":{\"@id\":\"https:\\\/\\\/fmpatagoniamadryn.com.ar\\\/#\\\/schema\\\/logo\\\/image\\\/\"}},{\"@type\":\"Person\",\"@id\":\"https:\\\/\\\/fmpatagoniamadryn.com.ar\\\/#\\\/schema\\\/person\\\/97b1d30cb2ae311544a88a5201700571\",\"name\":\"FM Patagonia\",\"url\":\"https:\\\/\\\/fmpatagoniamadryn.com.ar\\\/?author=4\"}]}<\/script>\n<!-- \/ Yoast SEO plugin. -->","yoast_head_json":{"title":"Chubut incorpora el uso de energ\u00edas renovables en escuelas - FM Patagonia Madryn","robots":{"index":"index","follow":"follow","max-snippet":"max-snippet:-1","max-image-preview":"max-image-preview:large","max-video-preview":"max-video-preview:-1"},"canonical":"https:\/\/fmpatagoniamadryn.com.ar\/?p=26382","og_locale":"es_ES","og_type":"article","og_title":"Chubut incorpora el uso de energ\u00edas renovables en escuelas - FM Patagonia Madryn","og_description":"Se concret\u00f3 la instalaci\u00f3n de un sistema de generaci\u00f3n de energ\u00eda solar en la Escuela Polit\u00e9cnica N\u00b0 702 de Rawson, convirti\u00e9ndose en el primer establecimiento educativo de la ciudad en contar con paneles solares. Adem\u00e1s la Provincia y la Cooperativa de Servicios P\u00fablicos de la capital firmaron un acuerdo de capacitaci\u00f3n y pr\u00e1cticas profesionalizantes para fortalecer la formaci\u00f3n t\u00e9cnica de los estudiantes de esa secundaria.","og_url":"https:\/\/fmpatagoniamadryn.com.ar\/?p=26382","og_site_name":"FM Patagonia Madryn","article_published_time":"2026-09-05T17:00:40+00:00","og_image":[{"width":1280,"height":741,"url":"https:\/\/fmpatagoniamadryn.com.ar\/wp-content\/uploads\/2026\/09\/a60819b1-dbcb-4f1b-abcc-cb8f731a9a62.jpg","type":"image\/jpeg"}],"author":"FM Patagonia","twitter_card":"summary_large_image","twitter_misc":{"Escrito por":"FM Patagonia","Tiempo de lectura":"4 minutos"},"schema":{"@context":"https:\/\/schema.org","@graph":[{"@type":"Article","@id":"https:\/\/fmpatagoniamadryn.com.ar\/?p=26382#article","isPartOf":{"@id":"https:\/\/fmpatagoniamadryn.com.ar\/?p=26382"},"author":{"name":"FM Patagonia","@id":"https:\/\/fmpatagoniamadryn.com.ar\/#\/schema\/person\/97b1d30cb2ae311544a88a5201700571"},"headline":"Chubut incorpora el uso de energ\u00edas renovables en escuelas","datePublished":"2026-09-05T17:00:40+00:00","mainEntityOfPage":{"@id":"https:\/\/fmpatagoniamadryn.com.ar\/?p=26382"},"wordCount":775,"publisher":{"@id":"https:\/\/fmpatagoniamadryn.com.ar\/#organization"},"image":{"@id":"https:\/\/fmpatagoniamadryn.com.ar\/?p=26382#primaryimage"},"thumbnailUrl":"https:\/\/fmpatagoniamadryn.com.ar\/wp-content\/uploads\/2026\/09\/a60819b1-dbcb-4f1b-abcc-cb8f731a9a62.jpg","keywords":["energias renovables","escuelas"],"articleSection":["Provinciales"],"inLanguage":"es"},{"@type":"WebPage","@id":"https:\/\/fmpatagoniamadryn.com.ar\/?p=26382","url":"https:\/\/fmpatagoniamadryn.com.ar\/?p=26382","name":"Chubut incorpora el uso de energ\u00edas renovables en escuelas - FM Patagonia Madryn","isPartOf":{"@id":"https:\/\/fmpatagoniamadryn.com.ar\/#website"},"primaryImageOfPage":{"@id":"https:\/\/fmpatagoniamadryn.com.ar\/?p=26382#primaryimage"},"image":{"@id":"https:\/\/fmpatagoniamadryn.com.ar\/?p=26382#primaryimage"},"thumbnailUrl":"https:\/\/fmpatagoniamadryn.com.ar\/wp-content\/uploads\/2026\/09\/a60819b1-dbcb-4f1b-abcc-cb8f731a9a62.jpg","datePublished":"2026-09-05T17:00:40+00:00","breadcrumb":{"@id":"https:\/\/fmpatagoniamadryn.com.ar\/?p=26382#breadcrumb"},"inLanguage":"es","potentialAction":[{"@type":"ReadAction","target":["https:\/\/fmpatagoniamadryn.com.ar\/?p=26382"]}]},{"@type":"ImageObject","inLanguage":"es","@id":"https:\/\/fmpatagoniamadryn.com.ar\/?p=26382#primaryimage","url":"https:\/\/fmpatagoniamadryn.com.ar\/wp-content\/uploads\/2026\/09\/a60819b1-dbcb-4f1b-abcc-cb8f731a9a62.jpg","contentUrl":"https:\/\/fmpatagoniamadryn.com.ar\/wp-content\/uploads\/2026\/09\/a60819b1-dbcb-4f1b-abcc-cb8f731a9a62.jpg","width":1280,"height":741},{"@type":"BreadcrumbList","@id":"https:\/\/fmpatagoniamadryn.com.ar\/?p=26382#breadcrumb","itemListElement":[{"@type":"ListItem","position":1,"name":"Portada","item":"https:\/\/fmpatagoniamadryn.com.ar\/"},{"@type":"ListItem","position":2,"name":"Chubut incorpora el uso de energ\u00edas renovables en escuelas"}]},{"@type":"WebSite","@id":"https:\/\/fmpatagoniamadryn.com.ar\/#website","url":"https:\/\/fmpatagoniamadryn.com.ar\/","name":"FM Patagonia Madryn","description":"Radio Patagonia 105.5","publisher":{"@id":"https:\/\/fmpatagoniamadryn.com.ar\/#organization"},"potentialAction":[{"@type":"SearchAction","target":{"@type":"EntryPoint","urlTemplate":"https:\/\/fmpatagoniamadryn.com.ar\/?s={search_term_string}"},"query-input":{"@type":"PropertyValueSpecification","valueRequired":true,"valueName":"search_term_string"}}],"inLanguage":"es"},{"@type":"Organization","@id":"https:\/\/fmpatagoniamadryn.com.ar\/#organization","name":"FM Patagonia Madryn","url":"https:\/\/fmpatagoniamadryn.com.ar\/","logo":{"@type":"ImageObject","inLanguage":"es","@id":"https:\/\/fmpatagoniamadryn.com.ar\/#\/schema\/logo\/image\/","url":"https:\/\/fmpatagoniamadryn.com.ar\/wp-content\/uploads\/2023\/01\/cropped-Diseno-sin-titulo.png","contentUrl":"https:\/\/fmpatagoniamadryn.com.ar\/wp-content\/uploads\/2023\/01\/cropped-Diseno-sin-titulo.png","width":6911,"height":2657,"caption":"FM Patagonia Madryn"},"image":{"@id":"https:\/\/fmpatagoniamadryn.com.ar\/#\/schema\/logo\/image\/"}},{"@type":"Person","@id":"https:\/\/fmpatagoniamadryn.com.ar\/#\/schema\/person\/97b1d30cb2ae311544a88a5201700571","name":"FM Patagonia","url":"https:\/\/fmpatagoniamadryn.com.ar\/?author=4"}]}},"jetpack_featured_media_url":"https:\/\/fmpatagoniamadryn.com.ar\/wp-content\/uploads\/2026\/09\/a60819b1-dbcb-4f1b-abcc-cb8f731a9a62.jpg","_links":{"self":[{"href":"https:\/\/fmpatagoniamadryn.com.ar\/index.php?rest_route=\/wp\/v2\/posts\/26382","targetHints":{"allow":["GET"]}}],"collection":[{"href":"https:\/\/fmpatagoniamadryn.com.ar\/index.php?rest_route=\/wp\/v2\/posts"}],"about":[{"href":"https:\/\/fmpatagoniamadryn.com.ar\/index.php?rest_route=\/wp\/v2\/types\/post"}],"author":[{"embeddable":true,"href":"https:\/\/fmpatagoniamadryn.com.ar\/index.php?rest_route=\/wp\/v2\/users\/4"}],"replies":[{"embeddable":true,"href":"https:\/\/fmpatagoniamadryn.com.ar\/index.php?rest_route=%2Fwp%2Fv2%2Fcomments&post=26382"}],"version-history":[{"count":1,"href":"https:\/\/fmpatagoniamadryn.com.ar\/index.php?rest_route=\/wp\/v2\/posts\/26382\/revisions"}],"predecessor-version":[{"id":26383,"href":"https:\/\/fmpatagoniamadryn.com.ar\/index.php?rest_route=\/wp\/v2\/posts\/26382\/revisions\/26383"}],"wp:featuredmedia":[{"embeddable":true,"href":"https:\/\/fmpatagoniamadryn.com.ar\/index.php?rest_route=\/wp\/v2\/media\/26381"}],"wp:attachment":[{"href":"https:\/\/fmpatagoniamadryn.com.ar\/index.php?rest_route=%2Fwp%2Fv2%2Fmedia&parent=26382"}],"wp:term":[{"taxonomy":"category","embeddable":true,"href":"https:\/\/fmpatagoniamadryn.com.ar\/index.php?rest_route=%2Fwp%2Fv2%2Fcategories&post=26382"},{"taxonomy":"post_tag","embeddable":true,"href":"https:\/\/fmpatagoniamadryn.com.ar\/index.php?rest_route=%2Fwp%2Fv2%2Ftags&post=26382"}],"curies":[{"name":"wp","href":"https:\/\/api.w.org\/{rel}","templated":true}]}}