{"id":26387,"date":"2026-09-06T08:57:00","date_gmt":"2026-09-06T11:57:00","guid":{"rendered":"https:\/\/fmpatagoniamadryn.com.ar\/?p=26387"},"modified":"2026-09-05T18:06:45","modified_gmt":"2026-09-05T21:06:45","slug":"primera-nacional-toda-la-fecha-28-con-deportivo-madryn-como-protagonista","status":"publish","type":"post","link":"https:\/\/fmpatagoniamadryn.com.ar\/?p=26387","title":{"rendered":"Primera Nacional: toda la fecha 28 con Deportivo Madryn como protagonista"},"content":{"rendered":"\n<p class=\"wp-block-paragraph\">La Primera Nacional entra en la recta decisiva de la etapa regular y este fin de semana se disputar\u00e1 la fecha 28 del campeonato. Deportivo Madryn tendr\u00e1 una nueva presentaci\u00f3n ante su gente, mientras que los equipos que pelean por los primeros puestos buscar\u00e1n aprovechar una jornada que puede generar movimientos importantes en la tabla.<\/p>\n\n\n\n<h2 class=\"wp-block-heading\">Deportivo Madryn recibe a Ciudad de Bol\u00edvar<\/h2>\n\n\n\n<p class=\"wp-block-paragraph\">El equipo dirigido por Luis Garc\u00eda ser\u00e1 protagonista el domingo desde las 16, cuando reciba a <strong>Ciudad de Bol\u00edvar<\/strong> por la Zona A. El Aurinegro llega con 43 puntos y buscar\u00e1 recuperarse de la derrota 1-0 sufrida ante Almirante Brown en la fecha anterior. Ciudad de Bol\u00edvar, en tanto, suma 38 unidades y viene de vencer 1-0 a Defensores de Belgrano.<\/p>\n\n\n\n<p class=\"wp-block-paragraph\">Ser\u00e1 un partido importante para Madryn, que necesita volver a sumar de a tres para sostenerse en los puestos de privilegio cuando quedan cada vez menos fechas para definir los clasificados al reducido y la pelea por el primer puesto.<\/p>\n\n\n\n<h2 class=\"wp-block-heading\">Ferro busca mantenerse en la cima<\/h2>\n\n\n\n<p class=\"wp-block-paragraph\">La fecha comenz\u00f3 este viernes con Defensores de Belgrano-Racing de C\u00f3rdoba y Ferro-Mitre de Santiago del Estero. El conjunto de Caballito afronta la jornada como l\u00edder de la Zona A y buscar\u00e1 afianzarse en lo m\u00e1s alto.<\/p>\n\n\n\n<p class=\"wp-block-paragraph\">Por detr\u00e1s, varios equipos intentar\u00e1n aprovechar cualquier tropiezo del puntero para acercarse en la clasificaci\u00f3n.<\/p>\n\n\n\n<h2 class=\"wp-block-heading\">As\u00ed se juega la fecha 28<\/h2>\n\n\n\n<p class=\"wp-block-paragraph\"><strong>Viernes 4 de septiembre<\/strong><\/p>\n\n\n\n<ul class=\"wp-block-list\">\n<li>Defensores de Belgrano 3 &#8211; Racing de C\u00f3rdoba 0<\/li>\n\n\n\n<li>Ferro 0 &#8211; Mitre de Santiago del Estero 0<\/li>\n<\/ul>\n\n\n\n<p class=\"wp-block-paragraph\"><strong>S\u00e1bado 5 de septiembre<\/strong><\/p>\n\n\n\n<ul class=\"wp-block-list\">\n<li>San Telmo 0 &#8211; Los Andes 0<\/li>\n\n\n\n<li>Trist\u00e1n Su\u00e1rez 2 &#8211; San Mart\u00edn de Tucum\u00e1n 0<\/li>\n\n\n\n<li>Chacarita 0 &#8211; Atlanta 1<\/li>\n\n\n\n<li>Acassuso 0 -All Boys 1<\/li>\n\n\n\n<li>Col\u00f3n 0 &#8211; Deportivo Mor\u00f3n 2<\/li>\n<\/ul>\n\n\n\n<p class=\"wp-block-paragraph\"><strong>Domingo 6 de septiembre<\/strong><\/p>\n\n\n\n<ul class=\"wp-block-list\">\n<li>Agropecuario vs. Atl\u00e9tico Rafaela.<\/li>\n\n\n\n<li>San Miguel vs. Godoy Cruz.<\/li>\n\n\n\n<li>Almagro vs. Gimnasia de Jujuy.<\/li>\n\n\n\n<li>San Mart\u00edn de San Juan vs. Midland.<\/li>\n\n\n\n<li>Temperley vs. Colegiales.<\/li>\n\n\n\n<li>Chaco For Ever vs. Estudiantes.<\/li>\n\n\n\n<li><strong>Deportivo Madryn vs. Ciudad de Bol\u00edvar.<\/strong><\/li>\n\n\n\n<li>Deportivo Maip\u00fa vs. Patronato.<\/li>\n\n\n\n<li>Central Norte vs. Almirante Brown.<\/li>\n<\/ul>\n\n\n\n<p class=\"wp-block-paragraph\"><strong>Lunes 7 de septiembre<\/strong><\/p>\n\n\n\n<ul class=\"wp-block-list\">\n<li>Nueva Chicago vs. Quilmes.<\/li>\n<\/ul>\n\n\n\n<p class=\"wp-block-paragraph\">La programaci\u00f3n oficial de la fecha 28 contempla el encuentro de Deportivo Madryn ante Ciudad de Bol\u00edvar para el domingo a las 16.<\/p>\n","protected":false},"excerpt":{"rendered":"<p>La vig\u00e9sima octava jornada de la Primera Nacional tendr\u00e1 como uno de sus principales atractivos el duelo entre Deportivo Madryn y Ciudad de Bol\u00edvar. El Aurinegro ser\u00e1 local este domingo desde las 16, en una fecha clave para la pelea de la Zona A.<\/p>\n","protected":false},"author":5,"featured_media":25102,"comment_status":"closed","ping_status":"closed","sticky":false,"template":"","format":"standard","meta":{"footnotes":""},"categories":[4],"tags":[49,48],"class_list":["post-26387","post","type-post","status-publish","format-standard","has-post-thumbnail","hentry","category-deportes","tag-afa","tag-futbol"],"yoast_head":"<!-- This site is optimized with the Yoast SEO plugin v28.4 - https:\/\/yoast.com\/product\/yoast-seo-wordpress\/ -->\n<title>Primera Nacional: toda la fecha 28 con Deportivo Madryn como protagonista - FM Patagonia Madryn<\/title>\n<meta name=\"robots\" content=\"index, follow, max-snippet:-1, max-image-preview:large, max-video-preview:-1\" \/>\n<link rel=\"canonical\" href=\"https:\/\/fmpatagoniamadryn.com.ar\/?p=26387\" \/>\n<meta property=\"og:locale\" content=\"es_ES\" \/>\n<meta property=\"og:type\" content=\"article\" \/>\n<meta property=\"og:title\" content=\"Primera Nacional: toda la fecha 28 con Deportivo Madryn como protagonista - FM Patagonia Madryn\" \/>\n<meta property=\"og:description\" content=\"La vig\u00e9sima octava jornada de la Primera Nacional tendr\u00e1 como uno de sus principales atractivos el duelo entre Deportivo Madryn y Ciudad de Bol\u00edvar. El Aurinegro ser\u00e1 local este domingo desde las 16, en una fecha clave para la pelea de la Zona A.\" \/>\n<meta property=\"og:url\" content=\"https:\/\/fmpatagoniamadryn.com.ar\/?p=26387\" \/>\n<meta property=\"og:site_name\" content=\"FM Patagonia Madryn\" \/>\n<meta property=\"article:published_time\" content=\"2026-09-06T11:57:00+00:00\" \/>\n<meta property=\"og:image\" content=\"https:\/\/fmpatagoniamadryn.com.ar\/wp-content\/uploads\/2026\/08\/madryn-vencio-a-estudiantes.jpg\" \/>\n\t<meta property=\"og:image:width\" content=\"1280\" \/>\n\t<meta property=\"og:image:height\" content=\"854\" \/>\n\t<meta property=\"og:image:type\" content=\"image\/jpeg\" \/>\n<meta name=\"author\" content=\"FM Patagonia\" \/>\n<meta name=\"twitter:card\" content=\"summary_large_image\" \/>\n<meta name=\"twitter:label1\" content=\"Escrito por\" \/>\n\t<meta name=\"twitter:data1\" content=\"FM Patagonia\" \/>\n\t<meta name=\"twitter:label2\" content=\"Tiempo de lectura\" \/>\n\t<meta name=\"twitter:data2\" content=\"2 minutos\" \/>\n<script type=\"application\/ld+json\" class=\"yoast-schema-graph\">{\"@context\":\"https:\\\/\\\/schema.org\",\"@graph\":[{\"@type\":\"Article\",\"@id\":\"https:\\\/\\\/fmpatagoniamadryn.com.ar\\\/?p=26387#article\",\"isPartOf\":{\"@id\":\"https:\\\/\\\/fmpatagoniamadryn.com.ar\\\/?p=26387\"},\"author\":{\"name\":\"FM Patagonia\",\"@id\":\"https:\\\/\\\/fmpatagoniamadryn.com.ar\\\/#\\\/schema\\\/person\\\/d1eaeab8ab628617785f4d9ef0e8d5d8\"},\"headline\":\"Primera Nacional: toda la fecha 28 con Deportivo Madryn como protagonista\",\"datePublished\":\"2026-09-06T11:57:00+00:00\",\"mainEntityOfPage\":{\"@id\":\"https:\\\/\\\/fmpatagoniamadryn.com.ar\\\/?p=26387\"},\"wordCount\":374,\"publisher\":{\"@id\":\"https:\\\/\\\/fmpatagoniamadryn.com.ar\\\/#organization\"},\"image\":{\"@id\":\"https:\\\/\\\/fmpatagoniamadryn.com.ar\\\/?p=26387#primaryimage\"},\"thumbnailUrl\":\"https:\\\/\\\/fmpatagoniamadryn.com.ar\\\/wp-content\\\/uploads\\\/2026\\\/08\\\/madryn-vencio-a-estudiantes.jpg\",\"keywords\":[\"AFA\",\"F\u00fatbol\"],\"articleSection\":[\"Deportes\"],\"inLanguage\":\"es\"},{\"@type\":\"WebPage\",\"@id\":\"https:\\\/\\\/fmpatagoniamadryn.com.ar\\\/?p=26387\",\"url\":\"https:\\\/\\\/fmpatagoniamadryn.com.ar\\\/?p=26387\",\"name\":\"Primera Nacional: toda la fecha 28 con Deportivo Madryn como protagonista - FM Patagonia Madryn\",\"isPartOf\":{\"@id\":\"https:\\\/\\\/fmpatagoniamadryn.com.ar\\\/#website\"},\"primaryImageOfPage\":{\"@id\":\"https:\\\/\\\/fmpatagoniamadryn.com.ar\\\/?p=26387#primaryimage\"},\"image\":{\"@id\":\"https:\\\/\\\/fmpatagoniamadryn.com.ar\\\/?p=26387#primaryimage\"},\"thumbnailUrl\":\"https:\\\/\\\/fmpatagoniamadryn.com.ar\\\/wp-content\\\/uploads\\\/2026\\\/08\\\/madryn-vencio-a-estudiantes.jpg\",\"datePublished\":\"2026-09-06T11:57:00+00:00\",\"breadcrumb\":{\"@id\":\"https:\\\/\\\/fmpatagoniamadryn.com.ar\\\/?p=26387#breadcrumb\"},\"inLanguage\":\"es\",\"potentialAction\":[{\"@type\":\"ReadAction\",\"target\":[\"https:\\\/\\\/fmpatagoniamadryn.com.ar\\\/?p=26387\"]}]},{\"@type\":\"ImageObject\",\"inLanguage\":\"es\",\"@id\":\"https:\\\/\\\/fmpatagoniamadryn.com.ar\\\/?p=26387#primaryimage\",\"url\":\"https:\\\/\\\/fmpatagoniamadryn.com.ar\\\/wp-content\\\/uploads\\\/2026\\\/08\\\/madryn-vencio-a-estudiantes.jpg\",\"contentUrl\":\"https:\\\/\\\/fmpatagoniamadryn.com.ar\\\/wp-content\\\/uploads\\\/2026\\\/08\\\/madryn-vencio-a-estudiantes.jpg\",\"width\":1280,\"height\":854},{\"@type\":\"BreadcrumbList\",\"@id\":\"https:\\\/\\\/fmpatagoniamadryn.com.ar\\\/?p=26387#breadcrumb\",\"itemListElement\":[{\"@type\":\"ListItem\",\"position\":1,\"name\":\"Portada\",\"item\":\"https:\\\/\\\/fmpatagoniamadryn.com.ar\\\/\"},{\"@type\":\"ListItem\",\"position\":2,\"name\":\"Primera Nacional: toda la fecha 28 con Deportivo Madryn como protagonista\"}]},{\"@type\":\"WebSite\",\"@id\":\"https:\\\/\\\/fmpatagoniamadryn.com.ar\\\/#website\",\"url\":\"https:\\\/\\\/fmpatagoniamadryn.com.ar\\\/\",\"name\":\"FM Patagonia Madryn\",\"description\":\"Radio Patagonia 105.5\",\"publisher\":{\"@id\":\"https:\\\/\\\/fmpatagoniamadryn.com.ar\\\/#organization\"},\"potentialAction\":[{\"@type\":\"SearchAction\",\"target\":{\"@type\":\"EntryPoint\",\"urlTemplate\":\"https:\\\/\\\/fmpatagoniamadryn.com.ar\\\/?s={search_term_string}\"},\"query-input\":{\"@type\":\"PropertyValueSpecification\",\"valueRequired\":true,\"valueName\":\"search_term_string\"}}],\"inLanguage\":\"es\"},{\"@type\":\"Organization\",\"@id\":\"https:\\\/\\\/fmpatagoniamadryn.com.ar\\\/#organization\",\"name\":\"FM Patagonia Madryn\",\"url\":\"https:\\\/\\\/fmpatagoniamadryn.com.ar\\\/\",\"logo\":{\"@type\":\"ImageObject\",\"inLanguage\":\"es\",\"@id\":\"https:\\\/\\\/fmpatagoniamadryn.com.ar\\\/#\\\/schema\\\/logo\\\/image\\\/\",\"url\":\"https:\\\/\\\/fmpatagoniamadryn.com.ar\\\/wp-content\\\/uploads\\\/2023\\\/01\\\/cropped-Diseno-sin-titulo.png\",\"contentUrl\":\"https:\\\/\\\/fmpatagoniamadryn.com.ar\\\/wp-content\\\/uploads\\\/2023\\\/01\\\/cropped-Diseno-sin-titulo.png\",\"width\":6911,\"height\":2657,\"caption\":\"FM Patagonia Madryn\"},\"image\":{\"@id\":\"https:\\\/\\\/fmpatagoniamadryn.com.ar\\\/#\\\/schema\\\/logo\\\/image\\\/\"}},{\"@type\":\"Person\",\"@id\":\"https:\\\/\\\/fmpatagoniamadryn.com.ar\\\/#\\\/schema\\\/person\\\/d1eaeab8ab628617785f4d9ef0e8d5d8\",\"name\":\"FM Patagonia\",\"url\":\"https:\\\/\\\/fmpatagoniamadryn.com.ar\\\/?author=5\"}]}<\/script>\n<!-- \/ Yoast SEO plugin. -->","yoast_head_json":{"title":"Primera Nacional: toda la fecha 28 con Deportivo Madryn como protagonista - FM Patagonia Madryn","robots":{"index":"index","follow":"follow","max-snippet":"max-snippet:-1","max-image-preview":"max-image-preview:large","max-video-preview":"max-video-preview:-1"},"canonical":"https:\/\/fmpatagoniamadryn.com.ar\/?p=26387","og_locale":"es_ES","og_type":"article","og_title":"Primera Nacional: toda la fecha 28 con Deportivo Madryn como protagonista - FM Patagonia Madryn","og_description":"La vig\u00e9sima octava jornada de la Primera Nacional tendr\u00e1 como uno de sus principales atractivos el duelo entre Deportivo Madryn y Ciudad de Bol\u00edvar. El Aurinegro ser\u00e1 local este domingo desde las 16, en una fecha clave para la pelea de la Zona A.","og_url":"https:\/\/fmpatagoniamadryn.com.ar\/?p=26387","og_site_name":"FM Patagonia Madryn","article_published_time":"2026-09-06T11:57:00+00:00","og_image":[{"width":1280,"height":854,"url":"https:\/\/fmpatagoniamadryn.com.ar\/wp-content\/uploads\/2026\/08\/madryn-vencio-a-estudiantes.jpg","type":"image\/jpeg"}],"author":"FM Patagonia","twitter_card":"summary_large_image","twitter_misc":{"Escrito por":"FM Patagonia","Tiempo de lectura":"2 minutos"},"schema":{"@context":"https:\/\/schema.org","@graph":[{"@type":"Article","@id":"https:\/\/fmpatagoniamadryn.com.ar\/?p=26387#article","isPartOf":{"@id":"https:\/\/fmpatagoniamadryn.com.ar\/?p=26387"},"author":{"name":"FM Patagonia","@id":"https:\/\/fmpatagoniamadryn.com.ar\/#\/schema\/person\/d1eaeab8ab628617785f4d9ef0e8d5d8"},"headline":"Primera Nacional: toda la fecha 28 con Deportivo Madryn como protagonista","datePublished":"2026-09-06T11:57:00+00:00","mainEntityOfPage":{"@id":"https:\/\/fmpatagoniamadryn.com.ar\/?p=26387"},"wordCount":374,"publisher":{"@id":"https:\/\/fmpatagoniamadryn.com.ar\/#organization"},"image":{"@id":"https:\/\/fmpatagoniamadryn.com.ar\/?p=26387#primaryimage"},"thumbnailUrl":"https:\/\/fmpatagoniamadryn.com.ar\/wp-content\/uploads\/2026\/08\/madryn-vencio-a-estudiantes.jpg","keywords":["AFA","F\u00fatbol"],"articleSection":["Deportes"],"inLanguage":"es"},{"@type":"WebPage","@id":"https:\/\/fmpatagoniamadryn.com.ar\/?p=26387","url":"https:\/\/fmpatagoniamadryn.com.ar\/?p=26387","name":"Primera Nacional: toda la fecha 28 con Deportivo Madryn como protagonista - FM Patagonia Madryn","isPartOf":{"@id":"https:\/\/fmpatagoniamadryn.com.ar\/#website"},"primaryImageOfPage":{"@id":"https:\/\/fmpatagoniamadryn.com.ar\/?p=26387#primaryimage"},"image":{"@id":"https:\/\/fmpatagoniamadryn.com.ar\/?p=26387#primaryimage"},"thumbnailUrl":"https:\/\/fmpatagoniamadryn.com.ar\/wp-content\/uploads\/2026\/08\/madryn-vencio-a-estudiantes.jpg","datePublished":"2026-09-06T11:57:00+00:00","breadcrumb":{"@id":"https:\/\/fmpatagoniamadryn.com.ar\/?p=26387#breadcrumb"},"inLanguage":"es","potentialAction":[{"@type":"ReadAction","target":["https:\/\/fmpatagoniamadryn.com.ar\/?p=26387"]}]},{"@type":"ImageObject","inLanguage":"es","@id":"https:\/\/fmpatagoniamadryn.com.ar\/?p=26387#primaryimage","url":"https:\/\/fmpatagoniamadryn.com.ar\/wp-content\/uploads\/2026\/08\/madryn-vencio-a-estudiantes.jpg","contentUrl":"https:\/\/fmpatagoniamadryn.com.ar\/wp-content\/uploads\/2026\/08\/madryn-vencio-a-estudiantes.jpg","width":1280,"height":854},{"@type":"BreadcrumbList","@id":"https:\/\/fmpatagoniamadryn.com.ar\/?p=26387#breadcrumb","itemListElement":[{"@type":"ListItem","position":1,"name":"Portada","item":"https:\/\/fmpatagoniamadryn.com.ar\/"},{"@type":"ListItem","position":2,"name":"Primera Nacional: toda la fecha 28 con Deportivo Madryn como protagonista"}]},{"@type":"WebSite","@id":"https:\/\/fmpatagoniamadryn.com.ar\/#website","url":"https:\/\/fmpatagoniamadryn.com.ar\/","name":"FM Patagonia Madryn","description":"Radio Patagonia 105.5","publisher":{"@id":"https:\/\/fmpatagoniamadryn.com.ar\/#organization"},"potentialAction":[{"@type":"SearchAction","target":{"@type":"EntryPoint","urlTemplate":"https:\/\/fmpatagoniamadryn.com.ar\/?s={search_term_string}"},"query-input":{"@type":"PropertyValueSpecification","valueRequired":true,"valueName":"search_term_string"}}],"inLanguage":"es"},{"@type":"Organization","@id":"https:\/\/fmpatagoniamadryn.com.ar\/#organization","name":"FM Patagonia Madryn","url":"https:\/\/fmpatagoniamadryn.com.ar\/","logo":{"@type":"ImageObject","inLanguage":"es","@id":"https:\/\/fmpatagoniamadryn.com.ar\/#\/schema\/logo\/image\/","url":"https:\/\/fmpatagoniamadryn.com.ar\/wp-content\/uploads\/2023\/01\/cropped-Diseno-sin-titulo.png","contentUrl":"https:\/\/fmpatagoniamadryn.com.ar\/wp-content\/uploads\/2023\/01\/cropped-Diseno-sin-titulo.png","width":6911,"height":2657,"caption":"FM Patagonia Madryn"},"image":{"@id":"https:\/\/fmpatagoniamadryn.com.ar\/#\/schema\/logo\/image\/"}},{"@type":"Person","@id":"https:\/\/fmpatagoniamadryn.com.ar\/#\/schema\/person\/d1eaeab8ab628617785f4d9ef0e8d5d8","name":"FM Patagonia","url":"https:\/\/fmpatagoniamadryn.com.ar\/?author=5"}]}},"jetpack_featured_media_url":"https:\/\/fmpatagoniamadryn.com.ar\/wp-content\/uploads\/2026\/08\/madryn-vencio-a-estudiantes.jpg","_links":{"self":[{"href":"https:\/\/fmpatagoniamadryn.com.ar\/index.php?rest_route=\/wp\/v2\/posts\/26387","targetHints":{"allow":["GET"]}}],"collection":[{"href":"https:\/\/fmpatagoniamadryn.com.ar\/index.php?rest_route=\/wp\/v2\/posts"}],"about":[{"href":"https:\/\/fmpatagoniamadryn.com.ar\/index.php?rest_route=\/wp\/v2\/types\/post"}],"author":[{"embeddable":true,"href":"https:\/\/fmpatagoniamadryn.com.ar\/index.php?rest_route=\/wp\/v2\/users\/5"}],"replies":[{"embeddable":true,"href":"https:\/\/fmpatagoniamadryn.com.ar\/index.php?rest_route=%2Fwp%2Fv2%2Fcomments&post=26387"}],"version-history":[{"count":2,"href":"https:\/\/fmpatagoniamadryn.com.ar\/index.php?rest_route=\/wp\/v2\/posts\/26387\/revisions"}],"predecessor-version":[{"id":26389,"href":"https:\/\/fmpatagoniamadryn.com.ar\/index.php?rest_route=\/wp\/v2\/posts\/26387\/revisions\/26389"}],"wp:featuredmedia":[{"embeddable":true,"href":"https:\/\/fmpatagoniamadryn.com.ar\/index.php?rest_route=\/wp\/v2\/media\/25102"}],"wp:attachment":[{"href":"https:\/\/fmpatagoniamadryn.com.ar\/index.php?rest_route=%2Fwp%2Fv2%2Fmedia&parent=26387"}],"wp:term":[{"taxonomy":"category","embeddable":true,"href":"https:\/\/fmpatagoniamadryn.com.ar\/index.php?rest_route=%2Fwp%2Fv2%2Fcategories&post=26387"},{"taxonomy":"post_tag","embeddable":true,"href":"https:\/\/fmpatagoniamadryn.com.ar\/index.php?rest_route=%2Fwp%2Fv2%2Ftags&post=26387"}],"curies":[{"name":"wp","href":"https:\/\/api.w.org\/{rel}","templated":true}]}}