{"id":26391,"date":"2026-09-05T19:10:11","date_gmt":"2026-09-05T22:10:11","guid":{"rendered":"https:\/\/fmpatagoniamadryn.com.ar\/?p=26391"},"modified":"2026-09-05T19:10:11","modified_gmt":"2026-09-05T22:10:11","slug":"tragedia-en-la-ruta-251-dos-personas-murieron-tras-un-choque-entre-una-camioneta-y-un-camion","status":"publish","type":"post","link":"https:\/\/fmpatagoniamadryn.com.ar\/?p=26391","title":{"rendered":"Tragedia en la Ruta 251: dos personas murieron tras un choque entre una camioneta y un cami\u00f3n"},"content":{"rendered":"\n<p class=\"p3 wp-block-paragraph\">El hecho fue informado alrededor de las 10:15, cuando se recibi\u00f3 el alerta por un accidente ocurrido en ese sector de la ruta. Al llegar al lugar, efectivos policiales y personal de Seguridad Vial constataron una colisi\u00f3n de caracter\u00edsticas semifrontales.<\/p>\n\n\n\n<p class=\"p3 wp-block-paragraph\">El impacto m\u00e1s fuerte se produjo entre una Ford Ranger Limited perteneciente a la empresa Gastrofuni S.A., oriunda de Puerto Madryn, y un cami\u00f3n Volvo que circulaba con acoplado. Como consecuencia del choque, la camioneta qued\u00f3 pr\u00e1cticamente destruida.<\/p>\n\n\n\n<p class=\"p3 wp-block-paragraph\">En el interior del veh\u00edculo, los equipos de emergencia encontraron al conductor sin vida. Adem\u00e1s, otras dos personas hab\u00edan sido despedidas del habit\u00e1culo y quedaron sobre la cinta asf\u00e1ltica. Una de ellas falleci\u00f3 en el lugar, mientras que la restante sufri\u00f3 heridas de gravedad y fue trasladada al hospital de General Conesa.<\/p>\n\n\n\n<p class=\"p3 wp-block-paragraph\">En las primeras actuaciones no hab\u00eda sido posible determinar la identidad de las v\u00edctimas. Sin embargo, seg\u00fan la informaci\u00f3n conocida hasta el momento, ser\u00edan personas oriundas de Puerto Madryn, Chubut.<\/p>\n\n\n\n<p class=\"p3 wp-block-paragraph\">El cami\u00f3n involucrado era conducido por un hombre de 48 a\u00f1os, con domicilio en Tierra del Fuego. Por detr\u00e1s del transporte tambi\u00e9n circulaba un Nissan Tiida, en el que viajaban un hombre oriundo de Puerto Madryn y su hija, de 22 a\u00f1os.<\/p>\n\n\n\n<p class=\"p3 wp-block-paragraph\">Los investigadores comenzaron a analizar distintas circunstancias que podr\u00edan haber incidido en el accidente. Entre ellas se encuentran el estado de la calzada y la velocidad a la que habr\u00eda circulado la camioneta al momento del siniestro.<\/p>\n\n\n\n<p class=\"p3 wp-block-paragraph\">De acuerdo con los primeros datos incorporados a la investigaci\u00f3n, en ese momento se registraba acumulaci\u00f3n de agua sobre la ruta y presencia de piedras de escarcha, condiciones que podr\u00edan haber reducido la adherencia del veh\u00edculo.<\/p>\n\n\n\n<p class=\"p3 wp-block-paragraph\">La principal hip\u00f3tesis que se maneja inicialmente es que la Ford Ranger habr\u00eda perdido el control mientras circulaba por la ruta y, posteriormente, termin\u00f3 impactando contra el cami\u00f3n que avanzaba en sentido contrario.<\/p>\n\n\n\n<p class=\"p4 wp-block-paragraph\">Tras el accidente, efectivos policiales y agentes de Seguridad Vial permanecieron en el lugar para asistir a los involucrados, preservar la escena y llevar adelante las primeras actuaciones. Las pericias permitir\u00e1n determinar con mayor precisi\u00f3n la mec\u00e1nica del choque y establecer las identidades de las personas fallecidas.<\/p>\n","protected":false},"excerpt":{"rendered":"<p>Un fatal accidente de tr\u00e1nsito se produjo durante la ma\u00f1ana de este s\u00e1bado sobre la Ruta Nacional 251, en el kil\u00f3metro 158, en el tramo que une San Antonio Oeste con General Conesa. El siniestro involucr\u00f3 a un cami\u00f3n con acoplado, una camioneta y un tercer veh\u00edculo que circulaba por la zona.<\/p>\n","protected":false},"author":4,"featured_media":26390,"comment_status":"closed","ping_status":"closed","sticky":false,"template":"","format":"standard","meta":{"footnotes":""},"categories":[11],"tags":[709,710,708],"class_list":["post-26391","post","type-post","status-publish","format-standard","has-post-thumbnail","hentry","category-policiales","tag-accidente","tag-choque","tag-tragedia"],"yoast_head":"<!-- This site is optimized with the Yoast SEO plugin v28.4 - https:\/\/yoast.com\/product\/yoast-seo-wordpress\/ -->\n<title>Tragedia en la Ruta 251: dos personas murieron tras un choque entre una camioneta y un cami\u00f3n - FM Patagonia Madryn<\/title>\n<meta name=\"robots\" content=\"index, follow, max-snippet:-1, max-image-preview:large, max-video-preview:-1\" \/>\n<link rel=\"canonical\" href=\"https:\/\/fmpatagoniamadryn.com.ar\/?p=26391\" \/>\n<meta property=\"og:locale\" content=\"es_ES\" \/>\n<meta property=\"og:type\" content=\"article\" \/>\n<meta property=\"og:title\" content=\"Tragedia en la Ruta 251: dos personas murieron tras un choque entre una camioneta y un cami\u00f3n - FM Patagonia Madryn\" \/>\n<meta property=\"og:description\" content=\"Un fatal accidente de tr\u00e1nsito se produjo durante la ma\u00f1ana de este s\u00e1bado sobre la Ruta Nacional 251, en el kil\u00f3metro 158, en el tramo que une San Antonio Oeste con General Conesa. El siniestro involucr\u00f3 a un cami\u00f3n con acoplado, una camioneta y un tercer veh\u00edculo que circulaba por la zona.\" \/>\n<meta property=\"og:url\" content=\"https:\/\/fmpatagoniamadryn.com.ar\/?p=26391\" \/>\n<meta property=\"og:site_name\" content=\"FM Patagonia Madryn\" \/>\n<meta property=\"article:published_time\" content=\"2026-09-05T22:10:11+00:00\" \/>\n<meta property=\"og:image\" content=\"https:\/\/fmpatagoniamadryn.com.ar\/wp-content\/uploads\/2026\/09\/img_8765.jpg\" \/>\n\t<meta property=\"og:image:width\" content=\"1536\" \/>\n\t<meta property=\"og:image:height\" content=\"881\" \/>\n\t<meta property=\"og:image:type\" content=\"image\/jpeg\" \/>\n<meta name=\"author\" content=\"FM Patagonia\" \/>\n<meta name=\"twitter:card\" content=\"summary_large_image\" \/>\n<meta name=\"twitter:label1\" content=\"Escrito por\" \/>\n\t<meta name=\"twitter:data1\" content=\"FM Patagonia\" \/>\n\t<meta name=\"twitter:label2\" content=\"Tiempo de lectura\" \/>\n\t<meta name=\"twitter:data2\" content=\"2 minutos\" \/>\n<script type=\"application\/ld+json\" class=\"yoast-schema-graph\">{\"@context\":\"https:\\\/\\\/schema.org\",\"@graph\":[{\"@type\":\"Article\",\"@id\":\"https:\\\/\\\/fmpatagoniamadryn.com.ar\\\/?p=26391#article\",\"isPartOf\":{\"@id\":\"https:\\\/\\\/fmpatagoniamadryn.com.ar\\\/?p=26391\"},\"author\":{\"name\":\"FM Patagonia\",\"@id\":\"https:\\\/\\\/fmpatagoniamadryn.com.ar\\\/#\\\/schema\\\/person\\\/97b1d30cb2ae311544a88a5201700571\"},\"headline\":\"Tragedia en la Ruta 251: dos personas murieron tras un choque entre una camioneta y un cami\u00f3n\",\"datePublished\":\"2026-09-05T22:10:11+00:00\",\"mainEntityOfPage\":{\"@id\":\"https:\\\/\\\/fmpatagoniamadryn.com.ar\\\/?p=26391\"},\"wordCount\":402,\"publisher\":{\"@id\":\"https:\\\/\\\/fmpatagoniamadryn.com.ar\\\/#organization\"},\"image\":{\"@id\":\"https:\\\/\\\/fmpatagoniamadryn.com.ar\\\/?p=26391#primaryimage\"},\"thumbnailUrl\":\"https:\\\/\\\/fmpatagoniamadryn.com.ar\\\/wp-content\\\/uploads\\\/2026\\\/09\\\/img_8765.jpg\",\"keywords\":[\"accidente\",\"choque\",\"tragedia\"],\"articleSection\":[\"Policiales\"],\"inLanguage\":\"es\"},{\"@type\":\"WebPage\",\"@id\":\"https:\\\/\\\/fmpatagoniamadryn.com.ar\\\/?p=26391\",\"url\":\"https:\\\/\\\/fmpatagoniamadryn.com.ar\\\/?p=26391\",\"name\":\"Tragedia en la Ruta 251: dos personas murieron tras un choque entre una camioneta y un cami\u00f3n - FM Patagonia Madryn\",\"isPartOf\":{\"@id\":\"https:\\\/\\\/fmpatagoniamadryn.com.ar\\\/#website\"},\"primaryImageOfPage\":{\"@id\":\"https:\\\/\\\/fmpatagoniamadryn.com.ar\\\/?p=26391#primaryimage\"},\"image\":{\"@id\":\"https:\\\/\\\/fmpatagoniamadryn.com.ar\\\/?p=26391#primaryimage\"},\"thumbnailUrl\":\"https:\\\/\\\/fmpatagoniamadryn.com.ar\\\/wp-content\\\/uploads\\\/2026\\\/09\\\/img_8765.jpg\",\"datePublished\":\"2026-09-05T22:10:11+00:00\",\"breadcrumb\":{\"@id\":\"https:\\\/\\\/fmpatagoniamadryn.com.ar\\\/?p=26391#breadcrumb\"},\"inLanguage\":\"es\",\"potentialAction\":[{\"@type\":\"ReadAction\",\"target\":[\"https:\\\/\\\/fmpatagoniamadryn.com.ar\\\/?p=26391\"]}]},{\"@type\":\"ImageObject\",\"inLanguage\":\"es\",\"@id\":\"https:\\\/\\\/fmpatagoniamadryn.com.ar\\\/?p=26391#primaryimage\",\"url\":\"https:\\\/\\\/fmpatagoniamadryn.com.ar\\\/wp-content\\\/uploads\\\/2026\\\/09\\\/img_8765.jpg\",\"contentUrl\":\"https:\\\/\\\/fmpatagoniamadryn.com.ar\\\/wp-content\\\/uploads\\\/2026\\\/09\\\/img_8765.jpg\",\"width\":1536,\"height\":881},{\"@type\":\"BreadcrumbList\",\"@id\":\"https:\\\/\\\/fmpatagoniamadryn.com.ar\\\/?p=26391#breadcrumb\",\"itemListElement\":[{\"@type\":\"ListItem\",\"position\":1,\"name\":\"Portada\",\"item\":\"https:\\\/\\\/fmpatagoniamadryn.com.ar\\\/\"},{\"@type\":\"ListItem\",\"position\":2,\"name\":\"Tragedia en la Ruta 251: dos personas murieron tras un choque entre una camioneta y un cami\u00f3n\"}]},{\"@type\":\"WebSite\",\"@id\":\"https:\\\/\\\/fmpatagoniamadryn.com.ar\\\/#website\",\"url\":\"https:\\\/\\\/fmpatagoniamadryn.com.ar\\\/\",\"name\":\"FM Patagonia Madryn\",\"description\":\"Radio Patagonia 105.5\",\"publisher\":{\"@id\":\"https:\\\/\\\/fmpatagoniamadryn.com.ar\\\/#organization\"},\"potentialAction\":[{\"@type\":\"SearchAction\",\"target\":{\"@type\":\"EntryPoint\",\"urlTemplate\":\"https:\\\/\\\/fmpatagoniamadryn.com.ar\\\/?s={search_term_string}\"},\"query-input\":{\"@type\":\"PropertyValueSpecification\",\"valueRequired\":true,\"valueName\":\"search_term_string\"}}],\"inLanguage\":\"es\"},{\"@type\":\"Organization\",\"@id\":\"https:\\\/\\\/fmpatagoniamadryn.com.ar\\\/#organization\",\"name\":\"FM Patagonia Madryn\",\"url\":\"https:\\\/\\\/fmpatagoniamadryn.com.ar\\\/\",\"logo\":{\"@type\":\"ImageObject\",\"inLanguage\":\"es\",\"@id\":\"https:\\\/\\\/fmpatagoniamadryn.com.ar\\\/#\\\/schema\\\/logo\\\/image\\\/\",\"url\":\"https:\\\/\\\/fmpatagoniamadryn.com.ar\\\/wp-content\\\/uploads\\\/2023\\\/01\\\/cropped-Diseno-sin-titulo.png\",\"contentUrl\":\"https:\\\/\\\/fmpatagoniamadryn.com.ar\\\/wp-content\\\/uploads\\\/2023\\\/01\\\/cropped-Diseno-sin-titulo.png\",\"width\":6911,\"height\":2657,\"caption\":\"FM Patagonia Madryn\"},\"image\":{\"@id\":\"https:\\\/\\\/fmpatagoniamadryn.com.ar\\\/#\\\/schema\\\/logo\\\/image\\\/\"}},{\"@type\":\"Person\",\"@id\":\"https:\\\/\\\/fmpatagoniamadryn.com.ar\\\/#\\\/schema\\\/person\\\/97b1d30cb2ae311544a88a5201700571\",\"name\":\"FM Patagonia\",\"url\":\"https:\\\/\\\/fmpatagoniamadryn.com.ar\\\/?author=4\"}]}<\/script>\n<!-- \/ Yoast SEO plugin. -->","yoast_head_json":{"title":"Tragedia en la Ruta 251: dos personas murieron tras un choque entre una camioneta y un cami\u00f3n - FM Patagonia Madryn","robots":{"index":"index","follow":"follow","max-snippet":"max-snippet:-1","max-image-preview":"max-image-preview:large","max-video-preview":"max-video-preview:-1"},"canonical":"https:\/\/fmpatagoniamadryn.com.ar\/?p=26391","og_locale":"es_ES","og_type":"article","og_title":"Tragedia en la Ruta 251: dos personas murieron tras un choque entre una camioneta y un cami\u00f3n - FM Patagonia Madryn","og_description":"Un fatal accidente de tr\u00e1nsito se produjo durante la ma\u00f1ana de este s\u00e1bado sobre la Ruta Nacional 251, en el kil\u00f3metro 158, en el tramo que une San Antonio Oeste con General Conesa. El siniestro involucr\u00f3 a un cami\u00f3n con acoplado, una camioneta y un tercer veh\u00edculo que circulaba por la zona.","og_url":"https:\/\/fmpatagoniamadryn.com.ar\/?p=26391","og_site_name":"FM Patagonia Madryn","article_published_time":"2026-09-05T22:10:11+00:00","og_image":[{"width":1536,"height":881,"url":"https:\/\/fmpatagoniamadryn.com.ar\/wp-content\/uploads\/2026\/09\/img_8765.jpg","type":"image\/jpeg"}],"author":"FM Patagonia","twitter_card":"summary_large_image","twitter_misc":{"Escrito por":"FM Patagonia","Tiempo de lectura":"2 minutos"},"schema":{"@context":"https:\/\/schema.org","@graph":[{"@type":"Article","@id":"https:\/\/fmpatagoniamadryn.com.ar\/?p=26391#article","isPartOf":{"@id":"https:\/\/fmpatagoniamadryn.com.ar\/?p=26391"},"author":{"name":"FM Patagonia","@id":"https:\/\/fmpatagoniamadryn.com.ar\/#\/schema\/person\/97b1d30cb2ae311544a88a5201700571"},"headline":"Tragedia en la Ruta 251: dos personas murieron tras un choque entre una camioneta y un cami\u00f3n","datePublished":"2026-09-05T22:10:11+00:00","mainEntityOfPage":{"@id":"https:\/\/fmpatagoniamadryn.com.ar\/?p=26391"},"wordCount":402,"publisher":{"@id":"https:\/\/fmpatagoniamadryn.com.ar\/#organization"},"image":{"@id":"https:\/\/fmpatagoniamadryn.com.ar\/?p=26391#primaryimage"},"thumbnailUrl":"https:\/\/fmpatagoniamadryn.com.ar\/wp-content\/uploads\/2026\/09\/img_8765.jpg","keywords":["accidente","choque","tragedia"],"articleSection":["Policiales"],"inLanguage":"es"},{"@type":"WebPage","@id":"https:\/\/fmpatagoniamadryn.com.ar\/?p=26391","url":"https:\/\/fmpatagoniamadryn.com.ar\/?p=26391","name":"Tragedia en la Ruta 251: dos personas murieron tras un choque entre una camioneta y un cami\u00f3n - FM Patagonia Madryn","isPartOf":{"@id":"https:\/\/fmpatagoniamadryn.com.ar\/#website"},"primaryImageOfPage":{"@id":"https:\/\/fmpatagoniamadryn.com.ar\/?p=26391#primaryimage"},"image":{"@id":"https:\/\/fmpatagoniamadryn.com.ar\/?p=26391#primaryimage"},"thumbnailUrl":"https:\/\/fmpatagoniamadryn.com.ar\/wp-content\/uploads\/2026\/09\/img_8765.jpg","datePublished":"2026-09-05T22:10:11+00:00","breadcrumb":{"@id":"https:\/\/fmpatagoniamadryn.com.ar\/?p=26391#breadcrumb"},"inLanguage":"es","potentialAction":[{"@type":"ReadAction","target":["https:\/\/fmpatagoniamadryn.com.ar\/?p=26391"]}]},{"@type":"ImageObject","inLanguage":"es","@id":"https:\/\/fmpatagoniamadryn.com.ar\/?p=26391#primaryimage","url":"https:\/\/fmpatagoniamadryn.com.ar\/wp-content\/uploads\/2026\/09\/img_8765.jpg","contentUrl":"https:\/\/fmpatagoniamadryn.com.ar\/wp-content\/uploads\/2026\/09\/img_8765.jpg","width":1536,"height":881},{"@type":"BreadcrumbList","@id":"https:\/\/fmpatagoniamadryn.com.ar\/?p=26391#breadcrumb","itemListElement":[{"@type":"ListItem","position":1,"name":"Portada","item":"https:\/\/fmpatagoniamadryn.com.ar\/"},{"@type":"ListItem","position":2,"name":"Tragedia en la Ruta 251: dos personas murieron tras un choque entre una camioneta y un cami\u00f3n"}]},{"@type":"WebSite","@id":"https:\/\/fmpatagoniamadryn.com.ar\/#website","url":"https:\/\/fmpatagoniamadryn.com.ar\/","name":"FM Patagonia Madryn","description":"Radio Patagonia 105.5","publisher":{"@id":"https:\/\/fmpatagoniamadryn.com.ar\/#organization"},"potentialAction":[{"@type":"SearchAction","target":{"@type":"EntryPoint","urlTemplate":"https:\/\/fmpatagoniamadryn.com.ar\/?s={search_term_string}"},"query-input":{"@type":"PropertyValueSpecification","valueRequired":true,"valueName":"search_term_string"}}],"inLanguage":"es"},{"@type":"Organization","@id":"https:\/\/fmpatagoniamadryn.com.ar\/#organization","name":"FM Patagonia Madryn","url":"https:\/\/fmpatagoniamadryn.com.ar\/","logo":{"@type":"ImageObject","inLanguage":"es","@id":"https:\/\/fmpatagoniamadryn.com.ar\/#\/schema\/logo\/image\/","url":"https:\/\/fmpatagoniamadryn.com.ar\/wp-content\/uploads\/2023\/01\/cropped-Diseno-sin-titulo.png","contentUrl":"https:\/\/fmpatagoniamadryn.com.ar\/wp-content\/uploads\/2023\/01\/cropped-Diseno-sin-titulo.png","width":6911,"height":2657,"caption":"FM Patagonia Madryn"},"image":{"@id":"https:\/\/fmpatagoniamadryn.com.ar\/#\/schema\/logo\/image\/"}},{"@type":"Person","@id":"https:\/\/fmpatagoniamadryn.com.ar\/#\/schema\/person\/97b1d30cb2ae311544a88a5201700571","name":"FM Patagonia","url":"https:\/\/fmpatagoniamadryn.com.ar\/?author=4"}]}},"jetpack_featured_media_url":"https:\/\/fmpatagoniamadryn.com.ar\/wp-content\/uploads\/2026\/09\/img_8765.jpg","_links":{"self":[{"href":"https:\/\/fmpatagoniamadryn.com.ar\/index.php?rest_route=\/wp\/v2\/posts\/26391","targetHints":{"allow":["GET"]}}],"collection":[{"href":"https:\/\/fmpatagoniamadryn.com.ar\/index.php?rest_route=\/wp\/v2\/posts"}],"about":[{"href":"https:\/\/fmpatagoniamadryn.com.ar\/index.php?rest_route=\/wp\/v2\/types\/post"}],"author":[{"embeddable":true,"href":"https:\/\/fmpatagoniamadryn.com.ar\/index.php?rest_route=\/wp\/v2\/users\/4"}],"replies":[{"embeddable":true,"href":"https:\/\/fmpatagoniamadryn.com.ar\/index.php?rest_route=%2Fwp%2Fv2%2Fcomments&post=26391"}],"version-history":[{"count":1,"href":"https:\/\/fmpatagoniamadryn.com.ar\/index.php?rest_route=\/wp\/v2\/posts\/26391\/revisions"}],"predecessor-version":[{"id":26392,"href":"https:\/\/fmpatagoniamadryn.com.ar\/index.php?rest_route=\/wp\/v2\/posts\/26391\/revisions\/26392"}],"wp:featuredmedia":[{"embeddable":true,"href":"https:\/\/fmpatagoniamadryn.com.ar\/index.php?rest_route=\/wp\/v2\/media\/26390"}],"wp:attachment":[{"href":"https:\/\/fmpatagoniamadryn.com.ar\/index.php?rest_route=%2Fwp%2Fv2%2Fmedia&parent=26391"}],"wp:term":[{"taxonomy":"category","embeddable":true,"href":"https:\/\/fmpatagoniamadryn.com.ar\/index.php?rest_route=%2Fwp%2Fv2%2Fcategories&post=26391"},{"taxonomy":"post_tag","embeddable":true,"href":"https:\/\/fmpatagoniamadryn.com.ar\/index.php?rest_route=%2Fwp%2Fv2%2Ftags&post=26391"}],"curies":[{"name":"wp","href":"https:\/\/api.w.org\/{rel}","templated":true}]}}