{"id":26394,"date":"2026-09-05T21:02:57","date_gmt":"2026-09-06T00:02:57","guid":{"rendered":"https:\/\/fmpatagoniamadryn.com.ar\/?p=26394"},"modified":"2026-09-05T21:02:57","modified_gmt":"2026-09-06T00:02:57","slug":"provincia-reunio-a-equipos-de-la-comarca-andina-para-fortalecer-el-abordaje-de-situaciones-de-violencia-de-genero","status":"publish","type":"post","link":"https:\/\/fmpatagoniamadryn.com.ar\/?p=26394","title":{"rendered":"Provincia reuni\u00f3 a equipos de la Comarca Andina para fortalecer el abordaje de situaciones de violencia de g\u00e9nero"},"content":{"rendered":"\n<p class=\"wp-block-paragraph\">El Gobierno del Chubut, a trav\u00e9s del Ministerio de Desarrollo Humano, llev\u00f3 adelante en El Hoyo una jornada de formaci\u00f3n sobre \u201cAbordajes de situaciones de violencia de g\u00e9nero y herramientas de acompa\u00f1amiento integral\u201d.<\/p>\n\n\n\n<p class=\"wp-block-paragraph\">La actividad fue impulsada por la Direcci\u00f3n General de Pol\u00edticas de G\u00e9nero y Diversidad, dependiente de la Subsecretar\u00eda de Pol\u00edticas Sociales y G\u00e9neros, y reuni\u00f3 a equipos de El Hoyo, Cushamen, Gualjaina, Cholila, Epuy\u00e9n, El Mait\u00e9n, Lago Puelo y Esquel.<\/p>\n\n\n\n<p class=\"wp-block-paragraph\">Tambi\u00e9n participaron integrantes de las Comisar\u00edas de la Mujer, de los Servicios de Protecci\u00f3n de Derechos de Ni\u00f1os y Adolescentes y de distintas \u00e1reas locales que intervienen ante situaciones de violencia por motivos de g\u00e9nero.<\/p>\n\n\n\n<h2 class=\"wp-block-heading\"><em>Red territorial<\/em><\/h2>\n\n\n\n<p class=\"wp-block-paragraph\">Durante el encuentro se brindaron herramientas para fortalecer las capacidades de los equipos, mejorar el acompa\u00f1amiento integral y consolidar los mecanismos de articulaci\u00f3n institucional frente a situaciones complejas.<\/p>\n\n\n\n<p class=\"wp-block-paragraph\">La jornada permiti\u00f3, adem\u00e1s, compartir experiencias y criterios de intervenci\u00f3n, avanzar en la construcci\u00f3n de respuestas coordinadas y fortalecer la red territorial encargada de acompa\u00f1ar y proteger a las personas que atraviesan situaciones de violencia de g\u00e9nero.<\/p>\n","protected":false},"excerpt":{"rendered":"<p>Representantes de distintas localidades participaron en El Hoyo de una jornada de capacitaci\u00f3n y articulaci\u00f3n destinada a reforzar las herramientas institucionales para el acompa\u00f1amiento integral.<\/p>\n","protected":false},"author":4,"featured_media":26393,"comment_status":"closed","ping_status":"closed","sticky":false,"template":"","format":"standard","meta":{"footnotes":""},"categories":[14],"tags":[711,712],"class_list":["post-26394","post","type-post","status-publish","format-standard","has-post-thumbnail","hentry","category-provinciales","tag-comarca-andina","tag-violencia-de-genero"],"yoast_head":"<!-- This site is optimized with the Yoast SEO plugin v28.4 - https:\/\/yoast.com\/product\/yoast-seo-wordpress\/ -->\n<title>Provincia reuni\u00f3 a equipos de la Comarca Andina para fortalecer el abordaje de situaciones de violencia de g\u00e9nero - FM Patagonia Madryn<\/title>\n<meta name=\"robots\" content=\"index, follow, max-snippet:-1, max-image-preview:large, max-video-preview:-1\" \/>\n<link rel=\"canonical\" href=\"https:\/\/fmpatagoniamadryn.com.ar\/?p=26394\" \/>\n<meta property=\"og:locale\" content=\"es_ES\" \/>\n<meta property=\"og:type\" content=\"article\" \/>\n<meta property=\"og:title\" content=\"Provincia reuni\u00f3 a equipos de la Comarca Andina para fortalecer el abordaje de situaciones de violencia de g\u00e9nero - FM Patagonia Madryn\" \/>\n<meta property=\"og:description\" content=\"Representantes de distintas localidades participaron en El Hoyo de una jornada de capacitaci\u00f3n y articulaci\u00f3n destinada a reforzar las herramientas institucionales para el acompa\u00f1amiento integral.\" \/>\n<meta property=\"og:url\" content=\"https:\/\/fmpatagoniamadryn.com.ar\/?p=26394\" \/>\n<meta property=\"og:site_name\" content=\"FM Patagonia Madryn\" \/>\n<meta property=\"article:published_time\" content=\"2026-09-06T00:02:57+00:00\" \/>\n<meta property=\"og:image\" content=\"https:\/\/fmpatagoniamadryn.com.ar\/wp-content\/uploads\/2026\/09\/44885461-4fa9-496d-bce8-f4599f1fd1f3.jpg\" \/>\n\t<meta property=\"og:image:width\" content=\"978\" \/>\n\t<meta property=\"og:image:height\" content=\"586\" \/>\n\t<meta property=\"og:image:type\" content=\"image\/jpeg\" \/>\n<meta name=\"author\" content=\"FM Patagonia\" \/>\n<meta name=\"twitter:card\" content=\"summary_large_image\" \/>\n<meta name=\"twitter:label1\" content=\"Escrito por\" \/>\n\t<meta name=\"twitter:data1\" content=\"FM Patagonia\" \/>\n\t<meta name=\"twitter:label2\" content=\"Tiempo de lectura\" \/>\n\t<meta name=\"twitter:data2\" content=\"1 minuto\" \/>\n<script type=\"application\/ld+json\" class=\"yoast-schema-graph\">{\"@context\":\"https:\\\/\\\/schema.org\",\"@graph\":[{\"@type\":\"Article\",\"@id\":\"https:\\\/\\\/fmpatagoniamadryn.com.ar\\\/?p=26394#article\",\"isPartOf\":{\"@id\":\"https:\\\/\\\/fmpatagoniamadryn.com.ar\\\/?p=26394\"},\"author\":{\"name\":\"FM Patagonia\",\"@id\":\"https:\\\/\\\/fmpatagoniamadryn.com.ar\\\/#\\\/schema\\\/person\\\/97b1d30cb2ae311544a88a5201700571\"},\"headline\":\"Provincia reuni\u00f3 a equipos de la Comarca Andina para fortalecer el abordaje de situaciones de violencia de g\u00e9nero\",\"datePublished\":\"2026-09-06T00:02:57+00:00\",\"mainEntityOfPage\":{\"@id\":\"https:\\\/\\\/fmpatagoniamadryn.com.ar\\\/?p=26394\"},\"wordCount\":218,\"publisher\":{\"@id\":\"https:\\\/\\\/fmpatagoniamadryn.com.ar\\\/#organization\"},\"image\":{\"@id\":\"https:\\\/\\\/fmpatagoniamadryn.com.ar\\\/?p=26394#primaryimage\"},\"thumbnailUrl\":\"https:\\\/\\\/fmpatagoniamadryn.com.ar\\\/wp-content\\\/uploads\\\/2026\\\/09\\\/44885461-4fa9-496d-bce8-f4599f1fd1f3.jpg\",\"keywords\":[\"comarca andina\",\"violencia de genero\"],\"articleSection\":[\"Provinciales\"],\"inLanguage\":\"es\"},{\"@type\":\"WebPage\",\"@id\":\"https:\\\/\\\/fmpatagoniamadryn.com.ar\\\/?p=26394\",\"url\":\"https:\\\/\\\/fmpatagoniamadryn.com.ar\\\/?p=26394\",\"name\":\"Provincia reuni\u00f3 a equipos de la Comarca Andina para fortalecer el abordaje de situaciones de violencia de g\u00e9nero - FM Patagonia Madryn\",\"isPartOf\":{\"@id\":\"https:\\\/\\\/fmpatagoniamadryn.com.ar\\\/#website\"},\"primaryImageOfPage\":{\"@id\":\"https:\\\/\\\/fmpatagoniamadryn.com.ar\\\/?p=26394#primaryimage\"},\"image\":{\"@id\":\"https:\\\/\\\/fmpatagoniamadryn.com.ar\\\/?p=26394#primaryimage\"},\"thumbnailUrl\":\"https:\\\/\\\/fmpatagoniamadryn.com.ar\\\/wp-content\\\/uploads\\\/2026\\\/09\\\/44885461-4fa9-496d-bce8-f4599f1fd1f3.jpg\",\"datePublished\":\"2026-09-06T00:02:57+00:00\",\"breadcrumb\":{\"@id\":\"https:\\\/\\\/fmpatagoniamadryn.com.ar\\\/?p=26394#breadcrumb\"},\"inLanguage\":\"es\",\"potentialAction\":[{\"@type\":\"ReadAction\",\"target\":[\"https:\\\/\\\/fmpatagoniamadryn.com.ar\\\/?p=26394\"]}]},{\"@type\":\"ImageObject\",\"inLanguage\":\"es\",\"@id\":\"https:\\\/\\\/fmpatagoniamadryn.com.ar\\\/?p=26394#primaryimage\",\"url\":\"https:\\\/\\\/fmpatagoniamadryn.com.ar\\\/wp-content\\\/uploads\\\/2026\\\/09\\\/44885461-4fa9-496d-bce8-f4599f1fd1f3.jpg\",\"contentUrl\":\"https:\\\/\\\/fmpatagoniamadryn.com.ar\\\/wp-content\\\/uploads\\\/2026\\\/09\\\/44885461-4fa9-496d-bce8-f4599f1fd1f3.jpg\",\"width\":978,\"height\":586},{\"@type\":\"BreadcrumbList\",\"@id\":\"https:\\\/\\\/fmpatagoniamadryn.com.ar\\\/?p=26394#breadcrumb\",\"itemListElement\":[{\"@type\":\"ListItem\",\"position\":1,\"name\":\"Portada\",\"item\":\"https:\\\/\\\/fmpatagoniamadryn.com.ar\\\/\"},{\"@type\":\"ListItem\",\"position\":2,\"name\":\"Provincia reuni\u00f3 a equipos de la Comarca Andina para fortalecer el abordaje de situaciones de violencia de g\u00e9nero\"}]},{\"@type\":\"WebSite\",\"@id\":\"https:\\\/\\\/fmpatagoniamadryn.com.ar\\\/#website\",\"url\":\"https:\\\/\\\/fmpatagoniamadryn.com.ar\\\/\",\"name\":\"FM Patagonia Madryn\",\"description\":\"Radio Patagonia 105.5\",\"publisher\":{\"@id\":\"https:\\\/\\\/fmpatagoniamadryn.com.ar\\\/#organization\"},\"potentialAction\":[{\"@type\":\"SearchAction\",\"target\":{\"@type\":\"EntryPoint\",\"urlTemplate\":\"https:\\\/\\\/fmpatagoniamadryn.com.ar\\\/?s={search_term_string}\"},\"query-input\":{\"@type\":\"PropertyValueSpecification\",\"valueRequired\":true,\"valueName\":\"search_term_string\"}}],\"inLanguage\":\"es\"},{\"@type\":\"Organization\",\"@id\":\"https:\\\/\\\/fmpatagoniamadryn.com.ar\\\/#organization\",\"name\":\"FM Patagonia Madryn\",\"url\":\"https:\\\/\\\/fmpatagoniamadryn.com.ar\\\/\",\"logo\":{\"@type\":\"ImageObject\",\"inLanguage\":\"es\",\"@id\":\"https:\\\/\\\/fmpatagoniamadryn.com.ar\\\/#\\\/schema\\\/logo\\\/image\\\/\",\"url\":\"https:\\\/\\\/fmpatagoniamadryn.com.ar\\\/wp-content\\\/uploads\\\/2023\\\/01\\\/cropped-Diseno-sin-titulo.png\",\"contentUrl\":\"https:\\\/\\\/fmpatagoniamadryn.com.ar\\\/wp-content\\\/uploads\\\/2023\\\/01\\\/cropped-Diseno-sin-titulo.png\",\"width\":6911,\"height\":2657,\"caption\":\"FM Patagonia Madryn\"},\"image\":{\"@id\":\"https:\\\/\\\/fmpatagoniamadryn.com.ar\\\/#\\\/schema\\\/logo\\\/image\\\/\"}},{\"@type\":\"Person\",\"@id\":\"https:\\\/\\\/fmpatagoniamadryn.com.ar\\\/#\\\/schema\\\/person\\\/97b1d30cb2ae311544a88a5201700571\",\"name\":\"FM Patagonia\",\"url\":\"https:\\\/\\\/fmpatagoniamadryn.com.ar\\\/?author=4\"}]}<\/script>\n<!-- \/ Yoast SEO plugin. -->","yoast_head_json":{"title":"Provincia reuni\u00f3 a equipos de la Comarca Andina para fortalecer el abordaje de situaciones de violencia de g\u00e9nero - FM Patagonia Madryn","robots":{"index":"index","follow":"follow","max-snippet":"max-snippet:-1","max-image-preview":"max-image-preview:large","max-video-preview":"max-video-preview:-1"},"canonical":"https:\/\/fmpatagoniamadryn.com.ar\/?p=26394","og_locale":"es_ES","og_type":"article","og_title":"Provincia reuni\u00f3 a equipos de la Comarca Andina para fortalecer el abordaje de situaciones de violencia de g\u00e9nero - FM Patagonia Madryn","og_description":"Representantes de distintas localidades participaron en El Hoyo de una jornada de capacitaci\u00f3n y articulaci\u00f3n destinada a reforzar las herramientas institucionales para el acompa\u00f1amiento integral.","og_url":"https:\/\/fmpatagoniamadryn.com.ar\/?p=26394","og_site_name":"FM Patagonia Madryn","article_published_time":"2026-09-06T00:02:57+00:00","og_image":[{"width":978,"height":586,"url":"https:\/\/fmpatagoniamadryn.com.ar\/wp-content\/uploads\/2026\/09\/44885461-4fa9-496d-bce8-f4599f1fd1f3.jpg","type":"image\/jpeg"}],"author":"FM Patagonia","twitter_card":"summary_large_image","twitter_misc":{"Escrito por":"FM Patagonia","Tiempo de lectura":"1 minuto"},"schema":{"@context":"https:\/\/schema.org","@graph":[{"@type":"Article","@id":"https:\/\/fmpatagoniamadryn.com.ar\/?p=26394#article","isPartOf":{"@id":"https:\/\/fmpatagoniamadryn.com.ar\/?p=26394"},"author":{"name":"FM Patagonia","@id":"https:\/\/fmpatagoniamadryn.com.ar\/#\/schema\/person\/97b1d30cb2ae311544a88a5201700571"},"headline":"Provincia reuni\u00f3 a equipos de la Comarca Andina para fortalecer el abordaje de situaciones de violencia de g\u00e9nero","datePublished":"2026-09-06T00:02:57+00:00","mainEntityOfPage":{"@id":"https:\/\/fmpatagoniamadryn.com.ar\/?p=26394"},"wordCount":218,"publisher":{"@id":"https:\/\/fmpatagoniamadryn.com.ar\/#organization"},"image":{"@id":"https:\/\/fmpatagoniamadryn.com.ar\/?p=26394#primaryimage"},"thumbnailUrl":"https:\/\/fmpatagoniamadryn.com.ar\/wp-content\/uploads\/2026\/09\/44885461-4fa9-496d-bce8-f4599f1fd1f3.jpg","keywords":["comarca andina","violencia de genero"],"articleSection":["Provinciales"],"inLanguage":"es"},{"@type":"WebPage","@id":"https:\/\/fmpatagoniamadryn.com.ar\/?p=26394","url":"https:\/\/fmpatagoniamadryn.com.ar\/?p=26394","name":"Provincia reuni\u00f3 a equipos de la Comarca Andina para fortalecer el abordaje de situaciones de violencia de g\u00e9nero - FM Patagonia Madryn","isPartOf":{"@id":"https:\/\/fmpatagoniamadryn.com.ar\/#website"},"primaryImageOfPage":{"@id":"https:\/\/fmpatagoniamadryn.com.ar\/?p=26394#primaryimage"},"image":{"@id":"https:\/\/fmpatagoniamadryn.com.ar\/?p=26394#primaryimage"},"thumbnailUrl":"https:\/\/fmpatagoniamadryn.com.ar\/wp-content\/uploads\/2026\/09\/44885461-4fa9-496d-bce8-f4599f1fd1f3.jpg","datePublished":"2026-09-06T00:02:57+00:00","breadcrumb":{"@id":"https:\/\/fmpatagoniamadryn.com.ar\/?p=26394#breadcrumb"},"inLanguage":"es","potentialAction":[{"@type":"ReadAction","target":["https:\/\/fmpatagoniamadryn.com.ar\/?p=26394"]}]},{"@type":"ImageObject","inLanguage":"es","@id":"https:\/\/fmpatagoniamadryn.com.ar\/?p=26394#primaryimage","url":"https:\/\/fmpatagoniamadryn.com.ar\/wp-content\/uploads\/2026\/09\/44885461-4fa9-496d-bce8-f4599f1fd1f3.jpg","contentUrl":"https:\/\/fmpatagoniamadryn.com.ar\/wp-content\/uploads\/2026\/09\/44885461-4fa9-496d-bce8-f4599f1fd1f3.jpg","width":978,"height":586},{"@type":"BreadcrumbList","@id":"https:\/\/fmpatagoniamadryn.com.ar\/?p=26394#breadcrumb","itemListElement":[{"@type":"ListItem","position":1,"name":"Portada","item":"https:\/\/fmpatagoniamadryn.com.ar\/"},{"@type":"ListItem","position":2,"name":"Provincia reuni\u00f3 a equipos de la Comarca Andina para fortalecer el abordaje de situaciones de violencia de g\u00e9nero"}]},{"@type":"WebSite","@id":"https:\/\/fmpatagoniamadryn.com.ar\/#website","url":"https:\/\/fmpatagoniamadryn.com.ar\/","name":"FM Patagonia Madryn","description":"Radio Patagonia 105.5","publisher":{"@id":"https:\/\/fmpatagoniamadryn.com.ar\/#organization"},"potentialAction":[{"@type":"SearchAction","target":{"@type":"EntryPoint","urlTemplate":"https:\/\/fmpatagoniamadryn.com.ar\/?s={search_term_string}"},"query-input":{"@type":"PropertyValueSpecification","valueRequired":true,"valueName":"search_term_string"}}],"inLanguage":"es"},{"@type":"Organization","@id":"https:\/\/fmpatagoniamadryn.com.ar\/#organization","name":"FM Patagonia Madryn","url":"https:\/\/fmpatagoniamadryn.com.ar\/","logo":{"@type":"ImageObject","inLanguage":"es","@id":"https:\/\/fmpatagoniamadryn.com.ar\/#\/schema\/logo\/image\/","url":"https:\/\/fmpatagoniamadryn.com.ar\/wp-content\/uploads\/2023\/01\/cropped-Diseno-sin-titulo.png","contentUrl":"https:\/\/fmpatagoniamadryn.com.ar\/wp-content\/uploads\/2023\/01\/cropped-Diseno-sin-titulo.png","width":6911,"height":2657,"caption":"FM Patagonia Madryn"},"image":{"@id":"https:\/\/fmpatagoniamadryn.com.ar\/#\/schema\/logo\/image\/"}},{"@type":"Person","@id":"https:\/\/fmpatagoniamadryn.com.ar\/#\/schema\/person\/97b1d30cb2ae311544a88a5201700571","name":"FM Patagonia","url":"https:\/\/fmpatagoniamadryn.com.ar\/?author=4"}]}},"jetpack_featured_media_url":"https:\/\/fmpatagoniamadryn.com.ar\/wp-content\/uploads\/2026\/09\/44885461-4fa9-496d-bce8-f4599f1fd1f3.jpg","_links":{"self":[{"href":"https:\/\/fmpatagoniamadryn.com.ar\/index.php?rest_route=\/wp\/v2\/posts\/26394","targetHints":{"allow":["GET"]}}],"collection":[{"href":"https:\/\/fmpatagoniamadryn.com.ar\/index.php?rest_route=\/wp\/v2\/posts"}],"about":[{"href":"https:\/\/fmpatagoniamadryn.com.ar\/index.php?rest_route=\/wp\/v2\/types\/post"}],"author":[{"embeddable":true,"href":"https:\/\/fmpatagoniamadryn.com.ar\/index.php?rest_route=\/wp\/v2\/users\/4"}],"replies":[{"embeddable":true,"href":"https:\/\/fmpatagoniamadryn.com.ar\/index.php?rest_route=%2Fwp%2Fv2%2Fcomments&post=26394"}],"version-history":[{"count":1,"href":"https:\/\/fmpatagoniamadryn.com.ar\/index.php?rest_route=\/wp\/v2\/posts\/26394\/revisions"}],"predecessor-version":[{"id":26395,"href":"https:\/\/fmpatagoniamadryn.com.ar\/index.php?rest_route=\/wp\/v2\/posts\/26394\/revisions\/26395"}],"wp:featuredmedia":[{"embeddable":true,"href":"https:\/\/fmpatagoniamadryn.com.ar\/index.php?rest_route=\/wp\/v2\/media\/26393"}],"wp:attachment":[{"href":"https:\/\/fmpatagoniamadryn.com.ar\/index.php?rest_route=%2Fwp%2Fv2%2Fmedia&parent=26394"}],"wp:term":[{"taxonomy":"category","embeddable":true,"href":"https:\/\/fmpatagoniamadryn.com.ar\/index.php?rest_route=%2Fwp%2Fv2%2Fcategories&post=26394"},{"taxonomy":"post_tag","embeddable":true,"href":"https:\/\/fmpatagoniamadryn.com.ar\/index.php?rest_route=%2Fwp%2Fv2%2Ftags&post=26394"}],"curies":[{"name":"wp","href":"https:\/\/api.w.org\/{rel}","templated":true}]}}