{"id":26404,"date":"2026-09-06T11:38:04","date_gmt":"2026-09-06T14:38:04","guid":{"rendered":"https:\/\/fmpatagoniamadryn.com.ar\/?p=26404"},"modified":"2026-09-06T11:38:04","modified_gmt":"2026-09-06T14:38:04","slug":"ante-la-implementacion-del-nuevo-regimen-penal-juvenil-chubut-fortalece-sus-dispositivos-socioeducativos","status":"publish","type":"post","link":"https:\/\/fmpatagoniamadryn.com.ar\/?p=26404","title":{"rendered":"Ante la implementaci\u00f3n del nuevo R\u00e9gimen Penal Juvenil, Chubut fortalece sus dispositivos socioeducativos"},"content":{"rendered":"\n<p class=\"wp-block-paragraph\">El Gobierno del Chubut, a trav\u00e9s del Ministerio de Desarrollo Humano, contin\u00faa avanzando en la adecuaci\u00f3n de sus dispositivos y programas ante la puesta en marcha de la Ley Nacional N.\u00ba 27.801, que establece el nuevo R\u00e9gimen Penal Juvenil.<\/p>\n\n\n\n<p class=\"wp-block-paragraph\">En ese marco, se realiz\u00f3 una reuni\u00f3n de trabajo para poner en com\u00fan los avances alcanzados y las acciones que los equipos provinciales vienen desarrollando, tanto en los Centros de Orientaci\u00f3n Socioeducativa de Trelew y Esquel como en las distintas \u00e1reas vinculadas al sistema penal juvenil.<\/p>\n\n\n\n<p class=\"wp-block-paragraph\">El encuentro fue encabezado por la ministra de Desarrollo Humano, Florencia Papaiani, y cont\u00f3 con la participaci\u00f3n del subsecretario de Desarrollo Humano y Familia, Christian Aprosoff; la directora de Penal Juvenil, Dra. Camila V\u00e1zquez; la directora del COSE de Trelew, Daniela Jara; y autoridades del COSE de Esquel.<\/p>\n\n\n\n<p class=\"wp-block-paragraph\">Durante la jornada, los responsables de ambos centros compartieron el trabajo realizado y las medidas adoptadas para adecuar su funcionamiento a las disposiciones de la nueva normativa. Asimismo, se evaluaron los avances en la elaboraci\u00f3n de protocolos de actuaci\u00f3n para el ingreso y abordaje de adolescentes de 14 y 15 a\u00f1os, contemplando las particularidades y necesidades propias de esta franja etaria.<\/p>\n\n\n\n<p class=\"wp-block-paragraph\">Los Centros de Orientaci\u00f3n Socioeducativa de Trelew y Esquel dependen del Ministerio de Desarrollo Humano y tienen a su cargo la ejecuci\u00f3n de las medidas de coerci\u00f3n personal y socioeducativas de privaci\u00f3n de libertad dispuestas judicialmente respecto de adolescentes en conflicto con la ley penal.<\/p>\n\n\n\n<p class=\"wp-block-paragraph\">Estos dispositivos desarrollan un abordaje integral orientado a la educaci\u00f3n, la responsabilizaci\u00f3n y la inclusi\u00f3n social. Para ello, cuentan con equipos t\u00e9cnicos interdisciplinarios y personal encargado de acompa\u00f1ar las actividades educativas, formativas, deportivas, culturales, recreativas y de capacitaci\u00f3n laboral.<\/p>\n\n\n\n<h2 class=\"wp-block-heading\"><em>Protocolos de ingreso y organizaci\u00f3n institucional<\/em><\/h2>\n\n\n\n<p class=\"wp-block-paragraph\">Como parte del proceso de adecuaci\u00f3n que se viene llevando adelante, los equipos trabajaron en la revisi\u00f3n y elaboraci\u00f3n de los protocolos de ingreso, estableciendo procedimientos claros para la recepci\u00f3n de adolescentes, la documentaci\u00f3n y certificaci\u00f3n m\u00e9dica requeridas, el registro de sus pertenencias y la informaci\u00f3n que debe proporcion\u00e1rseles sobre su situaci\u00f3n judicial, sus derechos y las normas de funcionamiento institucional.<\/p>\n\n\n\n<p class=\"wp-block-paragraph\">Asimismo, se avanz\u00f3 en la reorganizaci\u00f3n de los espacios de alojamiento y de las actividades de acuerdo con las edades, trayectorias y necesidades de cada adolescente, priorizando su integridad, una convivencia adecuada y la prevenci\u00f3n de situaciones de desigualdad o vulneraci\u00f3n de derechos.<\/p>\n\n\n\n<p class=\"wp-block-paragraph\">En el caso del COSE de Trelew, se planific\u00f3 una distribuci\u00f3n diferenciada de los espacios destinados a adolescentes de 14 y 15 a\u00f1os y a j\u00f3venes de 16 y 17, incluyendo un sector espec\u00edfico de admisi\u00f3n para las primeras horas posteriores al ingreso. Esta organizaci\u00f3n ser\u00e1 revisada peri\u00f3dicamente atendiendo a la evoluci\u00f3n individual de los adolescentes y a la din\u00e1mica cotidiana de la instituci\u00f3n.<\/p>\n\n\n\n<h2 class=\"wp-block-heading\"><em>Plan Provincial de Capacitaci\u00f3n<\/em><\/h2>\n\n\n\n<p class=\"wp-block-paragraph\">En paralelo, el Ministerio de Desarrollo Humano avanza en la elaboraci\u00f3n de un Plan Provincial de Sensibilizaci\u00f3n y Capacitaci\u00f3n sobre el R\u00e9gimen Penal Juvenil, destinado a promover el conocimiento y la implementaci\u00f3n situada de la Ley Nacional N.\u00ba 27.801 en todo el territorio provincial.<\/p>\n\n\n\n<p class=\"wp-block-paragraph\">La propuesta contempla dos l\u00edneas de acci\u00f3n diferenciadas. La primera estar\u00e1 dirigida a la comunidad en general y tendr\u00e1 como objetivo brindar informaci\u00f3n clara y accesible sobre el R\u00e9gimen Penal Juvenil, sus alcances, los principales cambios introducidos por la legislaci\u00f3n y los derechos y garant\u00edas reconocidos a los adolescentes.<\/p>\n\n\n\n<p class=\"wp-block-paragraph\">Para ello, se elaborar\u00e1 una pieza audiovisual institucional que ser\u00e1 puesta a disposici\u00f3n a trav\u00e9s de la plataforma virtual del \u00c1rea de Capacitaciones del Gobierno del Chubut. Quienes accedan al contenido podr\u00e1n completar un formulario virtual y obtener la certificaci\u00f3n correspondiente.<\/p>\n\n\n\n<p class=\"wp-block-paragraph\">La segunda l\u00ednea estar\u00e1 destinada espec\u00edficamente a los agentes, operadores, equipos t\u00e9cnicos y profesionales que intervienen directa o indirectamente en el sistema penal juvenil. Alcanzar\u00e1 al personal de los Centros de Orientaci\u00f3n Socioeducativa, los Programas Preventivos y de Libertad Asistida, los Servicios de Protecci\u00f3n de Derechos, los Equipos T\u00e9cnicos Interdisciplinarios de los hogares, la Polic\u00eda Comunitaria y otros organismos que participan en la restituci\u00f3n de derechos y la integraci\u00f3n comunitaria de ni\u00f1as, ni\u00f1os y adolescentes.<\/p>\n\n\n\n<p class=\"wp-block-paragraph\">La capacitaci\u00f3n profundizar\u00e1 sobre el \u00e1mbito de aplicaci\u00f3n de la nueva ley; los principios, derechos y garant\u00edas que deben orientar las intervenciones; el sistema de consecuencias penales y medidas complementarias; las penas alternativas; el car\u00e1cter excepcional de la privaci\u00f3n de libertad; y los mecanismos alternativos de resoluci\u00f3n de conflictos.<\/p>\n\n\n\n<p class=\"wp-block-paragraph\">Tambi\u00e9n se trabajar\u00e1 sobre el rol de los equipos y dispositivos en el acompa\u00f1amiento de los adolescentes, las funciones de la figura del supervisor, el seguimiento de las trayectorias educativas, sanitarias, familiares, comunitarias y de formaci\u00f3n laboral, y la articulaci\u00f3n entre los organismos que intervienen en cada situaci\u00f3n.<\/p>\n\n\n\n<p class=\"wp-block-paragraph\">Esta instancia se desarrollar\u00e1 de manera presencial y ser\u00e1 transmitida simult\u00e1neamente en modalidad virtual para garantizar la participaci\u00f3n de equipos de toda la provincia. Adem\u00e1s, incluir\u00e1 materiales normativos y bibliogr\u00e1ficos, el an\u00e1lisis de casos y situaciones pr\u00e1cticas y una evaluaci\u00f3n final para acceder a la certificaci\u00f3n.<\/p>\n\n\n\n<p class=\"wp-block-paragraph\">\u201cEsta reuni\u00f3n nos permiti\u00f3 poner en com\u00fan todo el trabajo que los equipos vienen desarrollando para llegar preparados a la implementaci\u00f3n del nuevo r\u00e9gimen, compartir los avances de cada instituci\u00f3n y definir criterios comunes de intervenci\u00f3n\u201d, destac\u00f3 la ministra Papaiani.<\/p>\n\n\n\n<p class=\"wp-block-paragraph\">Por \u00faltimo, se\u00f1al\u00f3: \u201cEstamos trabajando de manera anticipada y articulada para adecuar los dispositivos, establecer protocolos claros y fortalecer la formaci\u00f3n de quienes tendr\u00e1n a su cargo la aplicaci\u00f3n concreta de la nueva normativa. Nuestro objetivo es garantizar intervenciones especializadas y que estos espacios cumplan una funci\u00f3n verdaderamente socioeducativa, promoviendo la responsabilizaci\u00f3n, la educaci\u00f3n y la construcci\u00f3n de nuevas oportunidades para los adolescentes\u201d.<\/p>\n","protected":false},"excerpt":{"rendered":"<p>Se realiz\u00f3 una reuni\u00f3n de trabajo para poner en com\u00fan los avances alcanzados y las acciones que los equipos provinciales vienen desarrollando, tanto en los Centros de Orientaci\u00f3n Socioeducativa de Trelew y Esquel como en las distintas \u00e1reas vinculadas al sistema penal juvenil.<\/p>\n","protected":false},"author":4,"featured_media":26403,"comment_status":"closed","ping_status":"closed","sticky":false,"template":"","format":"standard","meta":{"footnotes":""},"categories":[14],"tags":[713,666],"class_list":["post-26404","post","type-post","status-publish","format-standard","has-post-thumbnail","hentry","category-provinciales","tag-dispositivos-socioeducativos","tag-regimen-penal-juvenil"],"yoast_head":"<!-- This site is optimized with the Yoast SEO plugin v28.4 - https:\/\/yoast.com\/product\/yoast-seo-wordpress\/ -->\n<title>Ante la implementaci\u00f3n del nuevo R\u00e9gimen Penal Juvenil, Chubut fortalece sus dispositivos socioeducativos - FM Patagonia Madryn<\/title>\n<meta name=\"robots\" content=\"index, follow, max-snippet:-1, max-image-preview:large, max-video-preview:-1\" \/>\n<link rel=\"canonical\" href=\"https:\/\/fmpatagoniamadryn.com.ar\/?p=26404\" \/>\n<meta property=\"og:locale\" content=\"es_ES\" \/>\n<meta property=\"og:type\" content=\"article\" \/>\n<meta property=\"og:title\" content=\"Ante la implementaci\u00f3n del nuevo R\u00e9gimen Penal Juvenil, Chubut fortalece sus dispositivos socioeducativos - FM Patagonia Madryn\" \/>\n<meta property=\"og:description\" content=\"Se realiz\u00f3 una reuni\u00f3n de trabajo para poner en com\u00fan los avances alcanzados y las acciones que los equipos provinciales vienen desarrollando, tanto en los Centros de Orientaci\u00f3n Socioeducativa de Trelew y Esquel como en las distintas \u00e1reas vinculadas al sistema penal juvenil.\" \/>\n<meta property=\"og:url\" content=\"https:\/\/fmpatagoniamadryn.com.ar\/?p=26404\" \/>\n<meta property=\"og:site_name\" content=\"FM Patagonia Madryn\" \/>\n<meta property=\"article:published_time\" content=\"2026-09-06T14:38:04+00:00\" \/>\n<meta property=\"og:image\" content=\"https:\/\/fmpatagoniamadryn.com.ar\/wp-content\/uploads\/2026\/09\/6965a9f4-ac92-4223-bc59-72f166f133ae.jpg\" \/>\n\t<meta property=\"og:image:width\" content=\"1280\" \/>\n\t<meta property=\"og:image:height\" content=\"960\" \/>\n\t<meta property=\"og:image:type\" content=\"image\/jpeg\" \/>\n<meta name=\"author\" content=\"FM Patagonia\" \/>\n<meta name=\"twitter:card\" content=\"summary_large_image\" \/>\n<meta name=\"twitter:label1\" content=\"Escrito por\" \/>\n\t<meta name=\"twitter:data1\" content=\"FM Patagonia\" \/>\n\t<meta name=\"twitter:label2\" content=\"Tiempo de lectura\" \/>\n\t<meta name=\"twitter:data2\" content=\"5 minutos\" \/>\n<script type=\"application\/ld+json\" class=\"yoast-schema-graph\">{\"@context\":\"https:\\\/\\\/schema.org\",\"@graph\":[{\"@type\":\"Article\",\"@id\":\"https:\\\/\\\/fmpatagoniamadryn.com.ar\\\/?p=26404#article\",\"isPartOf\":{\"@id\":\"https:\\\/\\\/fmpatagoniamadryn.com.ar\\\/?p=26404\"},\"author\":{\"name\":\"FM Patagonia\",\"@id\":\"https:\\\/\\\/fmpatagoniamadryn.com.ar\\\/#\\\/schema\\\/person\\\/97b1d30cb2ae311544a88a5201700571\"},\"headline\":\"Ante la implementaci\u00f3n del nuevo R\u00e9gimen Penal Juvenil, Chubut fortalece sus dispositivos socioeducativos\",\"datePublished\":\"2026-09-06T14:38:04+00:00\",\"mainEntityOfPage\":{\"@id\":\"https:\\\/\\\/fmpatagoniamadryn.com.ar\\\/?p=26404\"},\"wordCount\":1024,\"publisher\":{\"@id\":\"https:\\\/\\\/fmpatagoniamadryn.com.ar\\\/#organization\"},\"image\":{\"@id\":\"https:\\\/\\\/fmpatagoniamadryn.com.ar\\\/?p=26404#primaryimage\"},\"thumbnailUrl\":\"https:\\\/\\\/fmpatagoniamadryn.com.ar\\\/wp-content\\\/uploads\\\/2026\\\/09\\\/6965a9f4-ac92-4223-bc59-72f166f133ae.jpg\",\"keywords\":[\"dispositivos socioeducativos\",\"regimen penal juvenil\"],\"articleSection\":[\"Provinciales\"],\"inLanguage\":\"es\"},{\"@type\":\"WebPage\",\"@id\":\"https:\\\/\\\/fmpatagoniamadryn.com.ar\\\/?p=26404\",\"url\":\"https:\\\/\\\/fmpatagoniamadryn.com.ar\\\/?p=26404\",\"name\":\"Ante la implementaci\u00f3n del nuevo R\u00e9gimen Penal Juvenil, Chubut fortalece sus dispositivos socioeducativos - FM Patagonia Madryn\",\"isPartOf\":{\"@id\":\"https:\\\/\\\/fmpatagoniamadryn.com.ar\\\/#website\"},\"primaryImageOfPage\":{\"@id\":\"https:\\\/\\\/fmpatagoniamadryn.com.ar\\\/?p=26404#primaryimage\"},\"image\":{\"@id\":\"https:\\\/\\\/fmpatagoniamadryn.com.ar\\\/?p=26404#primaryimage\"},\"thumbnailUrl\":\"https:\\\/\\\/fmpatagoniamadryn.com.ar\\\/wp-content\\\/uploads\\\/2026\\\/09\\\/6965a9f4-ac92-4223-bc59-72f166f133ae.jpg\",\"datePublished\":\"2026-09-06T14:38:04+00:00\",\"breadcrumb\":{\"@id\":\"https:\\\/\\\/fmpatagoniamadryn.com.ar\\\/?p=26404#breadcrumb\"},\"inLanguage\":\"es\",\"potentialAction\":[{\"@type\":\"ReadAction\",\"target\":[\"https:\\\/\\\/fmpatagoniamadryn.com.ar\\\/?p=26404\"]}]},{\"@type\":\"ImageObject\",\"inLanguage\":\"es\",\"@id\":\"https:\\\/\\\/fmpatagoniamadryn.com.ar\\\/?p=26404#primaryimage\",\"url\":\"https:\\\/\\\/fmpatagoniamadryn.com.ar\\\/wp-content\\\/uploads\\\/2026\\\/09\\\/6965a9f4-ac92-4223-bc59-72f166f133ae.jpg\",\"contentUrl\":\"https:\\\/\\\/fmpatagoniamadryn.com.ar\\\/wp-content\\\/uploads\\\/2026\\\/09\\\/6965a9f4-ac92-4223-bc59-72f166f133ae.jpg\",\"width\":1280,\"height\":960},{\"@type\":\"BreadcrumbList\",\"@id\":\"https:\\\/\\\/fmpatagoniamadryn.com.ar\\\/?p=26404#breadcrumb\",\"itemListElement\":[{\"@type\":\"ListItem\",\"position\":1,\"name\":\"Portada\",\"item\":\"https:\\\/\\\/fmpatagoniamadryn.com.ar\\\/\"},{\"@type\":\"ListItem\",\"position\":2,\"name\":\"Ante la implementaci\u00f3n del nuevo R\u00e9gimen Penal Juvenil, Chubut fortalece sus dispositivos socioeducativos\"}]},{\"@type\":\"WebSite\",\"@id\":\"https:\\\/\\\/fmpatagoniamadryn.com.ar\\\/#website\",\"url\":\"https:\\\/\\\/fmpatagoniamadryn.com.ar\\\/\",\"name\":\"FM Patagonia Madryn\",\"description\":\"Radio Patagonia 105.5\",\"publisher\":{\"@id\":\"https:\\\/\\\/fmpatagoniamadryn.com.ar\\\/#organization\"},\"potentialAction\":[{\"@type\":\"SearchAction\",\"target\":{\"@type\":\"EntryPoint\",\"urlTemplate\":\"https:\\\/\\\/fmpatagoniamadryn.com.ar\\\/?s={search_term_string}\"},\"query-input\":{\"@type\":\"PropertyValueSpecification\",\"valueRequired\":true,\"valueName\":\"search_term_string\"}}],\"inLanguage\":\"es\"},{\"@type\":\"Organization\",\"@id\":\"https:\\\/\\\/fmpatagoniamadryn.com.ar\\\/#organization\",\"name\":\"FM Patagonia Madryn\",\"url\":\"https:\\\/\\\/fmpatagoniamadryn.com.ar\\\/\",\"logo\":{\"@type\":\"ImageObject\",\"inLanguage\":\"es\",\"@id\":\"https:\\\/\\\/fmpatagoniamadryn.com.ar\\\/#\\\/schema\\\/logo\\\/image\\\/\",\"url\":\"https:\\\/\\\/fmpatagoniamadryn.com.ar\\\/wp-content\\\/uploads\\\/2023\\\/01\\\/cropped-Diseno-sin-titulo.png\",\"contentUrl\":\"https:\\\/\\\/fmpatagoniamadryn.com.ar\\\/wp-content\\\/uploads\\\/2023\\\/01\\\/cropped-Diseno-sin-titulo.png\",\"width\":6911,\"height\":2657,\"caption\":\"FM Patagonia Madryn\"},\"image\":{\"@id\":\"https:\\\/\\\/fmpatagoniamadryn.com.ar\\\/#\\\/schema\\\/logo\\\/image\\\/\"}},{\"@type\":\"Person\",\"@id\":\"https:\\\/\\\/fmpatagoniamadryn.com.ar\\\/#\\\/schema\\\/person\\\/97b1d30cb2ae311544a88a5201700571\",\"name\":\"FM Patagonia\",\"url\":\"https:\\\/\\\/fmpatagoniamadryn.com.ar\\\/?author=4\"}]}<\/script>\n<!-- \/ Yoast SEO plugin. -->","yoast_head_json":{"title":"Ante la implementaci\u00f3n del nuevo R\u00e9gimen Penal Juvenil, Chubut fortalece sus dispositivos socioeducativos - FM Patagonia Madryn","robots":{"index":"index","follow":"follow","max-snippet":"max-snippet:-1","max-image-preview":"max-image-preview:large","max-video-preview":"max-video-preview:-1"},"canonical":"https:\/\/fmpatagoniamadryn.com.ar\/?p=26404","og_locale":"es_ES","og_type":"article","og_title":"Ante la implementaci\u00f3n del nuevo R\u00e9gimen Penal Juvenil, Chubut fortalece sus dispositivos socioeducativos - FM Patagonia Madryn","og_description":"Se realiz\u00f3 una reuni\u00f3n de trabajo para poner en com\u00fan los avances alcanzados y las acciones que los equipos provinciales vienen desarrollando, tanto en los Centros de Orientaci\u00f3n Socioeducativa de Trelew y Esquel como en las distintas \u00e1reas vinculadas al sistema penal juvenil.","og_url":"https:\/\/fmpatagoniamadryn.com.ar\/?p=26404","og_site_name":"FM Patagonia Madryn","article_published_time":"2026-09-06T14:38:04+00:00","og_image":[{"width":1280,"height":960,"url":"https:\/\/fmpatagoniamadryn.com.ar\/wp-content\/uploads\/2026\/09\/6965a9f4-ac92-4223-bc59-72f166f133ae.jpg","type":"image\/jpeg"}],"author":"FM Patagonia","twitter_card":"summary_large_image","twitter_misc":{"Escrito por":"FM Patagonia","Tiempo de lectura":"5 minutos"},"schema":{"@context":"https:\/\/schema.org","@graph":[{"@type":"Article","@id":"https:\/\/fmpatagoniamadryn.com.ar\/?p=26404#article","isPartOf":{"@id":"https:\/\/fmpatagoniamadryn.com.ar\/?p=26404"},"author":{"name":"FM Patagonia","@id":"https:\/\/fmpatagoniamadryn.com.ar\/#\/schema\/person\/97b1d30cb2ae311544a88a5201700571"},"headline":"Ante la implementaci\u00f3n del nuevo R\u00e9gimen Penal Juvenil, Chubut fortalece sus dispositivos socioeducativos","datePublished":"2026-09-06T14:38:04+00:00","mainEntityOfPage":{"@id":"https:\/\/fmpatagoniamadryn.com.ar\/?p=26404"},"wordCount":1024,"publisher":{"@id":"https:\/\/fmpatagoniamadryn.com.ar\/#organization"},"image":{"@id":"https:\/\/fmpatagoniamadryn.com.ar\/?p=26404#primaryimage"},"thumbnailUrl":"https:\/\/fmpatagoniamadryn.com.ar\/wp-content\/uploads\/2026\/09\/6965a9f4-ac92-4223-bc59-72f166f133ae.jpg","keywords":["dispositivos socioeducativos","regimen penal juvenil"],"articleSection":["Provinciales"],"inLanguage":"es"},{"@type":"WebPage","@id":"https:\/\/fmpatagoniamadryn.com.ar\/?p=26404","url":"https:\/\/fmpatagoniamadryn.com.ar\/?p=26404","name":"Ante la implementaci\u00f3n del nuevo R\u00e9gimen Penal Juvenil, Chubut fortalece sus dispositivos socioeducativos - FM Patagonia Madryn","isPartOf":{"@id":"https:\/\/fmpatagoniamadryn.com.ar\/#website"},"primaryImageOfPage":{"@id":"https:\/\/fmpatagoniamadryn.com.ar\/?p=26404#primaryimage"},"image":{"@id":"https:\/\/fmpatagoniamadryn.com.ar\/?p=26404#primaryimage"},"thumbnailUrl":"https:\/\/fmpatagoniamadryn.com.ar\/wp-content\/uploads\/2026\/09\/6965a9f4-ac92-4223-bc59-72f166f133ae.jpg","datePublished":"2026-09-06T14:38:04+00:00","breadcrumb":{"@id":"https:\/\/fmpatagoniamadryn.com.ar\/?p=26404#breadcrumb"},"inLanguage":"es","potentialAction":[{"@type":"ReadAction","target":["https:\/\/fmpatagoniamadryn.com.ar\/?p=26404"]}]},{"@type":"ImageObject","inLanguage":"es","@id":"https:\/\/fmpatagoniamadryn.com.ar\/?p=26404#primaryimage","url":"https:\/\/fmpatagoniamadryn.com.ar\/wp-content\/uploads\/2026\/09\/6965a9f4-ac92-4223-bc59-72f166f133ae.jpg","contentUrl":"https:\/\/fmpatagoniamadryn.com.ar\/wp-content\/uploads\/2026\/09\/6965a9f4-ac92-4223-bc59-72f166f133ae.jpg","width":1280,"height":960},{"@type":"BreadcrumbList","@id":"https:\/\/fmpatagoniamadryn.com.ar\/?p=26404#breadcrumb","itemListElement":[{"@type":"ListItem","position":1,"name":"Portada","item":"https:\/\/fmpatagoniamadryn.com.ar\/"},{"@type":"ListItem","position":2,"name":"Ante la implementaci\u00f3n del nuevo R\u00e9gimen Penal Juvenil, Chubut fortalece sus dispositivos socioeducativos"}]},{"@type":"WebSite","@id":"https:\/\/fmpatagoniamadryn.com.ar\/#website","url":"https:\/\/fmpatagoniamadryn.com.ar\/","name":"FM Patagonia Madryn","description":"Radio Patagonia 105.5","publisher":{"@id":"https:\/\/fmpatagoniamadryn.com.ar\/#organization"},"potentialAction":[{"@type":"SearchAction","target":{"@type":"EntryPoint","urlTemplate":"https:\/\/fmpatagoniamadryn.com.ar\/?s={search_term_string}"},"query-input":{"@type":"PropertyValueSpecification","valueRequired":true,"valueName":"search_term_string"}}],"inLanguage":"es"},{"@type":"Organization","@id":"https:\/\/fmpatagoniamadryn.com.ar\/#organization","name":"FM Patagonia Madryn","url":"https:\/\/fmpatagoniamadryn.com.ar\/","logo":{"@type":"ImageObject","inLanguage":"es","@id":"https:\/\/fmpatagoniamadryn.com.ar\/#\/schema\/logo\/image\/","url":"https:\/\/fmpatagoniamadryn.com.ar\/wp-content\/uploads\/2023\/01\/cropped-Diseno-sin-titulo.png","contentUrl":"https:\/\/fmpatagoniamadryn.com.ar\/wp-content\/uploads\/2023\/01\/cropped-Diseno-sin-titulo.png","width":6911,"height":2657,"caption":"FM Patagonia Madryn"},"image":{"@id":"https:\/\/fmpatagoniamadryn.com.ar\/#\/schema\/logo\/image\/"}},{"@type":"Person","@id":"https:\/\/fmpatagoniamadryn.com.ar\/#\/schema\/person\/97b1d30cb2ae311544a88a5201700571","name":"FM Patagonia","url":"https:\/\/fmpatagoniamadryn.com.ar\/?author=4"}]}},"jetpack_featured_media_url":"https:\/\/fmpatagoniamadryn.com.ar\/wp-content\/uploads\/2026\/09\/6965a9f4-ac92-4223-bc59-72f166f133ae.jpg","_links":{"self":[{"href":"https:\/\/fmpatagoniamadryn.com.ar\/index.php?rest_route=\/wp\/v2\/posts\/26404","targetHints":{"allow":["GET"]}}],"collection":[{"href":"https:\/\/fmpatagoniamadryn.com.ar\/index.php?rest_route=\/wp\/v2\/posts"}],"about":[{"href":"https:\/\/fmpatagoniamadryn.com.ar\/index.php?rest_route=\/wp\/v2\/types\/post"}],"author":[{"embeddable":true,"href":"https:\/\/fmpatagoniamadryn.com.ar\/index.php?rest_route=\/wp\/v2\/users\/4"}],"replies":[{"embeddable":true,"href":"https:\/\/fmpatagoniamadryn.com.ar\/index.php?rest_route=%2Fwp%2Fv2%2Fcomments&post=26404"}],"version-history":[{"count":1,"href":"https:\/\/fmpatagoniamadryn.com.ar\/index.php?rest_route=\/wp\/v2\/posts\/26404\/revisions"}],"predecessor-version":[{"id":26405,"href":"https:\/\/fmpatagoniamadryn.com.ar\/index.php?rest_route=\/wp\/v2\/posts\/26404\/revisions\/26405"}],"wp:featuredmedia":[{"embeddable":true,"href":"https:\/\/fmpatagoniamadryn.com.ar\/index.php?rest_route=\/wp\/v2\/media\/26403"}],"wp:attachment":[{"href":"https:\/\/fmpatagoniamadryn.com.ar\/index.php?rest_route=%2Fwp%2Fv2%2Fmedia&parent=26404"}],"wp:term":[{"taxonomy":"category","embeddable":true,"href":"https:\/\/fmpatagoniamadryn.com.ar\/index.php?rest_route=%2Fwp%2Fv2%2Fcategories&post=26404"},{"taxonomy":"post_tag","embeddable":true,"href":"https:\/\/fmpatagoniamadryn.com.ar\/index.php?rest_route=%2Fwp%2Fv2%2Ftags&post=26404"}],"curies":[{"name":"wp","href":"https:\/\/api.w.org\/{rel}","templated":true}]}}