{"id":26430,"date":"2026-09-06T15:41:57","date_gmt":"2026-09-06T18:41:57","guid":{"rendered":"https:\/\/fmpatagoniamadryn.com.ar\/?p=26430"},"modified":"2026-09-06T15:41:57","modified_gmt":"2026-09-06T18:41:57","slug":"sastre-este-torneo-unio-a-la-patagonia-en-madryn-celebrando-41-anos-taekwondo-en-la-ciudad","status":"publish","type":"post","link":"https:\/\/fmpatagoniamadryn.com.ar\/?p=26430","title":{"rendered":"Sastre: \u201cEste torneo uni\u00f3 a la Patagonia en Madryn, celebrando 41 a\u00f1os Taekwondo en la ciudad\u201d"},"content":{"rendered":"\n<p class=\"wp-block-paragraph\">El certamen reuni\u00f3 a representantes de Puerto Madryn y otras localidades de Chubut, como Comodoro Rivadavia, Esquel y Trevelin, adem\u00e1s de delegaciones de Cipolletti, Ca\u00f1ad\u00f3n Seco, Villa Manzano y Los Antiguos. De esta manera, la ciudad volvi\u00f3 a posicionarse como sede de una competencia de relevancia para el taekwondo regional.<\/p>\n\n\n\n<p class=\"wp-block-paragraph\">Durante la jornada, Sastre particip\u00f3 del acto central de la competencia, que tuvo adem\u00e1s un significado especial por la conmemoraci\u00f3n del 41\u00b0 aniversario de la llegada del taekwondo a Puerto Madryn, de la mano del Gran Maestro Jos\u00e9 Ignacio Carbonell, quien estuvo presente en el evento.<\/p>\n\n\n\n<p class=\"wp-block-paragraph\">Carbonell es una figura fundamental en la historia de la disciplina en la ciudad y en la provincia. A lo largo de su trayectoria tuvo un rol destacado en la formaci\u00f3n de entrenadores de taekwondo de Chubut, por lo que su presencia permiti\u00f3 unir la historia de los primeros a\u00f1os de la actividad con las nuevas generaciones que hoy contin\u00faan desarroll\u00e1ndola.<\/p>\n\n\n\n<p class=\"wp-block-paragraph\">Al respecto, el intendente Sastre sostuvo que \u201cpara nosotros es muy importante acompa\u00f1ar una competencia de estas caracter\u00edsticas, pero mucho m\u00e1s lo es poder celebrar los 41 a\u00f1os de una disciplina que forma parte de la historia deportiva de Madryn\u201d.<\/p>\n\n\n\n<p class=\"wp-block-paragraph\">\u201cCuando vemos a m\u00e1s de 200 chicos, j\u00f3venes y adultos llegar desde distintos lugares de la Patagonia, entendemos todo lo que ha crecido el taekwondo y el trabajo que vienen haciendo durante tantos a\u00f1os quienes est\u00e1n al frente de esta actividad. Y tener hoy ac\u00e1 al Gran Maestro Carbonell, que fue quien estuvo en los comienzos de esta historia, hace que este aniversario tenga un valor todav\u00eda m\u00e1s especial\u201d, afirm\u00f3.<\/p>\n\n\n\n<p class=\"wp-block-paragraph\">\u201cDesde el Municipio vamos a seguir estando cerca de nuestros clubes, asociaciones, federaciones y deportistas. El deporte es una herramienta de inclusi\u00f3n, de formaci\u00f3n y de generaci\u00f3n de oportunidades, y por eso para nosotros es una pol\u00edtica p\u00fablica que sostenemos y vamos a seguir fortaleciendo\u201d, remarc\u00f3 Sastre.<\/p>\n\n\n\n<h2 class=\"wp-block-heading\">EVITA Y TORNEO NACIONAL<\/h2>\n\n\n\n<p class=\"wp-block-paragraph\">Adem\u00e1s del car\u00e1cter aniversario, la Copa tuvo una importante relevancia deportiva, ya que cont\u00f3 con instancias clasificatorias para los Juegos Nacionales Evita 2026 y para el Torneo Nacional Clausura de la Confederaci\u00f3n Argentina de Taekwondo (CAT).<\/p>\n\n\n\n<p class=\"wp-block-paragraph\">Las competencias se desarrollaron bajo la modalidad Kyorugui y contemplaron distintas categor\u00edas. Durante la primera jornada tuvieron participaci\u00f3n los infantiles, mientras que el domingo fue el turno de las divisiones cadetes, juveniles y adultos.<\/p>\n\n\n\n<p class=\"wp-block-paragraph\">En este marco, Sastre se\u00f1al\u00f3 que \u201ctambi\u00e9n es importante que esta Copa no sea solamente un encuentro deportivo, sino que sea una competencia que les d\u00e9 a nuestros deportistas la posibilidad de seguir creciendo y de clasificarse a torneos nacionales. Eso demuestra el nivel que tiene hoy el taekwondo en nuestra ciudad y en toda la regi\u00f3n\u201d.<\/p>\n\n\n\n<p class=\"wp-block-paragraph\">La organizaci\u00f3n estuvo a cargo de la Asociaci\u00f3n Taekwondo Puerto Madryn y la Federaci\u00f3n de Taekwondo Ol\u00edmpico del Chubut.<\/p>\n","protected":false},"excerpt":{"rendered":"<p>El intendente de Puerto Madryn acompa\u00f1\u00f3 el desarrollo de la 20\u00b0 Copa Aniversario de Puerto Madryn de Taekwondo, que se llev\u00f3 a cabo durante el fin de semana en el Gimnasio Municipal N\u00b01, con la participaci\u00f3n de m\u00e1s de 200 deportistas provenientes de distintos puntos de la Patagonia.<\/p>\n","protected":false},"author":4,"featured_media":26429,"comment_status":"closed","ping_status":"closed","sticky":false,"template":"","format":"standard","meta":{"footnotes":""},"categories":[4],"tags":[530,723],"class_list":["post-26430","post","type-post","status-publish","format-standard","has-post-thumbnail","hentry","category-deportes","tag-taekwondo","tag-torneo"],"yoast_head":"<!-- This site is optimized with the Yoast SEO plugin v28.4 - https:\/\/yoast.com\/product\/yoast-seo-wordpress\/ -->\n<title>Sastre: \u201cEste torneo uni\u00f3 a la Patagonia en Madryn, celebrando 41 a\u00f1os Taekwondo en la ciudad\u201d - FM Patagonia Madryn<\/title>\n<meta name=\"robots\" content=\"index, follow, max-snippet:-1, max-image-preview:large, max-video-preview:-1\" \/>\n<link rel=\"canonical\" href=\"https:\/\/fmpatagoniamadryn.com.ar\/?p=26430\" \/>\n<meta property=\"og:locale\" content=\"es_ES\" \/>\n<meta property=\"og:type\" content=\"article\" \/>\n<meta property=\"og:title\" content=\"Sastre: \u201cEste torneo uni\u00f3 a la Patagonia en Madryn, celebrando 41 a\u00f1os Taekwondo en la ciudad\u201d - FM Patagonia Madryn\" \/>\n<meta property=\"og:description\" content=\"El intendente de Puerto Madryn acompa\u00f1\u00f3 el desarrollo de la 20\u00b0 Copa Aniversario de Puerto Madryn de Taekwondo, que se llev\u00f3 a cabo durante el fin de semana en el Gimnasio Municipal N\u00b01, con la participaci\u00f3n de m\u00e1s de 200 deportistas provenientes de distintos puntos de la Patagonia.\" \/>\n<meta property=\"og:url\" content=\"https:\/\/fmpatagoniamadryn.com.ar\/?p=26430\" \/>\n<meta property=\"og:site_name\" content=\"FM Patagonia Madryn\" \/>\n<meta property=\"article:published_time\" content=\"2026-09-06T18:41:57+00:00\" \/>\n<meta property=\"og:image\" content=\"https:\/\/fmpatagoniamadryn.com.ar\/wp-content\/uploads\/2026\/09\/e6d2c275-d249-40e9-9b5f-1571ea3672a9.jpg\" \/>\n\t<meta property=\"og:image:width\" content=\"1600\" \/>\n\t<meta property=\"og:image:height\" content=\"1066\" \/>\n\t<meta property=\"og:image:type\" content=\"image\/jpeg\" \/>\n<meta name=\"author\" content=\"FM Patagonia\" \/>\n<meta name=\"twitter:card\" content=\"summary_large_image\" \/>\n<meta name=\"twitter:label1\" content=\"Escrito por\" \/>\n\t<meta name=\"twitter:data1\" content=\"FM Patagonia\" \/>\n\t<meta name=\"twitter:label2\" content=\"Tiempo de lectura\" \/>\n\t<meta name=\"twitter:data2\" content=\"2 minutos\" \/>\n<script type=\"application\/ld+json\" class=\"yoast-schema-graph\">{\"@context\":\"https:\\\/\\\/schema.org\",\"@graph\":[{\"@type\":\"Article\",\"@id\":\"https:\\\/\\\/fmpatagoniamadryn.com.ar\\\/?p=26430#article\",\"isPartOf\":{\"@id\":\"https:\\\/\\\/fmpatagoniamadryn.com.ar\\\/?p=26430\"},\"author\":{\"name\":\"FM Patagonia\",\"@id\":\"https:\\\/\\\/fmpatagoniamadryn.com.ar\\\/#\\\/schema\\\/person\\\/97b1d30cb2ae311544a88a5201700571\"},\"headline\":\"Sastre: \u201cEste torneo uni\u00f3 a la Patagonia en Madryn, celebrando 41 a\u00f1os Taekwondo en la ciudad\u201d\",\"datePublished\":\"2026-09-06T18:41:57+00:00\",\"mainEntityOfPage\":{\"@id\":\"https:\\\/\\\/fmpatagoniamadryn.com.ar\\\/?p=26430\"},\"wordCount\":512,\"publisher\":{\"@id\":\"https:\\\/\\\/fmpatagoniamadryn.com.ar\\\/#organization\"},\"image\":{\"@id\":\"https:\\\/\\\/fmpatagoniamadryn.com.ar\\\/?p=26430#primaryimage\"},\"thumbnailUrl\":\"https:\\\/\\\/fmpatagoniamadryn.com.ar\\\/wp-content\\\/uploads\\\/2026\\\/09\\\/e6d2c275-d249-40e9-9b5f-1571ea3672a9.jpg\",\"keywords\":[\"Taekwondo\",\"Torneo\"],\"articleSection\":[\"Deportes\"],\"inLanguage\":\"es\"},{\"@type\":\"WebPage\",\"@id\":\"https:\\\/\\\/fmpatagoniamadryn.com.ar\\\/?p=26430\",\"url\":\"https:\\\/\\\/fmpatagoniamadryn.com.ar\\\/?p=26430\",\"name\":\"Sastre: \u201cEste torneo uni\u00f3 a la Patagonia en Madryn, celebrando 41 a\u00f1os Taekwondo en la ciudad\u201d - FM Patagonia Madryn\",\"isPartOf\":{\"@id\":\"https:\\\/\\\/fmpatagoniamadryn.com.ar\\\/#website\"},\"primaryImageOfPage\":{\"@id\":\"https:\\\/\\\/fmpatagoniamadryn.com.ar\\\/?p=26430#primaryimage\"},\"image\":{\"@id\":\"https:\\\/\\\/fmpatagoniamadryn.com.ar\\\/?p=26430#primaryimage\"},\"thumbnailUrl\":\"https:\\\/\\\/fmpatagoniamadryn.com.ar\\\/wp-content\\\/uploads\\\/2026\\\/09\\\/e6d2c275-d249-40e9-9b5f-1571ea3672a9.jpg\",\"datePublished\":\"2026-09-06T18:41:57+00:00\",\"breadcrumb\":{\"@id\":\"https:\\\/\\\/fmpatagoniamadryn.com.ar\\\/?p=26430#breadcrumb\"},\"inLanguage\":\"es\",\"potentialAction\":[{\"@type\":\"ReadAction\",\"target\":[\"https:\\\/\\\/fmpatagoniamadryn.com.ar\\\/?p=26430\"]}]},{\"@type\":\"ImageObject\",\"inLanguage\":\"es\",\"@id\":\"https:\\\/\\\/fmpatagoniamadryn.com.ar\\\/?p=26430#primaryimage\",\"url\":\"https:\\\/\\\/fmpatagoniamadryn.com.ar\\\/wp-content\\\/uploads\\\/2026\\\/09\\\/e6d2c275-d249-40e9-9b5f-1571ea3672a9.jpg\",\"contentUrl\":\"https:\\\/\\\/fmpatagoniamadryn.com.ar\\\/wp-content\\\/uploads\\\/2026\\\/09\\\/e6d2c275-d249-40e9-9b5f-1571ea3672a9.jpg\",\"width\":1600,\"height\":1066},{\"@type\":\"BreadcrumbList\",\"@id\":\"https:\\\/\\\/fmpatagoniamadryn.com.ar\\\/?p=26430#breadcrumb\",\"itemListElement\":[{\"@type\":\"ListItem\",\"position\":1,\"name\":\"Portada\",\"item\":\"https:\\\/\\\/fmpatagoniamadryn.com.ar\\\/\"},{\"@type\":\"ListItem\",\"position\":2,\"name\":\"Sastre: \u201cEste torneo uni\u00f3 a la Patagonia en Madryn, celebrando 41 a\u00f1os Taekwondo en la ciudad\u201d\"}]},{\"@type\":\"WebSite\",\"@id\":\"https:\\\/\\\/fmpatagoniamadryn.com.ar\\\/#website\",\"url\":\"https:\\\/\\\/fmpatagoniamadryn.com.ar\\\/\",\"name\":\"FM Patagonia Madryn\",\"description\":\"Radio Patagonia 105.5\",\"publisher\":{\"@id\":\"https:\\\/\\\/fmpatagoniamadryn.com.ar\\\/#organization\"},\"potentialAction\":[{\"@type\":\"SearchAction\",\"target\":{\"@type\":\"EntryPoint\",\"urlTemplate\":\"https:\\\/\\\/fmpatagoniamadryn.com.ar\\\/?s={search_term_string}\"},\"query-input\":{\"@type\":\"PropertyValueSpecification\",\"valueRequired\":true,\"valueName\":\"search_term_string\"}}],\"inLanguage\":\"es\"},{\"@type\":\"Organization\",\"@id\":\"https:\\\/\\\/fmpatagoniamadryn.com.ar\\\/#organization\",\"name\":\"FM Patagonia Madryn\",\"url\":\"https:\\\/\\\/fmpatagoniamadryn.com.ar\\\/\",\"logo\":{\"@type\":\"ImageObject\",\"inLanguage\":\"es\",\"@id\":\"https:\\\/\\\/fmpatagoniamadryn.com.ar\\\/#\\\/schema\\\/logo\\\/image\\\/\",\"url\":\"https:\\\/\\\/fmpatagoniamadryn.com.ar\\\/wp-content\\\/uploads\\\/2023\\\/01\\\/cropped-Diseno-sin-titulo.png\",\"contentUrl\":\"https:\\\/\\\/fmpatagoniamadryn.com.ar\\\/wp-content\\\/uploads\\\/2023\\\/01\\\/cropped-Diseno-sin-titulo.png\",\"width\":6911,\"height\":2657,\"caption\":\"FM Patagonia Madryn\"},\"image\":{\"@id\":\"https:\\\/\\\/fmpatagoniamadryn.com.ar\\\/#\\\/schema\\\/logo\\\/image\\\/\"}},{\"@type\":\"Person\",\"@id\":\"https:\\\/\\\/fmpatagoniamadryn.com.ar\\\/#\\\/schema\\\/person\\\/97b1d30cb2ae311544a88a5201700571\",\"name\":\"FM Patagonia\",\"url\":\"https:\\\/\\\/fmpatagoniamadryn.com.ar\\\/?author=4\"}]}<\/script>\n<!-- \/ Yoast SEO plugin. -->","yoast_head_json":{"title":"Sastre: \u201cEste torneo uni\u00f3 a la Patagonia en Madryn, celebrando 41 a\u00f1os Taekwondo en la ciudad\u201d - FM Patagonia Madryn","robots":{"index":"index","follow":"follow","max-snippet":"max-snippet:-1","max-image-preview":"max-image-preview:large","max-video-preview":"max-video-preview:-1"},"canonical":"https:\/\/fmpatagoniamadryn.com.ar\/?p=26430","og_locale":"es_ES","og_type":"article","og_title":"Sastre: \u201cEste torneo uni\u00f3 a la Patagonia en Madryn, celebrando 41 a\u00f1os Taekwondo en la ciudad\u201d - FM Patagonia Madryn","og_description":"El intendente de Puerto Madryn acompa\u00f1\u00f3 el desarrollo de la 20\u00b0 Copa Aniversario de Puerto Madryn de Taekwondo, que se llev\u00f3 a cabo durante el fin de semana en el Gimnasio Municipal N\u00b01, con la participaci\u00f3n de m\u00e1s de 200 deportistas provenientes de distintos puntos de la Patagonia.","og_url":"https:\/\/fmpatagoniamadryn.com.ar\/?p=26430","og_site_name":"FM Patagonia Madryn","article_published_time":"2026-09-06T18:41:57+00:00","og_image":[{"width":1600,"height":1066,"url":"https:\/\/fmpatagoniamadryn.com.ar\/wp-content\/uploads\/2026\/09\/e6d2c275-d249-40e9-9b5f-1571ea3672a9.jpg","type":"image\/jpeg"}],"author":"FM Patagonia","twitter_card":"summary_large_image","twitter_misc":{"Escrito por":"FM Patagonia","Tiempo de lectura":"2 minutos"},"schema":{"@context":"https:\/\/schema.org","@graph":[{"@type":"Article","@id":"https:\/\/fmpatagoniamadryn.com.ar\/?p=26430#article","isPartOf":{"@id":"https:\/\/fmpatagoniamadryn.com.ar\/?p=26430"},"author":{"name":"FM Patagonia","@id":"https:\/\/fmpatagoniamadryn.com.ar\/#\/schema\/person\/97b1d30cb2ae311544a88a5201700571"},"headline":"Sastre: \u201cEste torneo uni\u00f3 a la Patagonia en Madryn, celebrando 41 a\u00f1os Taekwondo en la ciudad\u201d","datePublished":"2026-09-06T18:41:57+00:00","mainEntityOfPage":{"@id":"https:\/\/fmpatagoniamadryn.com.ar\/?p=26430"},"wordCount":512,"publisher":{"@id":"https:\/\/fmpatagoniamadryn.com.ar\/#organization"},"image":{"@id":"https:\/\/fmpatagoniamadryn.com.ar\/?p=26430#primaryimage"},"thumbnailUrl":"https:\/\/fmpatagoniamadryn.com.ar\/wp-content\/uploads\/2026\/09\/e6d2c275-d249-40e9-9b5f-1571ea3672a9.jpg","keywords":["Taekwondo","Torneo"],"articleSection":["Deportes"],"inLanguage":"es"},{"@type":"WebPage","@id":"https:\/\/fmpatagoniamadryn.com.ar\/?p=26430","url":"https:\/\/fmpatagoniamadryn.com.ar\/?p=26430","name":"Sastre: \u201cEste torneo uni\u00f3 a la Patagonia en Madryn, celebrando 41 a\u00f1os Taekwondo en la ciudad\u201d - FM Patagonia Madryn","isPartOf":{"@id":"https:\/\/fmpatagoniamadryn.com.ar\/#website"},"primaryImageOfPage":{"@id":"https:\/\/fmpatagoniamadryn.com.ar\/?p=26430#primaryimage"},"image":{"@id":"https:\/\/fmpatagoniamadryn.com.ar\/?p=26430#primaryimage"},"thumbnailUrl":"https:\/\/fmpatagoniamadryn.com.ar\/wp-content\/uploads\/2026\/09\/e6d2c275-d249-40e9-9b5f-1571ea3672a9.jpg","datePublished":"2026-09-06T18:41:57+00:00","breadcrumb":{"@id":"https:\/\/fmpatagoniamadryn.com.ar\/?p=26430#breadcrumb"},"inLanguage":"es","potentialAction":[{"@type":"ReadAction","target":["https:\/\/fmpatagoniamadryn.com.ar\/?p=26430"]}]},{"@type":"ImageObject","inLanguage":"es","@id":"https:\/\/fmpatagoniamadryn.com.ar\/?p=26430#primaryimage","url":"https:\/\/fmpatagoniamadryn.com.ar\/wp-content\/uploads\/2026\/09\/e6d2c275-d249-40e9-9b5f-1571ea3672a9.jpg","contentUrl":"https:\/\/fmpatagoniamadryn.com.ar\/wp-content\/uploads\/2026\/09\/e6d2c275-d249-40e9-9b5f-1571ea3672a9.jpg","width":1600,"height":1066},{"@type":"BreadcrumbList","@id":"https:\/\/fmpatagoniamadryn.com.ar\/?p=26430#breadcrumb","itemListElement":[{"@type":"ListItem","position":1,"name":"Portada","item":"https:\/\/fmpatagoniamadryn.com.ar\/"},{"@type":"ListItem","position":2,"name":"Sastre: \u201cEste torneo uni\u00f3 a la Patagonia en Madryn, celebrando 41 a\u00f1os Taekwondo en la ciudad\u201d"}]},{"@type":"WebSite","@id":"https:\/\/fmpatagoniamadryn.com.ar\/#website","url":"https:\/\/fmpatagoniamadryn.com.ar\/","name":"FM Patagonia Madryn","description":"Radio Patagonia 105.5","publisher":{"@id":"https:\/\/fmpatagoniamadryn.com.ar\/#organization"},"potentialAction":[{"@type":"SearchAction","target":{"@type":"EntryPoint","urlTemplate":"https:\/\/fmpatagoniamadryn.com.ar\/?s={search_term_string}"},"query-input":{"@type":"PropertyValueSpecification","valueRequired":true,"valueName":"search_term_string"}}],"inLanguage":"es"},{"@type":"Organization","@id":"https:\/\/fmpatagoniamadryn.com.ar\/#organization","name":"FM Patagonia Madryn","url":"https:\/\/fmpatagoniamadryn.com.ar\/","logo":{"@type":"ImageObject","inLanguage":"es","@id":"https:\/\/fmpatagoniamadryn.com.ar\/#\/schema\/logo\/image\/","url":"https:\/\/fmpatagoniamadryn.com.ar\/wp-content\/uploads\/2023\/01\/cropped-Diseno-sin-titulo.png","contentUrl":"https:\/\/fmpatagoniamadryn.com.ar\/wp-content\/uploads\/2023\/01\/cropped-Diseno-sin-titulo.png","width":6911,"height":2657,"caption":"FM Patagonia Madryn"},"image":{"@id":"https:\/\/fmpatagoniamadryn.com.ar\/#\/schema\/logo\/image\/"}},{"@type":"Person","@id":"https:\/\/fmpatagoniamadryn.com.ar\/#\/schema\/person\/97b1d30cb2ae311544a88a5201700571","name":"FM Patagonia","url":"https:\/\/fmpatagoniamadryn.com.ar\/?author=4"}]}},"jetpack_featured_media_url":"https:\/\/fmpatagoniamadryn.com.ar\/wp-content\/uploads\/2026\/09\/e6d2c275-d249-40e9-9b5f-1571ea3672a9.jpg","_links":{"self":[{"href":"https:\/\/fmpatagoniamadryn.com.ar\/index.php?rest_route=\/wp\/v2\/posts\/26430","targetHints":{"allow":["GET"]}}],"collection":[{"href":"https:\/\/fmpatagoniamadryn.com.ar\/index.php?rest_route=\/wp\/v2\/posts"}],"about":[{"href":"https:\/\/fmpatagoniamadryn.com.ar\/index.php?rest_route=\/wp\/v2\/types\/post"}],"author":[{"embeddable":true,"href":"https:\/\/fmpatagoniamadryn.com.ar\/index.php?rest_route=\/wp\/v2\/users\/4"}],"replies":[{"embeddable":true,"href":"https:\/\/fmpatagoniamadryn.com.ar\/index.php?rest_route=%2Fwp%2Fv2%2Fcomments&post=26430"}],"version-history":[{"count":1,"href":"https:\/\/fmpatagoniamadryn.com.ar\/index.php?rest_route=\/wp\/v2\/posts\/26430\/revisions"}],"predecessor-version":[{"id":26431,"href":"https:\/\/fmpatagoniamadryn.com.ar\/index.php?rest_route=\/wp\/v2\/posts\/26430\/revisions\/26431"}],"wp:featuredmedia":[{"embeddable":true,"href":"https:\/\/fmpatagoniamadryn.com.ar\/index.php?rest_route=\/wp\/v2\/media\/26429"}],"wp:attachment":[{"href":"https:\/\/fmpatagoniamadryn.com.ar\/index.php?rest_route=%2Fwp%2Fv2%2Fmedia&parent=26430"}],"wp:term":[{"taxonomy":"category","embeddable":true,"href":"https:\/\/fmpatagoniamadryn.com.ar\/index.php?rest_route=%2Fwp%2Fv2%2Fcategories&post=26430"},{"taxonomy":"post_tag","embeddable":true,"href":"https:\/\/fmpatagoniamadryn.com.ar\/index.php?rest_route=%2Fwp%2Fv2%2Ftags&post=26430"}],"curies":[{"name":"wp","href":"https:\/\/api.w.org\/{rel}","templated":true}]}}