{"id":26441,"date":"2026-09-06T18:15:00","date_gmt":"2026-09-06T21:15:00","guid":{"rendered":"https:\/\/fmpatagoniamadryn.com.ar\/?p=26441"},"modified":"2026-09-06T17:24:29","modified_gmt":"2026-09-06T20:24:29","slug":"provincia-impulsa-una-propuesta-de-educacion-tecnologica-que-promueve-la-creatividad-y-la-inclusion","status":"publish","type":"post","link":"https:\/\/fmpatagoniamadryn.com.ar\/?p=26441","title":{"rendered":"Provincia impulsa una propuesta de Educaci\u00f3n Tecnol\u00f3gica que promueve la creatividad y la inclusi\u00f3n"},"content":{"rendered":"\n<p class=\"wp-block-paragraph\">El Gobierno del Chubut, a trav\u00e9s del Ministerio de Educaci\u00f3n y la Secretar\u00eda de Ciencia y Tecnolog\u00eda, llevar\u00e1 adelante la propuesta \u201cUna segunda oportunidad para mi juguete\u201d, una capacitaci\u00f3n destinada a fortalecer el aprendizaje significativo, la creatividad y el trabajo colaborativo a partir de la integraci\u00f3n de conocimientos de tecnolog\u00eda, electr\u00f3nica y dise\u00f1o.<\/p>\n\n\n\n<p class=\"wp-block-paragraph\">La primera instancia se desarrollar\u00e1 el 16 de septiembre, de 9a 12 horas, en la Escuela N\u00ba 728 de Puerto Madryn, y estar\u00e1 destinada a docentes de Educaci\u00f3n Tecnol\u00f3gica de 1\u00ba, 2\u00ba y 3\u00ba a\u00f1o. Cada docente participar\u00e1 junto a cinco estudiantes a su cargo.<\/p>\n\n\n\n<p class=\"wp-block-paragraph\">La propuesta tendr\u00e1 una modalidad totalmente pr\u00e1ctica, en la que los participantes trabajar\u00e1n sobre juguetes a pilas que se encuentren en desuso para adaptarlos mediante nuevas modificaciones y brindarles una segunda utilidad. De esta manera, la actividad busca acercar herramientas tecnol\u00f3gicas a los estudiantes a trav\u00e9s de una experiencia concreta y significativa.<\/p>\n\n\n\n<p class=\"wp-block-paragraph\">Como parte de la iniciativa, tambi\u00e9n se pondr\u00e1 en marcha una campa\u00f1a de recolecci\u00f3n de juguetes electr\u00f3nicos en desuso, joysticks y mouse, que ser\u00e1n utilizados como materiales durante el taller. Una vez recuperados y adaptados, los juguetes ser\u00e1n destinados a la donaci\u00f3n, incorporando a la propuesta una dimensi\u00f3n solidaria y de compromiso con la comunidad.<\/p>\n\n\n\n<p class=\"wp-block-paragraph\">En este marco, es que se solicit\u00f3 la colaboraci\u00f3n de docentes y estudiantes que participan de Proyecto Solidario para acompa\u00f1ar la difusi\u00f3n de la campa\u00f1a y colaborar en la organizaci\u00f3n de la recolecci\u00f3n de los elementos que ser\u00e1n utilizados durante la capacitaci\u00f3n.<\/p>\n\n\n\n<h2 class=\"wp-block-heading\"><em>Inscripciones<\/em><\/h2>\n\n\n\n<p class=\"wp-block-paragraph\">Las instituciones y docentes interesados podr\u00e1n realizar la inscripci\u00f3n hasta el 10 de septiembre a trav\u00e9s del formulario disponible en: https:\/\/forms.gle\/sqUDCQB1G2H9bMY67<\/p>\n\n\n\n<p class=\"wp-block-paragraph\">La iniciativa forma parte del trabajo articulado entre el Ministerio de Educaci\u00f3n y la Secretar\u00eda de Ciencia y Tecnolog\u00eda del Chubut, con el objetivo de generar propuestas que vinculen la ense\u00f1anza de la tecnolog\u00eda con la creatividad, la innovaci\u00f3n, la reutilizaci\u00f3n de materiales y la construcci\u00f3n de aprendizajes con impacto social.<\/p>\n","protected":false},"excerpt":{"rendered":"<p>Se trata de \u201cUna segunda oportunidad para mi juguete\u201d, una iniciativa destinada a docentes de Educaci\u00f3n Tecnol\u00f3gica y estudiantes de 1\u00ba, 2\u00ba y 3\u00ba a\u00f1o. El taller propone recuperar juguetes electr\u00f3nicos en desuso y transformarlos en nuevos recursos con una mirada solidaria.<\/p>\n","protected":false},"author":4,"featured_media":26440,"comment_status":"closed","ping_status":"closed","sticky":false,"template":"","format":"standard","meta":{"footnotes":""},"categories":[14],"tags":[734,732,735,733],"class_list":["post-26441","post","type-post","status-publish","format-standard","has-post-thumbnail","hentry","category-provinciales","tag-creatividad","tag-educacion-tecnologica","tag-inclusion","tag-propuesta"],"yoast_head":"<!-- This site is optimized with the Yoast SEO plugin v28.4 - https:\/\/yoast.com\/product\/yoast-seo-wordpress\/ -->\n<title>Provincia impulsa una propuesta de Educaci\u00f3n Tecnol\u00f3gica que promueve la creatividad y la inclusi\u00f3n - FM Patagonia Madryn<\/title>\n<meta name=\"robots\" content=\"index, follow, max-snippet:-1, max-image-preview:large, max-video-preview:-1\" \/>\n<link rel=\"canonical\" href=\"https:\/\/fmpatagoniamadryn.com.ar\/?p=26441\" \/>\n<meta property=\"og:locale\" content=\"es_ES\" \/>\n<meta property=\"og:type\" content=\"article\" \/>\n<meta property=\"og:title\" content=\"Provincia impulsa una propuesta de Educaci\u00f3n Tecnol\u00f3gica que promueve la creatividad y la inclusi\u00f3n - FM Patagonia Madryn\" \/>\n<meta property=\"og:description\" content=\"Se trata de \u201cUna segunda oportunidad para mi juguete\u201d, una iniciativa destinada a docentes de Educaci\u00f3n Tecnol\u00f3gica y estudiantes de 1\u00ba, 2\u00ba y 3\u00ba a\u00f1o. El taller propone recuperar juguetes electr\u00f3nicos en desuso y transformarlos en nuevos recursos con una mirada solidaria.\" \/>\n<meta property=\"og:url\" content=\"https:\/\/fmpatagoniamadryn.com.ar\/?p=26441\" \/>\n<meta property=\"og:site_name\" content=\"FM Patagonia Madryn\" \/>\n<meta property=\"article:published_time\" content=\"2026-09-06T21:15:00+00:00\" \/>\n<meta property=\"og:image\" content=\"https:\/\/fmpatagoniamadryn.com.ar\/wp-content\/uploads\/2026\/09\/ddca69cf-7bd3-4fa4-a07b-8246bbb60ee5.jpg\" \/>\n\t<meta property=\"og:image:width\" content=\"1080\" \/>\n\t<meta property=\"og:image:height\" content=\"1350\" \/>\n\t<meta property=\"og:image:type\" content=\"image\/jpeg\" \/>\n<meta name=\"author\" content=\"FM Patagonia\" \/>\n<meta name=\"twitter:card\" content=\"summary_large_image\" \/>\n<meta name=\"twitter:label1\" content=\"Escrito por\" \/>\n\t<meta name=\"twitter:data1\" content=\"FM Patagonia\" \/>\n\t<meta name=\"twitter:label2\" content=\"Tiempo de lectura\" \/>\n\t<meta name=\"twitter:data2\" content=\"2 minutos\" \/>\n<script type=\"application\/ld+json\" class=\"yoast-schema-graph\">{\"@context\":\"https:\\\/\\\/schema.org\",\"@graph\":[{\"@type\":\"Article\",\"@id\":\"https:\\\/\\\/fmpatagoniamadryn.com.ar\\\/?p=26441#article\",\"isPartOf\":{\"@id\":\"https:\\\/\\\/fmpatagoniamadryn.com.ar\\\/?p=26441\"},\"author\":{\"name\":\"FM Patagonia\",\"@id\":\"https:\\\/\\\/fmpatagoniamadryn.com.ar\\\/#\\\/schema\\\/person\\\/97b1d30cb2ae311544a88a5201700571\"},\"headline\":\"Provincia impulsa una propuesta de Educaci\u00f3n Tecnol\u00f3gica que promueve la creatividad y la inclusi\u00f3n\",\"datePublished\":\"2026-09-06T21:15:00+00:00\",\"mainEntityOfPage\":{\"@id\":\"https:\\\/\\\/fmpatagoniamadryn.com.ar\\\/?p=26441\"},\"wordCount\":379,\"publisher\":{\"@id\":\"https:\\\/\\\/fmpatagoniamadryn.com.ar\\\/#organization\"},\"image\":{\"@id\":\"https:\\\/\\\/fmpatagoniamadryn.com.ar\\\/?p=26441#primaryimage\"},\"thumbnailUrl\":\"https:\\\/\\\/fmpatagoniamadryn.com.ar\\\/wp-content\\\/uploads\\\/2026\\\/09\\\/ddca69cf-7bd3-4fa4-a07b-8246bbb60ee5.jpg\",\"keywords\":[\"creatividad\",\"educacion tecnologica\",\"inclusion\",\"propuesta\"],\"articleSection\":[\"Provinciales\"],\"inLanguage\":\"es\"},{\"@type\":\"WebPage\",\"@id\":\"https:\\\/\\\/fmpatagoniamadryn.com.ar\\\/?p=26441\",\"url\":\"https:\\\/\\\/fmpatagoniamadryn.com.ar\\\/?p=26441\",\"name\":\"Provincia impulsa una propuesta de Educaci\u00f3n Tecnol\u00f3gica que promueve la creatividad y la inclusi\u00f3n - FM Patagonia Madryn\",\"isPartOf\":{\"@id\":\"https:\\\/\\\/fmpatagoniamadryn.com.ar\\\/#website\"},\"primaryImageOfPage\":{\"@id\":\"https:\\\/\\\/fmpatagoniamadryn.com.ar\\\/?p=26441#primaryimage\"},\"image\":{\"@id\":\"https:\\\/\\\/fmpatagoniamadryn.com.ar\\\/?p=26441#primaryimage\"},\"thumbnailUrl\":\"https:\\\/\\\/fmpatagoniamadryn.com.ar\\\/wp-content\\\/uploads\\\/2026\\\/09\\\/ddca69cf-7bd3-4fa4-a07b-8246bbb60ee5.jpg\",\"datePublished\":\"2026-09-06T21:15:00+00:00\",\"breadcrumb\":{\"@id\":\"https:\\\/\\\/fmpatagoniamadryn.com.ar\\\/?p=26441#breadcrumb\"},\"inLanguage\":\"es\",\"potentialAction\":[{\"@type\":\"ReadAction\",\"target\":[\"https:\\\/\\\/fmpatagoniamadryn.com.ar\\\/?p=26441\"]}]},{\"@type\":\"ImageObject\",\"inLanguage\":\"es\",\"@id\":\"https:\\\/\\\/fmpatagoniamadryn.com.ar\\\/?p=26441#primaryimage\",\"url\":\"https:\\\/\\\/fmpatagoniamadryn.com.ar\\\/wp-content\\\/uploads\\\/2026\\\/09\\\/ddca69cf-7bd3-4fa4-a07b-8246bbb60ee5.jpg\",\"contentUrl\":\"https:\\\/\\\/fmpatagoniamadryn.com.ar\\\/wp-content\\\/uploads\\\/2026\\\/09\\\/ddca69cf-7bd3-4fa4-a07b-8246bbb60ee5.jpg\",\"width\":1080,\"height\":1350},{\"@type\":\"BreadcrumbList\",\"@id\":\"https:\\\/\\\/fmpatagoniamadryn.com.ar\\\/?p=26441#breadcrumb\",\"itemListElement\":[{\"@type\":\"ListItem\",\"position\":1,\"name\":\"Portada\",\"item\":\"https:\\\/\\\/fmpatagoniamadryn.com.ar\\\/\"},{\"@type\":\"ListItem\",\"position\":2,\"name\":\"Provincia impulsa una propuesta de Educaci\u00f3n Tecnol\u00f3gica que promueve la creatividad y la inclusi\u00f3n\"}]},{\"@type\":\"WebSite\",\"@id\":\"https:\\\/\\\/fmpatagoniamadryn.com.ar\\\/#website\",\"url\":\"https:\\\/\\\/fmpatagoniamadryn.com.ar\\\/\",\"name\":\"FM Patagonia Madryn\",\"description\":\"Radio Patagonia 105.5\",\"publisher\":{\"@id\":\"https:\\\/\\\/fmpatagoniamadryn.com.ar\\\/#organization\"},\"potentialAction\":[{\"@type\":\"SearchAction\",\"target\":{\"@type\":\"EntryPoint\",\"urlTemplate\":\"https:\\\/\\\/fmpatagoniamadryn.com.ar\\\/?s={search_term_string}\"},\"query-input\":{\"@type\":\"PropertyValueSpecification\",\"valueRequired\":true,\"valueName\":\"search_term_string\"}}],\"inLanguage\":\"es\"},{\"@type\":\"Organization\",\"@id\":\"https:\\\/\\\/fmpatagoniamadryn.com.ar\\\/#organization\",\"name\":\"FM Patagonia Madryn\",\"url\":\"https:\\\/\\\/fmpatagoniamadryn.com.ar\\\/\",\"logo\":{\"@type\":\"ImageObject\",\"inLanguage\":\"es\",\"@id\":\"https:\\\/\\\/fmpatagoniamadryn.com.ar\\\/#\\\/schema\\\/logo\\\/image\\\/\",\"url\":\"https:\\\/\\\/fmpatagoniamadryn.com.ar\\\/wp-content\\\/uploads\\\/2023\\\/01\\\/cropped-Diseno-sin-titulo.png\",\"contentUrl\":\"https:\\\/\\\/fmpatagoniamadryn.com.ar\\\/wp-content\\\/uploads\\\/2023\\\/01\\\/cropped-Diseno-sin-titulo.png\",\"width\":6911,\"height\":2657,\"caption\":\"FM Patagonia Madryn\"},\"image\":{\"@id\":\"https:\\\/\\\/fmpatagoniamadryn.com.ar\\\/#\\\/schema\\\/logo\\\/image\\\/\"}},{\"@type\":\"Person\",\"@id\":\"https:\\\/\\\/fmpatagoniamadryn.com.ar\\\/#\\\/schema\\\/person\\\/97b1d30cb2ae311544a88a5201700571\",\"name\":\"FM Patagonia\",\"url\":\"https:\\\/\\\/fmpatagoniamadryn.com.ar\\\/?author=4\"}]}<\/script>\n<!-- \/ Yoast SEO plugin. -->","yoast_head_json":{"title":"Provincia impulsa una propuesta de Educaci\u00f3n Tecnol\u00f3gica que promueve la creatividad y la inclusi\u00f3n - FM Patagonia Madryn","robots":{"index":"index","follow":"follow","max-snippet":"max-snippet:-1","max-image-preview":"max-image-preview:large","max-video-preview":"max-video-preview:-1"},"canonical":"https:\/\/fmpatagoniamadryn.com.ar\/?p=26441","og_locale":"es_ES","og_type":"article","og_title":"Provincia impulsa una propuesta de Educaci\u00f3n Tecnol\u00f3gica que promueve la creatividad y la inclusi\u00f3n - FM Patagonia Madryn","og_description":"Se trata de \u201cUna segunda oportunidad para mi juguete\u201d, una iniciativa destinada a docentes de Educaci\u00f3n Tecnol\u00f3gica y estudiantes de 1\u00ba, 2\u00ba y 3\u00ba a\u00f1o. El taller propone recuperar juguetes electr\u00f3nicos en desuso y transformarlos en nuevos recursos con una mirada solidaria.","og_url":"https:\/\/fmpatagoniamadryn.com.ar\/?p=26441","og_site_name":"FM Patagonia Madryn","article_published_time":"2026-09-06T21:15:00+00:00","og_image":[{"width":1080,"height":1350,"url":"https:\/\/fmpatagoniamadryn.com.ar\/wp-content\/uploads\/2026\/09\/ddca69cf-7bd3-4fa4-a07b-8246bbb60ee5.jpg","type":"image\/jpeg"}],"author":"FM Patagonia","twitter_card":"summary_large_image","twitter_misc":{"Escrito por":"FM Patagonia","Tiempo de lectura":"2 minutos"},"schema":{"@context":"https:\/\/schema.org","@graph":[{"@type":"Article","@id":"https:\/\/fmpatagoniamadryn.com.ar\/?p=26441#article","isPartOf":{"@id":"https:\/\/fmpatagoniamadryn.com.ar\/?p=26441"},"author":{"name":"FM Patagonia","@id":"https:\/\/fmpatagoniamadryn.com.ar\/#\/schema\/person\/97b1d30cb2ae311544a88a5201700571"},"headline":"Provincia impulsa una propuesta de Educaci\u00f3n Tecnol\u00f3gica que promueve la creatividad y la inclusi\u00f3n","datePublished":"2026-09-06T21:15:00+00:00","mainEntityOfPage":{"@id":"https:\/\/fmpatagoniamadryn.com.ar\/?p=26441"},"wordCount":379,"publisher":{"@id":"https:\/\/fmpatagoniamadryn.com.ar\/#organization"},"image":{"@id":"https:\/\/fmpatagoniamadryn.com.ar\/?p=26441#primaryimage"},"thumbnailUrl":"https:\/\/fmpatagoniamadryn.com.ar\/wp-content\/uploads\/2026\/09\/ddca69cf-7bd3-4fa4-a07b-8246bbb60ee5.jpg","keywords":["creatividad","educacion tecnologica","inclusion","propuesta"],"articleSection":["Provinciales"],"inLanguage":"es"},{"@type":"WebPage","@id":"https:\/\/fmpatagoniamadryn.com.ar\/?p=26441","url":"https:\/\/fmpatagoniamadryn.com.ar\/?p=26441","name":"Provincia impulsa una propuesta de Educaci\u00f3n Tecnol\u00f3gica que promueve la creatividad y la inclusi\u00f3n - FM Patagonia Madryn","isPartOf":{"@id":"https:\/\/fmpatagoniamadryn.com.ar\/#website"},"primaryImageOfPage":{"@id":"https:\/\/fmpatagoniamadryn.com.ar\/?p=26441#primaryimage"},"image":{"@id":"https:\/\/fmpatagoniamadryn.com.ar\/?p=26441#primaryimage"},"thumbnailUrl":"https:\/\/fmpatagoniamadryn.com.ar\/wp-content\/uploads\/2026\/09\/ddca69cf-7bd3-4fa4-a07b-8246bbb60ee5.jpg","datePublished":"2026-09-06T21:15:00+00:00","breadcrumb":{"@id":"https:\/\/fmpatagoniamadryn.com.ar\/?p=26441#breadcrumb"},"inLanguage":"es","potentialAction":[{"@type":"ReadAction","target":["https:\/\/fmpatagoniamadryn.com.ar\/?p=26441"]}]},{"@type":"ImageObject","inLanguage":"es","@id":"https:\/\/fmpatagoniamadryn.com.ar\/?p=26441#primaryimage","url":"https:\/\/fmpatagoniamadryn.com.ar\/wp-content\/uploads\/2026\/09\/ddca69cf-7bd3-4fa4-a07b-8246bbb60ee5.jpg","contentUrl":"https:\/\/fmpatagoniamadryn.com.ar\/wp-content\/uploads\/2026\/09\/ddca69cf-7bd3-4fa4-a07b-8246bbb60ee5.jpg","width":1080,"height":1350},{"@type":"BreadcrumbList","@id":"https:\/\/fmpatagoniamadryn.com.ar\/?p=26441#breadcrumb","itemListElement":[{"@type":"ListItem","position":1,"name":"Portada","item":"https:\/\/fmpatagoniamadryn.com.ar\/"},{"@type":"ListItem","position":2,"name":"Provincia impulsa una propuesta de Educaci\u00f3n Tecnol\u00f3gica que promueve la creatividad y la inclusi\u00f3n"}]},{"@type":"WebSite","@id":"https:\/\/fmpatagoniamadryn.com.ar\/#website","url":"https:\/\/fmpatagoniamadryn.com.ar\/","name":"FM Patagonia Madryn","description":"Radio Patagonia 105.5","publisher":{"@id":"https:\/\/fmpatagoniamadryn.com.ar\/#organization"},"potentialAction":[{"@type":"SearchAction","target":{"@type":"EntryPoint","urlTemplate":"https:\/\/fmpatagoniamadryn.com.ar\/?s={search_term_string}"},"query-input":{"@type":"PropertyValueSpecification","valueRequired":true,"valueName":"search_term_string"}}],"inLanguage":"es"},{"@type":"Organization","@id":"https:\/\/fmpatagoniamadryn.com.ar\/#organization","name":"FM Patagonia Madryn","url":"https:\/\/fmpatagoniamadryn.com.ar\/","logo":{"@type":"ImageObject","inLanguage":"es","@id":"https:\/\/fmpatagoniamadryn.com.ar\/#\/schema\/logo\/image\/","url":"https:\/\/fmpatagoniamadryn.com.ar\/wp-content\/uploads\/2023\/01\/cropped-Diseno-sin-titulo.png","contentUrl":"https:\/\/fmpatagoniamadryn.com.ar\/wp-content\/uploads\/2023\/01\/cropped-Diseno-sin-titulo.png","width":6911,"height":2657,"caption":"FM Patagonia Madryn"},"image":{"@id":"https:\/\/fmpatagoniamadryn.com.ar\/#\/schema\/logo\/image\/"}},{"@type":"Person","@id":"https:\/\/fmpatagoniamadryn.com.ar\/#\/schema\/person\/97b1d30cb2ae311544a88a5201700571","name":"FM Patagonia","url":"https:\/\/fmpatagoniamadryn.com.ar\/?author=4"}]}},"jetpack_featured_media_url":"https:\/\/fmpatagoniamadryn.com.ar\/wp-content\/uploads\/2026\/09\/ddca69cf-7bd3-4fa4-a07b-8246bbb60ee5.jpg","_links":{"self":[{"href":"https:\/\/fmpatagoniamadryn.com.ar\/index.php?rest_route=\/wp\/v2\/posts\/26441","targetHints":{"allow":["GET"]}}],"collection":[{"href":"https:\/\/fmpatagoniamadryn.com.ar\/index.php?rest_route=\/wp\/v2\/posts"}],"about":[{"href":"https:\/\/fmpatagoniamadryn.com.ar\/index.php?rest_route=\/wp\/v2\/types\/post"}],"author":[{"embeddable":true,"href":"https:\/\/fmpatagoniamadryn.com.ar\/index.php?rest_route=\/wp\/v2\/users\/4"}],"replies":[{"embeddable":true,"href":"https:\/\/fmpatagoniamadryn.com.ar\/index.php?rest_route=%2Fwp%2Fv2%2Fcomments&post=26441"}],"version-history":[{"count":1,"href":"https:\/\/fmpatagoniamadryn.com.ar\/index.php?rest_route=\/wp\/v2\/posts\/26441\/revisions"}],"predecessor-version":[{"id":26442,"href":"https:\/\/fmpatagoniamadryn.com.ar\/index.php?rest_route=\/wp\/v2\/posts\/26441\/revisions\/26442"}],"wp:featuredmedia":[{"embeddable":true,"href":"https:\/\/fmpatagoniamadryn.com.ar\/index.php?rest_route=\/wp\/v2\/media\/26440"}],"wp:attachment":[{"href":"https:\/\/fmpatagoniamadryn.com.ar\/index.php?rest_route=%2Fwp%2Fv2%2Fmedia&parent=26441"}],"wp:term":[{"taxonomy":"category","embeddable":true,"href":"https:\/\/fmpatagoniamadryn.com.ar\/index.php?rest_route=%2Fwp%2Fv2%2Fcategories&post=26441"},{"taxonomy":"post_tag","embeddable":true,"href":"https:\/\/fmpatagoniamadryn.com.ar\/index.php?rest_route=%2Fwp%2Fv2%2Ftags&post=26441"}],"curies":[{"name":"wp","href":"https:\/\/api.w.org\/{rel}","templated":true}]}}