{"id":26444,"date":"2026-09-06T18:29:23","date_gmt":"2026-09-06T21:29:23","guid":{"rendered":"https:\/\/fmpatagoniamadryn.com.ar\/?p=26444"},"modified":"2026-09-06T18:29:23","modified_gmt":"2026-09-06T21:29:23","slug":"accidente-en-la-ruta-25-el-subsecretario-de-cultura-de-chubut-y-su-hijo-permanecen-internados","status":"publish","type":"post","link":"https:\/\/fmpatagoniamadryn.com.ar\/?p=26444","title":{"rendered":"Accidente en la Ruta 25: el subsecretario de Cultura de Chubut y su hijo permanecen internados"},"content":{"rendered":"\n<p class=\"p3 wp-block-paragraph\">El hecho ocurri\u00f3 alrededor de las 2:30 sobre la Ruta Nacional 25, en el tramo comprendido entre Las Plumas y Los Altares. Por causas que todav\u00eda son materia de investigaci\u00f3n, el veh\u00edculo particular en el que se movilizaba la familia protagoniz\u00f3 el siniestro.<\/p>\n\n\n\n<p class=\"p3 wp-block-paragraph\">La emergencia fue advertida por pasajeros y conductores de un colectivo de la empresa Mar y Valle que circulaba por la zona. Tras tomar conocimiento de lo sucedido, dieron aviso a los servicios de emergencia para asistir a los ocupantes del veh\u00edculo.<\/p>\n\n\n\n<h3 class=\"wp-block-heading\"><strong>Fueron trasladados a Trelew<\/strong><\/h3>\n\n\n\n<p class=\"p3 wp-block-paragraph\">En una primera instancia, Labasti\u00e9, Carel y su hijo fueron trasladados al hospital de Las Plumas. All\u00ed recibieron atenci\u00f3n por parte del personal sanitario, integrado por una m\u00e9dica, un enfermero y el conductor de la ambulancia.<\/p>\n\n\n\n<p class=\"p3 wp-block-paragraph\">Luego de la primera evaluaci\u00f3n, los tres fueron derivados al hospital de Trelew para continuar con los estudios y controles correspondientes.<\/p>\n\n\n\n<p class=\"p3 wp-block-paragraph\">Seg\u00fan la informaci\u00f3n conocida hasta el momento, Osvaldo Labasti\u00e9 y uno de sus hijos sufrieron fracturas y permanecen internados en observaci\u00f3n. Ambos se encuentran fuera de peligro.<\/p>\n\n\n\n<p class=\"p3 wp-block-paragraph\">Por su parte, Gabriela Carel tambi\u00e9n fue asistida por los profesionales m\u00e9dicos y, posteriormente, recibi\u00f3 el alta.<\/p>\n\n\n\n<h3 class=\"wp-block-heading\"><strong>La familia viajaba hacia El Hoyo<\/strong><\/h3>\n\n\n\n<p class=\"p3 wp-block-paragraph\">Al momento del accidente, la familia se dirig\u00eda hacia El Hoyo, donde ten\u00eda previsto participar de las actividades programadas por el aniversario de la localidad.<\/p>\n\n\n\n<p class=\"p3 wp-block-paragraph\">El subsecretario de Cultura, su esposa y su hijo ten\u00edan previsto formar parte de la jornada junto al gobernador de Chubut, Ignacio \u201cNacho\u201d Torres.<\/p>\n\n\n\n<p class=\"p4 wp-block-paragraph\">Mientras contin\u00faa la recuperaci\u00f3n de los heridos, el veh\u00edculo involucrado en el accidente qued\u00f3 bajo resguardo judicial, a disposici\u00f3n de la investigaci\u00f3n que busca determinar las circunstancias en las que se produjo el siniestro.<\/p>\n\n\n\n<p class=\"wp-block-paragraph\"><\/p>\n","protected":false},"excerpt":{"rendered":"<p>El subsecretario de Cultura de Chubut, Osvaldo Labasti\u00e9, sufri\u00f3 un accidente durante la madrugada de este domingo mientras viajaba junto a su esposa, la cantante Gabriela Carel, y uno de sus hijos. Los tres resultaron heridos y fueron trasladados para recibir atenci\u00f3n m\u00e9dica.<\/p>\n","protected":false},"author":4,"featured_media":26443,"comment_status":"closed","ping_status":"closed","sticky":false,"template":"","format":"standard","meta":{"footnotes":""},"categories":[14],"tags":[709,736],"class_list":["post-26444","post","type-post","status-publish","format-standard","has-post-thumbnail","hentry","category-provinciales","tag-accidente","tag-subsecretario"],"yoast_head":"<!-- This site is optimized with the Yoast SEO plugin v28.4 - https:\/\/yoast.com\/product\/yoast-seo-wordpress\/ -->\n<title>Accidente en la Ruta 25: el subsecretario de Cultura de Chubut y su hijo permanecen internados - FM Patagonia Madryn<\/title>\n<meta name=\"robots\" content=\"index, follow, max-snippet:-1, max-image-preview:large, max-video-preview:-1\" \/>\n<link rel=\"canonical\" href=\"https:\/\/fmpatagoniamadryn.com.ar\/?p=26444\" \/>\n<meta property=\"og:locale\" content=\"es_ES\" \/>\n<meta property=\"og:type\" content=\"article\" \/>\n<meta property=\"og:title\" content=\"Accidente en la Ruta 25: el subsecretario de Cultura de Chubut y su hijo permanecen internados - FM Patagonia Madryn\" \/>\n<meta property=\"og:description\" content=\"El subsecretario de Cultura de Chubut, Osvaldo Labasti\u00e9, sufri\u00f3 un accidente durante la madrugada de este domingo mientras viajaba junto a su esposa, la cantante Gabriela Carel, y uno de sus hijos. Los tres resultaron heridos y fueron trasladados para recibir atenci\u00f3n m\u00e9dica.\" \/>\n<meta property=\"og:url\" content=\"https:\/\/fmpatagoniamadryn.com.ar\/?p=26444\" \/>\n<meta property=\"og:site_name\" content=\"FM Patagonia Madryn\" \/>\n<meta property=\"article:published_time\" content=\"2026-09-06T21:29:23+00:00\" \/>\n<meta property=\"og:image\" content=\"https:\/\/fmpatagoniamadryn.com.ar\/wp-content\/uploads\/2026\/09\/img_8778.jpg\" \/>\n\t<meta property=\"og:image:width\" content=\"720\" \/>\n\t<meta property=\"og:image:height\" content=\"720\" \/>\n\t<meta property=\"og:image:type\" content=\"image\/jpeg\" \/>\n<meta name=\"author\" content=\"FM Patagonia\" \/>\n<meta name=\"twitter:card\" content=\"summary_large_image\" \/>\n<meta name=\"twitter:label1\" content=\"Escrito por\" \/>\n\t<meta name=\"twitter:data1\" content=\"FM Patagonia\" \/>\n\t<meta name=\"twitter:label2\" content=\"Tiempo de lectura\" \/>\n\t<meta name=\"twitter:data2\" content=\"1 minuto\" \/>\n<script type=\"application\/ld+json\" class=\"yoast-schema-graph\">{\"@context\":\"https:\\\/\\\/schema.org\",\"@graph\":[{\"@type\":\"Article\",\"@id\":\"https:\\\/\\\/fmpatagoniamadryn.com.ar\\\/?p=26444#article\",\"isPartOf\":{\"@id\":\"https:\\\/\\\/fmpatagoniamadryn.com.ar\\\/?p=26444\"},\"author\":{\"name\":\"FM Patagonia\",\"@id\":\"https:\\\/\\\/fmpatagoniamadryn.com.ar\\\/#\\\/schema\\\/person\\\/97b1d30cb2ae311544a88a5201700571\"},\"headline\":\"Accidente en la Ruta 25: el subsecretario de Cultura de Chubut y su hijo permanecen internados\",\"datePublished\":\"2026-09-06T21:29:23+00:00\",\"mainEntityOfPage\":{\"@id\":\"https:\\\/\\\/fmpatagoniamadryn.com.ar\\\/?p=26444\"},\"wordCount\":312,\"publisher\":{\"@id\":\"https:\\\/\\\/fmpatagoniamadryn.com.ar\\\/#organization\"},\"image\":{\"@id\":\"https:\\\/\\\/fmpatagoniamadryn.com.ar\\\/?p=26444#primaryimage\"},\"thumbnailUrl\":\"https:\\\/\\\/fmpatagoniamadryn.com.ar\\\/wp-content\\\/uploads\\\/2026\\\/09\\\/img_8778.jpg\",\"keywords\":[\"accidente\",\"subsecretario\"],\"articleSection\":[\"Provinciales\"],\"inLanguage\":\"es\"},{\"@type\":\"WebPage\",\"@id\":\"https:\\\/\\\/fmpatagoniamadryn.com.ar\\\/?p=26444\",\"url\":\"https:\\\/\\\/fmpatagoniamadryn.com.ar\\\/?p=26444\",\"name\":\"Accidente en la Ruta 25: el subsecretario de Cultura de Chubut y su hijo permanecen internados - FM Patagonia Madryn\",\"isPartOf\":{\"@id\":\"https:\\\/\\\/fmpatagoniamadryn.com.ar\\\/#website\"},\"primaryImageOfPage\":{\"@id\":\"https:\\\/\\\/fmpatagoniamadryn.com.ar\\\/?p=26444#primaryimage\"},\"image\":{\"@id\":\"https:\\\/\\\/fmpatagoniamadryn.com.ar\\\/?p=26444#primaryimage\"},\"thumbnailUrl\":\"https:\\\/\\\/fmpatagoniamadryn.com.ar\\\/wp-content\\\/uploads\\\/2026\\\/09\\\/img_8778.jpg\",\"datePublished\":\"2026-09-06T21:29:23+00:00\",\"breadcrumb\":{\"@id\":\"https:\\\/\\\/fmpatagoniamadryn.com.ar\\\/?p=26444#breadcrumb\"},\"inLanguage\":\"es\",\"potentialAction\":[{\"@type\":\"ReadAction\",\"target\":[\"https:\\\/\\\/fmpatagoniamadryn.com.ar\\\/?p=26444\"]}]},{\"@type\":\"ImageObject\",\"inLanguage\":\"es\",\"@id\":\"https:\\\/\\\/fmpatagoniamadryn.com.ar\\\/?p=26444#primaryimage\",\"url\":\"https:\\\/\\\/fmpatagoniamadryn.com.ar\\\/wp-content\\\/uploads\\\/2026\\\/09\\\/img_8778.jpg\",\"contentUrl\":\"https:\\\/\\\/fmpatagoniamadryn.com.ar\\\/wp-content\\\/uploads\\\/2026\\\/09\\\/img_8778.jpg\",\"width\":720,\"height\":720},{\"@type\":\"BreadcrumbList\",\"@id\":\"https:\\\/\\\/fmpatagoniamadryn.com.ar\\\/?p=26444#breadcrumb\",\"itemListElement\":[{\"@type\":\"ListItem\",\"position\":1,\"name\":\"Portada\",\"item\":\"https:\\\/\\\/fmpatagoniamadryn.com.ar\\\/\"},{\"@type\":\"ListItem\",\"position\":2,\"name\":\"Accidente en la Ruta 25: el subsecretario de Cultura de Chubut y su hijo permanecen internados\"}]},{\"@type\":\"WebSite\",\"@id\":\"https:\\\/\\\/fmpatagoniamadryn.com.ar\\\/#website\",\"url\":\"https:\\\/\\\/fmpatagoniamadryn.com.ar\\\/\",\"name\":\"FM Patagonia Madryn\",\"description\":\"Radio Patagonia 105.5\",\"publisher\":{\"@id\":\"https:\\\/\\\/fmpatagoniamadryn.com.ar\\\/#organization\"},\"potentialAction\":[{\"@type\":\"SearchAction\",\"target\":{\"@type\":\"EntryPoint\",\"urlTemplate\":\"https:\\\/\\\/fmpatagoniamadryn.com.ar\\\/?s={search_term_string}\"},\"query-input\":{\"@type\":\"PropertyValueSpecification\",\"valueRequired\":true,\"valueName\":\"search_term_string\"}}],\"inLanguage\":\"es\"},{\"@type\":\"Organization\",\"@id\":\"https:\\\/\\\/fmpatagoniamadryn.com.ar\\\/#organization\",\"name\":\"FM Patagonia Madryn\",\"url\":\"https:\\\/\\\/fmpatagoniamadryn.com.ar\\\/\",\"logo\":{\"@type\":\"ImageObject\",\"inLanguage\":\"es\",\"@id\":\"https:\\\/\\\/fmpatagoniamadryn.com.ar\\\/#\\\/schema\\\/logo\\\/image\\\/\",\"url\":\"https:\\\/\\\/fmpatagoniamadryn.com.ar\\\/wp-content\\\/uploads\\\/2023\\\/01\\\/cropped-Diseno-sin-titulo.png\",\"contentUrl\":\"https:\\\/\\\/fmpatagoniamadryn.com.ar\\\/wp-content\\\/uploads\\\/2023\\\/01\\\/cropped-Diseno-sin-titulo.png\",\"width\":6911,\"height\":2657,\"caption\":\"FM Patagonia Madryn\"},\"image\":{\"@id\":\"https:\\\/\\\/fmpatagoniamadryn.com.ar\\\/#\\\/schema\\\/logo\\\/image\\\/\"}},{\"@type\":\"Person\",\"@id\":\"https:\\\/\\\/fmpatagoniamadryn.com.ar\\\/#\\\/schema\\\/person\\\/97b1d30cb2ae311544a88a5201700571\",\"name\":\"FM Patagonia\",\"url\":\"https:\\\/\\\/fmpatagoniamadryn.com.ar\\\/?author=4\"}]}<\/script>\n<!-- \/ Yoast SEO plugin. -->","yoast_head_json":{"title":"Accidente en la Ruta 25: el subsecretario de Cultura de Chubut y su hijo permanecen internados - FM Patagonia Madryn","robots":{"index":"index","follow":"follow","max-snippet":"max-snippet:-1","max-image-preview":"max-image-preview:large","max-video-preview":"max-video-preview:-1"},"canonical":"https:\/\/fmpatagoniamadryn.com.ar\/?p=26444","og_locale":"es_ES","og_type":"article","og_title":"Accidente en la Ruta 25: el subsecretario de Cultura de Chubut y su hijo permanecen internados - FM Patagonia Madryn","og_description":"El subsecretario de Cultura de Chubut, Osvaldo Labasti\u00e9, sufri\u00f3 un accidente durante la madrugada de este domingo mientras viajaba junto a su esposa, la cantante Gabriela Carel, y uno de sus hijos. Los tres resultaron heridos y fueron trasladados para recibir atenci\u00f3n m\u00e9dica.","og_url":"https:\/\/fmpatagoniamadryn.com.ar\/?p=26444","og_site_name":"FM Patagonia Madryn","article_published_time":"2026-09-06T21:29:23+00:00","og_image":[{"width":720,"height":720,"url":"https:\/\/fmpatagoniamadryn.com.ar\/wp-content\/uploads\/2026\/09\/img_8778.jpg","type":"image\/jpeg"}],"author":"FM Patagonia","twitter_card":"summary_large_image","twitter_misc":{"Escrito por":"FM Patagonia","Tiempo de lectura":"1 minuto"},"schema":{"@context":"https:\/\/schema.org","@graph":[{"@type":"Article","@id":"https:\/\/fmpatagoniamadryn.com.ar\/?p=26444#article","isPartOf":{"@id":"https:\/\/fmpatagoniamadryn.com.ar\/?p=26444"},"author":{"name":"FM Patagonia","@id":"https:\/\/fmpatagoniamadryn.com.ar\/#\/schema\/person\/97b1d30cb2ae311544a88a5201700571"},"headline":"Accidente en la Ruta 25: el subsecretario de Cultura de Chubut y su hijo permanecen internados","datePublished":"2026-09-06T21:29:23+00:00","mainEntityOfPage":{"@id":"https:\/\/fmpatagoniamadryn.com.ar\/?p=26444"},"wordCount":312,"publisher":{"@id":"https:\/\/fmpatagoniamadryn.com.ar\/#organization"},"image":{"@id":"https:\/\/fmpatagoniamadryn.com.ar\/?p=26444#primaryimage"},"thumbnailUrl":"https:\/\/fmpatagoniamadryn.com.ar\/wp-content\/uploads\/2026\/09\/img_8778.jpg","keywords":["accidente","subsecretario"],"articleSection":["Provinciales"],"inLanguage":"es"},{"@type":"WebPage","@id":"https:\/\/fmpatagoniamadryn.com.ar\/?p=26444","url":"https:\/\/fmpatagoniamadryn.com.ar\/?p=26444","name":"Accidente en la Ruta 25: el subsecretario de Cultura de Chubut y su hijo permanecen internados - FM Patagonia Madryn","isPartOf":{"@id":"https:\/\/fmpatagoniamadryn.com.ar\/#website"},"primaryImageOfPage":{"@id":"https:\/\/fmpatagoniamadryn.com.ar\/?p=26444#primaryimage"},"image":{"@id":"https:\/\/fmpatagoniamadryn.com.ar\/?p=26444#primaryimage"},"thumbnailUrl":"https:\/\/fmpatagoniamadryn.com.ar\/wp-content\/uploads\/2026\/09\/img_8778.jpg","datePublished":"2026-09-06T21:29:23+00:00","breadcrumb":{"@id":"https:\/\/fmpatagoniamadryn.com.ar\/?p=26444#breadcrumb"},"inLanguage":"es","potentialAction":[{"@type":"ReadAction","target":["https:\/\/fmpatagoniamadryn.com.ar\/?p=26444"]}]},{"@type":"ImageObject","inLanguage":"es","@id":"https:\/\/fmpatagoniamadryn.com.ar\/?p=26444#primaryimage","url":"https:\/\/fmpatagoniamadryn.com.ar\/wp-content\/uploads\/2026\/09\/img_8778.jpg","contentUrl":"https:\/\/fmpatagoniamadryn.com.ar\/wp-content\/uploads\/2026\/09\/img_8778.jpg","width":720,"height":720},{"@type":"BreadcrumbList","@id":"https:\/\/fmpatagoniamadryn.com.ar\/?p=26444#breadcrumb","itemListElement":[{"@type":"ListItem","position":1,"name":"Portada","item":"https:\/\/fmpatagoniamadryn.com.ar\/"},{"@type":"ListItem","position":2,"name":"Accidente en la Ruta 25: el subsecretario de Cultura de Chubut y su hijo permanecen internados"}]},{"@type":"WebSite","@id":"https:\/\/fmpatagoniamadryn.com.ar\/#website","url":"https:\/\/fmpatagoniamadryn.com.ar\/","name":"FM Patagonia Madryn","description":"Radio Patagonia 105.5","publisher":{"@id":"https:\/\/fmpatagoniamadryn.com.ar\/#organization"},"potentialAction":[{"@type":"SearchAction","target":{"@type":"EntryPoint","urlTemplate":"https:\/\/fmpatagoniamadryn.com.ar\/?s={search_term_string}"},"query-input":{"@type":"PropertyValueSpecification","valueRequired":true,"valueName":"search_term_string"}}],"inLanguage":"es"},{"@type":"Organization","@id":"https:\/\/fmpatagoniamadryn.com.ar\/#organization","name":"FM Patagonia Madryn","url":"https:\/\/fmpatagoniamadryn.com.ar\/","logo":{"@type":"ImageObject","inLanguage":"es","@id":"https:\/\/fmpatagoniamadryn.com.ar\/#\/schema\/logo\/image\/","url":"https:\/\/fmpatagoniamadryn.com.ar\/wp-content\/uploads\/2023\/01\/cropped-Diseno-sin-titulo.png","contentUrl":"https:\/\/fmpatagoniamadryn.com.ar\/wp-content\/uploads\/2023\/01\/cropped-Diseno-sin-titulo.png","width":6911,"height":2657,"caption":"FM Patagonia Madryn"},"image":{"@id":"https:\/\/fmpatagoniamadryn.com.ar\/#\/schema\/logo\/image\/"}},{"@type":"Person","@id":"https:\/\/fmpatagoniamadryn.com.ar\/#\/schema\/person\/97b1d30cb2ae311544a88a5201700571","name":"FM Patagonia","url":"https:\/\/fmpatagoniamadryn.com.ar\/?author=4"}]}},"jetpack_featured_media_url":"https:\/\/fmpatagoniamadryn.com.ar\/wp-content\/uploads\/2026\/09\/img_8778.jpg","_links":{"self":[{"href":"https:\/\/fmpatagoniamadryn.com.ar\/index.php?rest_route=\/wp\/v2\/posts\/26444","targetHints":{"allow":["GET"]}}],"collection":[{"href":"https:\/\/fmpatagoniamadryn.com.ar\/index.php?rest_route=\/wp\/v2\/posts"}],"about":[{"href":"https:\/\/fmpatagoniamadryn.com.ar\/index.php?rest_route=\/wp\/v2\/types\/post"}],"author":[{"embeddable":true,"href":"https:\/\/fmpatagoniamadryn.com.ar\/index.php?rest_route=\/wp\/v2\/users\/4"}],"replies":[{"embeddable":true,"href":"https:\/\/fmpatagoniamadryn.com.ar\/index.php?rest_route=%2Fwp%2Fv2%2Fcomments&post=26444"}],"version-history":[{"count":1,"href":"https:\/\/fmpatagoniamadryn.com.ar\/index.php?rest_route=\/wp\/v2\/posts\/26444\/revisions"}],"predecessor-version":[{"id":26445,"href":"https:\/\/fmpatagoniamadryn.com.ar\/index.php?rest_route=\/wp\/v2\/posts\/26444\/revisions\/26445"}],"wp:featuredmedia":[{"embeddable":true,"href":"https:\/\/fmpatagoniamadryn.com.ar\/index.php?rest_route=\/wp\/v2\/media\/26443"}],"wp:attachment":[{"href":"https:\/\/fmpatagoniamadryn.com.ar\/index.php?rest_route=%2Fwp%2Fv2%2Fmedia&parent=26444"}],"wp:term":[{"taxonomy":"category","embeddable":true,"href":"https:\/\/fmpatagoniamadryn.com.ar\/index.php?rest_route=%2Fwp%2Fv2%2Fcategories&post=26444"},{"taxonomy":"post_tag","embeddable":true,"href":"https:\/\/fmpatagoniamadryn.com.ar\/index.php?rest_route=%2Fwp%2Fv2%2Ftags&post=26444"}],"curies":[{"name":"wp","href":"https:\/\/api.w.org\/{rel}","templated":true}]}}