{"id":2677,"date":"2023-05-18T14:36:38","date_gmt":"2023-05-18T17:36:38","guid":{"rendered":"https:\/\/fmpatagoniamadryn.com.ar\/?p=2677"},"modified":"2023-05-18T14:36:51","modified_gmt":"2023-05-18T17:36:51","slug":"el-gobierno-del-chubut-licito-la-ampliacion-y-remodelacion-de-la-escuela-n-55-de-treorky","status":"publish","type":"post","link":"https:\/\/fmpatagoniamadryn.com.ar\/?p=2677","title":{"rendered":"El Gobierno del Chubut licit\u00f3 la ampliaci\u00f3n y remodelaci\u00f3n de la Escuela N\u00b0 55 de Treorky"},"content":{"rendered":"\n<p>\u201cNo tengo palabras para expresar mi alegr\u00eda y la emoci\u00f3n que tenemos\u201d, se\u00f1al\u00f3 la directora del establecimiento, Andrea Terr\u00f3n, durante el acto de apertura de sobres. La ampliaci\u00f3n comprende la construcci\u00f3n de un SUM, cuatro aulas, cocina, comedor, dep\u00f3sito, sala de m\u00e1quinas, ba\u00f1os y preceptor\u00eda, adem\u00e1s de la remodelaci\u00f3n de diversos espacios.<br><br>El Gobierno del Chubut llev\u00f3 a cabo este jueves por la ma\u00f1ana la apertura de sobres de la Licitaci\u00f3n P\u00fablica N\u00b002\/23, destinada a la ampliaci\u00f3n y remodelaci\u00f3n de la Escuela N\u00b0 55 \u201cTeniente de Fragata Daniel Enrique Miguel\u201d ubicada en Treorky. El proyecto cuenta con un presupuesto oficial de $364.597.302,35 y se estipul\u00f3 un plazo de ejecuci\u00f3n de 480 d\u00edas corridos.<br><br>El acto de apertura de sobres estuvo encabezado por el ministro de Infraestructura, Energ\u00eda y Planificaci\u00f3n, Gustavo Aguilera, quien estuvo acompa\u00f1ado por los subsecretarios de Planificaci\u00f3n, Mar\u00eda Lorena Lavecchia; de Obras Municipales, Sergio Ram\u00f3n; de Servicios P\u00fablicos, Marcelo Mammoliti; y su par de Coordinaci\u00f3n Educativa, Roc\u00edo Silva Preciado; la directora del establecimiento, Andrea Terr\u00f3n, la ex directora y secretaria actual, Gabriela Jure; empresarios y padres integrantes de la Cooperadora de la escuela.<br><br>Compromiso asumido por el gobernador<br><br>Al concluir el acto, el ministro de Infraestructura, Gustavo Aguilera, indic\u00f3 que \u201ces un d\u00eda muy emotivo para nosotros, cuando uno puede visitar los establecimientos escolares y brindarles una soluci\u00f3n es realmente muy gratificante\u201d. En nombre del gobernador Arcioni, el ministro agradeci\u00f3 el compromiso del equipo directivo y su dedicaci\u00f3n a los estudiantes.<br><br>Aguilera resalt\u00f3 que, \u201cal comienzo de su gesti\u00f3n, el gobernador asumi\u00f3 el compromiso de mejorar la situaci\u00f3n de la infraestructura educativa. Hoy tenemos una situaci\u00f3n mucho mejor de la que recibimos en el a\u00f1o 2019. Se han destinado muchos fondos para el mantenimiento de escuelas y ampliaciones, hoy se est\u00e1n haciendo m\u00e1s de diez ampliaciones\u201d.<br><br>\u201cEsto no es m\u00e1s que un reflejo de lo que se ha invertido en infraestructura educativa durante estos a\u00f1os. Se ha hecho un esfuerzo muy grande, muchas veces con recursos escasos, pero atendiendo la educaci\u00f3n con el mayor esfuerzo del equipo de Infraestructura y Educaci\u00f3n, al cual agradezco todo el trabajo realizado\u00bb, remarc\u00f3 el funcionario provincial.<br><br>Obras en ejecuci\u00f3n<br><br>Consultado sobre las obras ejecutadas y en ejecuci\u00f3n, el ministro record\u00f3 alguna de ellas: la construcci\u00f3n de la Escuela N\u00b07717 y la Escuela de Nivel Inicial en el barrio Cord\u00f3n Forestal de Comodoro Rivadavia; el nuevo edificio para la 7727 de El Hoyo; la ampliaci\u00f3n de la 7726 de Puerto Madryn y la ampliaci\u00f3n y refacci\u00f3n de la Escuela N\u00b0750; la ampliaci\u00f3n de la Escuela N\u00b0723 de Comodoro Rivadavia; la ampliaci\u00f3n de las escuelas 7721 y 730 de Trelew; la construcci\u00f3n de una Escuela de Nivel Inicial en Paso de Indios y el comienzo de un Jard\u00edn en Sarmiento. Adem\u00e1s de las obras de refacci\u00f3n y mantenimiento en diversos establecimientos educativos de la provincia.<br><br>\u201cVen\u00edamos de un periodo con esquemas de mantenimiento escasos, basados en planes de invierno y verano, donde se trabajaba durante dos semanas durante el receso invernal y los meses de verano. Eso hac\u00eda que los mantenimientos sean en muchos casos incompletos o superficiales no de fondo. Nosotros hemos cambiado esa l\u00f3gica, realizando refacciones integrales\u201d, se\u00f1al\u00f3 el ministro.<br><br>\u201cEs un d\u00eda de fiesta\u201d<br><br>Por su parte, Andrea Terr\u00f3n, directora del establecimiento, record\u00f3 la visita del ministro Aguilera y del subsecretario, Sergio Ram\u00f3n, al edificio en agosto del a\u00f1o pasado. Durante esta visita, se llevaron a cabo evaluaciones de las obras de ampliaci\u00f3n necesarias para el edificio.<br><br>Con emoci\u00f3n, Terr\u00f3n dijo: \u201cNo tengo palabras para expresar mi alegr\u00eda y la emoci\u00f3n que tenemos, se me llenan los ojos de l\u00e1grimas. No solamente por los estudiantes sino tambi\u00e9n por los docentes que se merecen un lugar mejor para trabajar. Lo que hacen los docentes y el personal operativo es magia, actualmente no contamos con lugar para nada\u201d.<br><br>Asimismo, expres\u00f3 la satisfacci\u00f3n compartida por toda la comunidad educativa y resalt\u00f3 el trabajo de los ex directores, afirmando que \u201choy es un d\u00eda de fiesta, en la escuela est\u00e1n todos a la espera de fotos y videos. Invit\u00e9 a todos los que estuvieron involucrados porque este pedido de ampliaci\u00f3n no es nuevo. Silvana Rossi, Emilio Diggory, Gabriela Jure, las directoras anteriores, todas han sumado su granito de arena para que esto se de hoy\u201d.<br><br>\u201cTambi\u00e9n, les ped\u00ed a los representantes de la Cooperadora que nos acompa\u00f1en, porque es una comunidad que apoya much\u00edsimo a la escuela. Ellos tambi\u00e9n se merecen que sus hijos puedan asistir a una escuela hermosa, en condiciones y espaciosa\u201d, sostuvo la directora.<br><br>Una escuela m\u00e1s c\u00f3moda<br><br>Consultada sobre la matr\u00edcula del establecimiento, Terr\u00f3n explic\u00f3 que actualmente asisten 119 estudiantes, cuyas edades van desde los 4 hasta los 15 a\u00f1os. \u201cNuestra escuela es una UEM, lo que significa que abarcamos los niveles inicial, primario y ciclo b\u00e1sico de nivel secundario. Con esto podemos llegar a rondar los 200 estudiantes tranquilamente. Treorky es una zona rural en la que a\u00f1o a a\u00f1o crece su poblaci\u00f3n, por lo que es necesaria una escuela m\u00e1s c\u00f3moda\u201d.<br><br>\u201cLamentablemente es una escuela que tiene seis espacios \u00e1ulicos, pero tiene nueve secciones, hay secciones que comparten espacios y una de ella recibe clases en lo que es la habitaci\u00f3n de la casa del portero. La Biblioteca es la otra habitaci\u00f3n de la casa del portero. As\u00ed que el solo hecho de saber que vamos a tener la Biblioteca de la Escuela N\u00b0 55 es una alegr\u00eda enorme\u201d, se\u00f1al\u00f3 la directora.<br><br>Detalles de la obra<br><br>La ampliaci\u00f3n se llevar\u00e1 a cabo en el terreno actual de la escuela, abarcando una superficie de 1019.66 m2 para la ampliaci\u00f3n, 652.37 m2 de superficie existente y se contempla la remodelaci\u00f3n de 126.88 m2.<br><br>Los espacios de ampliaci\u00f3n incluir\u00e1n un hall de acceso, un Sal\u00f3n de Usos M\u00faltiples (SUM), cuatro aulas, sector de distribuci\u00f3n, cocina, comedor, dep\u00f3sito, sala de m\u00e1quinas, ba\u00f1os, preceptor\u00eda y torre tanque exterior.<br><br>Por otro lado, la remodelaci\u00f3n comprende la readecuaci\u00f3n de la superficie existente, donde actualmente se encuentra la vivienda del portero, la biblioteca y las oficinas administrativas. Se anexar\u00e1 el sector existente como sector de Gobierno generando as\u00ed un ala de administraci\u00f3n, recepci\u00f3n y direcci\u00f3n, lo que permitir\u00e1 organizar los espacios junto con la ampliaci\u00f3n propuesta.<br><br> Ofertas<br><br>El escribano General de Gobierno, Esc. Marcelo Lizurume, abri\u00f3 la \u00fanica oferta correspondiente a la licitaci\u00f3n N\u00b002\/23, para la ampliaci\u00f3n de la Escuela N\u00b055 de Treorky. La empresa CD Construcciones realiz\u00f3 una oferta de $519.652.660,34 y una oferta alternativa que propone realizar un descuento del 4% sobre todos y cada uno de los \u00edtems.<\/p>\n","protected":false},"excerpt":{"rendered":"<p>\u201cNo tengo palabras para expresar mi alegr\u00eda y la emoci\u00f3n que tenemos\u201d, se\u00f1al\u00f3 la directora del establecimiento, Andrea Terr\u00f3n, durante el acto de apertura de sobres. La ampliaci\u00f3n comprende la&hellip; <\/p>\n","protected":false},"author":3,"featured_media":2676,"comment_status":"closed","ping_status":"closed","sticky":false,"template":"","format":"standard","meta":{"footnotes":""},"categories":[14],"tags":[],"class_list":["post-2677","post","type-post","status-publish","format-standard","has-post-thumbnail","hentry","category-provinciales"],"yoast_head":"<!-- This site is optimized with the Yoast SEO plugin v27.4 - https:\/\/yoast.com\/product\/yoast-seo-wordpress\/ -->\n<title>El Gobierno del Chubut licit\u00f3 la ampliaci\u00f3n y remodelaci\u00f3n de la Escuela N\u00b0 55 de Treorky - FM Patagonia Madryn<\/title>\n<meta name=\"robots\" content=\"index, follow, max-snippet:-1, max-image-preview:large, max-video-preview:-1\" \/>\n<link rel=\"canonical\" href=\"https:\/\/fmpatagoniamadryn.com.ar\/?p=2677\" \/>\n<meta property=\"og:locale\" content=\"es_ES\" \/>\n<meta property=\"og:type\" content=\"article\" \/>\n<meta property=\"og:title\" content=\"El Gobierno del Chubut licit\u00f3 la ampliaci\u00f3n y remodelaci\u00f3n de la Escuela N\u00b0 55 de Treorky - FM Patagonia Madryn\" \/>\n<meta property=\"og:description\" content=\"\u201cNo tengo palabras para expresar mi alegr\u00eda y la emoci\u00f3n que tenemos\u201d, se\u00f1al\u00f3 la directora del establecimiento, Andrea Terr\u00f3n, durante el acto de apertura de sobres. La ampliaci\u00f3n comprende la&hellip;\" \/>\n<meta property=\"og:url\" content=\"https:\/\/fmpatagoniamadryn.com.ar\/?p=2677\" \/>\n<meta property=\"og:site_name\" content=\"FM Patagonia Madryn\" \/>\n<meta property=\"article:published_time\" content=\"2023-05-18T17:36:38+00:00\" \/>\n<meta property=\"article:modified_time\" content=\"2023-05-18T17:36:51+00:00\" \/>\n<meta property=\"og:image\" content=\"https:\/\/fmpatagoniamadryn.com.ar\/wp-content\/uploads\/2023\/05\/Escuela-N\u00b0-55-de-Treorky-scaled.jpg\" \/>\n\t<meta property=\"og:image:width\" content=\"2560\" \/>\n\t<meta property=\"og:image:height\" content=\"1383\" \/>\n\t<meta property=\"og:image:type\" content=\"image\/jpeg\" \/>\n<meta name=\"author\" content=\"FM Patagonia\" \/>\n<meta name=\"twitter:card\" content=\"summary_large_image\" \/>\n<meta name=\"twitter:label1\" content=\"Escrito por\" \/>\n\t<meta name=\"twitter:data1\" content=\"FM Patagonia\" \/>\n\t<meta name=\"twitter:label2\" content=\"Tiempo de lectura\" \/>\n\t<meta name=\"twitter:data2\" content=\"6 minutos\" \/>\n<script type=\"application\/ld+json\" class=\"yoast-schema-graph\">{\"@context\":\"https:\\\/\\\/schema.org\",\"@graph\":[{\"@type\":\"Article\",\"@id\":\"https:\\\/\\\/fmpatagoniamadryn.com.ar\\\/?p=2677#article\",\"isPartOf\":{\"@id\":\"https:\\\/\\\/fmpatagoniamadryn.com.ar\\\/?p=2677\"},\"author\":{\"name\":\"FM Patagonia\",\"@id\":\"https:\\\/\\\/fmpatagoniamadryn.com.ar\\\/#\\\/schema\\\/person\\\/1d968ec613613768e14b4e6420a2b125\"},\"headline\":\"El Gobierno del Chubut licit\u00f3 la ampliaci\u00f3n y remodelaci\u00f3n de la Escuela N\u00b0 55 de Treorky\",\"datePublished\":\"2023-05-18T17:36:38+00:00\",\"dateModified\":\"2023-05-18T17:36:51+00:00\",\"mainEntityOfPage\":{\"@id\":\"https:\\\/\\\/fmpatagoniamadryn.com.ar\\\/?p=2677\"},\"wordCount\":1196,\"publisher\":{\"@id\":\"https:\\\/\\\/fmpatagoniamadryn.com.ar\\\/#organization\"},\"image\":{\"@id\":\"https:\\\/\\\/fmpatagoniamadryn.com.ar\\\/?p=2677#primaryimage\"},\"thumbnailUrl\":\"https:\\\/\\\/fmpatagoniamadryn.com.ar\\\/wp-content\\\/uploads\\\/2023\\\/05\\\/Escuela-N\u00b0-55-de-Treorky-scaled.jpg\",\"articleSection\":[\"Provinciales\"],\"inLanguage\":\"es\"},{\"@type\":\"WebPage\",\"@id\":\"https:\\\/\\\/fmpatagoniamadryn.com.ar\\\/?p=2677\",\"url\":\"https:\\\/\\\/fmpatagoniamadryn.com.ar\\\/?p=2677\",\"name\":\"El Gobierno del Chubut licit\u00f3 la ampliaci\u00f3n y remodelaci\u00f3n de la Escuela N\u00b0 55 de Treorky - FM Patagonia Madryn\",\"isPartOf\":{\"@id\":\"https:\\\/\\\/fmpatagoniamadryn.com.ar\\\/#website\"},\"primaryImageOfPage\":{\"@id\":\"https:\\\/\\\/fmpatagoniamadryn.com.ar\\\/?p=2677#primaryimage\"},\"image\":{\"@id\":\"https:\\\/\\\/fmpatagoniamadryn.com.ar\\\/?p=2677#primaryimage\"},\"thumbnailUrl\":\"https:\\\/\\\/fmpatagoniamadryn.com.ar\\\/wp-content\\\/uploads\\\/2023\\\/05\\\/Escuela-N\u00b0-55-de-Treorky-scaled.jpg\",\"datePublished\":\"2023-05-18T17:36:38+00:00\",\"dateModified\":\"2023-05-18T17:36:51+00:00\",\"breadcrumb\":{\"@id\":\"https:\\\/\\\/fmpatagoniamadryn.com.ar\\\/?p=2677#breadcrumb\"},\"inLanguage\":\"es\",\"potentialAction\":[{\"@type\":\"ReadAction\",\"target\":[\"https:\\\/\\\/fmpatagoniamadryn.com.ar\\\/?p=2677\"]}]},{\"@type\":\"ImageObject\",\"inLanguage\":\"es\",\"@id\":\"https:\\\/\\\/fmpatagoniamadryn.com.ar\\\/?p=2677#primaryimage\",\"url\":\"https:\\\/\\\/fmpatagoniamadryn.com.ar\\\/wp-content\\\/uploads\\\/2023\\\/05\\\/Escuela-N\u00b0-55-de-Treorky-scaled.jpg\",\"contentUrl\":\"https:\\\/\\\/fmpatagoniamadryn.com.ar\\\/wp-content\\\/uploads\\\/2023\\\/05\\\/Escuela-N\u00b0-55-de-Treorky-scaled.jpg\",\"width\":2560,\"height\":1383},{\"@type\":\"BreadcrumbList\",\"@id\":\"https:\\\/\\\/fmpatagoniamadryn.com.ar\\\/?p=2677#breadcrumb\",\"itemListElement\":[{\"@type\":\"ListItem\",\"position\":1,\"name\":\"Portada\",\"item\":\"https:\\\/\\\/fmpatagoniamadryn.com.ar\\\/\"},{\"@type\":\"ListItem\",\"position\":2,\"name\":\"El Gobierno del Chubut licit\u00f3 la ampliaci\u00f3n y remodelaci\u00f3n de la Escuela N\u00b0 55 de Treorky\"}]},{\"@type\":\"WebSite\",\"@id\":\"https:\\\/\\\/fmpatagoniamadryn.com.ar\\\/#website\",\"url\":\"https:\\\/\\\/fmpatagoniamadryn.com.ar\\\/\",\"name\":\"FM Patagonia Madryn\",\"description\":\"Radio Patagonia 105.5\",\"publisher\":{\"@id\":\"https:\\\/\\\/fmpatagoniamadryn.com.ar\\\/#organization\"},\"potentialAction\":[{\"@type\":\"SearchAction\",\"target\":{\"@type\":\"EntryPoint\",\"urlTemplate\":\"https:\\\/\\\/fmpatagoniamadryn.com.ar\\\/?s={search_term_string}\"},\"query-input\":{\"@type\":\"PropertyValueSpecification\",\"valueRequired\":true,\"valueName\":\"search_term_string\"}}],\"inLanguage\":\"es\"},{\"@type\":\"Organization\",\"@id\":\"https:\\\/\\\/fmpatagoniamadryn.com.ar\\\/#organization\",\"name\":\"FM Patagonia Madryn\",\"url\":\"https:\\\/\\\/fmpatagoniamadryn.com.ar\\\/\",\"logo\":{\"@type\":\"ImageObject\",\"inLanguage\":\"es\",\"@id\":\"https:\\\/\\\/fmpatagoniamadryn.com.ar\\\/#\\\/schema\\\/logo\\\/image\\\/\",\"url\":\"https:\\\/\\\/fmpatagoniamadryn.com.ar\\\/wp-content\\\/uploads\\\/2023\\\/01\\\/cropped-Diseno-sin-titulo.png\",\"contentUrl\":\"https:\\\/\\\/fmpatagoniamadryn.com.ar\\\/wp-content\\\/uploads\\\/2023\\\/01\\\/cropped-Diseno-sin-titulo.png\",\"width\":6911,\"height\":2657,\"caption\":\"FM Patagonia Madryn\"},\"image\":{\"@id\":\"https:\\\/\\\/fmpatagoniamadryn.com.ar\\\/#\\\/schema\\\/logo\\\/image\\\/\"}},{\"@type\":\"Person\",\"@id\":\"https:\\\/\\\/fmpatagoniamadryn.com.ar\\\/#\\\/schema\\\/person\\\/1d968ec613613768e14b4e6420a2b125\",\"name\":\"FM Patagonia\",\"url\":\"https:\\\/\\\/fmpatagoniamadryn.com.ar\\\/?author=3\"}]}<\/script>\n<!-- \/ Yoast SEO plugin. -->","yoast_head_json":{"title":"El Gobierno del Chubut licit\u00f3 la ampliaci\u00f3n y remodelaci\u00f3n de la Escuela N\u00b0 55 de Treorky - FM Patagonia Madryn","robots":{"index":"index","follow":"follow","max-snippet":"max-snippet:-1","max-image-preview":"max-image-preview:large","max-video-preview":"max-video-preview:-1"},"canonical":"https:\/\/fmpatagoniamadryn.com.ar\/?p=2677","og_locale":"es_ES","og_type":"article","og_title":"El Gobierno del Chubut licit\u00f3 la ampliaci\u00f3n y remodelaci\u00f3n de la Escuela N\u00b0 55 de Treorky - FM Patagonia Madryn","og_description":"\u201cNo tengo palabras para expresar mi alegr\u00eda y la emoci\u00f3n que tenemos\u201d, se\u00f1al\u00f3 la directora del establecimiento, Andrea Terr\u00f3n, durante el acto de apertura de sobres. La ampliaci\u00f3n comprende la&hellip;","og_url":"https:\/\/fmpatagoniamadryn.com.ar\/?p=2677","og_site_name":"FM Patagonia Madryn","article_published_time":"2023-05-18T17:36:38+00:00","article_modified_time":"2023-05-18T17:36:51+00:00","og_image":[{"width":2560,"height":1383,"url":"https:\/\/fmpatagoniamadryn.com.ar\/wp-content\/uploads\/2023\/05\/Escuela-N\u00b0-55-de-Treorky-scaled.jpg","type":"image\/jpeg"}],"author":"FM Patagonia","twitter_card":"summary_large_image","twitter_misc":{"Escrito por":"FM Patagonia","Tiempo de lectura":"6 minutos"},"schema":{"@context":"https:\/\/schema.org","@graph":[{"@type":"Article","@id":"https:\/\/fmpatagoniamadryn.com.ar\/?p=2677#article","isPartOf":{"@id":"https:\/\/fmpatagoniamadryn.com.ar\/?p=2677"},"author":{"name":"FM Patagonia","@id":"https:\/\/fmpatagoniamadryn.com.ar\/#\/schema\/person\/1d968ec613613768e14b4e6420a2b125"},"headline":"El Gobierno del Chubut licit\u00f3 la ampliaci\u00f3n y remodelaci\u00f3n de la Escuela N\u00b0 55 de Treorky","datePublished":"2023-05-18T17:36:38+00:00","dateModified":"2023-05-18T17:36:51+00:00","mainEntityOfPage":{"@id":"https:\/\/fmpatagoniamadryn.com.ar\/?p=2677"},"wordCount":1196,"publisher":{"@id":"https:\/\/fmpatagoniamadryn.com.ar\/#organization"},"image":{"@id":"https:\/\/fmpatagoniamadryn.com.ar\/?p=2677#primaryimage"},"thumbnailUrl":"https:\/\/fmpatagoniamadryn.com.ar\/wp-content\/uploads\/2023\/05\/Escuela-N\u00b0-55-de-Treorky-scaled.jpg","articleSection":["Provinciales"],"inLanguage":"es"},{"@type":"WebPage","@id":"https:\/\/fmpatagoniamadryn.com.ar\/?p=2677","url":"https:\/\/fmpatagoniamadryn.com.ar\/?p=2677","name":"El Gobierno del Chubut licit\u00f3 la ampliaci\u00f3n y remodelaci\u00f3n de la Escuela N\u00b0 55 de Treorky - FM Patagonia Madryn","isPartOf":{"@id":"https:\/\/fmpatagoniamadryn.com.ar\/#website"},"primaryImageOfPage":{"@id":"https:\/\/fmpatagoniamadryn.com.ar\/?p=2677#primaryimage"},"image":{"@id":"https:\/\/fmpatagoniamadryn.com.ar\/?p=2677#primaryimage"},"thumbnailUrl":"https:\/\/fmpatagoniamadryn.com.ar\/wp-content\/uploads\/2023\/05\/Escuela-N\u00b0-55-de-Treorky-scaled.jpg","datePublished":"2023-05-18T17:36:38+00:00","dateModified":"2023-05-18T17:36:51+00:00","breadcrumb":{"@id":"https:\/\/fmpatagoniamadryn.com.ar\/?p=2677#breadcrumb"},"inLanguage":"es","potentialAction":[{"@type":"ReadAction","target":["https:\/\/fmpatagoniamadryn.com.ar\/?p=2677"]}]},{"@type":"ImageObject","inLanguage":"es","@id":"https:\/\/fmpatagoniamadryn.com.ar\/?p=2677#primaryimage","url":"https:\/\/fmpatagoniamadryn.com.ar\/wp-content\/uploads\/2023\/05\/Escuela-N\u00b0-55-de-Treorky-scaled.jpg","contentUrl":"https:\/\/fmpatagoniamadryn.com.ar\/wp-content\/uploads\/2023\/05\/Escuela-N\u00b0-55-de-Treorky-scaled.jpg","width":2560,"height":1383},{"@type":"BreadcrumbList","@id":"https:\/\/fmpatagoniamadryn.com.ar\/?p=2677#breadcrumb","itemListElement":[{"@type":"ListItem","position":1,"name":"Portada","item":"https:\/\/fmpatagoniamadryn.com.ar\/"},{"@type":"ListItem","position":2,"name":"El Gobierno del Chubut licit\u00f3 la ampliaci\u00f3n y remodelaci\u00f3n de la Escuela N\u00b0 55 de Treorky"}]},{"@type":"WebSite","@id":"https:\/\/fmpatagoniamadryn.com.ar\/#website","url":"https:\/\/fmpatagoniamadryn.com.ar\/","name":"FM Patagonia Madryn","description":"Radio Patagonia 105.5","publisher":{"@id":"https:\/\/fmpatagoniamadryn.com.ar\/#organization"},"potentialAction":[{"@type":"SearchAction","target":{"@type":"EntryPoint","urlTemplate":"https:\/\/fmpatagoniamadryn.com.ar\/?s={search_term_string}"},"query-input":{"@type":"PropertyValueSpecification","valueRequired":true,"valueName":"search_term_string"}}],"inLanguage":"es"},{"@type":"Organization","@id":"https:\/\/fmpatagoniamadryn.com.ar\/#organization","name":"FM Patagonia Madryn","url":"https:\/\/fmpatagoniamadryn.com.ar\/","logo":{"@type":"ImageObject","inLanguage":"es","@id":"https:\/\/fmpatagoniamadryn.com.ar\/#\/schema\/logo\/image\/","url":"https:\/\/fmpatagoniamadryn.com.ar\/wp-content\/uploads\/2023\/01\/cropped-Diseno-sin-titulo.png","contentUrl":"https:\/\/fmpatagoniamadryn.com.ar\/wp-content\/uploads\/2023\/01\/cropped-Diseno-sin-titulo.png","width":6911,"height":2657,"caption":"FM Patagonia Madryn"},"image":{"@id":"https:\/\/fmpatagoniamadryn.com.ar\/#\/schema\/logo\/image\/"}},{"@type":"Person","@id":"https:\/\/fmpatagoniamadryn.com.ar\/#\/schema\/person\/1d968ec613613768e14b4e6420a2b125","name":"FM Patagonia","url":"https:\/\/fmpatagoniamadryn.com.ar\/?author=3"}]}},"jetpack_featured_media_url":"https:\/\/fmpatagoniamadryn.com.ar\/wp-content\/uploads\/2023\/05\/Escuela-N\u00b0-55-de-Treorky-scaled.jpg","_links":{"self":[{"href":"https:\/\/fmpatagoniamadryn.com.ar\/index.php?rest_route=\/wp\/v2\/posts\/2677","targetHints":{"allow":["GET"]}}],"collection":[{"href":"https:\/\/fmpatagoniamadryn.com.ar\/index.php?rest_route=\/wp\/v2\/posts"}],"about":[{"href":"https:\/\/fmpatagoniamadryn.com.ar\/index.php?rest_route=\/wp\/v2\/types\/post"}],"author":[{"embeddable":true,"href":"https:\/\/fmpatagoniamadryn.com.ar\/index.php?rest_route=\/wp\/v2\/users\/3"}],"replies":[{"embeddable":true,"href":"https:\/\/fmpatagoniamadryn.com.ar\/index.php?rest_route=%2Fwp%2Fv2%2Fcomments&post=2677"}],"version-history":[{"count":1,"href":"https:\/\/fmpatagoniamadryn.com.ar\/index.php?rest_route=\/wp\/v2\/posts\/2677\/revisions"}],"predecessor-version":[{"id":2678,"href":"https:\/\/fmpatagoniamadryn.com.ar\/index.php?rest_route=\/wp\/v2\/posts\/2677\/revisions\/2678"}],"wp:featuredmedia":[{"embeddable":true,"href":"https:\/\/fmpatagoniamadryn.com.ar\/index.php?rest_route=\/wp\/v2\/media\/2676"}],"wp:attachment":[{"href":"https:\/\/fmpatagoniamadryn.com.ar\/index.php?rest_route=%2Fwp%2Fv2%2Fmedia&parent=2677"}],"wp:term":[{"taxonomy":"category","embeddable":true,"href":"https:\/\/fmpatagoniamadryn.com.ar\/index.php?rest_route=%2Fwp%2Fv2%2Fcategories&post=2677"},{"taxonomy":"post_tag","embeddable":true,"href":"https:\/\/fmpatagoniamadryn.com.ar\/index.php?rest_route=%2Fwp%2Fv2%2Ftags&post=2677"}],"curies":[{"name":"wp","href":"https:\/\/api.w.org\/{rel}","templated":true}]}}