{"id":2731,"date":"2023-05-20T13:29:31","date_gmt":"2023-05-20T16:29:31","guid":{"rendered":"https:\/\/fmpatagoniamadryn.com.ar\/?p=2731"},"modified":"2023-05-20T13:29:39","modified_gmt":"2023-05-20T16:29:39","slug":"el-intendente-encabezo-la-reinauguracion-del-museo-municipal-de-arte","status":"publish","type":"post","link":"https:\/\/fmpatagoniamadryn.com.ar\/?p=2731","title":{"rendered":"EL INTENDENTE ENCABEZ\u00d3 LA REINAUGURACI\u00d3N DEL MUSEO MUNICIPAL DE ARTE"},"content":{"rendered":"\n<p>El intendente de Puerto Madryn, Gustavo Sastre, encabez\u00f3 hoy la reinauguraci\u00f3n del Museo Municipal de Arte, en el que se realizaron distintas obras para renovarlo y optimizar su funcionamiento, quedando totalmente restaurado.<br><br>En el Museo Municipal de Arte se encuentra la colecci\u00f3n de arte argentino m\u00e1s importante de la Patagonia. Esta obra es de una magnitud incre\u00edble, construyendo un museo totalmente remodelado, siendo un antes y un despu\u00e9s para la cultura madrynense.<br><br>El Intendente dijo: \u201cLa verdad es que nos llena de orgullo y satisfacci\u00f3n poder ver como ha quedado nuestro Museo Municipal de Arte luego de las obras y de la gran inversi\u00f3n que realizamos para que esto ocurra. Estamos muy conformes con el resultado, ya que es un sitio que qued\u00f3 totalmente optimizado\u201d.<br><br>En este mismo sentido, el Jefe Comunal remarc\u00f3: \u201cDesde el primer d\u00eda de gesti\u00f3n nos hemos propuesto poner en valor los distintos espacios culturales de nuestra ciudad y lo estamos haciendo con hechos concretos como este\u00bb<br><br>Las obras<br>En este caso espec\u00edfico se hizo el reemplazo completo de chapas, zinguer\u00edas y aislaci\u00f3n, al mismo tiempo que se aprovech\u00f3 para realizar una modificaci\u00f3n en el proyecto y agregar nuevas ventanas con vista al mar. Tambi\u00e9n se cambi\u00f3 el cerramiento del acceso por un sistema de aluminio que permite una mejor accesibilidad y salida de emergencia.<br><br>Todas las ventanas fueron provistas por sistemas de oscurecimiento acordes a las necesidades del uso de este espacio, mientras que la calefacci\u00f3n fue acondicionada por completo. Las obras tambi\u00e9n contemplaron el cambio del sistema de cielo raso, permitiendo una mejor disposici\u00f3n para el reemplazo de luminarias y una mejor distribuci\u00f3n adecuada al uso y la necesidad de las obras.<br><br>Por \u00faltimo, se moderniz\u00f3 el sistema de se\u00f1alizaci\u00f3n y luces de emergencia para cumplir con sistemas normalizados de seguridad, colocando nueva iluminaci\u00f3n en el exterior en todo su per\u00edmetro. Adem\u00e1s, se cambi\u00f3 el piso, tanto en el interior como en el exterior y se realizaron las tareas de pintura completa y el cambio del mobiliario completo.<br><br>#cultura #muma #reinauguracion #obras #madryn<\/p>\n","protected":false},"excerpt":{"rendered":"<p>El intendente de Puerto Madryn, Gustavo Sastre, encabez\u00f3 hoy la reinauguraci\u00f3n del Museo Municipal de Arte, en el que se realizaron distintas obras para renovarlo y optimizar su funcionamiento, quedando&hellip; <\/p>\n","protected":false},"author":3,"featured_media":2730,"comment_status":"closed","ping_status":"closed","sticky":false,"template":"","format":"standard","meta":{"footnotes":""},"categories":[15],"tags":[],"class_list":["post-2731","post","type-post","status-publish","format-standard","has-post-thumbnail","hentry","category-locales"],"yoast_head":"<!-- This site is optimized with the Yoast SEO plugin v27.4 - https:\/\/yoast.com\/product\/yoast-seo-wordpress\/ -->\n<title>EL INTENDENTE ENCABEZ\u00d3 LA REINAUGURACI\u00d3N DEL MUSEO MUNICIPAL DE ARTE - FM Patagonia Madryn<\/title>\n<meta name=\"robots\" content=\"index, follow, max-snippet:-1, max-image-preview:large, max-video-preview:-1\" \/>\n<link rel=\"canonical\" href=\"https:\/\/fmpatagoniamadryn.com.ar\/?p=2731\" \/>\n<meta property=\"og:locale\" content=\"es_ES\" \/>\n<meta property=\"og:type\" content=\"article\" \/>\n<meta property=\"og:title\" content=\"EL INTENDENTE ENCABEZ\u00d3 LA REINAUGURACI\u00d3N DEL MUSEO MUNICIPAL DE ARTE - FM Patagonia Madryn\" \/>\n<meta property=\"og:description\" content=\"El intendente de Puerto Madryn, Gustavo Sastre, encabez\u00f3 hoy la reinauguraci\u00f3n del Museo Municipal de Arte, en el que se realizaron distintas obras para renovarlo y optimizar su funcionamiento, quedando&hellip;\" \/>\n<meta property=\"og:url\" content=\"https:\/\/fmpatagoniamadryn.com.ar\/?p=2731\" \/>\n<meta property=\"og:site_name\" content=\"FM Patagonia Madryn\" \/>\n<meta property=\"article:published_time\" content=\"2023-05-20T16:29:31+00:00\" \/>\n<meta property=\"article:modified_time\" content=\"2023-05-20T16:29:39+00:00\" \/>\n<meta property=\"og:image\" content=\"https:\/\/fmpatagoniamadryn.com.ar\/wp-content\/uploads\/2023\/05\/FB_IMG_1684600158927.jpg\" \/>\n\t<meta property=\"og:image:width\" content=\"960\" \/>\n\t<meta property=\"og:image:height\" content=\"639\" \/>\n\t<meta property=\"og:image:type\" content=\"image\/jpeg\" \/>\n<meta name=\"author\" content=\"FM Patagonia\" \/>\n<meta name=\"twitter:card\" content=\"summary_large_image\" \/>\n<meta name=\"twitter:label1\" content=\"Escrito por\" \/>\n\t<meta name=\"twitter:data1\" content=\"FM Patagonia\" \/>\n\t<meta name=\"twitter:label2\" content=\"Tiempo de lectura\" \/>\n\t<meta name=\"twitter:data2\" content=\"2 minutos\" \/>\n<script type=\"application\/ld+json\" class=\"yoast-schema-graph\">{\"@context\":\"https:\\\/\\\/schema.org\",\"@graph\":[{\"@type\":\"Article\",\"@id\":\"https:\\\/\\\/fmpatagoniamadryn.com.ar\\\/?p=2731#article\",\"isPartOf\":{\"@id\":\"https:\\\/\\\/fmpatagoniamadryn.com.ar\\\/?p=2731\"},\"author\":{\"name\":\"FM Patagonia\",\"@id\":\"https:\\\/\\\/fmpatagoniamadryn.com.ar\\\/#\\\/schema\\\/person\\\/1d968ec613613768e14b4e6420a2b125\"},\"headline\":\"EL INTENDENTE ENCABEZ\u00d3 LA REINAUGURACI\u00d3N DEL MUSEO MUNICIPAL DE ARTE\",\"datePublished\":\"2023-05-20T16:29:31+00:00\",\"dateModified\":\"2023-05-20T16:29:39+00:00\",\"mainEntityOfPage\":{\"@id\":\"https:\\\/\\\/fmpatagoniamadryn.com.ar\\\/?p=2731\"},\"wordCount\":372,\"publisher\":{\"@id\":\"https:\\\/\\\/fmpatagoniamadryn.com.ar\\\/#organization\"},\"image\":{\"@id\":\"https:\\\/\\\/fmpatagoniamadryn.com.ar\\\/?p=2731#primaryimage\"},\"thumbnailUrl\":\"https:\\\/\\\/fmpatagoniamadryn.com.ar\\\/wp-content\\\/uploads\\\/2023\\\/05\\\/FB_IMG_1684600158927.jpg\",\"articleSection\":[\"Locales\"],\"inLanguage\":\"es\"},{\"@type\":\"WebPage\",\"@id\":\"https:\\\/\\\/fmpatagoniamadryn.com.ar\\\/?p=2731\",\"url\":\"https:\\\/\\\/fmpatagoniamadryn.com.ar\\\/?p=2731\",\"name\":\"EL INTENDENTE ENCABEZ\u00d3 LA REINAUGURACI\u00d3N DEL MUSEO MUNICIPAL DE ARTE - FM Patagonia Madryn\",\"isPartOf\":{\"@id\":\"https:\\\/\\\/fmpatagoniamadryn.com.ar\\\/#website\"},\"primaryImageOfPage\":{\"@id\":\"https:\\\/\\\/fmpatagoniamadryn.com.ar\\\/?p=2731#primaryimage\"},\"image\":{\"@id\":\"https:\\\/\\\/fmpatagoniamadryn.com.ar\\\/?p=2731#primaryimage\"},\"thumbnailUrl\":\"https:\\\/\\\/fmpatagoniamadryn.com.ar\\\/wp-content\\\/uploads\\\/2023\\\/05\\\/FB_IMG_1684600158927.jpg\",\"datePublished\":\"2023-05-20T16:29:31+00:00\",\"dateModified\":\"2023-05-20T16:29:39+00:00\",\"breadcrumb\":{\"@id\":\"https:\\\/\\\/fmpatagoniamadryn.com.ar\\\/?p=2731#breadcrumb\"},\"inLanguage\":\"es\",\"potentialAction\":[{\"@type\":\"ReadAction\",\"target\":[\"https:\\\/\\\/fmpatagoniamadryn.com.ar\\\/?p=2731\"]}]},{\"@type\":\"ImageObject\",\"inLanguage\":\"es\",\"@id\":\"https:\\\/\\\/fmpatagoniamadryn.com.ar\\\/?p=2731#primaryimage\",\"url\":\"https:\\\/\\\/fmpatagoniamadryn.com.ar\\\/wp-content\\\/uploads\\\/2023\\\/05\\\/FB_IMG_1684600158927.jpg\",\"contentUrl\":\"https:\\\/\\\/fmpatagoniamadryn.com.ar\\\/wp-content\\\/uploads\\\/2023\\\/05\\\/FB_IMG_1684600158927.jpg\",\"width\":960,\"height\":639},{\"@type\":\"BreadcrumbList\",\"@id\":\"https:\\\/\\\/fmpatagoniamadryn.com.ar\\\/?p=2731#breadcrumb\",\"itemListElement\":[{\"@type\":\"ListItem\",\"position\":1,\"name\":\"Portada\",\"item\":\"https:\\\/\\\/fmpatagoniamadryn.com.ar\\\/\"},{\"@type\":\"ListItem\",\"position\":2,\"name\":\"EL INTENDENTE ENCABEZ\u00d3 LA REINAUGURACI\u00d3N DEL MUSEO MUNICIPAL DE ARTE\"}]},{\"@type\":\"WebSite\",\"@id\":\"https:\\\/\\\/fmpatagoniamadryn.com.ar\\\/#website\",\"url\":\"https:\\\/\\\/fmpatagoniamadryn.com.ar\\\/\",\"name\":\"FM Patagonia Madryn\",\"description\":\"Radio Patagonia 105.5\",\"publisher\":{\"@id\":\"https:\\\/\\\/fmpatagoniamadryn.com.ar\\\/#organization\"},\"potentialAction\":[{\"@type\":\"SearchAction\",\"target\":{\"@type\":\"EntryPoint\",\"urlTemplate\":\"https:\\\/\\\/fmpatagoniamadryn.com.ar\\\/?s={search_term_string}\"},\"query-input\":{\"@type\":\"PropertyValueSpecification\",\"valueRequired\":true,\"valueName\":\"search_term_string\"}}],\"inLanguage\":\"es\"},{\"@type\":\"Organization\",\"@id\":\"https:\\\/\\\/fmpatagoniamadryn.com.ar\\\/#organization\",\"name\":\"FM Patagonia Madryn\",\"url\":\"https:\\\/\\\/fmpatagoniamadryn.com.ar\\\/\",\"logo\":{\"@type\":\"ImageObject\",\"inLanguage\":\"es\",\"@id\":\"https:\\\/\\\/fmpatagoniamadryn.com.ar\\\/#\\\/schema\\\/logo\\\/image\\\/\",\"url\":\"https:\\\/\\\/fmpatagoniamadryn.com.ar\\\/wp-content\\\/uploads\\\/2023\\\/01\\\/cropped-Diseno-sin-titulo.png\",\"contentUrl\":\"https:\\\/\\\/fmpatagoniamadryn.com.ar\\\/wp-content\\\/uploads\\\/2023\\\/01\\\/cropped-Diseno-sin-titulo.png\",\"width\":6911,\"height\":2657,\"caption\":\"FM Patagonia Madryn\"},\"image\":{\"@id\":\"https:\\\/\\\/fmpatagoniamadryn.com.ar\\\/#\\\/schema\\\/logo\\\/image\\\/\"}},{\"@type\":\"Person\",\"@id\":\"https:\\\/\\\/fmpatagoniamadryn.com.ar\\\/#\\\/schema\\\/person\\\/1d968ec613613768e14b4e6420a2b125\",\"name\":\"FM Patagonia\",\"url\":\"https:\\\/\\\/fmpatagoniamadryn.com.ar\\\/?author=3\"}]}<\/script>\n<!-- \/ Yoast SEO plugin. -->","yoast_head_json":{"title":"EL INTENDENTE ENCABEZ\u00d3 LA REINAUGURACI\u00d3N DEL MUSEO MUNICIPAL DE ARTE - FM Patagonia Madryn","robots":{"index":"index","follow":"follow","max-snippet":"max-snippet:-1","max-image-preview":"max-image-preview:large","max-video-preview":"max-video-preview:-1"},"canonical":"https:\/\/fmpatagoniamadryn.com.ar\/?p=2731","og_locale":"es_ES","og_type":"article","og_title":"EL INTENDENTE ENCABEZ\u00d3 LA REINAUGURACI\u00d3N DEL MUSEO MUNICIPAL DE ARTE - FM Patagonia Madryn","og_description":"El intendente de Puerto Madryn, Gustavo Sastre, encabez\u00f3 hoy la reinauguraci\u00f3n del Museo Municipal de Arte, en el que se realizaron distintas obras para renovarlo y optimizar su funcionamiento, quedando&hellip;","og_url":"https:\/\/fmpatagoniamadryn.com.ar\/?p=2731","og_site_name":"FM Patagonia Madryn","article_published_time":"2023-05-20T16:29:31+00:00","article_modified_time":"2023-05-20T16:29:39+00:00","og_image":[{"width":960,"height":639,"url":"https:\/\/fmpatagoniamadryn.com.ar\/wp-content\/uploads\/2023\/05\/FB_IMG_1684600158927.jpg","type":"image\/jpeg"}],"author":"FM Patagonia","twitter_card":"summary_large_image","twitter_misc":{"Escrito por":"FM Patagonia","Tiempo de lectura":"2 minutos"},"schema":{"@context":"https:\/\/schema.org","@graph":[{"@type":"Article","@id":"https:\/\/fmpatagoniamadryn.com.ar\/?p=2731#article","isPartOf":{"@id":"https:\/\/fmpatagoniamadryn.com.ar\/?p=2731"},"author":{"name":"FM Patagonia","@id":"https:\/\/fmpatagoniamadryn.com.ar\/#\/schema\/person\/1d968ec613613768e14b4e6420a2b125"},"headline":"EL INTENDENTE ENCABEZ\u00d3 LA REINAUGURACI\u00d3N DEL MUSEO MUNICIPAL DE ARTE","datePublished":"2023-05-20T16:29:31+00:00","dateModified":"2023-05-20T16:29:39+00:00","mainEntityOfPage":{"@id":"https:\/\/fmpatagoniamadryn.com.ar\/?p=2731"},"wordCount":372,"publisher":{"@id":"https:\/\/fmpatagoniamadryn.com.ar\/#organization"},"image":{"@id":"https:\/\/fmpatagoniamadryn.com.ar\/?p=2731#primaryimage"},"thumbnailUrl":"https:\/\/fmpatagoniamadryn.com.ar\/wp-content\/uploads\/2023\/05\/FB_IMG_1684600158927.jpg","articleSection":["Locales"],"inLanguage":"es"},{"@type":"WebPage","@id":"https:\/\/fmpatagoniamadryn.com.ar\/?p=2731","url":"https:\/\/fmpatagoniamadryn.com.ar\/?p=2731","name":"EL INTENDENTE ENCABEZ\u00d3 LA REINAUGURACI\u00d3N DEL MUSEO MUNICIPAL DE ARTE - FM Patagonia Madryn","isPartOf":{"@id":"https:\/\/fmpatagoniamadryn.com.ar\/#website"},"primaryImageOfPage":{"@id":"https:\/\/fmpatagoniamadryn.com.ar\/?p=2731#primaryimage"},"image":{"@id":"https:\/\/fmpatagoniamadryn.com.ar\/?p=2731#primaryimage"},"thumbnailUrl":"https:\/\/fmpatagoniamadryn.com.ar\/wp-content\/uploads\/2023\/05\/FB_IMG_1684600158927.jpg","datePublished":"2023-05-20T16:29:31+00:00","dateModified":"2023-05-20T16:29:39+00:00","breadcrumb":{"@id":"https:\/\/fmpatagoniamadryn.com.ar\/?p=2731#breadcrumb"},"inLanguage":"es","potentialAction":[{"@type":"ReadAction","target":["https:\/\/fmpatagoniamadryn.com.ar\/?p=2731"]}]},{"@type":"ImageObject","inLanguage":"es","@id":"https:\/\/fmpatagoniamadryn.com.ar\/?p=2731#primaryimage","url":"https:\/\/fmpatagoniamadryn.com.ar\/wp-content\/uploads\/2023\/05\/FB_IMG_1684600158927.jpg","contentUrl":"https:\/\/fmpatagoniamadryn.com.ar\/wp-content\/uploads\/2023\/05\/FB_IMG_1684600158927.jpg","width":960,"height":639},{"@type":"BreadcrumbList","@id":"https:\/\/fmpatagoniamadryn.com.ar\/?p=2731#breadcrumb","itemListElement":[{"@type":"ListItem","position":1,"name":"Portada","item":"https:\/\/fmpatagoniamadryn.com.ar\/"},{"@type":"ListItem","position":2,"name":"EL INTENDENTE ENCABEZ\u00d3 LA REINAUGURACI\u00d3N DEL MUSEO MUNICIPAL DE ARTE"}]},{"@type":"WebSite","@id":"https:\/\/fmpatagoniamadryn.com.ar\/#website","url":"https:\/\/fmpatagoniamadryn.com.ar\/","name":"FM Patagonia Madryn","description":"Radio Patagonia 105.5","publisher":{"@id":"https:\/\/fmpatagoniamadryn.com.ar\/#organization"},"potentialAction":[{"@type":"SearchAction","target":{"@type":"EntryPoint","urlTemplate":"https:\/\/fmpatagoniamadryn.com.ar\/?s={search_term_string}"},"query-input":{"@type":"PropertyValueSpecification","valueRequired":true,"valueName":"search_term_string"}}],"inLanguage":"es"},{"@type":"Organization","@id":"https:\/\/fmpatagoniamadryn.com.ar\/#organization","name":"FM Patagonia Madryn","url":"https:\/\/fmpatagoniamadryn.com.ar\/","logo":{"@type":"ImageObject","inLanguage":"es","@id":"https:\/\/fmpatagoniamadryn.com.ar\/#\/schema\/logo\/image\/","url":"https:\/\/fmpatagoniamadryn.com.ar\/wp-content\/uploads\/2023\/01\/cropped-Diseno-sin-titulo.png","contentUrl":"https:\/\/fmpatagoniamadryn.com.ar\/wp-content\/uploads\/2023\/01\/cropped-Diseno-sin-titulo.png","width":6911,"height":2657,"caption":"FM Patagonia Madryn"},"image":{"@id":"https:\/\/fmpatagoniamadryn.com.ar\/#\/schema\/logo\/image\/"}},{"@type":"Person","@id":"https:\/\/fmpatagoniamadryn.com.ar\/#\/schema\/person\/1d968ec613613768e14b4e6420a2b125","name":"FM Patagonia","url":"https:\/\/fmpatagoniamadryn.com.ar\/?author=3"}]}},"jetpack_featured_media_url":"https:\/\/fmpatagoniamadryn.com.ar\/wp-content\/uploads\/2023\/05\/FB_IMG_1684600158927.jpg","_links":{"self":[{"href":"https:\/\/fmpatagoniamadryn.com.ar\/index.php?rest_route=\/wp\/v2\/posts\/2731","targetHints":{"allow":["GET"]}}],"collection":[{"href":"https:\/\/fmpatagoniamadryn.com.ar\/index.php?rest_route=\/wp\/v2\/posts"}],"about":[{"href":"https:\/\/fmpatagoniamadryn.com.ar\/index.php?rest_route=\/wp\/v2\/types\/post"}],"author":[{"embeddable":true,"href":"https:\/\/fmpatagoniamadryn.com.ar\/index.php?rest_route=\/wp\/v2\/users\/3"}],"replies":[{"embeddable":true,"href":"https:\/\/fmpatagoniamadryn.com.ar\/index.php?rest_route=%2Fwp%2Fv2%2Fcomments&post=2731"}],"version-history":[{"count":1,"href":"https:\/\/fmpatagoniamadryn.com.ar\/index.php?rest_route=\/wp\/v2\/posts\/2731\/revisions"}],"predecessor-version":[{"id":2732,"href":"https:\/\/fmpatagoniamadryn.com.ar\/index.php?rest_route=\/wp\/v2\/posts\/2731\/revisions\/2732"}],"wp:featuredmedia":[{"embeddable":true,"href":"https:\/\/fmpatagoniamadryn.com.ar\/index.php?rest_route=\/wp\/v2\/media\/2730"}],"wp:attachment":[{"href":"https:\/\/fmpatagoniamadryn.com.ar\/index.php?rest_route=%2Fwp%2Fv2%2Fmedia&parent=2731"}],"wp:term":[{"taxonomy":"category","embeddable":true,"href":"https:\/\/fmpatagoniamadryn.com.ar\/index.php?rest_route=%2Fwp%2Fv2%2Fcategories&post=2731"},{"taxonomy":"post_tag","embeddable":true,"href":"https:\/\/fmpatagoniamadryn.com.ar\/index.php?rest_route=%2Fwp%2Fv2%2Ftags&post=2731"}],"curies":[{"name":"wp","href":"https:\/\/api.w.org\/{rel}","templated":true}]}}