{"id":2734,"date":"2023-05-20T13:30:06","date_gmt":"2023-05-20T16:30:06","guid":{"rendered":"https:\/\/fmpatagoniamadryn.com.ar\/?p=2734"},"modified":"2023-05-20T13:30:14","modified_gmt":"2023-05-20T16:30:14","slug":"lanzaron-la-carrera-aventura-franca-austral-2","status":"publish","type":"post","link":"https:\/\/fmpatagoniamadryn.com.ar\/?p=2734","title":{"rendered":"LANZARON LA CARRERA AVENTURA FRANCA AUSTRAL"},"content":{"rendered":"\n<p>Se present\u00f3 oficialmente la carrera \u201cAventura Franca Austral\u201d, que es organizada por Costa Fusi\u00f3n y cuenta con el acompa\u00f1amiento de la secretar\u00eda de Turismo y la Subsecretar\u00eda de Deportes de la Municipalidad de Puerto Madryn.<br><br>La competencia tendr\u00e1 su desarrollo el s\u00e1bado 29 de julio a las 10 horas en el sector de playas del \u00c1rea Natural Protegida \u201cEl Doradillo\u201d y se correr\u00e1 en las distancias de 5k, 9k, 19k y 26k.<br><br>En la conferencia, Diego Gonz\u00e1lez, secretario de Educaci\u00f3n, Cultura y Deportes, manifest\u00f3 que \u201ces bueno saber que organizaciones locales privadas apuestan por eventos de gran magnitud para la ciudad, que generan adem\u00e1s de lo deportivo, un fuerte impacto tur\u00edstico\u201d y agreg\u00f3: \u201cSiempre acompa\u00f1ar un evento de estas caracter\u00edsticas nos provoca una gran alegr\u00eda porque se sigue apostando a jerarquizar la carrera\u00bb<br><br>Por su parte, la secretaria de Turismo Cecilia Pavia se\u00f1al\u00f3: \u201cEsta propuesta, que tiene varias ediciones, fortalece y motoriza la actividad tur\u00edstica y deportiva. Si bien lo venimos haciendo desde hace a\u00f1os, este tendr\u00e1 la particularidad de que el acceso directo que ten\u00edamos hac\u00eda ese sector, est\u00e1 restringido por obras de asfalto. Sin embargo, no nos impide seguir trabajando fuertemente en la promoci\u00f3n del destino que es realmente importante para lograr que en distintas \u00e9pocas del a\u00f1o la gente pueda venir a Madryn y conocer las bondades que ofrece la ciudad\u201d, indic\u00f3.<br><br>Por \u00faltimo, Juan Angeleri, representante de Costa Fusi\u00f3n, explic\u00f3: \u201cNos produce una gran alegr\u00eda estar hoy ac\u00e1 anunciando esta nueva edici\u00f3n, con el cupo casi completo y a\u00fan con la necesidad de adelantar la carrera un d\u00eda por las elecciones, solo 7 corredores han desistido de venir. Siempre asumimos el compromiso de proteger el lugar, por eso elegimos el horario de la ma\u00f1ana para correr con marea baja, para que aquellos que luego van a pasear lo hagan sin problemas y con todo ordenado para que los que llegan a la playa tambi\u00e9n disfruten de ese espacio\u201d, manifest\u00f3.<br><br>#deporte #turismo #carrera #madryn<\/p>\n","protected":false},"excerpt":{"rendered":"<p>Se present\u00f3 oficialmente la carrera \u201cAventura Franca Austral\u201d, que es organizada por Costa Fusi\u00f3n y cuenta con el acompa\u00f1amiento de la secretar\u00eda de Turismo y la Subsecretar\u00eda de Deportes de&hellip; <\/p>\n","protected":false},"author":3,"featured_media":2733,"comment_status":"closed","ping_status":"closed","sticky":false,"template":"","format":"standard","meta":{"footnotes":""},"categories":[15],"tags":[],"class_list":["post-2734","post","type-post","status-publish","format-standard","has-post-thumbnail","hentry","category-locales"],"yoast_head":"<!-- This site is optimized with the Yoast SEO plugin v27.4 - https:\/\/yoast.com\/product\/yoast-seo-wordpress\/ -->\n<title>LANZARON LA CARRERA AVENTURA FRANCA AUSTRAL - FM Patagonia Madryn<\/title>\n<meta name=\"robots\" content=\"index, follow, max-snippet:-1, max-image-preview:large, max-video-preview:-1\" \/>\n<link rel=\"canonical\" href=\"https:\/\/fmpatagoniamadryn.com.ar\/?p=2734\" \/>\n<meta property=\"og:locale\" content=\"es_ES\" \/>\n<meta property=\"og:type\" content=\"article\" \/>\n<meta property=\"og:title\" content=\"LANZARON LA CARRERA AVENTURA FRANCA AUSTRAL - FM Patagonia Madryn\" \/>\n<meta property=\"og:description\" content=\"Se present\u00f3 oficialmente la carrera \u201cAventura Franca Austral\u201d, que es organizada por Costa Fusi\u00f3n y cuenta con el acompa\u00f1amiento de la secretar\u00eda de Turismo y la Subsecretar\u00eda de Deportes de&hellip;\" \/>\n<meta property=\"og:url\" content=\"https:\/\/fmpatagoniamadryn.com.ar\/?p=2734\" \/>\n<meta property=\"og:site_name\" content=\"FM Patagonia Madryn\" \/>\n<meta property=\"article:published_time\" content=\"2023-05-20T16:30:06+00:00\" \/>\n<meta property=\"article:modified_time\" content=\"2023-05-20T16:30:14+00:00\" \/>\n<meta property=\"og:image\" content=\"https:\/\/fmpatagoniamadryn.com.ar\/wp-content\/uploads\/2023\/05\/FB_IMG_1684600191954.jpg\" \/>\n\t<meta property=\"og:image:width\" content=\"960\" \/>\n\t<meta property=\"og:image:height\" content=\"540\" \/>\n\t<meta property=\"og:image:type\" content=\"image\/jpeg\" \/>\n<meta name=\"author\" content=\"FM Patagonia\" \/>\n<meta name=\"twitter:card\" content=\"summary_large_image\" \/>\n<meta name=\"twitter:label1\" content=\"Escrito por\" \/>\n\t<meta name=\"twitter:data1\" content=\"FM Patagonia\" \/>\n\t<meta name=\"twitter:label2\" content=\"Tiempo de lectura\" \/>\n\t<meta name=\"twitter:data2\" content=\"2 minutos\" \/>\n<script type=\"application\/ld+json\" class=\"yoast-schema-graph\">{\"@context\":\"https:\\\/\\\/schema.org\",\"@graph\":[{\"@type\":\"Article\",\"@id\":\"https:\\\/\\\/fmpatagoniamadryn.com.ar\\\/?p=2734#article\",\"isPartOf\":{\"@id\":\"https:\\\/\\\/fmpatagoniamadryn.com.ar\\\/?p=2734\"},\"author\":{\"name\":\"FM Patagonia\",\"@id\":\"https:\\\/\\\/fmpatagoniamadryn.com.ar\\\/#\\\/schema\\\/person\\\/1d968ec613613768e14b4e6420a2b125\"},\"headline\":\"LANZARON LA CARRERA AVENTURA FRANCA AUSTRAL\",\"datePublished\":\"2023-05-20T16:30:06+00:00\",\"dateModified\":\"2023-05-20T16:30:14+00:00\",\"mainEntityOfPage\":{\"@id\":\"https:\\\/\\\/fmpatagoniamadryn.com.ar\\\/?p=2734\"},\"wordCount\":356,\"publisher\":{\"@id\":\"https:\\\/\\\/fmpatagoniamadryn.com.ar\\\/#organization\"},\"image\":{\"@id\":\"https:\\\/\\\/fmpatagoniamadryn.com.ar\\\/?p=2734#primaryimage\"},\"thumbnailUrl\":\"https:\\\/\\\/fmpatagoniamadryn.com.ar\\\/wp-content\\\/uploads\\\/2023\\\/05\\\/FB_IMG_1684600191954.jpg\",\"articleSection\":[\"Locales\"],\"inLanguage\":\"es\"},{\"@type\":\"WebPage\",\"@id\":\"https:\\\/\\\/fmpatagoniamadryn.com.ar\\\/?p=2734\",\"url\":\"https:\\\/\\\/fmpatagoniamadryn.com.ar\\\/?p=2734\",\"name\":\"LANZARON LA CARRERA AVENTURA FRANCA AUSTRAL - FM Patagonia Madryn\",\"isPartOf\":{\"@id\":\"https:\\\/\\\/fmpatagoniamadryn.com.ar\\\/#website\"},\"primaryImageOfPage\":{\"@id\":\"https:\\\/\\\/fmpatagoniamadryn.com.ar\\\/?p=2734#primaryimage\"},\"image\":{\"@id\":\"https:\\\/\\\/fmpatagoniamadryn.com.ar\\\/?p=2734#primaryimage\"},\"thumbnailUrl\":\"https:\\\/\\\/fmpatagoniamadryn.com.ar\\\/wp-content\\\/uploads\\\/2023\\\/05\\\/FB_IMG_1684600191954.jpg\",\"datePublished\":\"2023-05-20T16:30:06+00:00\",\"dateModified\":\"2023-05-20T16:30:14+00:00\",\"breadcrumb\":{\"@id\":\"https:\\\/\\\/fmpatagoniamadryn.com.ar\\\/?p=2734#breadcrumb\"},\"inLanguage\":\"es\",\"potentialAction\":[{\"@type\":\"ReadAction\",\"target\":[\"https:\\\/\\\/fmpatagoniamadryn.com.ar\\\/?p=2734\"]}]},{\"@type\":\"ImageObject\",\"inLanguage\":\"es\",\"@id\":\"https:\\\/\\\/fmpatagoniamadryn.com.ar\\\/?p=2734#primaryimage\",\"url\":\"https:\\\/\\\/fmpatagoniamadryn.com.ar\\\/wp-content\\\/uploads\\\/2023\\\/05\\\/FB_IMG_1684600191954.jpg\",\"contentUrl\":\"https:\\\/\\\/fmpatagoniamadryn.com.ar\\\/wp-content\\\/uploads\\\/2023\\\/05\\\/FB_IMG_1684600191954.jpg\",\"width\":960,\"height\":540},{\"@type\":\"BreadcrumbList\",\"@id\":\"https:\\\/\\\/fmpatagoniamadryn.com.ar\\\/?p=2734#breadcrumb\",\"itemListElement\":[{\"@type\":\"ListItem\",\"position\":1,\"name\":\"Portada\",\"item\":\"https:\\\/\\\/fmpatagoniamadryn.com.ar\\\/\"},{\"@type\":\"ListItem\",\"position\":2,\"name\":\"LANZARON LA CARRERA AVENTURA FRANCA AUSTRAL\"}]},{\"@type\":\"WebSite\",\"@id\":\"https:\\\/\\\/fmpatagoniamadryn.com.ar\\\/#website\",\"url\":\"https:\\\/\\\/fmpatagoniamadryn.com.ar\\\/\",\"name\":\"FM Patagonia Madryn\",\"description\":\"Radio Patagonia 105.5\",\"publisher\":{\"@id\":\"https:\\\/\\\/fmpatagoniamadryn.com.ar\\\/#organization\"},\"potentialAction\":[{\"@type\":\"SearchAction\",\"target\":{\"@type\":\"EntryPoint\",\"urlTemplate\":\"https:\\\/\\\/fmpatagoniamadryn.com.ar\\\/?s={search_term_string}\"},\"query-input\":{\"@type\":\"PropertyValueSpecification\",\"valueRequired\":true,\"valueName\":\"search_term_string\"}}],\"inLanguage\":\"es\"},{\"@type\":\"Organization\",\"@id\":\"https:\\\/\\\/fmpatagoniamadryn.com.ar\\\/#organization\",\"name\":\"FM Patagonia Madryn\",\"url\":\"https:\\\/\\\/fmpatagoniamadryn.com.ar\\\/\",\"logo\":{\"@type\":\"ImageObject\",\"inLanguage\":\"es\",\"@id\":\"https:\\\/\\\/fmpatagoniamadryn.com.ar\\\/#\\\/schema\\\/logo\\\/image\\\/\",\"url\":\"https:\\\/\\\/fmpatagoniamadryn.com.ar\\\/wp-content\\\/uploads\\\/2023\\\/01\\\/cropped-Diseno-sin-titulo.png\",\"contentUrl\":\"https:\\\/\\\/fmpatagoniamadryn.com.ar\\\/wp-content\\\/uploads\\\/2023\\\/01\\\/cropped-Diseno-sin-titulo.png\",\"width\":6911,\"height\":2657,\"caption\":\"FM Patagonia Madryn\"},\"image\":{\"@id\":\"https:\\\/\\\/fmpatagoniamadryn.com.ar\\\/#\\\/schema\\\/logo\\\/image\\\/\"}},{\"@type\":\"Person\",\"@id\":\"https:\\\/\\\/fmpatagoniamadryn.com.ar\\\/#\\\/schema\\\/person\\\/1d968ec613613768e14b4e6420a2b125\",\"name\":\"FM Patagonia\",\"url\":\"https:\\\/\\\/fmpatagoniamadryn.com.ar\\\/?author=3\"}]}<\/script>\n<!-- \/ Yoast SEO plugin. -->","yoast_head_json":{"title":"LANZARON LA CARRERA AVENTURA FRANCA AUSTRAL - FM Patagonia Madryn","robots":{"index":"index","follow":"follow","max-snippet":"max-snippet:-1","max-image-preview":"max-image-preview:large","max-video-preview":"max-video-preview:-1"},"canonical":"https:\/\/fmpatagoniamadryn.com.ar\/?p=2734","og_locale":"es_ES","og_type":"article","og_title":"LANZARON LA CARRERA AVENTURA FRANCA AUSTRAL - FM Patagonia Madryn","og_description":"Se present\u00f3 oficialmente la carrera \u201cAventura Franca Austral\u201d, que es organizada por Costa Fusi\u00f3n y cuenta con el acompa\u00f1amiento de la secretar\u00eda de Turismo y la Subsecretar\u00eda de Deportes de&hellip;","og_url":"https:\/\/fmpatagoniamadryn.com.ar\/?p=2734","og_site_name":"FM Patagonia Madryn","article_published_time":"2023-05-20T16:30:06+00:00","article_modified_time":"2023-05-20T16:30:14+00:00","og_image":[{"width":960,"height":540,"url":"https:\/\/fmpatagoniamadryn.com.ar\/wp-content\/uploads\/2023\/05\/FB_IMG_1684600191954.jpg","type":"image\/jpeg"}],"author":"FM Patagonia","twitter_card":"summary_large_image","twitter_misc":{"Escrito por":"FM Patagonia","Tiempo de lectura":"2 minutos"},"schema":{"@context":"https:\/\/schema.org","@graph":[{"@type":"Article","@id":"https:\/\/fmpatagoniamadryn.com.ar\/?p=2734#article","isPartOf":{"@id":"https:\/\/fmpatagoniamadryn.com.ar\/?p=2734"},"author":{"name":"FM Patagonia","@id":"https:\/\/fmpatagoniamadryn.com.ar\/#\/schema\/person\/1d968ec613613768e14b4e6420a2b125"},"headline":"LANZARON LA CARRERA AVENTURA FRANCA AUSTRAL","datePublished":"2023-05-20T16:30:06+00:00","dateModified":"2023-05-20T16:30:14+00:00","mainEntityOfPage":{"@id":"https:\/\/fmpatagoniamadryn.com.ar\/?p=2734"},"wordCount":356,"publisher":{"@id":"https:\/\/fmpatagoniamadryn.com.ar\/#organization"},"image":{"@id":"https:\/\/fmpatagoniamadryn.com.ar\/?p=2734#primaryimage"},"thumbnailUrl":"https:\/\/fmpatagoniamadryn.com.ar\/wp-content\/uploads\/2023\/05\/FB_IMG_1684600191954.jpg","articleSection":["Locales"],"inLanguage":"es"},{"@type":"WebPage","@id":"https:\/\/fmpatagoniamadryn.com.ar\/?p=2734","url":"https:\/\/fmpatagoniamadryn.com.ar\/?p=2734","name":"LANZARON LA CARRERA AVENTURA FRANCA AUSTRAL - FM Patagonia Madryn","isPartOf":{"@id":"https:\/\/fmpatagoniamadryn.com.ar\/#website"},"primaryImageOfPage":{"@id":"https:\/\/fmpatagoniamadryn.com.ar\/?p=2734#primaryimage"},"image":{"@id":"https:\/\/fmpatagoniamadryn.com.ar\/?p=2734#primaryimage"},"thumbnailUrl":"https:\/\/fmpatagoniamadryn.com.ar\/wp-content\/uploads\/2023\/05\/FB_IMG_1684600191954.jpg","datePublished":"2023-05-20T16:30:06+00:00","dateModified":"2023-05-20T16:30:14+00:00","breadcrumb":{"@id":"https:\/\/fmpatagoniamadryn.com.ar\/?p=2734#breadcrumb"},"inLanguage":"es","potentialAction":[{"@type":"ReadAction","target":["https:\/\/fmpatagoniamadryn.com.ar\/?p=2734"]}]},{"@type":"ImageObject","inLanguage":"es","@id":"https:\/\/fmpatagoniamadryn.com.ar\/?p=2734#primaryimage","url":"https:\/\/fmpatagoniamadryn.com.ar\/wp-content\/uploads\/2023\/05\/FB_IMG_1684600191954.jpg","contentUrl":"https:\/\/fmpatagoniamadryn.com.ar\/wp-content\/uploads\/2023\/05\/FB_IMG_1684600191954.jpg","width":960,"height":540},{"@type":"BreadcrumbList","@id":"https:\/\/fmpatagoniamadryn.com.ar\/?p=2734#breadcrumb","itemListElement":[{"@type":"ListItem","position":1,"name":"Portada","item":"https:\/\/fmpatagoniamadryn.com.ar\/"},{"@type":"ListItem","position":2,"name":"LANZARON LA CARRERA AVENTURA FRANCA AUSTRAL"}]},{"@type":"WebSite","@id":"https:\/\/fmpatagoniamadryn.com.ar\/#website","url":"https:\/\/fmpatagoniamadryn.com.ar\/","name":"FM Patagonia Madryn","description":"Radio Patagonia 105.5","publisher":{"@id":"https:\/\/fmpatagoniamadryn.com.ar\/#organization"},"potentialAction":[{"@type":"SearchAction","target":{"@type":"EntryPoint","urlTemplate":"https:\/\/fmpatagoniamadryn.com.ar\/?s={search_term_string}"},"query-input":{"@type":"PropertyValueSpecification","valueRequired":true,"valueName":"search_term_string"}}],"inLanguage":"es"},{"@type":"Organization","@id":"https:\/\/fmpatagoniamadryn.com.ar\/#organization","name":"FM Patagonia Madryn","url":"https:\/\/fmpatagoniamadryn.com.ar\/","logo":{"@type":"ImageObject","inLanguage":"es","@id":"https:\/\/fmpatagoniamadryn.com.ar\/#\/schema\/logo\/image\/","url":"https:\/\/fmpatagoniamadryn.com.ar\/wp-content\/uploads\/2023\/01\/cropped-Diseno-sin-titulo.png","contentUrl":"https:\/\/fmpatagoniamadryn.com.ar\/wp-content\/uploads\/2023\/01\/cropped-Diseno-sin-titulo.png","width":6911,"height":2657,"caption":"FM Patagonia Madryn"},"image":{"@id":"https:\/\/fmpatagoniamadryn.com.ar\/#\/schema\/logo\/image\/"}},{"@type":"Person","@id":"https:\/\/fmpatagoniamadryn.com.ar\/#\/schema\/person\/1d968ec613613768e14b4e6420a2b125","name":"FM Patagonia","url":"https:\/\/fmpatagoniamadryn.com.ar\/?author=3"}]}},"jetpack_featured_media_url":"https:\/\/fmpatagoniamadryn.com.ar\/wp-content\/uploads\/2023\/05\/FB_IMG_1684600191954.jpg","_links":{"self":[{"href":"https:\/\/fmpatagoniamadryn.com.ar\/index.php?rest_route=\/wp\/v2\/posts\/2734","targetHints":{"allow":["GET"]}}],"collection":[{"href":"https:\/\/fmpatagoniamadryn.com.ar\/index.php?rest_route=\/wp\/v2\/posts"}],"about":[{"href":"https:\/\/fmpatagoniamadryn.com.ar\/index.php?rest_route=\/wp\/v2\/types\/post"}],"author":[{"embeddable":true,"href":"https:\/\/fmpatagoniamadryn.com.ar\/index.php?rest_route=\/wp\/v2\/users\/3"}],"replies":[{"embeddable":true,"href":"https:\/\/fmpatagoniamadryn.com.ar\/index.php?rest_route=%2Fwp%2Fv2%2Fcomments&post=2734"}],"version-history":[{"count":1,"href":"https:\/\/fmpatagoniamadryn.com.ar\/index.php?rest_route=\/wp\/v2\/posts\/2734\/revisions"}],"predecessor-version":[{"id":2735,"href":"https:\/\/fmpatagoniamadryn.com.ar\/index.php?rest_route=\/wp\/v2\/posts\/2734\/revisions\/2735"}],"wp:featuredmedia":[{"embeddable":true,"href":"https:\/\/fmpatagoniamadryn.com.ar\/index.php?rest_route=\/wp\/v2\/media\/2733"}],"wp:attachment":[{"href":"https:\/\/fmpatagoniamadryn.com.ar\/index.php?rest_route=%2Fwp%2Fv2%2Fmedia&parent=2734"}],"wp:term":[{"taxonomy":"category","embeddable":true,"href":"https:\/\/fmpatagoniamadryn.com.ar\/index.php?rest_route=%2Fwp%2Fv2%2Fcategories&post=2734"},{"taxonomy":"post_tag","embeddable":true,"href":"https:\/\/fmpatagoniamadryn.com.ar\/index.php?rest_route=%2Fwp%2Fv2%2Ftags&post=2734"}],"curies":[{"name":"wp","href":"https:\/\/api.w.org\/{rel}","templated":true}]}}