{"id":2737,"date":"2023-05-21T18:16:33","date_gmt":"2023-05-21T21:16:33","guid":{"rendered":"https:\/\/fmpatagoniamadryn.com.ar\/?p=2737"},"modified":"2023-05-21T18:16:47","modified_gmt":"2023-05-21T21:16:47","slug":"el-intendente-recorrio-la-plaza-del-barrio-solana-de-la-patagonia-donde-el-municipio-avanzo-en-su-optimizacion","status":"publish","type":"post","link":"https:\/\/fmpatagoniamadryn.com.ar\/?p=2737","title":{"rendered":"EL INTENDENTE RECORRI\u00d3 LA PLAZA DEL BARRIO SOLANA DE LA PATAGONIA, DONDE EL MUNICIPIO AVANZ\u00d3 EN SU OPTIMIZACI\u00d3N"},"content":{"rendered":"\n<p><\/p>\n\n\n\n<p><em>Gustavo Sastre puso en valor los trabajos que se est\u00e1n ejecutando en los distintos sectores de la ciudad. En el caso del espacio recreativo que visit\u00f3 el Jefe Comunal, se realizaron mejoras en la infraestructura existente y se colocaron bancos de hormig\u00f3n<\/em><\/p>\n\n\n\n<p>En el marco de la ejecuci\u00f3n de obras en los distintos sectores de Puerto Madryn, se est\u00e1n desarrollando mejoras de infraestructura en diferentes barrios de la ciudad. En este contexto, el intendente Gustavo Sastre estuvo en Solana de la Patagonia, donde se est\u00e1n llevando a cabo distintas labores.<\/p>\n\n\n\n<p>En esta oportunidad, el Jefe Comunal recorri\u00f3 la plaza principal del barrio ubicado en la zona sudoeste de Puerto Madryn. Adem\u00e1s de refaccionar la infraestructura existente, desde la Municipalidad se construyeron bancos de hormig\u00f3n para optimizar el funcionamiento de este espacio.<\/p>\n\n\n\n<p><strong>Todos los sectores<\/strong><\/p>\n\n\n\n<p>Al respecto, el Intendente dijo: \u201cVisitamos el barrio Solana de la Patagonia, donde actualmente estamos ejecutando una gran cantidad de obras. Estuvimos recorriendo la plaza principal, donde optimizamos un espacio que es utilizado por una gran cantidad de vecinos. Adem\u00e1s de reparar los juegos y dem\u00e1s labores, concretamos la colocaci\u00f3n de bancos de hormig\u00f3n\u201d.<\/p>\n\n\n\n<p>En este mismo sentido, el Jefe Comunal remarc\u00f3: \u201cCabe recordar que tambi\u00e9n inauguramos el Municerca y el cajero autom\u00e1tico en el mismo sector, que generan beneficios directos para los vecinos que viven all\u00ed, al mismo tiempo que estamos avanzando en otras iniciativas. La ejecuci\u00f3n de obras siempre ha sido una de nuestras principales pol\u00edticas y vamos a seguir llegando a los distintos barrios de Puerto Madryn\u201d.<\/p>\n\n\n\n<p><strong>Los presentes<\/strong><\/p>\n\n\n\n<p>En la recorrida por la plaza del barrio Solana de la Patagonia, Sastre estuvo acompa\u00f1ado por el secretario de Gobierno, Mart\u00edn Ebene, y por la secretaria de Obras P\u00fablicas y Desarrollo Urbano, Luc\u00eda Taylor.<\/p>\n","protected":false},"excerpt":{"rendered":"<p>Gustavo Sastre puso en valor los trabajos que se est\u00e1n ejecutando en los distintos sectores de la ciudad. En el caso del espacio recreativo que visit\u00f3 el Jefe Comunal, se&hellip; <\/p>\n","protected":false},"author":2,"featured_media":2736,"comment_status":"closed","ping_status":"closed","sticky":false,"template":"","format":"standard","meta":{"footnotes":""},"categories":[15],"tags":[],"class_list":["post-2737","post","type-post","status-publish","format-standard","has-post-thumbnail","hentry","category-locales"],"yoast_head":"<!-- This site is optimized with the Yoast SEO plugin v27.4 - https:\/\/yoast.com\/product\/yoast-seo-wordpress\/ -->\n<title>EL INTENDENTE RECORRI\u00d3 LA PLAZA DEL BARRIO SOLANA DE LA PATAGONIA, DONDE EL MUNICIPIO AVANZ\u00d3 EN SU OPTIMIZACI\u00d3N - FM Patagonia Madryn<\/title>\n<meta name=\"robots\" content=\"index, follow, max-snippet:-1, max-image-preview:large, max-video-preview:-1\" \/>\n<link rel=\"canonical\" href=\"https:\/\/fmpatagoniamadryn.com.ar\/?p=2737\" \/>\n<meta property=\"og:locale\" content=\"es_ES\" \/>\n<meta property=\"og:type\" content=\"article\" \/>\n<meta property=\"og:title\" content=\"EL INTENDENTE RECORRI\u00d3 LA PLAZA DEL BARRIO SOLANA DE LA PATAGONIA, DONDE EL MUNICIPIO AVANZ\u00d3 EN SU OPTIMIZACI\u00d3N - FM Patagonia Madryn\" \/>\n<meta property=\"og:description\" content=\"Gustavo Sastre puso en valor los trabajos que se est\u00e1n ejecutando en los distintos sectores de la ciudad. En el caso del espacio recreativo que visit\u00f3 el Jefe Comunal, se&hellip;\" \/>\n<meta property=\"og:url\" content=\"https:\/\/fmpatagoniamadryn.com.ar\/?p=2737\" \/>\n<meta property=\"og:site_name\" content=\"FM Patagonia Madryn\" \/>\n<meta property=\"article:published_time\" content=\"2023-05-21T21:16:33+00:00\" \/>\n<meta property=\"article:modified_time\" content=\"2023-05-21T21:16:47+00:00\" \/>\n<meta property=\"og:image\" content=\"https:\/\/fmpatagoniamadryn.com.ar\/wp-content\/uploads\/2023\/05\/PlazaSolana2.jpeg\" \/>\n\t<meta property=\"og:image:width\" content=\"1392\" \/>\n\t<meta property=\"og:image:height\" content=\"928\" \/>\n\t<meta property=\"og:image:type\" content=\"image\/jpeg\" \/>\n<meta name=\"author\" content=\"FM Patagonia\" \/>\n<meta name=\"twitter:card\" content=\"summary_large_image\" \/>\n<meta name=\"twitter:label1\" content=\"Escrito por\" \/>\n\t<meta name=\"twitter:data1\" content=\"FM Patagonia\" \/>\n\t<meta name=\"twitter:label2\" content=\"Tiempo de lectura\" \/>\n\t<meta name=\"twitter:data2\" content=\"2 minutos\" \/>\n<script type=\"application\/ld+json\" class=\"yoast-schema-graph\">{\"@context\":\"https:\\\/\\\/schema.org\",\"@graph\":[{\"@type\":\"Article\",\"@id\":\"https:\\\/\\\/fmpatagoniamadryn.com.ar\\\/?p=2737#article\",\"isPartOf\":{\"@id\":\"https:\\\/\\\/fmpatagoniamadryn.com.ar\\\/?p=2737\"},\"author\":{\"name\":\"FM Patagonia\",\"@id\":\"https:\\\/\\\/fmpatagoniamadryn.com.ar\\\/#\\\/schema\\\/person\\\/8a3de4ad7efceacab06c1641c50303b7\"},\"headline\":\"EL INTENDENTE RECORRI\u00d3 LA PLAZA DEL BARRIO SOLANA DE LA PATAGONIA, DONDE EL MUNICIPIO AVANZ\u00d3 EN SU OPTIMIZACI\u00d3N\",\"datePublished\":\"2023-05-21T21:16:33+00:00\",\"dateModified\":\"2023-05-21T21:16:47+00:00\",\"mainEntityOfPage\":{\"@id\":\"https:\\\/\\\/fmpatagoniamadryn.com.ar\\\/?p=2737\"},\"wordCount\":328,\"publisher\":{\"@id\":\"https:\\\/\\\/fmpatagoniamadryn.com.ar\\\/#organization\"},\"image\":{\"@id\":\"https:\\\/\\\/fmpatagoniamadryn.com.ar\\\/?p=2737#primaryimage\"},\"thumbnailUrl\":\"https:\\\/\\\/fmpatagoniamadryn.com.ar\\\/wp-content\\\/uploads\\\/2023\\\/05\\\/PlazaSolana2.jpeg\",\"articleSection\":[\"Locales\"],\"inLanguage\":\"es\"},{\"@type\":\"WebPage\",\"@id\":\"https:\\\/\\\/fmpatagoniamadryn.com.ar\\\/?p=2737\",\"url\":\"https:\\\/\\\/fmpatagoniamadryn.com.ar\\\/?p=2737\",\"name\":\"EL INTENDENTE RECORRI\u00d3 LA PLAZA DEL BARRIO SOLANA DE LA PATAGONIA, DONDE EL MUNICIPIO AVANZ\u00d3 EN SU OPTIMIZACI\u00d3N - FM Patagonia Madryn\",\"isPartOf\":{\"@id\":\"https:\\\/\\\/fmpatagoniamadryn.com.ar\\\/#website\"},\"primaryImageOfPage\":{\"@id\":\"https:\\\/\\\/fmpatagoniamadryn.com.ar\\\/?p=2737#primaryimage\"},\"image\":{\"@id\":\"https:\\\/\\\/fmpatagoniamadryn.com.ar\\\/?p=2737#primaryimage\"},\"thumbnailUrl\":\"https:\\\/\\\/fmpatagoniamadryn.com.ar\\\/wp-content\\\/uploads\\\/2023\\\/05\\\/PlazaSolana2.jpeg\",\"datePublished\":\"2023-05-21T21:16:33+00:00\",\"dateModified\":\"2023-05-21T21:16:47+00:00\",\"breadcrumb\":{\"@id\":\"https:\\\/\\\/fmpatagoniamadryn.com.ar\\\/?p=2737#breadcrumb\"},\"inLanguage\":\"es\",\"potentialAction\":[{\"@type\":\"ReadAction\",\"target\":[\"https:\\\/\\\/fmpatagoniamadryn.com.ar\\\/?p=2737\"]}]},{\"@type\":\"ImageObject\",\"inLanguage\":\"es\",\"@id\":\"https:\\\/\\\/fmpatagoniamadryn.com.ar\\\/?p=2737#primaryimage\",\"url\":\"https:\\\/\\\/fmpatagoniamadryn.com.ar\\\/wp-content\\\/uploads\\\/2023\\\/05\\\/PlazaSolana2.jpeg\",\"contentUrl\":\"https:\\\/\\\/fmpatagoniamadryn.com.ar\\\/wp-content\\\/uploads\\\/2023\\\/05\\\/PlazaSolana2.jpeg\",\"width\":1392,\"height\":928},{\"@type\":\"BreadcrumbList\",\"@id\":\"https:\\\/\\\/fmpatagoniamadryn.com.ar\\\/?p=2737#breadcrumb\",\"itemListElement\":[{\"@type\":\"ListItem\",\"position\":1,\"name\":\"Portada\",\"item\":\"https:\\\/\\\/fmpatagoniamadryn.com.ar\\\/\"},{\"@type\":\"ListItem\",\"position\":2,\"name\":\"EL INTENDENTE RECORRI\u00d3 LA PLAZA DEL BARRIO SOLANA DE LA PATAGONIA, DONDE EL MUNICIPIO AVANZ\u00d3 EN SU OPTIMIZACI\u00d3N\"}]},{\"@type\":\"WebSite\",\"@id\":\"https:\\\/\\\/fmpatagoniamadryn.com.ar\\\/#website\",\"url\":\"https:\\\/\\\/fmpatagoniamadryn.com.ar\\\/\",\"name\":\"FM Patagonia Madryn\",\"description\":\"Radio Patagonia 105.5\",\"publisher\":{\"@id\":\"https:\\\/\\\/fmpatagoniamadryn.com.ar\\\/#organization\"},\"potentialAction\":[{\"@type\":\"SearchAction\",\"target\":{\"@type\":\"EntryPoint\",\"urlTemplate\":\"https:\\\/\\\/fmpatagoniamadryn.com.ar\\\/?s={search_term_string}\"},\"query-input\":{\"@type\":\"PropertyValueSpecification\",\"valueRequired\":true,\"valueName\":\"search_term_string\"}}],\"inLanguage\":\"es\"},{\"@type\":\"Organization\",\"@id\":\"https:\\\/\\\/fmpatagoniamadryn.com.ar\\\/#organization\",\"name\":\"FM Patagonia Madryn\",\"url\":\"https:\\\/\\\/fmpatagoniamadryn.com.ar\\\/\",\"logo\":{\"@type\":\"ImageObject\",\"inLanguage\":\"es\",\"@id\":\"https:\\\/\\\/fmpatagoniamadryn.com.ar\\\/#\\\/schema\\\/logo\\\/image\\\/\",\"url\":\"https:\\\/\\\/fmpatagoniamadryn.com.ar\\\/wp-content\\\/uploads\\\/2023\\\/01\\\/cropped-Diseno-sin-titulo.png\",\"contentUrl\":\"https:\\\/\\\/fmpatagoniamadryn.com.ar\\\/wp-content\\\/uploads\\\/2023\\\/01\\\/cropped-Diseno-sin-titulo.png\",\"width\":6911,\"height\":2657,\"caption\":\"FM Patagonia Madryn\"},\"image\":{\"@id\":\"https:\\\/\\\/fmpatagoniamadryn.com.ar\\\/#\\\/schema\\\/logo\\\/image\\\/\"}},{\"@type\":\"Person\",\"@id\":\"https:\\\/\\\/fmpatagoniamadryn.com.ar\\\/#\\\/schema\\\/person\\\/8a3de4ad7efceacab06c1641c50303b7\",\"name\":\"FM Patagonia\",\"url\":\"https:\\\/\\\/fmpatagoniamadryn.com.ar\\\/?author=2\"}]}<\/script>\n<!-- \/ Yoast SEO plugin. -->","yoast_head_json":{"title":"EL INTENDENTE RECORRI\u00d3 LA PLAZA DEL BARRIO SOLANA DE LA PATAGONIA, DONDE EL MUNICIPIO AVANZ\u00d3 EN SU OPTIMIZACI\u00d3N - FM Patagonia Madryn","robots":{"index":"index","follow":"follow","max-snippet":"max-snippet:-1","max-image-preview":"max-image-preview:large","max-video-preview":"max-video-preview:-1"},"canonical":"https:\/\/fmpatagoniamadryn.com.ar\/?p=2737","og_locale":"es_ES","og_type":"article","og_title":"EL INTENDENTE RECORRI\u00d3 LA PLAZA DEL BARRIO SOLANA DE LA PATAGONIA, DONDE EL MUNICIPIO AVANZ\u00d3 EN SU OPTIMIZACI\u00d3N - FM Patagonia Madryn","og_description":"Gustavo Sastre puso en valor los trabajos que se est\u00e1n ejecutando en los distintos sectores de la ciudad. En el caso del espacio recreativo que visit\u00f3 el Jefe Comunal, se&hellip;","og_url":"https:\/\/fmpatagoniamadryn.com.ar\/?p=2737","og_site_name":"FM Patagonia Madryn","article_published_time":"2023-05-21T21:16:33+00:00","article_modified_time":"2023-05-21T21:16:47+00:00","og_image":[{"width":1392,"height":928,"url":"https:\/\/fmpatagoniamadryn.com.ar\/wp-content\/uploads\/2023\/05\/PlazaSolana2.jpeg","type":"image\/jpeg"}],"author":"FM Patagonia","twitter_card":"summary_large_image","twitter_misc":{"Escrito por":"FM Patagonia","Tiempo de lectura":"2 minutos"},"schema":{"@context":"https:\/\/schema.org","@graph":[{"@type":"Article","@id":"https:\/\/fmpatagoniamadryn.com.ar\/?p=2737#article","isPartOf":{"@id":"https:\/\/fmpatagoniamadryn.com.ar\/?p=2737"},"author":{"name":"FM Patagonia","@id":"https:\/\/fmpatagoniamadryn.com.ar\/#\/schema\/person\/8a3de4ad7efceacab06c1641c50303b7"},"headline":"EL INTENDENTE RECORRI\u00d3 LA PLAZA DEL BARRIO SOLANA DE LA PATAGONIA, DONDE EL MUNICIPIO AVANZ\u00d3 EN SU OPTIMIZACI\u00d3N","datePublished":"2023-05-21T21:16:33+00:00","dateModified":"2023-05-21T21:16:47+00:00","mainEntityOfPage":{"@id":"https:\/\/fmpatagoniamadryn.com.ar\/?p=2737"},"wordCount":328,"publisher":{"@id":"https:\/\/fmpatagoniamadryn.com.ar\/#organization"},"image":{"@id":"https:\/\/fmpatagoniamadryn.com.ar\/?p=2737#primaryimage"},"thumbnailUrl":"https:\/\/fmpatagoniamadryn.com.ar\/wp-content\/uploads\/2023\/05\/PlazaSolana2.jpeg","articleSection":["Locales"],"inLanguage":"es"},{"@type":"WebPage","@id":"https:\/\/fmpatagoniamadryn.com.ar\/?p=2737","url":"https:\/\/fmpatagoniamadryn.com.ar\/?p=2737","name":"EL INTENDENTE RECORRI\u00d3 LA PLAZA DEL BARRIO SOLANA DE LA PATAGONIA, DONDE EL MUNICIPIO AVANZ\u00d3 EN SU OPTIMIZACI\u00d3N - FM Patagonia Madryn","isPartOf":{"@id":"https:\/\/fmpatagoniamadryn.com.ar\/#website"},"primaryImageOfPage":{"@id":"https:\/\/fmpatagoniamadryn.com.ar\/?p=2737#primaryimage"},"image":{"@id":"https:\/\/fmpatagoniamadryn.com.ar\/?p=2737#primaryimage"},"thumbnailUrl":"https:\/\/fmpatagoniamadryn.com.ar\/wp-content\/uploads\/2023\/05\/PlazaSolana2.jpeg","datePublished":"2023-05-21T21:16:33+00:00","dateModified":"2023-05-21T21:16:47+00:00","breadcrumb":{"@id":"https:\/\/fmpatagoniamadryn.com.ar\/?p=2737#breadcrumb"},"inLanguage":"es","potentialAction":[{"@type":"ReadAction","target":["https:\/\/fmpatagoniamadryn.com.ar\/?p=2737"]}]},{"@type":"ImageObject","inLanguage":"es","@id":"https:\/\/fmpatagoniamadryn.com.ar\/?p=2737#primaryimage","url":"https:\/\/fmpatagoniamadryn.com.ar\/wp-content\/uploads\/2023\/05\/PlazaSolana2.jpeg","contentUrl":"https:\/\/fmpatagoniamadryn.com.ar\/wp-content\/uploads\/2023\/05\/PlazaSolana2.jpeg","width":1392,"height":928},{"@type":"BreadcrumbList","@id":"https:\/\/fmpatagoniamadryn.com.ar\/?p=2737#breadcrumb","itemListElement":[{"@type":"ListItem","position":1,"name":"Portada","item":"https:\/\/fmpatagoniamadryn.com.ar\/"},{"@type":"ListItem","position":2,"name":"EL INTENDENTE RECORRI\u00d3 LA PLAZA DEL BARRIO SOLANA DE LA PATAGONIA, DONDE EL MUNICIPIO AVANZ\u00d3 EN SU OPTIMIZACI\u00d3N"}]},{"@type":"WebSite","@id":"https:\/\/fmpatagoniamadryn.com.ar\/#website","url":"https:\/\/fmpatagoniamadryn.com.ar\/","name":"FM Patagonia Madryn","description":"Radio Patagonia 105.5","publisher":{"@id":"https:\/\/fmpatagoniamadryn.com.ar\/#organization"},"potentialAction":[{"@type":"SearchAction","target":{"@type":"EntryPoint","urlTemplate":"https:\/\/fmpatagoniamadryn.com.ar\/?s={search_term_string}"},"query-input":{"@type":"PropertyValueSpecification","valueRequired":true,"valueName":"search_term_string"}}],"inLanguage":"es"},{"@type":"Organization","@id":"https:\/\/fmpatagoniamadryn.com.ar\/#organization","name":"FM Patagonia Madryn","url":"https:\/\/fmpatagoniamadryn.com.ar\/","logo":{"@type":"ImageObject","inLanguage":"es","@id":"https:\/\/fmpatagoniamadryn.com.ar\/#\/schema\/logo\/image\/","url":"https:\/\/fmpatagoniamadryn.com.ar\/wp-content\/uploads\/2023\/01\/cropped-Diseno-sin-titulo.png","contentUrl":"https:\/\/fmpatagoniamadryn.com.ar\/wp-content\/uploads\/2023\/01\/cropped-Diseno-sin-titulo.png","width":6911,"height":2657,"caption":"FM Patagonia Madryn"},"image":{"@id":"https:\/\/fmpatagoniamadryn.com.ar\/#\/schema\/logo\/image\/"}},{"@type":"Person","@id":"https:\/\/fmpatagoniamadryn.com.ar\/#\/schema\/person\/8a3de4ad7efceacab06c1641c50303b7","name":"FM Patagonia","url":"https:\/\/fmpatagoniamadryn.com.ar\/?author=2"}]}},"jetpack_featured_media_url":"https:\/\/fmpatagoniamadryn.com.ar\/wp-content\/uploads\/2023\/05\/PlazaSolana2.jpeg","_links":{"self":[{"href":"https:\/\/fmpatagoniamadryn.com.ar\/index.php?rest_route=\/wp\/v2\/posts\/2737","targetHints":{"allow":["GET"]}}],"collection":[{"href":"https:\/\/fmpatagoniamadryn.com.ar\/index.php?rest_route=\/wp\/v2\/posts"}],"about":[{"href":"https:\/\/fmpatagoniamadryn.com.ar\/index.php?rest_route=\/wp\/v2\/types\/post"}],"author":[{"embeddable":true,"href":"https:\/\/fmpatagoniamadryn.com.ar\/index.php?rest_route=\/wp\/v2\/users\/2"}],"replies":[{"embeddable":true,"href":"https:\/\/fmpatagoniamadryn.com.ar\/index.php?rest_route=%2Fwp%2Fv2%2Fcomments&post=2737"}],"version-history":[{"count":1,"href":"https:\/\/fmpatagoniamadryn.com.ar\/index.php?rest_route=\/wp\/v2\/posts\/2737\/revisions"}],"predecessor-version":[{"id":2738,"href":"https:\/\/fmpatagoniamadryn.com.ar\/index.php?rest_route=\/wp\/v2\/posts\/2737\/revisions\/2738"}],"wp:featuredmedia":[{"embeddable":true,"href":"https:\/\/fmpatagoniamadryn.com.ar\/index.php?rest_route=\/wp\/v2\/media\/2736"}],"wp:attachment":[{"href":"https:\/\/fmpatagoniamadryn.com.ar\/index.php?rest_route=%2Fwp%2Fv2%2Fmedia&parent=2737"}],"wp:term":[{"taxonomy":"category","embeddable":true,"href":"https:\/\/fmpatagoniamadryn.com.ar\/index.php?rest_route=%2Fwp%2Fv2%2Fcategories&post=2737"},{"taxonomy":"post_tag","embeddable":true,"href":"https:\/\/fmpatagoniamadryn.com.ar\/index.php?rest_route=%2Fwp%2Fv2%2Ftags&post=2737"}],"curies":[{"name":"wp","href":"https:\/\/api.w.org\/{rel}","templated":true}]}}