{"id":2785,"date":"2023-05-22T18:28:08","date_gmt":"2023-05-22T21:28:08","guid":{"rendered":"https:\/\/fmpatagoniamadryn.com.ar\/?p=2785"},"modified":"2023-05-22T18:28:21","modified_gmt":"2023-05-22T21:28:21","slug":"se-realizara-un-corte-de-transito-por-obras-en-vicente-lopez-y-planes-y-avenida-juan-muzzio","status":"publish","type":"post","link":"https:\/\/fmpatagoniamadryn.com.ar\/?p=2785","title":{"rendered":"SE REALIZAR\u00c1 UN CORTE DE TR\u00c1NSITO POR OBRAS EN VICENTE L\u00d3PEZ Y PLANES Y AVENIDA JUAN MUZZIO"},"content":{"rendered":"\n<p>Ser\u00e1 durante tres semanas aproximadamente debido a la reparaci\u00f3n del pavimento<br><br>La Secretar\u00eda de Obras P\u00fablicas y Desarrollo Urbano de la Municipalidad de Puerto Madryn informa que iniciar\u00e1n las tareas de reparaci\u00f3n de pavimento en la intersecci\u00f3n de Vicente L\u00f3pez y Planes y Avenida Juan Muzzio de los barrios Annon Car, Inmigrantes y Del Villar. Por este motivo, durante tres semanas aproximadamente se realizar\u00e1 un corte con la interrupci\u00f3n del tr\u00e1nsito.<br><br> <br><br>El proyecto completo contempla mejoramiento de la base granular, compactaci\u00f3n, nivelaci\u00f3n y pavimento en hormig\u00f3n.<br><br> <br><br>La obra comienza con la demolici\u00f3n del pavimento existente y mejora de la base existente acondicion\u00e1ndola para la ejecuci\u00f3n de la capa de rodamiento. Los trabajos inician con cortes de calles, desv\u00edos, cateos de las instalaciones existentes y primeros movimientos de suelos.<br><br>Se solicita atender a los agentes y preventores, quienes van a organizar y ayudar al tr\u00e1nsito. Se recuerda que en este tipo de obras en la v\u00eda p\u00fablica trabajan continuamente m\u00e1quinas y camiones de gran porte, por lo que se pide circular con extrema precauci\u00f3n.<\/p>\n","protected":false},"excerpt":{"rendered":"<p>Ser\u00e1 durante tres semanas aproximadamente debido a la reparaci\u00f3n del pavimento La Secretar\u00eda de Obras P\u00fablicas y Desarrollo Urbano de la Municipalidad de Puerto Madryn informa que iniciar\u00e1n las tareas&hellip; <\/p>\n","protected":false},"author":3,"featured_media":2784,"comment_status":"closed","ping_status":"closed","sticky":false,"template":"","format":"standard","meta":{"footnotes":""},"categories":[15],"tags":[],"class_list":["post-2785","post","type-post","status-publish","format-standard","has-post-thumbnail","hentry","category-locales"],"yoast_head":"<!-- This site is optimized with the Yoast SEO plugin v27.4 - https:\/\/yoast.com\/product\/yoast-seo-wordpress\/ -->\n<title>SE REALIZAR\u00c1 UN CORTE DE TR\u00c1NSITO POR OBRAS EN VICENTE L\u00d3PEZ Y PLANES Y AVENIDA JUAN MUZZIO - FM Patagonia Madryn<\/title>\n<meta name=\"robots\" content=\"index, follow, max-snippet:-1, max-image-preview:large, max-video-preview:-1\" \/>\n<link rel=\"canonical\" href=\"https:\/\/fmpatagoniamadryn.com.ar\/?p=2785\" \/>\n<meta property=\"og:locale\" content=\"es_ES\" \/>\n<meta property=\"og:type\" content=\"article\" \/>\n<meta property=\"og:title\" content=\"SE REALIZAR\u00c1 UN CORTE DE TR\u00c1NSITO POR OBRAS EN VICENTE L\u00d3PEZ Y PLANES Y AVENIDA JUAN MUZZIO - FM Patagonia Madryn\" \/>\n<meta property=\"og:description\" content=\"Ser\u00e1 durante tres semanas aproximadamente debido a la reparaci\u00f3n del pavimento La Secretar\u00eda de Obras P\u00fablicas y Desarrollo Urbano de la Municipalidad de Puerto Madryn informa que iniciar\u00e1n las tareas&hellip;\" \/>\n<meta property=\"og:url\" content=\"https:\/\/fmpatagoniamadryn.com.ar\/?p=2785\" \/>\n<meta property=\"og:site_name\" content=\"FM Patagonia Madryn\" \/>\n<meta property=\"article:published_time\" content=\"2023-05-22T21:28:08+00:00\" \/>\n<meta property=\"article:modified_time\" content=\"2023-05-22T21:28:21+00:00\" \/>\n<meta property=\"og:image\" content=\"https:\/\/fmpatagoniamadryn.com.ar\/wp-content\/uploads\/2023\/05\/FB_IMG_1684790872642.jpg\" \/>\n\t<meta property=\"og:image:width\" content=\"1080\" \/>\n\t<meta property=\"og:image:height\" content=\"1080\" \/>\n\t<meta property=\"og:image:type\" content=\"image\/jpeg\" \/>\n<meta name=\"author\" content=\"FM Patagonia\" \/>\n<meta name=\"twitter:card\" content=\"summary_large_image\" \/>\n<meta name=\"twitter:label1\" content=\"Escrito por\" \/>\n\t<meta name=\"twitter:data1\" content=\"FM Patagonia\" \/>\n\t<meta name=\"twitter:label2\" content=\"Tiempo de lectura\" \/>\n\t<meta name=\"twitter:data2\" content=\"1 minuto\" \/>\n<script type=\"application\/ld+json\" class=\"yoast-schema-graph\">{\"@context\":\"https:\\\/\\\/schema.org\",\"@graph\":[{\"@type\":\"Article\",\"@id\":\"https:\\\/\\\/fmpatagoniamadryn.com.ar\\\/?p=2785#article\",\"isPartOf\":{\"@id\":\"https:\\\/\\\/fmpatagoniamadryn.com.ar\\\/?p=2785\"},\"author\":{\"name\":\"FM Patagonia\",\"@id\":\"https:\\\/\\\/fmpatagoniamadryn.com.ar\\\/#\\\/schema\\\/person\\\/1d968ec613613768e14b4e6420a2b125\"},\"headline\":\"SE REALIZAR\u00c1 UN CORTE DE TR\u00c1NSITO POR OBRAS EN VICENTE L\u00d3PEZ Y PLANES Y AVENIDA JUAN MUZZIO\",\"datePublished\":\"2023-05-22T21:28:08+00:00\",\"dateModified\":\"2023-05-22T21:28:21+00:00\",\"mainEntityOfPage\":{\"@id\":\"https:\\\/\\\/fmpatagoniamadryn.com.ar\\\/?p=2785\"},\"wordCount\":213,\"publisher\":{\"@id\":\"https:\\\/\\\/fmpatagoniamadryn.com.ar\\\/#organization\"},\"image\":{\"@id\":\"https:\\\/\\\/fmpatagoniamadryn.com.ar\\\/?p=2785#primaryimage\"},\"thumbnailUrl\":\"https:\\\/\\\/fmpatagoniamadryn.com.ar\\\/wp-content\\\/uploads\\\/2023\\\/05\\\/FB_IMG_1684790872642.jpg\",\"articleSection\":[\"Locales\"],\"inLanguage\":\"es\"},{\"@type\":\"WebPage\",\"@id\":\"https:\\\/\\\/fmpatagoniamadryn.com.ar\\\/?p=2785\",\"url\":\"https:\\\/\\\/fmpatagoniamadryn.com.ar\\\/?p=2785\",\"name\":\"SE REALIZAR\u00c1 UN CORTE DE TR\u00c1NSITO POR OBRAS EN VICENTE L\u00d3PEZ Y PLANES Y AVENIDA JUAN MUZZIO - FM Patagonia Madryn\",\"isPartOf\":{\"@id\":\"https:\\\/\\\/fmpatagoniamadryn.com.ar\\\/#website\"},\"primaryImageOfPage\":{\"@id\":\"https:\\\/\\\/fmpatagoniamadryn.com.ar\\\/?p=2785#primaryimage\"},\"image\":{\"@id\":\"https:\\\/\\\/fmpatagoniamadryn.com.ar\\\/?p=2785#primaryimage\"},\"thumbnailUrl\":\"https:\\\/\\\/fmpatagoniamadryn.com.ar\\\/wp-content\\\/uploads\\\/2023\\\/05\\\/FB_IMG_1684790872642.jpg\",\"datePublished\":\"2023-05-22T21:28:08+00:00\",\"dateModified\":\"2023-05-22T21:28:21+00:00\",\"breadcrumb\":{\"@id\":\"https:\\\/\\\/fmpatagoniamadryn.com.ar\\\/?p=2785#breadcrumb\"},\"inLanguage\":\"es\",\"potentialAction\":[{\"@type\":\"ReadAction\",\"target\":[\"https:\\\/\\\/fmpatagoniamadryn.com.ar\\\/?p=2785\"]}]},{\"@type\":\"ImageObject\",\"inLanguage\":\"es\",\"@id\":\"https:\\\/\\\/fmpatagoniamadryn.com.ar\\\/?p=2785#primaryimage\",\"url\":\"https:\\\/\\\/fmpatagoniamadryn.com.ar\\\/wp-content\\\/uploads\\\/2023\\\/05\\\/FB_IMG_1684790872642.jpg\",\"contentUrl\":\"https:\\\/\\\/fmpatagoniamadryn.com.ar\\\/wp-content\\\/uploads\\\/2023\\\/05\\\/FB_IMG_1684790872642.jpg\",\"width\":1080,\"height\":1080},{\"@type\":\"BreadcrumbList\",\"@id\":\"https:\\\/\\\/fmpatagoniamadryn.com.ar\\\/?p=2785#breadcrumb\",\"itemListElement\":[{\"@type\":\"ListItem\",\"position\":1,\"name\":\"Portada\",\"item\":\"https:\\\/\\\/fmpatagoniamadryn.com.ar\\\/\"},{\"@type\":\"ListItem\",\"position\":2,\"name\":\"SE REALIZAR\u00c1 UN CORTE DE TR\u00c1NSITO POR OBRAS EN VICENTE L\u00d3PEZ Y PLANES Y AVENIDA JUAN MUZZIO\"}]},{\"@type\":\"WebSite\",\"@id\":\"https:\\\/\\\/fmpatagoniamadryn.com.ar\\\/#website\",\"url\":\"https:\\\/\\\/fmpatagoniamadryn.com.ar\\\/\",\"name\":\"FM Patagonia Madryn\",\"description\":\"Radio Patagonia 105.5\",\"publisher\":{\"@id\":\"https:\\\/\\\/fmpatagoniamadryn.com.ar\\\/#organization\"},\"potentialAction\":[{\"@type\":\"SearchAction\",\"target\":{\"@type\":\"EntryPoint\",\"urlTemplate\":\"https:\\\/\\\/fmpatagoniamadryn.com.ar\\\/?s={search_term_string}\"},\"query-input\":{\"@type\":\"PropertyValueSpecification\",\"valueRequired\":true,\"valueName\":\"search_term_string\"}}],\"inLanguage\":\"es\"},{\"@type\":\"Organization\",\"@id\":\"https:\\\/\\\/fmpatagoniamadryn.com.ar\\\/#organization\",\"name\":\"FM Patagonia Madryn\",\"url\":\"https:\\\/\\\/fmpatagoniamadryn.com.ar\\\/\",\"logo\":{\"@type\":\"ImageObject\",\"inLanguage\":\"es\",\"@id\":\"https:\\\/\\\/fmpatagoniamadryn.com.ar\\\/#\\\/schema\\\/logo\\\/image\\\/\",\"url\":\"https:\\\/\\\/fmpatagoniamadryn.com.ar\\\/wp-content\\\/uploads\\\/2023\\\/01\\\/cropped-Diseno-sin-titulo.png\",\"contentUrl\":\"https:\\\/\\\/fmpatagoniamadryn.com.ar\\\/wp-content\\\/uploads\\\/2023\\\/01\\\/cropped-Diseno-sin-titulo.png\",\"width\":6911,\"height\":2657,\"caption\":\"FM Patagonia Madryn\"},\"image\":{\"@id\":\"https:\\\/\\\/fmpatagoniamadryn.com.ar\\\/#\\\/schema\\\/logo\\\/image\\\/\"}},{\"@type\":\"Person\",\"@id\":\"https:\\\/\\\/fmpatagoniamadryn.com.ar\\\/#\\\/schema\\\/person\\\/1d968ec613613768e14b4e6420a2b125\",\"name\":\"FM Patagonia\",\"url\":\"https:\\\/\\\/fmpatagoniamadryn.com.ar\\\/?author=3\"}]}<\/script>\n<!-- \/ Yoast SEO plugin. -->","yoast_head_json":{"title":"SE REALIZAR\u00c1 UN CORTE DE TR\u00c1NSITO POR OBRAS EN VICENTE L\u00d3PEZ Y PLANES Y AVENIDA JUAN MUZZIO - FM Patagonia Madryn","robots":{"index":"index","follow":"follow","max-snippet":"max-snippet:-1","max-image-preview":"max-image-preview:large","max-video-preview":"max-video-preview:-1"},"canonical":"https:\/\/fmpatagoniamadryn.com.ar\/?p=2785","og_locale":"es_ES","og_type":"article","og_title":"SE REALIZAR\u00c1 UN CORTE DE TR\u00c1NSITO POR OBRAS EN VICENTE L\u00d3PEZ Y PLANES Y AVENIDA JUAN MUZZIO - FM Patagonia Madryn","og_description":"Ser\u00e1 durante tres semanas aproximadamente debido a la reparaci\u00f3n del pavimento La Secretar\u00eda de Obras P\u00fablicas y Desarrollo Urbano de la Municipalidad de Puerto Madryn informa que iniciar\u00e1n las tareas&hellip;","og_url":"https:\/\/fmpatagoniamadryn.com.ar\/?p=2785","og_site_name":"FM Patagonia Madryn","article_published_time":"2023-05-22T21:28:08+00:00","article_modified_time":"2023-05-22T21:28:21+00:00","og_image":[{"width":1080,"height":1080,"url":"https:\/\/fmpatagoniamadryn.com.ar\/wp-content\/uploads\/2023\/05\/FB_IMG_1684790872642.jpg","type":"image\/jpeg"}],"author":"FM Patagonia","twitter_card":"summary_large_image","twitter_misc":{"Escrito por":"FM Patagonia","Tiempo de lectura":"1 minuto"},"schema":{"@context":"https:\/\/schema.org","@graph":[{"@type":"Article","@id":"https:\/\/fmpatagoniamadryn.com.ar\/?p=2785#article","isPartOf":{"@id":"https:\/\/fmpatagoniamadryn.com.ar\/?p=2785"},"author":{"name":"FM Patagonia","@id":"https:\/\/fmpatagoniamadryn.com.ar\/#\/schema\/person\/1d968ec613613768e14b4e6420a2b125"},"headline":"SE REALIZAR\u00c1 UN CORTE DE TR\u00c1NSITO POR OBRAS EN VICENTE L\u00d3PEZ Y PLANES Y AVENIDA JUAN MUZZIO","datePublished":"2023-05-22T21:28:08+00:00","dateModified":"2023-05-22T21:28:21+00:00","mainEntityOfPage":{"@id":"https:\/\/fmpatagoniamadryn.com.ar\/?p=2785"},"wordCount":213,"publisher":{"@id":"https:\/\/fmpatagoniamadryn.com.ar\/#organization"},"image":{"@id":"https:\/\/fmpatagoniamadryn.com.ar\/?p=2785#primaryimage"},"thumbnailUrl":"https:\/\/fmpatagoniamadryn.com.ar\/wp-content\/uploads\/2023\/05\/FB_IMG_1684790872642.jpg","articleSection":["Locales"],"inLanguage":"es"},{"@type":"WebPage","@id":"https:\/\/fmpatagoniamadryn.com.ar\/?p=2785","url":"https:\/\/fmpatagoniamadryn.com.ar\/?p=2785","name":"SE REALIZAR\u00c1 UN CORTE DE TR\u00c1NSITO POR OBRAS EN VICENTE L\u00d3PEZ Y PLANES Y AVENIDA JUAN MUZZIO - FM Patagonia Madryn","isPartOf":{"@id":"https:\/\/fmpatagoniamadryn.com.ar\/#website"},"primaryImageOfPage":{"@id":"https:\/\/fmpatagoniamadryn.com.ar\/?p=2785#primaryimage"},"image":{"@id":"https:\/\/fmpatagoniamadryn.com.ar\/?p=2785#primaryimage"},"thumbnailUrl":"https:\/\/fmpatagoniamadryn.com.ar\/wp-content\/uploads\/2023\/05\/FB_IMG_1684790872642.jpg","datePublished":"2023-05-22T21:28:08+00:00","dateModified":"2023-05-22T21:28:21+00:00","breadcrumb":{"@id":"https:\/\/fmpatagoniamadryn.com.ar\/?p=2785#breadcrumb"},"inLanguage":"es","potentialAction":[{"@type":"ReadAction","target":["https:\/\/fmpatagoniamadryn.com.ar\/?p=2785"]}]},{"@type":"ImageObject","inLanguage":"es","@id":"https:\/\/fmpatagoniamadryn.com.ar\/?p=2785#primaryimage","url":"https:\/\/fmpatagoniamadryn.com.ar\/wp-content\/uploads\/2023\/05\/FB_IMG_1684790872642.jpg","contentUrl":"https:\/\/fmpatagoniamadryn.com.ar\/wp-content\/uploads\/2023\/05\/FB_IMG_1684790872642.jpg","width":1080,"height":1080},{"@type":"BreadcrumbList","@id":"https:\/\/fmpatagoniamadryn.com.ar\/?p=2785#breadcrumb","itemListElement":[{"@type":"ListItem","position":1,"name":"Portada","item":"https:\/\/fmpatagoniamadryn.com.ar\/"},{"@type":"ListItem","position":2,"name":"SE REALIZAR\u00c1 UN CORTE DE TR\u00c1NSITO POR OBRAS EN VICENTE L\u00d3PEZ Y PLANES Y AVENIDA JUAN MUZZIO"}]},{"@type":"WebSite","@id":"https:\/\/fmpatagoniamadryn.com.ar\/#website","url":"https:\/\/fmpatagoniamadryn.com.ar\/","name":"FM Patagonia Madryn","description":"Radio Patagonia 105.5","publisher":{"@id":"https:\/\/fmpatagoniamadryn.com.ar\/#organization"},"potentialAction":[{"@type":"SearchAction","target":{"@type":"EntryPoint","urlTemplate":"https:\/\/fmpatagoniamadryn.com.ar\/?s={search_term_string}"},"query-input":{"@type":"PropertyValueSpecification","valueRequired":true,"valueName":"search_term_string"}}],"inLanguage":"es"},{"@type":"Organization","@id":"https:\/\/fmpatagoniamadryn.com.ar\/#organization","name":"FM Patagonia Madryn","url":"https:\/\/fmpatagoniamadryn.com.ar\/","logo":{"@type":"ImageObject","inLanguage":"es","@id":"https:\/\/fmpatagoniamadryn.com.ar\/#\/schema\/logo\/image\/","url":"https:\/\/fmpatagoniamadryn.com.ar\/wp-content\/uploads\/2023\/01\/cropped-Diseno-sin-titulo.png","contentUrl":"https:\/\/fmpatagoniamadryn.com.ar\/wp-content\/uploads\/2023\/01\/cropped-Diseno-sin-titulo.png","width":6911,"height":2657,"caption":"FM Patagonia Madryn"},"image":{"@id":"https:\/\/fmpatagoniamadryn.com.ar\/#\/schema\/logo\/image\/"}},{"@type":"Person","@id":"https:\/\/fmpatagoniamadryn.com.ar\/#\/schema\/person\/1d968ec613613768e14b4e6420a2b125","name":"FM Patagonia","url":"https:\/\/fmpatagoniamadryn.com.ar\/?author=3"}]}},"jetpack_featured_media_url":"https:\/\/fmpatagoniamadryn.com.ar\/wp-content\/uploads\/2023\/05\/FB_IMG_1684790872642.jpg","_links":{"self":[{"href":"https:\/\/fmpatagoniamadryn.com.ar\/index.php?rest_route=\/wp\/v2\/posts\/2785","targetHints":{"allow":["GET"]}}],"collection":[{"href":"https:\/\/fmpatagoniamadryn.com.ar\/index.php?rest_route=\/wp\/v2\/posts"}],"about":[{"href":"https:\/\/fmpatagoniamadryn.com.ar\/index.php?rest_route=\/wp\/v2\/types\/post"}],"author":[{"embeddable":true,"href":"https:\/\/fmpatagoniamadryn.com.ar\/index.php?rest_route=\/wp\/v2\/users\/3"}],"replies":[{"embeddable":true,"href":"https:\/\/fmpatagoniamadryn.com.ar\/index.php?rest_route=%2Fwp%2Fv2%2Fcomments&post=2785"}],"version-history":[{"count":1,"href":"https:\/\/fmpatagoniamadryn.com.ar\/index.php?rest_route=\/wp\/v2\/posts\/2785\/revisions"}],"predecessor-version":[{"id":2786,"href":"https:\/\/fmpatagoniamadryn.com.ar\/index.php?rest_route=\/wp\/v2\/posts\/2785\/revisions\/2786"}],"wp:featuredmedia":[{"embeddable":true,"href":"https:\/\/fmpatagoniamadryn.com.ar\/index.php?rest_route=\/wp\/v2\/media\/2784"}],"wp:attachment":[{"href":"https:\/\/fmpatagoniamadryn.com.ar\/index.php?rest_route=%2Fwp%2Fv2%2Fmedia&parent=2785"}],"wp:term":[{"taxonomy":"category","embeddable":true,"href":"https:\/\/fmpatagoniamadryn.com.ar\/index.php?rest_route=%2Fwp%2Fv2%2Fcategories&post=2785"},{"taxonomy":"post_tag","embeddable":true,"href":"https:\/\/fmpatagoniamadryn.com.ar\/index.php?rest_route=%2Fwp%2Fv2%2Ftags&post=2785"}],"curies":[{"name":"wp","href":"https:\/\/api.w.org\/{rel}","templated":true}]}}