{"id":3002,"date":"2023-05-30T13:08:43","date_gmt":"2023-05-30T16:08:43","guid":{"rendered":"https:\/\/fmpatagoniamadryn.com.ar\/?p=3002"},"modified":"2023-05-30T13:08:59","modified_gmt":"2023-05-30T16:08:59","slug":"arcioni-recibio-al-intendente-interino-de-rio-mayo-y-expreso-su-acompanamiento-en-la-gestion","status":"publish","type":"post","link":"https:\/\/fmpatagoniamadryn.com.ar\/?p=3002","title":{"rendered":"Arcioni recibi\u00f3 al intendente interino de R\u00edo Mayo y expres\u00f3 su acompa\u00f1amiento en la gesti\u00f3n"},"content":{"rendered":"\n<p>Gustavo Layoute asumi\u00f3 en lugar de Alejandro Avenda\u00f1o, quien se encuentra internado en Comodoro Rivadavia. El mandatario provincial se\u00f1al\u00f3 que \u201ccontinuaremos trabajando en R\u00edo Mayo\u201d.<br><br>El gobernador del Chubut, Mariano Arcioni, encabez\u00f3 esta ma\u00f1ana en su despacho un encuentro con el intendente interino de R\u00edo Mayo, Gustavo Layoute, con quien dialog\u00f3 sobre la situaci\u00f3n actual de la localidad, bregando por la continuidad de trabajo mientras se espera la recuperaci\u00f3n del jefe comunal, Alejandro Avenda\u00f1o. <br><br>Cabe recordar, que Layoute se hizo cargo del Ejecutivo ante el cuadro m\u00e9dico que atraviesa el intendente Alejandro Avenda\u00f1o, quien se encuentra internado en Comodoro Rivadavia.<br><br>El mandatario provincial manifest\u00f3 que \u201cnos reunimos con el intendente interino de R\u00edo Mayo, Gustavo Loyaute, para acompa\u00f1arlo en la gesti\u00f3n, mientras deseamos la recuperaci\u00f3n de Alejandro Avenda\u00f1o\u201d y remarc\u00f3 que \u201cqueremos llevarle tranquilidad a los vecinos de que se continuar\u00e1 trabajando como se viene haciendo\u201d.<br><br>Luego del encuentro realizado en el Ministerio de Econom\u00eda y Cr\u00e9dito P\u00fablico, Layoute se\u00f1al\u00f3 que \u201crealizamos la presentaci\u00f3n formal sobre el interinato en el ejecutivo de R\u00edo Mayo. Fue una reuni\u00f3n extensa con el Gobernador que nos recibi\u00f3 muy bien, como siempre apoy\u00e1ndonos en todo lo que emprendemos desde la localidad\u201d.<br><br>En ese sentido, manifest\u00f3 que \u201ces un Gobierno muy presente en todas las comunidades, no solamente en R\u00edo Mayo. Me desempe\u00f1\u00e9 como concejal, tambi\u00e9n fui director del Hospital de R\u00edo Mayo y siempre vimos el compromiso en cada localidad, por eso mismo aceptamos este compromiso de hacernos cargo del ejecutivo, porque contamos con todo el apoyo de Provincia\u201d.<br><br>Infraestructura<br><br>\u201cHablamos con el Gobernador sobre necesidades de la localidad, poder continuar las obras que se est\u00e1n haciendo, comenzar obras nuevas, que son muy importantes y de mucha necesidad para la localidad, como por ejemplo obras en instituciones educativas particularmente la escuela N\u00ba 72 que requiere hacer dos aulas m\u00e1s\u201d, enumer\u00f3 Layoute.<br><br>El intendente interino mencion\u00f3 que \u201cen el Hospital estamos haciendo adoquinado con mano de obra local, lo cual es muy importante porque se da trabajo y se cambia much\u00edsimo al pueblo, ordenando las calles\u201d.<br><br>Por otra parte, \u201cse est\u00e1n haciendo viviendas junto con el IPV, hay dos planes en ejecuci\u00f3n y analizando la posibilidad de firmar otro en base a las necesidades m\u00e1s grandes que tenemos en R\u00edo Mayo que es el habitacional\u201d.<br><br>Salud de Avenda\u00f1o <br><br>Respecto a la situaci\u00f3n del intendente Alejandro Avenda\u00f1o, inform\u00f3 que \u201csigue en estado de gravedad, en coma farmacol\u00f3gico con asistencia respiratoria mec\u00e1nica, pero con una leve mejor\u00eda y tenemos toda la seguridad y la certeza que va a salir adelante\u201d. <\/p>\n","protected":false},"excerpt":{"rendered":"<p>Gustavo Layoute asumi\u00f3 en lugar de Alejandro Avenda\u00f1o, quien se encuentra internado en Comodoro Rivadavia. El mandatario provincial se\u00f1al\u00f3 que \u201ccontinuaremos trabajando en R\u00edo Mayo\u201d. El gobernador del Chubut, Mariano&hellip; <\/p>\n","protected":false},"author":3,"featured_media":3001,"comment_status":"closed","ping_status":"closed","sticky":false,"template":"","format":"standard","meta":{"footnotes":""},"categories":[14],"tags":[],"class_list":["post-3002","post","type-post","status-publish","format-standard","has-post-thumbnail","hentry","category-provinciales"],"yoast_head":"<!-- This site is optimized with the Yoast SEO plugin v27.4 - https:\/\/yoast.com\/product\/yoast-seo-wordpress\/ -->\n<title>Arcioni recibi\u00f3 al intendente interino de R\u00edo Mayo y expres\u00f3 su acompa\u00f1amiento en la gesti\u00f3n - FM Patagonia Madryn<\/title>\n<meta name=\"robots\" content=\"index, follow, max-snippet:-1, max-image-preview:large, max-video-preview:-1\" \/>\n<link rel=\"canonical\" href=\"https:\/\/fmpatagoniamadryn.com.ar\/?p=3002\" \/>\n<meta property=\"og:locale\" content=\"es_ES\" \/>\n<meta property=\"og:type\" content=\"article\" \/>\n<meta property=\"og:title\" content=\"Arcioni recibi\u00f3 al intendente interino de R\u00edo Mayo y expres\u00f3 su acompa\u00f1amiento en la gesti\u00f3n - FM Patagonia Madryn\" \/>\n<meta property=\"og:description\" content=\"Gustavo Layoute asumi\u00f3 en lugar de Alejandro Avenda\u00f1o, quien se encuentra internado en Comodoro Rivadavia. El mandatario provincial se\u00f1al\u00f3 que \u201ccontinuaremos trabajando en R\u00edo Mayo\u201d. El gobernador del Chubut, Mariano&hellip;\" \/>\n<meta property=\"og:url\" content=\"https:\/\/fmpatagoniamadryn.com.ar\/?p=3002\" \/>\n<meta property=\"og:site_name\" content=\"FM Patagonia Madryn\" \/>\n<meta property=\"article:published_time\" content=\"2023-05-30T16:08:43+00:00\" \/>\n<meta property=\"article:modified_time\" content=\"2023-05-30T16:08:59+00:00\" \/>\n<meta property=\"og:image\" content=\"https:\/\/fmpatagoniamadryn.com.ar\/wp-content\/uploads\/2023\/05\/ARCIONI-LOYAUTE-3-scaled.jpg\" \/>\n\t<meta property=\"og:image:width\" content=\"2560\" \/>\n\t<meta property=\"og:image:height\" content=\"1527\" \/>\n\t<meta property=\"og:image:type\" content=\"image\/jpeg\" \/>\n<meta name=\"author\" content=\"FM Patagonia\" \/>\n<meta name=\"twitter:card\" content=\"summary_large_image\" \/>\n<meta name=\"twitter:label1\" content=\"Escrito por\" \/>\n\t<meta name=\"twitter:data1\" content=\"FM Patagonia\" \/>\n\t<meta name=\"twitter:label2\" content=\"Tiempo de lectura\" \/>\n\t<meta name=\"twitter:data2\" content=\"2 minutos\" \/>\n<script type=\"application\/ld+json\" class=\"yoast-schema-graph\">{\"@context\":\"https:\\\/\\\/schema.org\",\"@graph\":[{\"@type\":\"Article\",\"@id\":\"https:\\\/\\\/fmpatagoniamadryn.com.ar\\\/?p=3002#article\",\"isPartOf\":{\"@id\":\"https:\\\/\\\/fmpatagoniamadryn.com.ar\\\/?p=3002\"},\"author\":{\"name\":\"FM Patagonia\",\"@id\":\"https:\\\/\\\/fmpatagoniamadryn.com.ar\\\/#\\\/schema\\\/person\\\/1d968ec613613768e14b4e6420a2b125\"},\"headline\":\"Arcioni recibi\u00f3 al intendente interino de R\u00edo Mayo y expres\u00f3 su acompa\u00f1amiento en la gesti\u00f3n\",\"datePublished\":\"2023-05-30T16:08:43+00:00\",\"dateModified\":\"2023-05-30T16:08:59+00:00\",\"mainEntityOfPage\":{\"@id\":\"https:\\\/\\\/fmpatagoniamadryn.com.ar\\\/?p=3002\"},\"wordCount\":479,\"publisher\":{\"@id\":\"https:\\\/\\\/fmpatagoniamadryn.com.ar\\\/#organization\"},\"image\":{\"@id\":\"https:\\\/\\\/fmpatagoniamadryn.com.ar\\\/?p=3002#primaryimage\"},\"thumbnailUrl\":\"https:\\\/\\\/fmpatagoniamadryn.com.ar\\\/wp-content\\\/uploads\\\/2023\\\/05\\\/ARCIONI-LOYAUTE-3-scaled.jpg\",\"articleSection\":[\"Provinciales\"],\"inLanguage\":\"es\"},{\"@type\":\"WebPage\",\"@id\":\"https:\\\/\\\/fmpatagoniamadryn.com.ar\\\/?p=3002\",\"url\":\"https:\\\/\\\/fmpatagoniamadryn.com.ar\\\/?p=3002\",\"name\":\"Arcioni recibi\u00f3 al intendente interino de R\u00edo Mayo y expres\u00f3 su acompa\u00f1amiento en la gesti\u00f3n - FM Patagonia Madryn\",\"isPartOf\":{\"@id\":\"https:\\\/\\\/fmpatagoniamadryn.com.ar\\\/#website\"},\"primaryImageOfPage\":{\"@id\":\"https:\\\/\\\/fmpatagoniamadryn.com.ar\\\/?p=3002#primaryimage\"},\"image\":{\"@id\":\"https:\\\/\\\/fmpatagoniamadryn.com.ar\\\/?p=3002#primaryimage\"},\"thumbnailUrl\":\"https:\\\/\\\/fmpatagoniamadryn.com.ar\\\/wp-content\\\/uploads\\\/2023\\\/05\\\/ARCIONI-LOYAUTE-3-scaled.jpg\",\"datePublished\":\"2023-05-30T16:08:43+00:00\",\"dateModified\":\"2023-05-30T16:08:59+00:00\",\"breadcrumb\":{\"@id\":\"https:\\\/\\\/fmpatagoniamadryn.com.ar\\\/?p=3002#breadcrumb\"},\"inLanguage\":\"es\",\"potentialAction\":[{\"@type\":\"ReadAction\",\"target\":[\"https:\\\/\\\/fmpatagoniamadryn.com.ar\\\/?p=3002\"]}]},{\"@type\":\"ImageObject\",\"inLanguage\":\"es\",\"@id\":\"https:\\\/\\\/fmpatagoniamadryn.com.ar\\\/?p=3002#primaryimage\",\"url\":\"https:\\\/\\\/fmpatagoniamadryn.com.ar\\\/wp-content\\\/uploads\\\/2023\\\/05\\\/ARCIONI-LOYAUTE-3-scaled.jpg\",\"contentUrl\":\"https:\\\/\\\/fmpatagoniamadryn.com.ar\\\/wp-content\\\/uploads\\\/2023\\\/05\\\/ARCIONI-LOYAUTE-3-scaled.jpg\",\"width\":2560,\"height\":1527},{\"@type\":\"BreadcrumbList\",\"@id\":\"https:\\\/\\\/fmpatagoniamadryn.com.ar\\\/?p=3002#breadcrumb\",\"itemListElement\":[{\"@type\":\"ListItem\",\"position\":1,\"name\":\"Portada\",\"item\":\"https:\\\/\\\/fmpatagoniamadryn.com.ar\\\/\"},{\"@type\":\"ListItem\",\"position\":2,\"name\":\"Arcioni recibi\u00f3 al intendente interino de R\u00edo Mayo y expres\u00f3 su acompa\u00f1amiento en la gesti\u00f3n\"}]},{\"@type\":\"WebSite\",\"@id\":\"https:\\\/\\\/fmpatagoniamadryn.com.ar\\\/#website\",\"url\":\"https:\\\/\\\/fmpatagoniamadryn.com.ar\\\/\",\"name\":\"FM Patagonia Madryn\",\"description\":\"Radio Patagonia 105.5\",\"publisher\":{\"@id\":\"https:\\\/\\\/fmpatagoniamadryn.com.ar\\\/#organization\"},\"potentialAction\":[{\"@type\":\"SearchAction\",\"target\":{\"@type\":\"EntryPoint\",\"urlTemplate\":\"https:\\\/\\\/fmpatagoniamadryn.com.ar\\\/?s={search_term_string}\"},\"query-input\":{\"@type\":\"PropertyValueSpecification\",\"valueRequired\":true,\"valueName\":\"search_term_string\"}}],\"inLanguage\":\"es\"},{\"@type\":\"Organization\",\"@id\":\"https:\\\/\\\/fmpatagoniamadryn.com.ar\\\/#organization\",\"name\":\"FM Patagonia Madryn\",\"url\":\"https:\\\/\\\/fmpatagoniamadryn.com.ar\\\/\",\"logo\":{\"@type\":\"ImageObject\",\"inLanguage\":\"es\",\"@id\":\"https:\\\/\\\/fmpatagoniamadryn.com.ar\\\/#\\\/schema\\\/logo\\\/image\\\/\",\"url\":\"https:\\\/\\\/fmpatagoniamadryn.com.ar\\\/wp-content\\\/uploads\\\/2023\\\/01\\\/cropped-Diseno-sin-titulo.png\",\"contentUrl\":\"https:\\\/\\\/fmpatagoniamadryn.com.ar\\\/wp-content\\\/uploads\\\/2023\\\/01\\\/cropped-Diseno-sin-titulo.png\",\"width\":6911,\"height\":2657,\"caption\":\"FM Patagonia Madryn\"},\"image\":{\"@id\":\"https:\\\/\\\/fmpatagoniamadryn.com.ar\\\/#\\\/schema\\\/logo\\\/image\\\/\"}},{\"@type\":\"Person\",\"@id\":\"https:\\\/\\\/fmpatagoniamadryn.com.ar\\\/#\\\/schema\\\/person\\\/1d968ec613613768e14b4e6420a2b125\",\"name\":\"FM Patagonia\",\"url\":\"https:\\\/\\\/fmpatagoniamadryn.com.ar\\\/?author=3\"}]}<\/script>\n<!-- \/ Yoast SEO plugin. -->","yoast_head_json":{"title":"Arcioni recibi\u00f3 al intendente interino de R\u00edo Mayo y expres\u00f3 su acompa\u00f1amiento en la gesti\u00f3n - FM Patagonia Madryn","robots":{"index":"index","follow":"follow","max-snippet":"max-snippet:-1","max-image-preview":"max-image-preview:large","max-video-preview":"max-video-preview:-1"},"canonical":"https:\/\/fmpatagoniamadryn.com.ar\/?p=3002","og_locale":"es_ES","og_type":"article","og_title":"Arcioni recibi\u00f3 al intendente interino de R\u00edo Mayo y expres\u00f3 su acompa\u00f1amiento en la gesti\u00f3n - FM Patagonia Madryn","og_description":"Gustavo Layoute asumi\u00f3 en lugar de Alejandro Avenda\u00f1o, quien se encuentra internado en Comodoro Rivadavia. El mandatario provincial se\u00f1al\u00f3 que \u201ccontinuaremos trabajando en R\u00edo Mayo\u201d. El gobernador del Chubut, Mariano&hellip;","og_url":"https:\/\/fmpatagoniamadryn.com.ar\/?p=3002","og_site_name":"FM Patagonia Madryn","article_published_time":"2023-05-30T16:08:43+00:00","article_modified_time":"2023-05-30T16:08:59+00:00","og_image":[{"width":2560,"height":1527,"url":"https:\/\/fmpatagoniamadryn.com.ar\/wp-content\/uploads\/2023\/05\/ARCIONI-LOYAUTE-3-scaled.jpg","type":"image\/jpeg"}],"author":"FM Patagonia","twitter_card":"summary_large_image","twitter_misc":{"Escrito por":"FM Patagonia","Tiempo de lectura":"2 minutos"},"schema":{"@context":"https:\/\/schema.org","@graph":[{"@type":"Article","@id":"https:\/\/fmpatagoniamadryn.com.ar\/?p=3002#article","isPartOf":{"@id":"https:\/\/fmpatagoniamadryn.com.ar\/?p=3002"},"author":{"name":"FM Patagonia","@id":"https:\/\/fmpatagoniamadryn.com.ar\/#\/schema\/person\/1d968ec613613768e14b4e6420a2b125"},"headline":"Arcioni recibi\u00f3 al intendente interino de R\u00edo Mayo y expres\u00f3 su acompa\u00f1amiento en la gesti\u00f3n","datePublished":"2023-05-30T16:08:43+00:00","dateModified":"2023-05-30T16:08:59+00:00","mainEntityOfPage":{"@id":"https:\/\/fmpatagoniamadryn.com.ar\/?p=3002"},"wordCount":479,"publisher":{"@id":"https:\/\/fmpatagoniamadryn.com.ar\/#organization"},"image":{"@id":"https:\/\/fmpatagoniamadryn.com.ar\/?p=3002#primaryimage"},"thumbnailUrl":"https:\/\/fmpatagoniamadryn.com.ar\/wp-content\/uploads\/2023\/05\/ARCIONI-LOYAUTE-3-scaled.jpg","articleSection":["Provinciales"],"inLanguage":"es"},{"@type":"WebPage","@id":"https:\/\/fmpatagoniamadryn.com.ar\/?p=3002","url":"https:\/\/fmpatagoniamadryn.com.ar\/?p=3002","name":"Arcioni recibi\u00f3 al intendente interino de R\u00edo Mayo y expres\u00f3 su acompa\u00f1amiento en la gesti\u00f3n - FM Patagonia Madryn","isPartOf":{"@id":"https:\/\/fmpatagoniamadryn.com.ar\/#website"},"primaryImageOfPage":{"@id":"https:\/\/fmpatagoniamadryn.com.ar\/?p=3002#primaryimage"},"image":{"@id":"https:\/\/fmpatagoniamadryn.com.ar\/?p=3002#primaryimage"},"thumbnailUrl":"https:\/\/fmpatagoniamadryn.com.ar\/wp-content\/uploads\/2023\/05\/ARCIONI-LOYAUTE-3-scaled.jpg","datePublished":"2023-05-30T16:08:43+00:00","dateModified":"2023-05-30T16:08:59+00:00","breadcrumb":{"@id":"https:\/\/fmpatagoniamadryn.com.ar\/?p=3002#breadcrumb"},"inLanguage":"es","potentialAction":[{"@type":"ReadAction","target":["https:\/\/fmpatagoniamadryn.com.ar\/?p=3002"]}]},{"@type":"ImageObject","inLanguage":"es","@id":"https:\/\/fmpatagoniamadryn.com.ar\/?p=3002#primaryimage","url":"https:\/\/fmpatagoniamadryn.com.ar\/wp-content\/uploads\/2023\/05\/ARCIONI-LOYAUTE-3-scaled.jpg","contentUrl":"https:\/\/fmpatagoniamadryn.com.ar\/wp-content\/uploads\/2023\/05\/ARCIONI-LOYAUTE-3-scaled.jpg","width":2560,"height":1527},{"@type":"BreadcrumbList","@id":"https:\/\/fmpatagoniamadryn.com.ar\/?p=3002#breadcrumb","itemListElement":[{"@type":"ListItem","position":1,"name":"Portada","item":"https:\/\/fmpatagoniamadryn.com.ar\/"},{"@type":"ListItem","position":2,"name":"Arcioni recibi\u00f3 al intendente interino de R\u00edo Mayo y expres\u00f3 su acompa\u00f1amiento en la gesti\u00f3n"}]},{"@type":"WebSite","@id":"https:\/\/fmpatagoniamadryn.com.ar\/#website","url":"https:\/\/fmpatagoniamadryn.com.ar\/","name":"FM Patagonia Madryn","description":"Radio Patagonia 105.5","publisher":{"@id":"https:\/\/fmpatagoniamadryn.com.ar\/#organization"},"potentialAction":[{"@type":"SearchAction","target":{"@type":"EntryPoint","urlTemplate":"https:\/\/fmpatagoniamadryn.com.ar\/?s={search_term_string}"},"query-input":{"@type":"PropertyValueSpecification","valueRequired":true,"valueName":"search_term_string"}}],"inLanguage":"es"},{"@type":"Organization","@id":"https:\/\/fmpatagoniamadryn.com.ar\/#organization","name":"FM Patagonia Madryn","url":"https:\/\/fmpatagoniamadryn.com.ar\/","logo":{"@type":"ImageObject","inLanguage":"es","@id":"https:\/\/fmpatagoniamadryn.com.ar\/#\/schema\/logo\/image\/","url":"https:\/\/fmpatagoniamadryn.com.ar\/wp-content\/uploads\/2023\/01\/cropped-Diseno-sin-titulo.png","contentUrl":"https:\/\/fmpatagoniamadryn.com.ar\/wp-content\/uploads\/2023\/01\/cropped-Diseno-sin-titulo.png","width":6911,"height":2657,"caption":"FM Patagonia Madryn"},"image":{"@id":"https:\/\/fmpatagoniamadryn.com.ar\/#\/schema\/logo\/image\/"}},{"@type":"Person","@id":"https:\/\/fmpatagoniamadryn.com.ar\/#\/schema\/person\/1d968ec613613768e14b4e6420a2b125","name":"FM Patagonia","url":"https:\/\/fmpatagoniamadryn.com.ar\/?author=3"}]}},"jetpack_featured_media_url":"https:\/\/fmpatagoniamadryn.com.ar\/wp-content\/uploads\/2023\/05\/ARCIONI-LOYAUTE-3-scaled.jpg","_links":{"self":[{"href":"https:\/\/fmpatagoniamadryn.com.ar\/index.php?rest_route=\/wp\/v2\/posts\/3002","targetHints":{"allow":["GET"]}}],"collection":[{"href":"https:\/\/fmpatagoniamadryn.com.ar\/index.php?rest_route=\/wp\/v2\/posts"}],"about":[{"href":"https:\/\/fmpatagoniamadryn.com.ar\/index.php?rest_route=\/wp\/v2\/types\/post"}],"author":[{"embeddable":true,"href":"https:\/\/fmpatagoniamadryn.com.ar\/index.php?rest_route=\/wp\/v2\/users\/3"}],"replies":[{"embeddable":true,"href":"https:\/\/fmpatagoniamadryn.com.ar\/index.php?rest_route=%2Fwp%2Fv2%2Fcomments&post=3002"}],"version-history":[{"count":1,"href":"https:\/\/fmpatagoniamadryn.com.ar\/index.php?rest_route=\/wp\/v2\/posts\/3002\/revisions"}],"predecessor-version":[{"id":3003,"href":"https:\/\/fmpatagoniamadryn.com.ar\/index.php?rest_route=\/wp\/v2\/posts\/3002\/revisions\/3003"}],"wp:featuredmedia":[{"embeddable":true,"href":"https:\/\/fmpatagoniamadryn.com.ar\/index.php?rest_route=\/wp\/v2\/media\/3001"}],"wp:attachment":[{"href":"https:\/\/fmpatagoniamadryn.com.ar\/index.php?rest_route=%2Fwp%2Fv2%2Fmedia&parent=3002"}],"wp:term":[{"taxonomy":"category","embeddable":true,"href":"https:\/\/fmpatagoniamadryn.com.ar\/index.php?rest_route=%2Fwp%2Fv2%2Fcategories&post=3002"},{"taxonomy":"post_tag","embeddable":true,"href":"https:\/\/fmpatagoniamadryn.com.ar\/index.php?rest_route=%2Fwp%2Fv2%2Ftags&post=3002"}],"curies":[{"name":"wp","href":"https:\/\/api.w.org\/{rel}","templated":true}]}}