{"id":3023,"date":"2023-05-31T12:34:23","date_gmt":"2023-05-31T15:34:23","guid":{"rendered":"https:\/\/fmpatagoniamadryn.com.ar\/?p=3023"},"modified":"2023-05-31T12:34:34","modified_gmt":"2023-05-31T15:34:34","slug":"alumnos-de-la-escuela-politecnica-se-preparan-para-fabricar-un-auto-electrico","status":"publish","type":"post","link":"https:\/\/fmpatagoniamadryn.com.ar\/?p=3023","title":{"rendered":"Alumnos de la Escuela Polit\u00e9cnica se preparan para fabricar un auto el\u00e9ctrico"},"content":{"rendered":"\n<p>Un grupo de alumnos de la Escuela Polit\u00e9cnica participar\u00e1n del desaf\u00edo YPF, una competencia nacional en la que tendr\u00e1n que fabricar un auto el\u00e9ctrico. La misma se realizar\u00e1 el 4 y 5 de noviembre. <br>  <br><br>Mat\u00edas Garc\u00eda, docente de la instituci\u00f3n a cargo de la materia \u201cproyecto, dise\u00f1o y montaje\u201d en la que se est\u00e1 llevando adelante este proyecto de la realizaci\u00f3n del eco desaf\u00edo YPF, coment\u00f3 que lo que se establece en la materia es tratar de buscar y desarrollar un proyecto \u201cpara que los chicos puedan elaborar, practicar y rever ciertos conceptos que van desarrollando durante el transcurso de la carrera de t\u00e9cnico\u201d.  <br><br>  <br><br>\u201cEn este caso particular, los chicos vienen directamente con esa necesidad de participar en este desaf\u00edo. Lo que plantea el Desaf\u00edo YPF es dise\u00f1ar y fabricar un veh\u00edculo que sea totalmente el\u00e9ctrico\u201d, sostuvo Garc\u00eda. <br><br>  <br><br>En ese sentido, Garc\u00eda a\u00f1adi\u00f3 que las bases y las condiciones del concurso establecen que todo lo que sea motorizaci\u00f3n y elementos funcionales los provee exclusivamente YPF y de esa forma generar igualdad dentro de todos los equipos que participan.  <br><br>  <br><br>\u201cLa respuesta de los chicos, la intenci\u00f3n y las ganas viene de ellos as\u00ed que es puramente energ\u00eda de ellos que est\u00e1n abocados a desarrollar y elaborar este proyecto. Tuvimos una entrevista con el intendente que se mostr\u00f3 muy interesado por apoyarnos\u201d, coment\u00f3 Garc\u00eda. <br><br>  <br><br>Asimismo, Garc\u00eda agradeci\u00f3 a Gustavo Sastre que les est\u00e1 dando una mano muy grande para poder desarrollar e introducirse en el concurso porque \u201cnos da la posibilidad de pagar las inscripci\u00f3n para poder empezar a tener esta primera etapa y hay un par de empresas que est\u00e1n empezando a entusiasmarse con el proyecto y en la instituci\u00f3n muchos docentes que est\u00e1n acompa\u00f1ando\u201d. <br><br>  <br><br>\u201cInvitamos a la gente que colabore porque no solamente est\u00e1 la parte que es el desarrollo del proyecto sino que hay otras instancias m\u00e1s donde la comunidad puede participar para que los chicos tengan la posibilidad de posicionarse dentro de la grilla. Es tipo una votaci\u00f3n que se llama eco fan donde la gente vota y a medida que va sumando votos da la posibilidad de aumentar en una grilla\u201d, finaliz\u00f3 Garc\u00eda<\/p>\n","protected":false},"excerpt":{"rendered":"<p>Un grupo de alumnos de la Escuela Polit\u00e9cnica participar\u00e1n del desaf\u00edo YPF, una competencia nacional en la que tendr\u00e1n que fabricar un auto el\u00e9ctrico. La misma se realizar\u00e1 el 4&hellip; <\/p>\n","protected":false},"author":3,"featured_media":3022,"comment_status":"closed","ping_status":"closed","sticky":false,"template":"","format":"standard","meta":{"footnotes":""},"categories":[15],"tags":[],"class_list":["post-3023","post","type-post","status-publish","format-standard","has-post-thumbnail","hentry","category-locales"],"yoast_head":"<!-- This site is optimized with the Yoast SEO plugin v27.4 - https:\/\/yoast.com\/product\/yoast-seo-wordpress\/ -->\n<title>Alumnos de la Escuela Polit\u00e9cnica se preparan para fabricar un auto el\u00e9ctrico - FM Patagonia Madryn<\/title>\n<meta name=\"robots\" content=\"index, follow, max-snippet:-1, max-image-preview:large, max-video-preview:-1\" \/>\n<link rel=\"canonical\" href=\"https:\/\/fmpatagoniamadryn.com.ar\/?p=3023\" \/>\n<meta property=\"og:locale\" content=\"es_ES\" \/>\n<meta property=\"og:type\" content=\"article\" \/>\n<meta property=\"og:title\" content=\"Alumnos de la Escuela Polit\u00e9cnica se preparan para fabricar un auto el\u00e9ctrico - FM Patagonia Madryn\" \/>\n<meta property=\"og:description\" content=\"Un grupo de alumnos de la Escuela Polit\u00e9cnica participar\u00e1n del desaf\u00edo YPF, una competencia nacional en la que tendr\u00e1n que fabricar un auto el\u00e9ctrico. La misma se realizar\u00e1 el 4&hellip;\" \/>\n<meta property=\"og:url\" content=\"https:\/\/fmpatagoniamadryn.com.ar\/?p=3023\" \/>\n<meta property=\"og:site_name\" content=\"FM Patagonia Madryn\" \/>\n<meta property=\"article:published_time\" content=\"2023-05-31T15:34:23+00:00\" \/>\n<meta property=\"article:modified_time\" content=\"2023-05-31T15:34:34+00:00\" \/>\n<meta property=\"og:image\" content=\"https:\/\/fmpatagoniamadryn.com.ar\/wp-content\/uploads\/2023\/05\/FB_IMG_1685547244427.jpg\" \/>\n\t<meta property=\"og:image:width\" content=\"614\" \/>\n\t<meta property=\"og:image:height\" content=\"344\" \/>\n\t<meta property=\"og:image:type\" content=\"image\/jpeg\" \/>\n<meta name=\"author\" content=\"FM Patagonia\" \/>\n<meta name=\"twitter:card\" content=\"summary_large_image\" \/>\n<meta name=\"twitter:label1\" content=\"Escrito por\" \/>\n\t<meta name=\"twitter:data1\" content=\"FM Patagonia\" \/>\n\t<meta name=\"twitter:label2\" content=\"Tiempo de lectura\" \/>\n\t<meta name=\"twitter:data2\" content=\"2 minutos\" \/>\n<script type=\"application\/ld+json\" class=\"yoast-schema-graph\">{\"@context\":\"https:\\\/\\\/schema.org\",\"@graph\":[{\"@type\":\"Article\",\"@id\":\"https:\\\/\\\/fmpatagoniamadryn.com.ar\\\/?p=3023#article\",\"isPartOf\":{\"@id\":\"https:\\\/\\\/fmpatagoniamadryn.com.ar\\\/?p=3023\"},\"author\":{\"name\":\"FM Patagonia\",\"@id\":\"https:\\\/\\\/fmpatagoniamadryn.com.ar\\\/#\\\/schema\\\/person\\\/1d968ec613613768e14b4e6420a2b125\"},\"headline\":\"Alumnos de la Escuela Polit\u00e9cnica se preparan para fabricar un auto el\u00e9ctrico\",\"datePublished\":\"2023-05-31T15:34:23+00:00\",\"dateModified\":\"2023-05-31T15:34:34+00:00\",\"mainEntityOfPage\":{\"@id\":\"https:\\\/\\\/fmpatagoniamadryn.com.ar\\\/?p=3023\"},\"wordCount\":402,\"publisher\":{\"@id\":\"https:\\\/\\\/fmpatagoniamadryn.com.ar\\\/#organization\"},\"image\":{\"@id\":\"https:\\\/\\\/fmpatagoniamadryn.com.ar\\\/?p=3023#primaryimage\"},\"thumbnailUrl\":\"https:\\\/\\\/fmpatagoniamadryn.com.ar\\\/wp-content\\\/uploads\\\/2023\\\/05\\\/FB_IMG_1685547244427.jpg\",\"articleSection\":[\"Locales\"],\"inLanguage\":\"es\"},{\"@type\":\"WebPage\",\"@id\":\"https:\\\/\\\/fmpatagoniamadryn.com.ar\\\/?p=3023\",\"url\":\"https:\\\/\\\/fmpatagoniamadryn.com.ar\\\/?p=3023\",\"name\":\"Alumnos de la Escuela Polit\u00e9cnica se preparan para fabricar un auto el\u00e9ctrico - FM Patagonia Madryn\",\"isPartOf\":{\"@id\":\"https:\\\/\\\/fmpatagoniamadryn.com.ar\\\/#website\"},\"primaryImageOfPage\":{\"@id\":\"https:\\\/\\\/fmpatagoniamadryn.com.ar\\\/?p=3023#primaryimage\"},\"image\":{\"@id\":\"https:\\\/\\\/fmpatagoniamadryn.com.ar\\\/?p=3023#primaryimage\"},\"thumbnailUrl\":\"https:\\\/\\\/fmpatagoniamadryn.com.ar\\\/wp-content\\\/uploads\\\/2023\\\/05\\\/FB_IMG_1685547244427.jpg\",\"datePublished\":\"2023-05-31T15:34:23+00:00\",\"dateModified\":\"2023-05-31T15:34:34+00:00\",\"breadcrumb\":{\"@id\":\"https:\\\/\\\/fmpatagoniamadryn.com.ar\\\/?p=3023#breadcrumb\"},\"inLanguage\":\"es\",\"potentialAction\":[{\"@type\":\"ReadAction\",\"target\":[\"https:\\\/\\\/fmpatagoniamadryn.com.ar\\\/?p=3023\"]}]},{\"@type\":\"ImageObject\",\"inLanguage\":\"es\",\"@id\":\"https:\\\/\\\/fmpatagoniamadryn.com.ar\\\/?p=3023#primaryimage\",\"url\":\"https:\\\/\\\/fmpatagoniamadryn.com.ar\\\/wp-content\\\/uploads\\\/2023\\\/05\\\/FB_IMG_1685547244427.jpg\",\"contentUrl\":\"https:\\\/\\\/fmpatagoniamadryn.com.ar\\\/wp-content\\\/uploads\\\/2023\\\/05\\\/FB_IMG_1685547244427.jpg\",\"width\":614,\"height\":344},{\"@type\":\"BreadcrumbList\",\"@id\":\"https:\\\/\\\/fmpatagoniamadryn.com.ar\\\/?p=3023#breadcrumb\",\"itemListElement\":[{\"@type\":\"ListItem\",\"position\":1,\"name\":\"Portada\",\"item\":\"https:\\\/\\\/fmpatagoniamadryn.com.ar\\\/\"},{\"@type\":\"ListItem\",\"position\":2,\"name\":\"Alumnos de la Escuela Polit\u00e9cnica se preparan para fabricar un auto el\u00e9ctrico\"}]},{\"@type\":\"WebSite\",\"@id\":\"https:\\\/\\\/fmpatagoniamadryn.com.ar\\\/#website\",\"url\":\"https:\\\/\\\/fmpatagoniamadryn.com.ar\\\/\",\"name\":\"FM Patagonia Madryn\",\"description\":\"Radio Patagonia 105.5\",\"publisher\":{\"@id\":\"https:\\\/\\\/fmpatagoniamadryn.com.ar\\\/#organization\"},\"potentialAction\":[{\"@type\":\"SearchAction\",\"target\":{\"@type\":\"EntryPoint\",\"urlTemplate\":\"https:\\\/\\\/fmpatagoniamadryn.com.ar\\\/?s={search_term_string}\"},\"query-input\":{\"@type\":\"PropertyValueSpecification\",\"valueRequired\":true,\"valueName\":\"search_term_string\"}}],\"inLanguage\":\"es\"},{\"@type\":\"Organization\",\"@id\":\"https:\\\/\\\/fmpatagoniamadryn.com.ar\\\/#organization\",\"name\":\"FM Patagonia Madryn\",\"url\":\"https:\\\/\\\/fmpatagoniamadryn.com.ar\\\/\",\"logo\":{\"@type\":\"ImageObject\",\"inLanguage\":\"es\",\"@id\":\"https:\\\/\\\/fmpatagoniamadryn.com.ar\\\/#\\\/schema\\\/logo\\\/image\\\/\",\"url\":\"https:\\\/\\\/fmpatagoniamadryn.com.ar\\\/wp-content\\\/uploads\\\/2023\\\/01\\\/cropped-Diseno-sin-titulo.png\",\"contentUrl\":\"https:\\\/\\\/fmpatagoniamadryn.com.ar\\\/wp-content\\\/uploads\\\/2023\\\/01\\\/cropped-Diseno-sin-titulo.png\",\"width\":6911,\"height\":2657,\"caption\":\"FM Patagonia Madryn\"},\"image\":{\"@id\":\"https:\\\/\\\/fmpatagoniamadryn.com.ar\\\/#\\\/schema\\\/logo\\\/image\\\/\"}},{\"@type\":\"Person\",\"@id\":\"https:\\\/\\\/fmpatagoniamadryn.com.ar\\\/#\\\/schema\\\/person\\\/1d968ec613613768e14b4e6420a2b125\",\"name\":\"FM Patagonia\",\"url\":\"https:\\\/\\\/fmpatagoniamadryn.com.ar\\\/?author=3\"}]}<\/script>\n<!-- \/ Yoast SEO plugin. -->","yoast_head_json":{"title":"Alumnos de la Escuela Polit\u00e9cnica se preparan para fabricar un auto el\u00e9ctrico - FM Patagonia Madryn","robots":{"index":"index","follow":"follow","max-snippet":"max-snippet:-1","max-image-preview":"max-image-preview:large","max-video-preview":"max-video-preview:-1"},"canonical":"https:\/\/fmpatagoniamadryn.com.ar\/?p=3023","og_locale":"es_ES","og_type":"article","og_title":"Alumnos de la Escuela Polit\u00e9cnica se preparan para fabricar un auto el\u00e9ctrico - FM Patagonia Madryn","og_description":"Un grupo de alumnos de la Escuela Polit\u00e9cnica participar\u00e1n del desaf\u00edo YPF, una competencia nacional en la que tendr\u00e1n que fabricar un auto el\u00e9ctrico. La misma se realizar\u00e1 el 4&hellip;","og_url":"https:\/\/fmpatagoniamadryn.com.ar\/?p=3023","og_site_name":"FM Patagonia Madryn","article_published_time":"2023-05-31T15:34:23+00:00","article_modified_time":"2023-05-31T15:34:34+00:00","og_image":[{"width":614,"height":344,"url":"https:\/\/fmpatagoniamadryn.com.ar\/wp-content\/uploads\/2023\/05\/FB_IMG_1685547244427.jpg","type":"image\/jpeg"}],"author":"FM Patagonia","twitter_card":"summary_large_image","twitter_misc":{"Escrito por":"FM Patagonia","Tiempo de lectura":"2 minutos"},"schema":{"@context":"https:\/\/schema.org","@graph":[{"@type":"Article","@id":"https:\/\/fmpatagoniamadryn.com.ar\/?p=3023#article","isPartOf":{"@id":"https:\/\/fmpatagoniamadryn.com.ar\/?p=3023"},"author":{"name":"FM Patagonia","@id":"https:\/\/fmpatagoniamadryn.com.ar\/#\/schema\/person\/1d968ec613613768e14b4e6420a2b125"},"headline":"Alumnos de la Escuela Polit\u00e9cnica se preparan para fabricar un auto el\u00e9ctrico","datePublished":"2023-05-31T15:34:23+00:00","dateModified":"2023-05-31T15:34:34+00:00","mainEntityOfPage":{"@id":"https:\/\/fmpatagoniamadryn.com.ar\/?p=3023"},"wordCount":402,"publisher":{"@id":"https:\/\/fmpatagoniamadryn.com.ar\/#organization"},"image":{"@id":"https:\/\/fmpatagoniamadryn.com.ar\/?p=3023#primaryimage"},"thumbnailUrl":"https:\/\/fmpatagoniamadryn.com.ar\/wp-content\/uploads\/2023\/05\/FB_IMG_1685547244427.jpg","articleSection":["Locales"],"inLanguage":"es"},{"@type":"WebPage","@id":"https:\/\/fmpatagoniamadryn.com.ar\/?p=3023","url":"https:\/\/fmpatagoniamadryn.com.ar\/?p=3023","name":"Alumnos de la Escuela Polit\u00e9cnica se preparan para fabricar un auto el\u00e9ctrico - FM Patagonia Madryn","isPartOf":{"@id":"https:\/\/fmpatagoniamadryn.com.ar\/#website"},"primaryImageOfPage":{"@id":"https:\/\/fmpatagoniamadryn.com.ar\/?p=3023#primaryimage"},"image":{"@id":"https:\/\/fmpatagoniamadryn.com.ar\/?p=3023#primaryimage"},"thumbnailUrl":"https:\/\/fmpatagoniamadryn.com.ar\/wp-content\/uploads\/2023\/05\/FB_IMG_1685547244427.jpg","datePublished":"2023-05-31T15:34:23+00:00","dateModified":"2023-05-31T15:34:34+00:00","breadcrumb":{"@id":"https:\/\/fmpatagoniamadryn.com.ar\/?p=3023#breadcrumb"},"inLanguage":"es","potentialAction":[{"@type":"ReadAction","target":["https:\/\/fmpatagoniamadryn.com.ar\/?p=3023"]}]},{"@type":"ImageObject","inLanguage":"es","@id":"https:\/\/fmpatagoniamadryn.com.ar\/?p=3023#primaryimage","url":"https:\/\/fmpatagoniamadryn.com.ar\/wp-content\/uploads\/2023\/05\/FB_IMG_1685547244427.jpg","contentUrl":"https:\/\/fmpatagoniamadryn.com.ar\/wp-content\/uploads\/2023\/05\/FB_IMG_1685547244427.jpg","width":614,"height":344},{"@type":"BreadcrumbList","@id":"https:\/\/fmpatagoniamadryn.com.ar\/?p=3023#breadcrumb","itemListElement":[{"@type":"ListItem","position":1,"name":"Portada","item":"https:\/\/fmpatagoniamadryn.com.ar\/"},{"@type":"ListItem","position":2,"name":"Alumnos de la Escuela Polit\u00e9cnica se preparan para fabricar un auto el\u00e9ctrico"}]},{"@type":"WebSite","@id":"https:\/\/fmpatagoniamadryn.com.ar\/#website","url":"https:\/\/fmpatagoniamadryn.com.ar\/","name":"FM Patagonia Madryn","description":"Radio Patagonia 105.5","publisher":{"@id":"https:\/\/fmpatagoniamadryn.com.ar\/#organization"},"potentialAction":[{"@type":"SearchAction","target":{"@type":"EntryPoint","urlTemplate":"https:\/\/fmpatagoniamadryn.com.ar\/?s={search_term_string}"},"query-input":{"@type":"PropertyValueSpecification","valueRequired":true,"valueName":"search_term_string"}}],"inLanguage":"es"},{"@type":"Organization","@id":"https:\/\/fmpatagoniamadryn.com.ar\/#organization","name":"FM Patagonia Madryn","url":"https:\/\/fmpatagoniamadryn.com.ar\/","logo":{"@type":"ImageObject","inLanguage":"es","@id":"https:\/\/fmpatagoniamadryn.com.ar\/#\/schema\/logo\/image\/","url":"https:\/\/fmpatagoniamadryn.com.ar\/wp-content\/uploads\/2023\/01\/cropped-Diseno-sin-titulo.png","contentUrl":"https:\/\/fmpatagoniamadryn.com.ar\/wp-content\/uploads\/2023\/01\/cropped-Diseno-sin-titulo.png","width":6911,"height":2657,"caption":"FM Patagonia Madryn"},"image":{"@id":"https:\/\/fmpatagoniamadryn.com.ar\/#\/schema\/logo\/image\/"}},{"@type":"Person","@id":"https:\/\/fmpatagoniamadryn.com.ar\/#\/schema\/person\/1d968ec613613768e14b4e6420a2b125","name":"FM Patagonia","url":"https:\/\/fmpatagoniamadryn.com.ar\/?author=3"}]}},"jetpack_featured_media_url":"https:\/\/fmpatagoniamadryn.com.ar\/wp-content\/uploads\/2023\/05\/FB_IMG_1685547244427.jpg","_links":{"self":[{"href":"https:\/\/fmpatagoniamadryn.com.ar\/index.php?rest_route=\/wp\/v2\/posts\/3023","targetHints":{"allow":["GET"]}}],"collection":[{"href":"https:\/\/fmpatagoniamadryn.com.ar\/index.php?rest_route=\/wp\/v2\/posts"}],"about":[{"href":"https:\/\/fmpatagoniamadryn.com.ar\/index.php?rest_route=\/wp\/v2\/types\/post"}],"author":[{"embeddable":true,"href":"https:\/\/fmpatagoniamadryn.com.ar\/index.php?rest_route=\/wp\/v2\/users\/3"}],"replies":[{"embeddable":true,"href":"https:\/\/fmpatagoniamadryn.com.ar\/index.php?rest_route=%2Fwp%2Fv2%2Fcomments&post=3023"}],"version-history":[{"count":1,"href":"https:\/\/fmpatagoniamadryn.com.ar\/index.php?rest_route=\/wp\/v2\/posts\/3023\/revisions"}],"predecessor-version":[{"id":3024,"href":"https:\/\/fmpatagoniamadryn.com.ar\/index.php?rest_route=\/wp\/v2\/posts\/3023\/revisions\/3024"}],"wp:featuredmedia":[{"embeddable":true,"href":"https:\/\/fmpatagoniamadryn.com.ar\/index.php?rest_route=\/wp\/v2\/media\/3022"}],"wp:attachment":[{"href":"https:\/\/fmpatagoniamadryn.com.ar\/index.php?rest_route=%2Fwp%2Fv2%2Fmedia&parent=3023"}],"wp:term":[{"taxonomy":"category","embeddable":true,"href":"https:\/\/fmpatagoniamadryn.com.ar\/index.php?rest_route=%2Fwp%2Fv2%2Fcategories&post=3023"},{"taxonomy":"post_tag","embeddable":true,"href":"https:\/\/fmpatagoniamadryn.com.ar\/index.php?rest_route=%2Fwp%2Fv2%2Ftags&post=3023"}],"curies":[{"name":"wp","href":"https:\/\/api.w.org\/{rel}","templated":true}]}}