{"id":309,"date":"2023-02-26T14:23:09","date_gmt":"2023-02-26T17:23:09","guid":{"rendered":"https:\/\/fmpatagoniamadryn.com.ar\/?p=309"},"modified":"2023-02-26T14:23:32","modified_gmt":"2023-02-26T17:23:32","slug":"el-gobierno-del-chubut-acompano-el-aniversario-de-28-de-julio","status":"publish","type":"post","link":"https:\/\/fmpatagoniamadryn.com.ar\/?p=309","title":{"rendered":"El Gobierno del Chubut acompa\u00f1\u00f3 el aniversario de 28 de Julio"},"content":{"rendered":"\n<p><em>En la oportunidad, se rubric\u00f3 un acta compromiso para la futura licitaci\u00f3n de 22 viviendas en la localidad, red el\u00e9ctrica y alumbrado p\u00fablico.<\/em><\/p>\n\n\n\n<p>Funcionarios del Gobierno del Chubut, acompa\u00f1aron este s\u00e1bado el acto oficial por la celebraci\u00f3n del 88\u00b0 aniversario de 28 de Julio. En ese marco, se firm\u00f3 un acta compromiso para la Licitaci\u00f3n P\u00fablica de 22 viviendas en la localidad, obras de red el\u00e9ctrica y alumbrado p\u00fablico.<\/p>\n\n\n\n<p>Participaron junto a la intendenta anfitriona, Adriana Ag\u00fcero, la gerenta General, a cargo de la Presidencia del Instituto Provincial de la Vivienda y Desarrollo Urbano, Ivana Papaianni, los subsecretarios de Servicios P\u00fablicos, Sebasti\u00e1n De la Vallina; de Cultura, Carla Olivet; de Pol\u00edticas Sociales, Nancy Lacoste, y de Obras Municipales, Sergio Ram\u00f3n, los intendentes de Rawson, Dami\u00e1n Biss; de Gaiman, Dar\u00edo James, fuerzas armadas y de seguridad, concejales, vecinos e invitados especiales.<\/p>\n\n\n\n<p>Tras la entonaci\u00f3n del Himno Nacional, interpretado por la Banda de M\u00fasica de la Polic\u00eda provincial, se entregaron reconocimiento a vecinos y trabajadores municipales. Adem\u00e1s, desde la Comisi\u00f3n de Fomento Rural de 28 de Julio, se hizo entrega al director de la Bandade M\u00fasica de la Polic\u00eda, Dar\u00edo Quintraman de dos flautas traversas.<\/p>\n\n\n\n<p>Seguidamente, se rubric\u00f3 un acta compromiso a trav\u00e9s del Instituto Provincial de la Vivienda y Desarrollo Urbano para el llamado a Licitaci\u00f3n P\u00fablica para la ejecuci\u00f3n de la obra: \u201cProyecto y Construcci\u00f3n de 22 Viviendas, Obras Complementarias e Infraestructura en la Localidad de 28 de Julio\u201d.<\/p>\n\n\n\n<p>Adem\u00e1s, incluye el proyecto y ejecuci\u00f3n de las obras necesarias de red el\u00e9ctrica y alumbrado p\u00fablico a cargo de la Subsecretar\u00eda de Servicios P\u00fablicos de la Provincia.<\/p>\n\n\n\n<p><strong>Inauguraciones<\/strong><\/p>\n\n\n\n<p>Previo al acto oficial, las autoridades se trasladaron a la oficina administrativa y dep\u00f3sito del Matadero Municipal para dejar inauguradas sus instalaciones. Seguidamente, hicieron lo propio con la obra de ampliaci\u00f3n de la Direcci\u00f3n de Desarrollo Social Municipal<\/p>\n","protected":false},"excerpt":{"rendered":"<p>En la oportunidad, se rubric\u00f3 un acta compromiso para la futura licitaci\u00f3n de 22 viviendas en la localidad, red el\u00e9ctrica y alumbrado p\u00fablico. Funcionarios del Gobierno del Chubut, acompa\u00f1aron este&hellip; <\/p>\n","protected":false},"author":2,"featured_media":308,"comment_status":"closed","ping_status":"closed","sticky":false,"template":"","format":"standard","meta":{"footnotes":""},"categories":[14],"tags":[],"class_list":["post-309","post","type-post","status-publish","format-standard","has-post-thumbnail","hentry","category-provinciales"],"yoast_head":"<!-- This site is optimized with the Yoast SEO plugin v27.5 - https:\/\/yoast.com\/product\/yoast-seo-wordpress\/ -->\n<title>El Gobierno del Chubut acompa\u00f1\u00f3 el aniversario de 28 de Julio - FM Patagonia Madryn<\/title>\n<meta name=\"robots\" content=\"index, follow, max-snippet:-1, max-image-preview:large, max-video-preview:-1\" \/>\n<link rel=\"canonical\" href=\"https:\/\/fmpatagoniamadryn.com.ar\/?p=309\" \/>\n<meta property=\"og:locale\" content=\"es_ES\" \/>\n<meta property=\"og:type\" content=\"article\" \/>\n<meta property=\"og:title\" content=\"El Gobierno del Chubut acompa\u00f1\u00f3 el aniversario de 28 de Julio - FM Patagonia Madryn\" \/>\n<meta property=\"og:description\" content=\"En la oportunidad, se rubric\u00f3 un acta compromiso para la futura licitaci\u00f3n de 22 viviendas en la localidad, red el\u00e9ctrica y alumbrado p\u00fablico. Funcionarios del Gobierno del Chubut, acompa\u00f1aron este&hellip;\" \/>\n<meta property=\"og:url\" content=\"https:\/\/fmpatagoniamadryn.com.ar\/?p=309\" \/>\n<meta property=\"og:site_name\" content=\"FM Patagonia Madryn\" \/>\n<meta property=\"article:published_time\" content=\"2023-02-26T17:23:09+00:00\" \/>\n<meta property=\"article:modified_time\" content=\"2023-02-26T17:23:32+00:00\" \/>\n<meta property=\"og:image\" content=\"https:\/\/fmpatagoniamadryn.com.ar\/wp-content\/uploads\/2023\/02\/El-Gobierno-del-Chubut-acompano-el-aniversario-de-28-de-Julio-2.jpeg\" \/>\n\t<meta property=\"og:image:width\" content=\"1280\" \/>\n\t<meta property=\"og:image:height\" content=\"720\" \/>\n\t<meta property=\"og:image:type\" content=\"image\/jpeg\" \/>\n<meta name=\"author\" content=\"FM Patagonia\" \/>\n<meta name=\"twitter:card\" content=\"summary_large_image\" \/>\n<meta name=\"twitter:label1\" content=\"Escrito por\" \/>\n\t<meta name=\"twitter:data1\" content=\"FM Patagonia\" \/>\n\t<meta name=\"twitter:label2\" content=\"Tiempo de lectura\" \/>\n\t<meta name=\"twitter:data2\" content=\"2 minutos\" \/>\n<script type=\"application\/ld+json\" class=\"yoast-schema-graph\">{\"@context\":\"https:\\\/\\\/schema.org\",\"@graph\":[{\"@type\":\"Article\",\"@id\":\"https:\\\/\\\/fmpatagoniamadryn.com.ar\\\/?p=309#article\",\"isPartOf\":{\"@id\":\"https:\\\/\\\/fmpatagoniamadryn.com.ar\\\/?p=309\"},\"author\":{\"name\":\"FM Patagonia\",\"@id\":\"https:\\\/\\\/fmpatagoniamadryn.com.ar\\\/#\\\/schema\\\/person\\\/8a3de4ad7efceacab06c1641c50303b7\"},\"headline\":\"El Gobierno del Chubut acompa\u00f1\u00f3 el aniversario de 28 de Julio\",\"datePublished\":\"2023-02-26T17:23:09+00:00\",\"dateModified\":\"2023-02-26T17:23:32+00:00\",\"mainEntityOfPage\":{\"@id\":\"https:\\\/\\\/fmpatagoniamadryn.com.ar\\\/?p=309\"},\"wordCount\":347,\"publisher\":{\"@id\":\"https:\\\/\\\/fmpatagoniamadryn.com.ar\\\/#organization\"},\"image\":{\"@id\":\"https:\\\/\\\/fmpatagoniamadryn.com.ar\\\/?p=309#primaryimage\"},\"thumbnailUrl\":\"https:\\\/\\\/fmpatagoniamadryn.com.ar\\\/wp-content\\\/uploads\\\/2023\\\/02\\\/El-Gobierno-del-Chubut-acompano-el-aniversario-de-28-de-Julio-2.jpeg\",\"articleSection\":[\"Provinciales\"],\"inLanguage\":\"es\"},{\"@type\":\"WebPage\",\"@id\":\"https:\\\/\\\/fmpatagoniamadryn.com.ar\\\/?p=309\",\"url\":\"https:\\\/\\\/fmpatagoniamadryn.com.ar\\\/?p=309\",\"name\":\"El Gobierno del Chubut acompa\u00f1\u00f3 el aniversario de 28 de Julio - FM Patagonia Madryn\",\"isPartOf\":{\"@id\":\"https:\\\/\\\/fmpatagoniamadryn.com.ar\\\/#website\"},\"primaryImageOfPage\":{\"@id\":\"https:\\\/\\\/fmpatagoniamadryn.com.ar\\\/?p=309#primaryimage\"},\"image\":{\"@id\":\"https:\\\/\\\/fmpatagoniamadryn.com.ar\\\/?p=309#primaryimage\"},\"thumbnailUrl\":\"https:\\\/\\\/fmpatagoniamadryn.com.ar\\\/wp-content\\\/uploads\\\/2023\\\/02\\\/El-Gobierno-del-Chubut-acompano-el-aniversario-de-28-de-Julio-2.jpeg\",\"datePublished\":\"2023-02-26T17:23:09+00:00\",\"dateModified\":\"2023-02-26T17:23:32+00:00\",\"breadcrumb\":{\"@id\":\"https:\\\/\\\/fmpatagoniamadryn.com.ar\\\/?p=309#breadcrumb\"},\"inLanguage\":\"es\",\"potentialAction\":[{\"@type\":\"ReadAction\",\"target\":[\"https:\\\/\\\/fmpatagoniamadryn.com.ar\\\/?p=309\"]}]},{\"@type\":\"ImageObject\",\"inLanguage\":\"es\",\"@id\":\"https:\\\/\\\/fmpatagoniamadryn.com.ar\\\/?p=309#primaryimage\",\"url\":\"https:\\\/\\\/fmpatagoniamadryn.com.ar\\\/wp-content\\\/uploads\\\/2023\\\/02\\\/El-Gobierno-del-Chubut-acompano-el-aniversario-de-28-de-Julio-2.jpeg\",\"contentUrl\":\"https:\\\/\\\/fmpatagoniamadryn.com.ar\\\/wp-content\\\/uploads\\\/2023\\\/02\\\/El-Gobierno-del-Chubut-acompano-el-aniversario-de-28-de-Julio-2.jpeg\",\"width\":1280,\"height\":720},{\"@type\":\"BreadcrumbList\",\"@id\":\"https:\\\/\\\/fmpatagoniamadryn.com.ar\\\/?p=309#breadcrumb\",\"itemListElement\":[{\"@type\":\"ListItem\",\"position\":1,\"name\":\"Portada\",\"item\":\"https:\\\/\\\/fmpatagoniamadryn.com.ar\\\/\"},{\"@type\":\"ListItem\",\"position\":2,\"name\":\"El Gobierno del Chubut acompa\u00f1\u00f3 el aniversario de 28 de Julio\"}]},{\"@type\":\"WebSite\",\"@id\":\"https:\\\/\\\/fmpatagoniamadryn.com.ar\\\/#website\",\"url\":\"https:\\\/\\\/fmpatagoniamadryn.com.ar\\\/\",\"name\":\"FM Patagonia Madryn\",\"description\":\"Radio Patagonia 105.5\",\"publisher\":{\"@id\":\"https:\\\/\\\/fmpatagoniamadryn.com.ar\\\/#organization\"},\"potentialAction\":[{\"@type\":\"SearchAction\",\"target\":{\"@type\":\"EntryPoint\",\"urlTemplate\":\"https:\\\/\\\/fmpatagoniamadryn.com.ar\\\/?s={search_term_string}\"},\"query-input\":{\"@type\":\"PropertyValueSpecification\",\"valueRequired\":true,\"valueName\":\"search_term_string\"}}],\"inLanguage\":\"es\"},{\"@type\":\"Organization\",\"@id\":\"https:\\\/\\\/fmpatagoniamadryn.com.ar\\\/#organization\",\"name\":\"FM Patagonia Madryn\",\"url\":\"https:\\\/\\\/fmpatagoniamadryn.com.ar\\\/\",\"logo\":{\"@type\":\"ImageObject\",\"inLanguage\":\"es\",\"@id\":\"https:\\\/\\\/fmpatagoniamadryn.com.ar\\\/#\\\/schema\\\/logo\\\/image\\\/\",\"url\":\"https:\\\/\\\/fmpatagoniamadryn.com.ar\\\/wp-content\\\/uploads\\\/2023\\\/01\\\/cropped-Diseno-sin-titulo.png\",\"contentUrl\":\"https:\\\/\\\/fmpatagoniamadryn.com.ar\\\/wp-content\\\/uploads\\\/2023\\\/01\\\/cropped-Diseno-sin-titulo.png\",\"width\":6911,\"height\":2657,\"caption\":\"FM Patagonia Madryn\"},\"image\":{\"@id\":\"https:\\\/\\\/fmpatagoniamadryn.com.ar\\\/#\\\/schema\\\/logo\\\/image\\\/\"}},{\"@type\":\"Person\",\"@id\":\"https:\\\/\\\/fmpatagoniamadryn.com.ar\\\/#\\\/schema\\\/person\\\/8a3de4ad7efceacab06c1641c50303b7\",\"name\":\"FM Patagonia\",\"url\":\"https:\\\/\\\/fmpatagoniamadryn.com.ar\\\/?author=2\"}]}<\/script>\n<!-- \/ Yoast SEO plugin. -->","yoast_head_json":{"title":"El Gobierno del Chubut acompa\u00f1\u00f3 el aniversario de 28 de Julio - FM Patagonia Madryn","robots":{"index":"index","follow":"follow","max-snippet":"max-snippet:-1","max-image-preview":"max-image-preview:large","max-video-preview":"max-video-preview:-1"},"canonical":"https:\/\/fmpatagoniamadryn.com.ar\/?p=309","og_locale":"es_ES","og_type":"article","og_title":"El Gobierno del Chubut acompa\u00f1\u00f3 el aniversario de 28 de Julio - FM Patagonia Madryn","og_description":"En la oportunidad, se rubric\u00f3 un acta compromiso para la futura licitaci\u00f3n de 22 viviendas en la localidad, red el\u00e9ctrica y alumbrado p\u00fablico. Funcionarios del Gobierno del Chubut, acompa\u00f1aron este&hellip;","og_url":"https:\/\/fmpatagoniamadryn.com.ar\/?p=309","og_site_name":"FM Patagonia Madryn","article_published_time":"2023-02-26T17:23:09+00:00","article_modified_time":"2023-02-26T17:23:32+00:00","og_image":[{"width":1280,"height":720,"url":"https:\/\/fmpatagoniamadryn.com.ar\/wp-content\/uploads\/2023\/02\/El-Gobierno-del-Chubut-acompano-el-aniversario-de-28-de-Julio-2.jpeg","type":"image\/jpeg"}],"author":"FM Patagonia","twitter_card":"summary_large_image","twitter_misc":{"Escrito por":"FM Patagonia","Tiempo de lectura":"2 minutos"},"schema":{"@context":"https:\/\/schema.org","@graph":[{"@type":"Article","@id":"https:\/\/fmpatagoniamadryn.com.ar\/?p=309#article","isPartOf":{"@id":"https:\/\/fmpatagoniamadryn.com.ar\/?p=309"},"author":{"name":"FM Patagonia","@id":"https:\/\/fmpatagoniamadryn.com.ar\/#\/schema\/person\/8a3de4ad7efceacab06c1641c50303b7"},"headline":"El Gobierno del Chubut acompa\u00f1\u00f3 el aniversario de 28 de Julio","datePublished":"2023-02-26T17:23:09+00:00","dateModified":"2023-02-26T17:23:32+00:00","mainEntityOfPage":{"@id":"https:\/\/fmpatagoniamadryn.com.ar\/?p=309"},"wordCount":347,"publisher":{"@id":"https:\/\/fmpatagoniamadryn.com.ar\/#organization"},"image":{"@id":"https:\/\/fmpatagoniamadryn.com.ar\/?p=309#primaryimage"},"thumbnailUrl":"https:\/\/fmpatagoniamadryn.com.ar\/wp-content\/uploads\/2023\/02\/El-Gobierno-del-Chubut-acompano-el-aniversario-de-28-de-Julio-2.jpeg","articleSection":["Provinciales"],"inLanguage":"es"},{"@type":"WebPage","@id":"https:\/\/fmpatagoniamadryn.com.ar\/?p=309","url":"https:\/\/fmpatagoniamadryn.com.ar\/?p=309","name":"El Gobierno del Chubut acompa\u00f1\u00f3 el aniversario de 28 de Julio - FM Patagonia Madryn","isPartOf":{"@id":"https:\/\/fmpatagoniamadryn.com.ar\/#website"},"primaryImageOfPage":{"@id":"https:\/\/fmpatagoniamadryn.com.ar\/?p=309#primaryimage"},"image":{"@id":"https:\/\/fmpatagoniamadryn.com.ar\/?p=309#primaryimage"},"thumbnailUrl":"https:\/\/fmpatagoniamadryn.com.ar\/wp-content\/uploads\/2023\/02\/El-Gobierno-del-Chubut-acompano-el-aniversario-de-28-de-Julio-2.jpeg","datePublished":"2023-02-26T17:23:09+00:00","dateModified":"2023-02-26T17:23:32+00:00","breadcrumb":{"@id":"https:\/\/fmpatagoniamadryn.com.ar\/?p=309#breadcrumb"},"inLanguage":"es","potentialAction":[{"@type":"ReadAction","target":["https:\/\/fmpatagoniamadryn.com.ar\/?p=309"]}]},{"@type":"ImageObject","inLanguage":"es","@id":"https:\/\/fmpatagoniamadryn.com.ar\/?p=309#primaryimage","url":"https:\/\/fmpatagoniamadryn.com.ar\/wp-content\/uploads\/2023\/02\/El-Gobierno-del-Chubut-acompano-el-aniversario-de-28-de-Julio-2.jpeg","contentUrl":"https:\/\/fmpatagoniamadryn.com.ar\/wp-content\/uploads\/2023\/02\/El-Gobierno-del-Chubut-acompano-el-aniversario-de-28-de-Julio-2.jpeg","width":1280,"height":720},{"@type":"BreadcrumbList","@id":"https:\/\/fmpatagoniamadryn.com.ar\/?p=309#breadcrumb","itemListElement":[{"@type":"ListItem","position":1,"name":"Portada","item":"https:\/\/fmpatagoniamadryn.com.ar\/"},{"@type":"ListItem","position":2,"name":"El Gobierno del Chubut acompa\u00f1\u00f3 el aniversario de 28 de Julio"}]},{"@type":"WebSite","@id":"https:\/\/fmpatagoniamadryn.com.ar\/#website","url":"https:\/\/fmpatagoniamadryn.com.ar\/","name":"FM Patagonia Madryn","description":"Radio Patagonia 105.5","publisher":{"@id":"https:\/\/fmpatagoniamadryn.com.ar\/#organization"},"potentialAction":[{"@type":"SearchAction","target":{"@type":"EntryPoint","urlTemplate":"https:\/\/fmpatagoniamadryn.com.ar\/?s={search_term_string}"},"query-input":{"@type":"PropertyValueSpecification","valueRequired":true,"valueName":"search_term_string"}}],"inLanguage":"es"},{"@type":"Organization","@id":"https:\/\/fmpatagoniamadryn.com.ar\/#organization","name":"FM Patagonia Madryn","url":"https:\/\/fmpatagoniamadryn.com.ar\/","logo":{"@type":"ImageObject","inLanguage":"es","@id":"https:\/\/fmpatagoniamadryn.com.ar\/#\/schema\/logo\/image\/","url":"https:\/\/fmpatagoniamadryn.com.ar\/wp-content\/uploads\/2023\/01\/cropped-Diseno-sin-titulo.png","contentUrl":"https:\/\/fmpatagoniamadryn.com.ar\/wp-content\/uploads\/2023\/01\/cropped-Diseno-sin-titulo.png","width":6911,"height":2657,"caption":"FM Patagonia Madryn"},"image":{"@id":"https:\/\/fmpatagoniamadryn.com.ar\/#\/schema\/logo\/image\/"}},{"@type":"Person","@id":"https:\/\/fmpatagoniamadryn.com.ar\/#\/schema\/person\/8a3de4ad7efceacab06c1641c50303b7","name":"FM Patagonia","url":"https:\/\/fmpatagoniamadryn.com.ar\/?author=2"}]}},"jetpack_featured_media_url":"https:\/\/fmpatagoniamadryn.com.ar\/wp-content\/uploads\/2023\/02\/El-Gobierno-del-Chubut-acompano-el-aniversario-de-28-de-Julio-2.jpeg","_links":{"self":[{"href":"https:\/\/fmpatagoniamadryn.com.ar\/index.php?rest_route=\/wp\/v2\/posts\/309","targetHints":{"allow":["GET"]}}],"collection":[{"href":"https:\/\/fmpatagoniamadryn.com.ar\/index.php?rest_route=\/wp\/v2\/posts"}],"about":[{"href":"https:\/\/fmpatagoniamadryn.com.ar\/index.php?rest_route=\/wp\/v2\/types\/post"}],"author":[{"embeddable":true,"href":"https:\/\/fmpatagoniamadryn.com.ar\/index.php?rest_route=\/wp\/v2\/users\/2"}],"replies":[{"embeddable":true,"href":"https:\/\/fmpatagoniamadryn.com.ar\/index.php?rest_route=%2Fwp%2Fv2%2Fcomments&post=309"}],"version-history":[{"count":1,"href":"https:\/\/fmpatagoniamadryn.com.ar\/index.php?rest_route=\/wp\/v2\/posts\/309\/revisions"}],"predecessor-version":[{"id":310,"href":"https:\/\/fmpatagoniamadryn.com.ar\/index.php?rest_route=\/wp\/v2\/posts\/309\/revisions\/310"}],"wp:featuredmedia":[{"embeddable":true,"href":"https:\/\/fmpatagoniamadryn.com.ar\/index.php?rest_route=\/wp\/v2\/media\/308"}],"wp:attachment":[{"href":"https:\/\/fmpatagoniamadryn.com.ar\/index.php?rest_route=%2Fwp%2Fv2%2Fmedia&parent=309"}],"wp:term":[{"taxonomy":"category","embeddable":true,"href":"https:\/\/fmpatagoniamadryn.com.ar\/index.php?rest_route=%2Fwp%2Fv2%2Fcategories&post=309"},{"taxonomy":"post_tag","embeddable":true,"href":"https:\/\/fmpatagoniamadryn.com.ar\/index.php?rest_route=%2Fwp%2Fv2%2Ftags&post=309"}],"curies":[{"name":"wp","href":"https:\/\/api.w.org\/{rel}","templated":true}]}}