{"id":331,"date":"2023-02-27T01:37:46","date_gmt":"2023-02-27T04:37:46","guid":{"rendered":"https:\/\/fmpatagoniamadryn.com.ar\/?p=331"},"modified":"2023-02-27T01:37:49","modified_gmt":"2023-02-27T04:37:49","slug":"alberto-fernandez-mas-universidades-mas-igualdad-de-oportunidades","status":"publish","type":"post","link":"https:\/\/fmpatagoniamadryn.com.ar\/?p=331","title":{"rendered":"Alberto Fern\u00e1ndez: \u00abM\u00e1s universidades, m\u00e1s igualdad de oportunidades\u00bb &#8211;"},"content":{"rendered":"\n<p>As\u00ed se expres\u00f3 el Presidente en redes sociales, tras la inauguraci\u00f3n\u00a0de seis obras de infraestructura que se pusieron en marcha en el marco de la Semana de las Universidades.<\/p>\n\n\n\n<p>El presidente&nbsp;<strong>Alberto Fern\u00e1ndez<\/strong>&nbsp;destac\u00f3 este domingo la inauguraci\u00f3n de seis obras de infraestructura que se pusieron en marcha en el marco de la&nbsp;<strong>Semana de las Universidades<\/strong>&nbsp;y destac\u00f3 la importancia de dar \u00abigualdad de oportunidades\u00bb a trav\u00e9s de la educaci\u00f3n.<\/p>\n\n\n\n<p><strong>\u00abM\u00e1s universidades, m\u00e1s igualdad de oportunidades\u00bb<\/strong>, afirm\u00f3 el Presidente en un tuit que public\u00f3 junto a un video donde recorre la inauguraci\u00f3n de \u00abseis obras de las 167 del Programa Nacional de Infraestructura Universitaria que llevamos adelante en todo el pa\u00eds\u00bb.<\/p>\n\n\n\n<p>Fern\u00e1ndez inaugur\u00f3 obras en las universidades nacionales&nbsp;<a href=\"https:\/\/www.telam.com.ar\/notas\/202302\/620188-alberto-fernandez-ciencias-de-la-salud-de-la-universidad-nacional-arturo-jauretche.html\" target=\"_blank\" rel=\"noreferrer noopener\">Arturo Jauretche<\/a>&nbsp;y de San Mart\u00edn, ambas en provincia de Buenos Aires; de Misiones;&nbsp;<a href=\"https:\/\/www.telam.com.ar\/notas\/202302\/620783-alberto-fernandez-universidad-nacional-tierra-del-fuego-edificio-inauguracion.html\" target=\"_blank\" rel=\"noreferrer noopener\">de Tierra del Fuego, Ant\u00e1rtida e Islas del Atl\u00e1ntico Sur<\/a>; y de Los C\u00f3mechingones, en San Luis.<\/p>\n\n\n\n<p><strong>\u00abEstamos acercando la educaci\u00f3n p\u00fablica al pueblo\u00bb<\/strong>, dijo y repas\u00f3 fragmentos de sus discursos inaugurales, en los que asegur\u00f3: \u00abCuantas m\u00e1s universidades florezcan, m\u00e1s igualdad vamos a poner en la Argentina, porque lo que vamos a estar haciendo es acercando la educaci\u00f3n a cada habitante\u00bb.<\/p>\n\n\n\n<p>El mandatario<strong>&nbsp;apunt\u00f3 contra quienes \u00abhablan de meritocracia\u00bb, ya que \u00abpara que el m\u00e9rito tenga sentido hay que dar igualdad de oportunidades, si no el m\u00e9rito no es lo mismo\u00bb.<\/strong><\/p>\n\n\n\n<p>\u00abDar igualdad de oportunidades es lo que hace falta\u00bb, subray\u00f3 y a\u00f1adi\u00f3: \u00abPara que haya igualdad de oportunidades, necesitamos que proliferen muchas escuelas, muchos colegios, mucho la educaci\u00f3n t\u00e9cnica, mucho la ciencia, mucho la universidad\u00bb.<\/p>\n\n\n\n<p>\u00abNosotros estamos desarrollando&nbsp;<strong>167 obras en todas las universidades del pa\u00eds<\/strong>\u00ab, detall\u00f3 el jefe de Estado.<\/p>\n\n\n\n<p>Fern\u00e1ndez asever\u00f3 que \u00abhay una campa\u00f1a permanente de convencernos que somos un pueblo de cuarta, que no tenemos futuro, que los hijos de los obreros no pueden estudiar, que la pobreza lleg\u00f3 y no hay soluci\u00f3n\u00bb.<\/p>\n\n\n\n<p>\u00abYo creo que tenemos un pueblo maravilloso. Creo que tenemos un pa\u00eds increible. Por una Argentina a la cabeza del mundo en la cabeza de todos los argentinos\u00bb, finaliz\u00f3.<\/p>\n\n\n\n<p>Fuente TELAM<\/p>\n","protected":false},"excerpt":{"rendered":"<p>As\u00ed se expres\u00f3 el Presidente en redes sociales, tras la inauguraci\u00f3n\u00a0de seis obras de infraestructura que se pusieron en marcha en el marco de la Semana de las Universidades. El&hellip; <\/p>\n","protected":false},"author":2,"featured_media":330,"comment_status":"closed","ping_status":"closed","sticky":false,"template":"","format":"standard","meta":{"footnotes":""},"categories":[13],"tags":[],"class_list":["post-331","post","type-post","status-publish","format-standard","has-post-thumbnail","hentry","category-nacionales"],"yoast_head":"<!-- This site is optimized with the Yoast SEO plugin v27.5 - https:\/\/yoast.com\/product\/yoast-seo-wordpress\/ -->\n<title>Alberto Fern\u00e1ndez: &quot;M\u00e1s universidades, m\u00e1s igualdad de oportunidades&quot; - FM Patagonia Madryn<\/title>\n<meta name=\"robots\" content=\"index, follow, max-snippet:-1, max-image-preview:large, max-video-preview:-1\" \/>\n<link rel=\"canonical\" href=\"https:\/\/fmpatagoniamadryn.com.ar\/?p=331\" \/>\n<meta property=\"og:locale\" content=\"es_ES\" \/>\n<meta property=\"og:type\" content=\"article\" \/>\n<meta property=\"og:title\" content=\"Alberto Fern\u00e1ndez: &quot;M\u00e1s universidades, m\u00e1s igualdad de oportunidades&quot; - FM Patagonia Madryn\" \/>\n<meta property=\"og:description\" content=\"As\u00ed se expres\u00f3 el Presidente en redes sociales, tras la inauguraci\u00f3n\u00a0de seis obras de infraestructura que se pusieron en marcha en el marco de la Semana de las Universidades. El&hellip;\" \/>\n<meta property=\"og:url\" content=\"https:\/\/fmpatagoniamadryn.com.ar\/?p=331\" \/>\n<meta property=\"og:site_name\" content=\"FM Patagonia Madryn\" \/>\n<meta property=\"article:published_time\" content=\"2023-02-27T04:37:46+00:00\" \/>\n<meta property=\"article:modified_time\" content=\"2023-02-27T04:37:49+00:00\" \/>\n<meta property=\"og:image\" content=\"https:\/\/fmpatagoniamadryn.com.ar\/wp-content\/uploads\/2023\/02\/2ae11a21-2ac6-45ad-a4ff-d6df280e3ebe_16-9-discover-aspect-ratio_default_0.jpg\" \/>\n\t<meta property=\"og:image:width\" content=\"1200\" \/>\n\t<meta property=\"og:image:height\" content=\"675\" \/>\n\t<meta property=\"og:image:type\" content=\"image\/jpeg\" \/>\n<meta name=\"author\" content=\"FM Patagonia\" \/>\n<meta name=\"twitter:card\" content=\"summary_large_image\" \/>\n<meta name=\"twitter:label1\" content=\"Escrito por\" \/>\n\t<meta name=\"twitter:data1\" content=\"FM Patagonia\" \/>\n\t<meta name=\"twitter:label2\" content=\"Tiempo de lectura\" \/>\n\t<meta name=\"twitter:data2\" content=\"2 minutos\" \/>\n<script type=\"application\/ld+json\" class=\"yoast-schema-graph\">{\"@context\":\"https:\\\/\\\/schema.org\",\"@graph\":[{\"@type\":\"Article\",\"@id\":\"https:\\\/\\\/fmpatagoniamadryn.com.ar\\\/?p=331#article\",\"isPartOf\":{\"@id\":\"https:\\\/\\\/fmpatagoniamadryn.com.ar\\\/?p=331\"},\"author\":{\"name\":\"FM Patagonia\",\"@id\":\"https:\\\/\\\/fmpatagoniamadryn.com.ar\\\/#\\\/schema\\\/person\\\/8a3de4ad7efceacab06c1641c50303b7\"},\"headline\":\"Alberto Fern\u00e1ndez: \u00abM\u00e1s universidades, m\u00e1s igualdad de oportunidades\u00bb &#8211;\",\"datePublished\":\"2023-02-27T04:37:46+00:00\",\"dateModified\":\"2023-02-27T04:37:49+00:00\",\"mainEntityOfPage\":{\"@id\":\"https:\\\/\\\/fmpatagoniamadryn.com.ar\\\/?p=331\"},\"wordCount\":392,\"publisher\":{\"@id\":\"https:\\\/\\\/fmpatagoniamadryn.com.ar\\\/#organization\"},\"image\":{\"@id\":\"https:\\\/\\\/fmpatagoniamadryn.com.ar\\\/?p=331#primaryimage\"},\"thumbnailUrl\":\"https:\\\/\\\/fmpatagoniamadryn.com.ar\\\/wp-content\\\/uploads\\\/2023\\\/02\\\/2ae11a21-2ac6-45ad-a4ff-d6df280e3ebe_16-9-discover-aspect-ratio_default_0.jpg\",\"articleSection\":[\"Nacionales\"],\"inLanguage\":\"es\"},{\"@type\":\"WebPage\",\"@id\":\"https:\\\/\\\/fmpatagoniamadryn.com.ar\\\/?p=331\",\"url\":\"https:\\\/\\\/fmpatagoniamadryn.com.ar\\\/?p=331\",\"name\":\"Alberto Fern\u00e1ndez: \\\"M\u00e1s universidades, m\u00e1s igualdad de oportunidades\\\" - FM Patagonia Madryn\",\"isPartOf\":{\"@id\":\"https:\\\/\\\/fmpatagoniamadryn.com.ar\\\/#website\"},\"primaryImageOfPage\":{\"@id\":\"https:\\\/\\\/fmpatagoniamadryn.com.ar\\\/?p=331#primaryimage\"},\"image\":{\"@id\":\"https:\\\/\\\/fmpatagoniamadryn.com.ar\\\/?p=331#primaryimage\"},\"thumbnailUrl\":\"https:\\\/\\\/fmpatagoniamadryn.com.ar\\\/wp-content\\\/uploads\\\/2023\\\/02\\\/2ae11a21-2ac6-45ad-a4ff-d6df280e3ebe_16-9-discover-aspect-ratio_default_0.jpg\",\"datePublished\":\"2023-02-27T04:37:46+00:00\",\"dateModified\":\"2023-02-27T04:37:49+00:00\",\"breadcrumb\":{\"@id\":\"https:\\\/\\\/fmpatagoniamadryn.com.ar\\\/?p=331#breadcrumb\"},\"inLanguage\":\"es\",\"potentialAction\":[{\"@type\":\"ReadAction\",\"target\":[\"https:\\\/\\\/fmpatagoniamadryn.com.ar\\\/?p=331\"]}]},{\"@type\":\"ImageObject\",\"inLanguage\":\"es\",\"@id\":\"https:\\\/\\\/fmpatagoniamadryn.com.ar\\\/?p=331#primaryimage\",\"url\":\"https:\\\/\\\/fmpatagoniamadryn.com.ar\\\/wp-content\\\/uploads\\\/2023\\\/02\\\/2ae11a21-2ac6-45ad-a4ff-d6df280e3ebe_16-9-discover-aspect-ratio_default_0.jpg\",\"contentUrl\":\"https:\\\/\\\/fmpatagoniamadryn.com.ar\\\/wp-content\\\/uploads\\\/2023\\\/02\\\/2ae11a21-2ac6-45ad-a4ff-d6df280e3ebe_16-9-discover-aspect-ratio_default_0.jpg\",\"width\":1200,\"height\":675},{\"@type\":\"BreadcrumbList\",\"@id\":\"https:\\\/\\\/fmpatagoniamadryn.com.ar\\\/?p=331#breadcrumb\",\"itemListElement\":[{\"@type\":\"ListItem\",\"position\":1,\"name\":\"Portada\",\"item\":\"https:\\\/\\\/fmpatagoniamadryn.com.ar\\\/\"},{\"@type\":\"ListItem\",\"position\":2,\"name\":\"Alberto Fern\u00e1ndez: \u00abM\u00e1s universidades, m\u00e1s igualdad de oportunidades\u00bb &#8211;\"}]},{\"@type\":\"WebSite\",\"@id\":\"https:\\\/\\\/fmpatagoniamadryn.com.ar\\\/#website\",\"url\":\"https:\\\/\\\/fmpatagoniamadryn.com.ar\\\/\",\"name\":\"FM Patagonia Madryn\",\"description\":\"Radio Patagonia 105.5\",\"publisher\":{\"@id\":\"https:\\\/\\\/fmpatagoniamadryn.com.ar\\\/#organization\"},\"potentialAction\":[{\"@type\":\"SearchAction\",\"target\":{\"@type\":\"EntryPoint\",\"urlTemplate\":\"https:\\\/\\\/fmpatagoniamadryn.com.ar\\\/?s={search_term_string}\"},\"query-input\":{\"@type\":\"PropertyValueSpecification\",\"valueRequired\":true,\"valueName\":\"search_term_string\"}}],\"inLanguage\":\"es\"},{\"@type\":\"Organization\",\"@id\":\"https:\\\/\\\/fmpatagoniamadryn.com.ar\\\/#organization\",\"name\":\"FM Patagonia Madryn\",\"url\":\"https:\\\/\\\/fmpatagoniamadryn.com.ar\\\/\",\"logo\":{\"@type\":\"ImageObject\",\"inLanguage\":\"es\",\"@id\":\"https:\\\/\\\/fmpatagoniamadryn.com.ar\\\/#\\\/schema\\\/logo\\\/image\\\/\",\"url\":\"https:\\\/\\\/fmpatagoniamadryn.com.ar\\\/wp-content\\\/uploads\\\/2023\\\/01\\\/cropped-Diseno-sin-titulo.png\",\"contentUrl\":\"https:\\\/\\\/fmpatagoniamadryn.com.ar\\\/wp-content\\\/uploads\\\/2023\\\/01\\\/cropped-Diseno-sin-titulo.png\",\"width\":6911,\"height\":2657,\"caption\":\"FM Patagonia Madryn\"},\"image\":{\"@id\":\"https:\\\/\\\/fmpatagoniamadryn.com.ar\\\/#\\\/schema\\\/logo\\\/image\\\/\"}},{\"@type\":\"Person\",\"@id\":\"https:\\\/\\\/fmpatagoniamadryn.com.ar\\\/#\\\/schema\\\/person\\\/8a3de4ad7efceacab06c1641c50303b7\",\"name\":\"FM Patagonia\",\"url\":\"https:\\\/\\\/fmpatagoniamadryn.com.ar\\\/?author=2\"}]}<\/script>\n<!-- \/ Yoast SEO plugin. -->","yoast_head_json":{"title":"Alberto Fern\u00e1ndez: \"M\u00e1s universidades, m\u00e1s igualdad de oportunidades\" - FM Patagonia Madryn","robots":{"index":"index","follow":"follow","max-snippet":"max-snippet:-1","max-image-preview":"max-image-preview:large","max-video-preview":"max-video-preview:-1"},"canonical":"https:\/\/fmpatagoniamadryn.com.ar\/?p=331","og_locale":"es_ES","og_type":"article","og_title":"Alberto Fern\u00e1ndez: \"M\u00e1s universidades, m\u00e1s igualdad de oportunidades\" - FM Patagonia Madryn","og_description":"As\u00ed se expres\u00f3 el Presidente en redes sociales, tras la inauguraci\u00f3n\u00a0de seis obras de infraestructura que se pusieron en marcha en el marco de la Semana de las Universidades. El&hellip;","og_url":"https:\/\/fmpatagoniamadryn.com.ar\/?p=331","og_site_name":"FM Patagonia Madryn","article_published_time":"2023-02-27T04:37:46+00:00","article_modified_time":"2023-02-27T04:37:49+00:00","og_image":[{"width":1200,"height":675,"url":"https:\/\/fmpatagoniamadryn.com.ar\/wp-content\/uploads\/2023\/02\/2ae11a21-2ac6-45ad-a4ff-d6df280e3ebe_16-9-discover-aspect-ratio_default_0.jpg","type":"image\/jpeg"}],"author":"FM Patagonia","twitter_card":"summary_large_image","twitter_misc":{"Escrito por":"FM Patagonia","Tiempo de lectura":"2 minutos"},"schema":{"@context":"https:\/\/schema.org","@graph":[{"@type":"Article","@id":"https:\/\/fmpatagoniamadryn.com.ar\/?p=331#article","isPartOf":{"@id":"https:\/\/fmpatagoniamadryn.com.ar\/?p=331"},"author":{"name":"FM Patagonia","@id":"https:\/\/fmpatagoniamadryn.com.ar\/#\/schema\/person\/8a3de4ad7efceacab06c1641c50303b7"},"headline":"Alberto Fern\u00e1ndez: \u00abM\u00e1s universidades, m\u00e1s igualdad de oportunidades\u00bb &#8211;","datePublished":"2023-02-27T04:37:46+00:00","dateModified":"2023-02-27T04:37:49+00:00","mainEntityOfPage":{"@id":"https:\/\/fmpatagoniamadryn.com.ar\/?p=331"},"wordCount":392,"publisher":{"@id":"https:\/\/fmpatagoniamadryn.com.ar\/#organization"},"image":{"@id":"https:\/\/fmpatagoniamadryn.com.ar\/?p=331#primaryimage"},"thumbnailUrl":"https:\/\/fmpatagoniamadryn.com.ar\/wp-content\/uploads\/2023\/02\/2ae11a21-2ac6-45ad-a4ff-d6df280e3ebe_16-9-discover-aspect-ratio_default_0.jpg","articleSection":["Nacionales"],"inLanguage":"es"},{"@type":"WebPage","@id":"https:\/\/fmpatagoniamadryn.com.ar\/?p=331","url":"https:\/\/fmpatagoniamadryn.com.ar\/?p=331","name":"Alberto Fern\u00e1ndez: \"M\u00e1s universidades, m\u00e1s igualdad de oportunidades\" - FM Patagonia Madryn","isPartOf":{"@id":"https:\/\/fmpatagoniamadryn.com.ar\/#website"},"primaryImageOfPage":{"@id":"https:\/\/fmpatagoniamadryn.com.ar\/?p=331#primaryimage"},"image":{"@id":"https:\/\/fmpatagoniamadryn.com.ar\/?p=331#primaryimage"},"thumbnailUrl":"https:\/\/fmpatagoniamadryn.com.ar\/wp-content\/uploads\/2023\/02\/2ae11a21-2ac6-45ad-a4ff-d6df280e3ebe_16-9-discover-aspect-ratio_default_0.jpg","datePublished":"2023-02-27T04:37:46+00:00","dateModified":"2023-02-27T04:37:49+00:00","breadcrumb":{"@id":"https:\/\/fmpatagoniamadryn.com.ar\/?p=331#breadcrumb"},"inLanguage":"es","potentialAction":[{"@type":"ReadAction","target":["https:\/\/fmpatagoniamadryn.com.ar\/?p=331"]}]},{"@type":"ImageObject","inLanguage":"es","@id":"https:\/\/fmpatagoniamadryn.com.ar\/?p=331#primaryimage","url":"https:\/\/fmpatagoniamadryn.com.ar\/wp-content\/uploads\/2023\/02\/2ae11a21-2ac6-45ad-a4ff-d6df280e3ebe_16-9-discover-aspect-ratio_default_0.jpg","contentUrl":"https:\/\/fmpatagoniamadryn.com.ar\/wp-content\/uploads\/2023\/02\/2ae11a21-2ac6-45ad-a4ff-d6df280e3ebe_16-9-discover-aspect-ratio_default_0.jpg","width":1200,"height":675},{"@type":"BreadcrumbList","@id":"https:\/\/fmpatagoniamadryn.com.ar\/?p=331#breadcrumb","itemListElement":[{"@type":"ListItem","position":1,"name":"Portada","item":"https:\/\/fmpatagoniamadryn.com.ar\/"},{"@type":"ListItem","position":2,"name":"Alberto Fern\u00e1ndez: \u00abM\u00e1s universidades, m\u00e1s igualdad de oportunidades\u00bb &#8211;"}]},{"@type":"WebSite","@id":"https:\/\/fmpatagoniamadryn.com.ar\/#website","url":"https:\/\/fmpatagoniamadryn.com.ar\/","name":"FM Patagonia Madryn","description":"Radio Patagonia 105.5","publisher":{"@id":"https:\/\/fmpatagoniamadryn.com.ar\/#organization"},"potentialAction":[{"@type":"SearchAction","target":{"@type":"EntryPoint","urlTemplate":"https:\/\/fmpatagoniamadryn.com.ar\/?s={search_term_string}"},"query-input":{"@type":"PropertyValueSpecification","valueRequired":true,"valueName":"search_term_string"}}],"inLanguage":"es"},{"@type":"Organization","@id":"https:\/\/fmpatagoniamadryn.com.ar\/#organization","name":"FM Patagonia Madryn","url":"https:\/\/fmpatagoniamadryn.com.ar\/","logo":{"@type":"ImageObject","inLanguage":"es","@id":"https:\/\/fmpatagoniamadryn.com.ar\/#\/schema\/logo\/image\/","url":"https:\/\/fmpatagoniamadryn.com.ar\/wp-content\/uploads\/2023\/01\/cropped-Diseno-sin-titulo.png","contentUrl":"https:\/\/fmpatagoniamadryn.com.ar\/wp-content\/uploads\/2023\/01\/cropped-Diseno-sin-titulo.png","width":6911,"height":2657,"caption":"FM Patagonia Madryn"},"image":{"@id":"https:\/\/fmpatagoniamadryn.com.ar\/#\/schema\/logo\/image\/"}},{"@type":"Person","@id":"https:\/\/fmpatagoniamadryn.com.ar\/#\/schema\/person\/8a3de4ad7efceacab06c1641c50303b7","name":"FM Patagonia","url":"https:\/\/fmpatagoniamadryn.com.ar\/?author=2"}]}},"jetpack_featured_media_url":"https:\/\/fmpatagoniamadryn.com.ar\/wp-content\/uploads\/2023\/02\/2ae11a21-2ac6-45ad-a4ff-d6df280e3ebe_16-9-discover-aspect-ratio_default_0.jpg","_links":{"self":[{"href":"https:\/\/fmpatagoniamadryn.com.ar\/index.php?rest_route=\/wp\/v2\/posts\/331","targetHints":{"allow":["GET"]}}],"collection":[{"href":"https:\/\/fmpatagoniamadryn.com.ar\/index.php?rest_route=\/wp\/v2\/posts"}],"about":[{"href":"https:\/\/fmpatagoniamadryn.com.ar\/index.php?rest_route=\/wp\/v2\/types\/post"}],"author":[{"embeddable":true,"href":"https:\/\/fmpatagoniamadryn.com.ar\/index.php?rest_route=\/wp\/v2\/users\/2"}],"replies":[{"embeddable":true,"href":"https:\/\/fmpatagoniamadryn.com.ar\/index.php?rest_route=%2Fwp%2Fv2%2Fcomments&post=331"}],"version-history":[{"count":1,"href":"https:\/\/fmpatagoniamadryn.com.ar\/index.php?rest_route=\/wp\/v2\/posts\/331\/revisions"}],"predecessor-version":[{"id":332,"href":"https:\/\/fmpatagoniamadryn.com.ar\/index.php?rest_route=\/wp\/v2\/posts\/331\/revisions\/332"}],"wp:featuredmedia":[{"embeddable":true,"href":"https:\/\/fmpatagoniamadryn.com.ar\/index.php?rest_route=\/wp\/v2\/media\/330"}],"wp:attachment":[{"href":"https:\/\/fmpatagoniamadryn.com.ar\/index.php?rest_route=%2Fwp%2Fv2%2Fmedia&parent=331"}],"wp:term":[{"taxonomy":"category","embeddable":true,"href":"https:\/\/fmpatagoniamadryn.com.ar\/index.php?rest_route=%2Fwp%2Fv2%2Fcategories&post=331"},{"taxonomy":"post_tag","embeddable":true,"href":"https:\/\/fmpatagoniamadryn.com.ar\/index.php?rest_route=%2Fwp%2Fv2%2Ftags&post=331"}],"curies":[{"name":"wp","href":"https:\/\/api.w.org\/{rel}","templated":true}]}}