{"id":3336,"date":"2023-06-08T19:14:56","date_gmt":"2023-06-08T22:14:56","guid":{"rendered":"https:\/\/fmpatagoniamadryn.com.ar\/?p=3336"},"modified":"2023-06-08T19:17:39","modified_gmt":"2023-06-08T22:17:39","slug":"el-ministerio-de-salud-valoro-la-importancia-de-la-modificacion-de-la-ley-mediante-la-cual-se-conformo-el-consejo-provincial-de-discapacidad","status":"publish","type":"post","link":"https:\/\/fmpatagoniamadryn.com.ar\/?p=3336","title":{"rendered":"El Ministerio de Salud valor\u00f3 la importancia de la modificaci\u00f3n de la Ley mediante la cual se conform\u00f3 el Consejo Provincial de Discapacidad<br>"},"content":{"rendered":"\n<p><br>Con la actualizaci\u00f3n de la normativa se garantiza la intervenci\u00f3n de diferentes organizaciones de la sociedad civil vinculadas con la tem\u00e1tica y la inclusi\u00f3n de las propias personas con discapacidad.<br><br>El Ministerio de Salud del Chubut, a trav\u00e9s de la Direcci\u00f3n Provincial de Atenci\u00f3n Integral de la Discapacidad, valor\u00f3 de forma positiva la reciente modificaci\u00f3n por parte de la Honorable Legislatura de la provincia de la Ley Provincial I N\u00b0 294 (antes Ley 5375), a trav\u00e9s de la que se conform\u00f3 el Consejo Provincial de Discapacidad (COPRODIS), regul\u00e1ndose tambi\u00e9n sus prerrogativas y \u00e1mbitos de influencias.<br><br>La modificaci\u00f3n del texto normativo hab\u00eda sido propuesta por el propio COPRODIS y fue presentada a trav\u00e9s de la diputada provincial Xenia Gabella.<br><br>Reuni\u00f3n previa<br><br>Cabe destacar que previamente a la sanci\u00f3n del nuevo texto normativo, la cartera sanitaria provincial fue convocada a la Legislatura de Chubut con el prop\u00f3sito de presentar ante las Comisiones de Salud y de Derechos Humanos la situaci\u00f3n actual de la tem\u00e1tica de discapacidad en la provincia, aprovechando adem\u00e1s la ocasi\u00f3n para proponer determinadas modificaciones a la legislaci\u00f3n que hasta el momento ven\u00eda rigiendo el funcionamiento del Consejo Provincial de Discapacidad en todo el territorio chubutense.<br><br>Participaron de dicho encuentro, celebrado d\u00edas atr\u00e1s en las instalaciones del palacio legislativo, el subsecretario de Gesti\u00f3n Institucional, Omar Melgarejo; la subsecretaria de Programas de Salud, Valeria Nazar; y la directora provincial de Atenci\u00f3n Integral de la Discapacidad, Paula Baud\u00e9s, junto con su equipo de trabajo.<br><br>Nuevo texto legal<br><br>Consultada al respecto, Baud\u00e9s detall\u00f3 que \u201cla necesidad de esta actualizaci\u00f3n de la Ley Provincial I N\u00b0 294 ya se hab\u00eda planteado durante los \u00faltimos Consejos Provinciales de Discapacidad que mantuvimos tanto en Trevelin como en Gaiman, y es por eso que nos acercamos a la Legislatura a compartir con los diputados la importancia de las modificaciones previstas\u201d.<br><br>\u201cLa realidad es que el nuevo texto legal se adec\u00faa m\u00e1s a las necesidades actuales del Consejo Provincial, especialmente en lo que tiene que ver con su modalidad de funcionamiento y con las caracter\u00edsticas espec\u00edficas que debe tener su conformaci\u00f3n\u201d, asegur\u00f3 la directora provincial de Atenci\u00f3n Integral de la Discapacidad, quien destac\u00f3 igualmente que \u201ca trav\u00e9s de esta modificaci\u00f3n se propicia una participaci\u00f3n m\u00e1s eficiente de los organismos del Estado en cada uno de los Consejos, garantizando asimismo la intervenci\u00f3n de las diferentes organizaciones de la sociedad civil vinculadas con la tem\u00e1tica, y la inclusi\u00f3n de las propias personas con discapacidad\u201d.<br><br>Conformidad<br><br>Por \u00faltimo, Baud\u00e9s refiri\u00f3 que \u201cel Consejo Provincial de Discapacidad es un eje rector dentro de nuestra direcci\u00f3n, as\u00ed como tambi\u00e9n de la din\u00e1mica de trabajo diario que llevamos adelante desde el Ministerio de Salud, y eso fue justamente lo que quisimos explicarles en la reuni\u00f3n a los diputados presentes, por lo que estamos muy conformes con la sanci\u00f3n de la nueva normativa\u201d<\/p>\n","protected":false},"excerpt":{"rendered":"<p>Con la actualizaci\u00f3n de la normativa se garantiza la intervenci\u00f3n de diferentes organizaciones de la sociedad civil vinculadas con la tem\u00e1tica y la inclusi\u00f3n de las propias personas con discapacidad.&hellip; <\/p>\n","protected":false},"author":2,"featured_media":3335,"comment_status":"closed","ping_status":"closed","sticky":false,"template":"","format":"standard","meta":{"footnotes":""},"categories":[14],"tags":[],"class_list":["post-3336","post","type-post","status-publish","format-standard","has-post-thumbnail","hentry","category-provinciales"],"yoast_head":"<!-- This site is optimized with the Yoast SEO plugin v27.4 - https:\/\/yoast.com\/product\/yoast-seo-wordpress\/ -->\n<title>El Ministerio de Salud valor\u00f3 la importancia de la modificaci\u00f3n de la Ley mediante la cual se conform\u00f3 el Consejo Provincial de Discapacidad - FM Patagonia Madryn<\/title>\n<meta name=\"robots\" content=\"index, follow, max-snippet:-1, max-image-preview:large, max-video-preview:-1\" \/>\n<link rel=\"canonical\" href=\"https:\/\/fmpatagoniamadryn.com.ar\/?p=3336\" \/>\n<meta property=\"og:locale\" content=\"es_ES\" \/>\n<meta property=\"og:type\" content=\"article\" \/>\n<meta property=\"og:title\" content=\"El Ministerio de Salud valor\u00f3 la importancia de la modificaci\u00f3n de la Ley mediante la cual se conform\u00f3 el Consejo Provincial de Discapacidad - FM Patagonia Madryn\" \/>\n<meta property=\"og:description\" content=\"Con la actualizaci\u00f3n de la normativa se garantiza la intervenci\u00f3n de diferentes organizaciones de la sociedad civil vinculadas con la tem\u00e1tica y la inclusi\u00f3n de las propias personas con discapacidad.&hellip;\" \/>\n<meta property=\"og:url\" content=\"https:\/\/fmpatagoniamadryn.com.ar\/?p=3336\" \/>\n<meta property=\"og:site_name\" content=\"FM Patagonia Madryn\" \/>\n<meta property=\"article:published_time\" content=\"2023-06-08T22:14:56+00:00\" \/>\n<meta property=\"article:modified_time\" content=\"2023-06-08T22:17:39+00:00\" \/>\n<meta property=\"og:image\" content=\"https:\/\/fmpatagoniamadryn.com.ar\/wp-content\/uploads\/2023\/06\/Discapacidad.jpg\" \/>\n\t<meta property=\"og:image:width\" content=\"1049\" \/>\n\t<meta property=\"og:image:height\" content=\"667\" \/>\n\t<meta property=\"og:image:type\" content=\"image\/jpeg\" \/>\n<meta name=\"author\" content=\"FM Patagonia\" \/>\n<meta name=\"twitter:card\" content=\"summary_large_image\" \/>\n<meta name=\"twitter:label1\" content=\"Escrito por\" \/>\n\t<meta name=\"twitter:data1\" content=\"FM Patagonia\" \/>\n\t<meta name=\"twitter:label2\" content=\"Tiempo de lectura\" \/>\n\t<meta name=\"twitter:data2\" content=\"3 minutos\" \/>\n<script type=\"application\/ld+json\" class=\"yoast-schema-graph\">{\"@context\":\"https:\\\/\\\/schema.org\",\"@graph\":[{\"@type\":\"Article\",\"@id\":\"https:\\\/\\\/fmpatagoniamadryn.com.ar\\\/?p=3336#article\",\"isPartOf\":{\"@id\":\"https:\\\/\\\/fmpatagoniamadryn.com.ar\\\/?p=3336\"},\"author\":{\"name\":\"FM Patagonia\",\"@id\":\"https:\\\/\\\/fmpatagoniamadryn.com.ar\\\/#\\\/schema\\\/person\\\/8a3de4ad7efceacab06c1641c50303b7\"},\"headline\":\"El Ministerio de Salud valor\u00f3 la importancia de la modificaci\u00f3n de la Ley mediante la cual se conform\u00f3 el Consejo Provincial de Discapacidad\",\"datePublished\":\"2023-06-08T22:14:56+00:00\",\"dateModified\":\"2023-06-08T22:17:39+00:00\",\"mainEntityOfPage\":{\"@id\":\"https:\\\/\\\/fmpatagoniamadryn.com.ar\\\/?p=3336\"},\"wordCount\":539,\"publisher\":{\"@id\":\"https:\\\/\\\/fmpatagoniamadryn.com.ar\\\/#organization\"},\"image\":{\"@id\":\"https:\\\/\\\/fmpatagoniamadryn.com.ar\\\/?p=3336#primaryimage\"},\"thumbnailUrl\":\"https:\\\/\\\/fmpatagoniamadryn.com.ar\\\/wp-content\\\/uploads\\\/2023\\\/06\\\/Discapacidad.jpg\",\"articleSection\":[\"Provinciales\"],\"inLanguage\":\"es\"},{\"@type\":\"WebPage\",\"@id\":\"https:\\\/\\\/fmpatagoniamadryn.com.ar\\\/?p=3336\",\"url\":\"https:\\\/\\\/fmpatagoniamadryn.com.ar\\\/?p=3336\",\"name\":\"El Ministerio de Salud valor\u00f3 la importancia de la modificaci\u00f3n de la Ley mediante la cual se conform\u00f3 el Consejo Provincial de Discapacidad - FM Patagonia Madryn\",\"isPartOf\":{\"@id\":\"https:\\\/\\\/fmpatagoniamadryn.com.ar\\\/#website\"},\"primaryImageOfPage\":{\"@id\":\"https:\\\/\\\/fmpatagoniamadryn.com.ar\\\/?p=3336#primaryimage\"},\"image\":{\"@id\":\"https:\\\/\\\/fmpatagoniamadryn.com.ar\\\/?p=3336#primaryimage\"},\"thumbnailUrl\":\"https:\\\/\\\/fmpatagoniamadryn.com.ar\\\/wp-content\\\/uploads\\\/2023\\\/06\\\/Discapacidad.jpg\",\"datePublished\":\"2023-06-08T22:14:56+00:00\",\"dateModified\":\"2023-06-08T22:17:39+00:00\",\"breadcrumb\":{\"@id\":\"https:\\\/\\\/fmpatagoniamadryn.com.ar\\\/?p=3336#breadcrumb\"},\"inLanguage\":\"es\",\"potentialAction\":[{\"@type\":\"ReadAction\",\"target\":[\"https:\\\/\\\/fmpatagoniamadryn.com.ar\\\/?p=3336\"]}]},{\"@type\":\"ImageObject\",\"inLanguage\":\"es\",\"@id\":\"https:\\\/\\\/fmpatagoniamadryn.com.ar\\\/?p=3336#primaryimage\",\"url\":\"https:\\\/\\\/fmpatagoniamadryn.com.ar\\\/wp-content\\\/uploads\\\/2023\\\/06\\\/Discapacidad.jpg\",\"contentUrl\":\"https:\\\/\\\/fmpatagoniamadryn.com.ar\\\/wp-content\\\/uploads\\\/2023\\\/06\\\/Discapacidad.jpg\",\"width\":1049,\"height\":667},{\"@type\":\"BreadcrumbList\",\"@id\":\"https:\\\/\\\/fmpatagoniamadryn.com.ar\\\/?p=3336#breadcrumb\",\"itemListElement\":[{\"@type\":\"ListItem\",\"position\":1,\"name\":\"Portada\",\"item\":\"https:\\\/\\\/fmpatagoniamadryn.com.ar\\\/\"},{\"@type\":\"ListItem\",\"position\":2,\"name\":\"El Ministerio de Salud valor\u00f3 la importancia de la modificaci\u00f3n de la Ley mediante la cual se conform\u00f3 el Consejo Provincial de Discapacidad\"}]},{\"@type\":\"WebSite\",\"@id\":\"https:\\\/\\\/fmpatagoniamadryn.com.ar\\\/#website\",\"url\":\"https:\\\/\\\/fmpatagoniamadryn.com.ar\\\/\",\"name\":\"FM Patagonia Madryn\",\"description\":\"Radio Patagonia 105.5\",\"publisher\":{\"@id\":\"https:\\\/\\\/fmpatagoniamadryn.com.ar\\\/#organization\"},\"potentialAction\":[{\"@type\":\"SearchAction\",\"target\":{\"@type\":\"EntryPoint\",\"urlTemplate\":\"https:\\\/\\\/fmpatagoniamadryn.com.ar\\\/?s={search_term_string}\"},\"query-input\":{\"@type\":\"PropertyValueSpecification\",\"valueRequired\":true,\"valueName\":\"search_term_string\"}}],\"inLanguage\":\"es\"},{\"@type\":\"Organization\",\"@id\":\"https:\\\/\\\/fmpatagoniamadryn.com.ar\\\/#organization\",\"name\":\"FM Patagonia Madryn\",\"url\":\"https:\\\/\\\/fmpatagoniamadryn.com.ar\\\/\",\"logo\":{\"@type\":\"ImageObject\",\"inLanguage\":\"es\",\"@id\":\"https:\\\/\\\/fmpatagoniamadryn.com.ar\\\/#\\\/schema\\\/logo\\\/image\\\/\",\"url\":\"https:\\\/\\\/fmpatagoniamadryn.com.ar\\\/wp-content\\\/uploads\\\/2023\\\/01\\\/cropped-Diseno-sin-titulo.png\",\"contentUrl\":\"https:\\\/\\\/fmpatagoniamadryn.com.ar\\\/wp-content\\\/uploads\\\/2023\\\/01\\\/cropped-Diseno-sin-titulo.png\",\"width\":6911,\"height\":2657,\"caption\":\"FM Patagonia Madryn\"},\"image\":{\"@id\":\"https:\\\/\\\/fmpatagoniamadryn.com.ar\\\/#\\\/schema\\\/logo\\\/image\\\/\"}},{\"@type\":\"Person\",\"@id\":\"https:\\\/\\\/fmpatagoniamadryn.com.ar\\\/#\\\/schema\\\/person\\\/8a3de4ad7efceacab06c1641c50303b7\",\"name\":\"FM Patagonia\",\"url\":\"https:\\\/\\\/fmpatagoniamadryn.com.ar\\\/?author=2\"}]}<\/script>\n<!-- \/ Yoast SEO plugin. -->","yoast_head_json":{"title":"El Ministerio de Salud valor\u00f3 la importancia de la modificaci\u00f3n de la Ley mediante la cual se conform\u00f3 el Consejo Provincial de Discapacidad - FM Patagonia Madryn","robots":{"index":"index","follow":"follow","max-snippet":"max-snippet:-1","max-image-preview":"max-image-preview:large","max-video-preview":"max-video-preview:-1"},"canonical":"https:\/\/fmpatagoniamadryn.com.ar\/?p=3336","og_locale":"es_ES","og_type":"article","og_title":"El Ministerio de Salud valor\u00f3 la importancia de la modificaci\u00f3n de la Ley mediante la cual se conform\u00f3 el Consejo Provincial de Discapacidad - FM Patagonia Madryn","og_description":"Con la actualizaci\u00f3n de la normativa se garantiza la intervenci\u00f3n de diferentes organizaciones de la sociedad civil vinculadas con la tem\u00e1tica y la inclusi\u00f3n de las propias personas con discapacidad.&hellip;","og_url":"https:\/\/fmpatagoniamadryn.com.ar\/?p=3336","og_site_name":"FM Patagonia Madryn","article_published_time":"2023-06-08T22:14:56+00:00","article_modified_time":"2023-06-08T22:17:39+00:00","og_image":[{"width":1049,"height":667,"url":"https:\/\/fmpatagoniamadryn.com.ar\/wp-content\/uploads\/2023\/06\/Discapacidad.jpg","type":"image\/jpeg"}],"author":"FM Patagonia","twitter_card":"summary_large_image","twitter_misc":{"Escrito por":"FM Patagonia","Tiempo de lectura":"3 minutos"},"schema":{"@context":"https:\/\/schema.org","@graph":[{"@type":"Article","@id":"https:\/\/fmpatagoniamadryn.com.ar\/?p=3336#article","isPartOf":{"@id":"https:\/\/fmpatagoniamadryn.com.ar\/?p=3336"},"author":{"name":"FM Patagonia","@id":"https:\/\/fmpatagoniamadryn.com.ar\/#\/schema\/person\/8a3de4ad7efceacab06c1641c50303b7"},"headline":"El Ministerio de Salud valor\u00f3 la importancia de la modificaci\u00f3n de la Ley mediante la cual se conform\u00f3 el Consejo Provincial de Discapacidad","datePublished":"2023-06-08T22:14:56+00:00","dateModified":"2023-06-08T22:17:39+00:00","mainEntityOfPage":{"@id":"https:\/\/fmpatagoniamadryn.com.ar\/?p=3336"},"wordCount":539,"publisher":{"@id":"https:\/\/fmpatagoniamadryn.com.ar\/#organization"},"image":{"@id":"https:\/\/fmpatagoniamadryn.com.ar\/?p=3336#primaryimage"},"thumbnailUrl":"https:\/\/fmpatagoniamadryn.com.ar\/wp-content\/uploads\/2023\/06\/Discapacidad.jpg","articleSection":["Provinciales"],"inLanguage":"es"},{"@type":"WebPage","@id":"https:\/\/fmpatagoniamadryn.com.ar\/?p=3336","url":"https:\/\/fmpatagoniamadryn.com.ar\/?p=3336","name":"El Ministerio de Salud valor\u00f3 la importancia de la modificaci\u00f3n de la Ley mediante la cual se conform\u00f3 el Consejo Provincial de Discapacidad - FM Patagonia Madryn","isPartOf":{"@id":"https:\/\/fmpatagoniamadryn.com.ar\/#website"},"primaryImageOfPage":{"@id":"https:\/\/fmpatagoniamadryn.com.ar\/?p=3336#primaryimage"},"image":{"@id":"https:\/\/fmpatagoniamadryn.com.ar\/?p=3336#primaryimage"},"thumbnailUrl":"https:\/\/fmpatagoniamadryn.com.ar\/wp-content\/uploads\/2023\/06\/Discapacidad.jpg","datePublished":"2023-06-08T22:14:56+00:00","dateModified":"2023-06-08T22:17:39+00:00","breadcrumb":{"@id":"https:\/\/fmpatagoniamadryn.com.ar\/?p=3336#breadcrumb"},"inLanguage":"es","potentialAction":[{"@type":"ReadAction","target":["https:\/\/fmpatagoniamadryn.com.ar\/?p=3336"]}]},{"@type":"ImageObject","inLanguage":"es","@id":"https:\/\/fmpatagoniamadryn.com.ar\/?p=3336#primaryimage","url":"https:\/\/fmpatagoniamadryn.com.ar\/wp-content\/uploads\/2023\/06\/Discapacidad.jpg","contentUrl":"https:\/\/fmpatagoniamadryn.com.ar\/wp-content\/uploads\/2023\/06\/Discapacidad.jpg","width":1049,"height":667},{"@type":"BreadcrumbList","@id":"https:\/\/fmpatagoniamadryn.com.ar\/?p=3336#breadcrumb","itemListElement":[{"@type":"ListItem","position":1,"name":"Portada","item":"https:\/\/fmpatagoniamadryn.com.ar\/"},{"@type":"ListItem","position":2,"name":"El Ministerio de Salud valor\u00f3 la importancia de la modificaci\u00f3n de la Ley mediante la cual se conform\u00f3 el Consejo Provincial de Discapacidad"}]},{"@type":"WebSite","@id":"https:\/\/fmpatagoniamadryn.com.ar\/#website","url":"https:\/\/fmpatagoniamadryn.com.ar\/","name":"FM Patagonia Madryn","description":"Radio Patagonia 105.5","publisher":{"@id":"https:\/\/fmpatagoniamadryn.com.ar\/#organization"},"potentialAction":[{"@type":"SearchAction","target":{"@type":"EntryPoint","urlTemplate":"https:\/\/fmpatagoniamadryn.com.ar\/?s={search_term_string}"},"query-input":{"@type":"PropertyValueSpecification","valueRequired":true,"valueName":"search_term_string"}}],"inLanguage":"es"},{"@type":"Organization","@id":"https:\/\/fmpatagoniamadryn.com.ar\/#organization","name":"FM Patagonia Madryn","url":"https:\/\/fmpatagoniamadryn.com.ar\/","logo":{"@type":"ImageObject","inLanguage":"es","@id":"https:\/\/fmpatagoniamadryn.com.ar\/#\/schema\/logo\/image\/","url":"https:\/\/fmpatagoniamadryn.com.ar\/wp-content\/uploads\/2023\/01\/cropped-Diseno-sin-titulo.png","contentUrl":"https:\/\/fmpatagoniamadryn.com.ar\/wp-content\/uploads\/2023\/01\/cropped-Diseno-sin-titulo.png","width":6911,"height":2657,"caption":"FM Patagonia Madryn"},"image":{"@id":"https:\/\/fmpatagoniamadryn.com.ar\/#\/schema\/logo\/image\/"}},{"@type":"Person","@id":"https:\/\/fmpatagoniamadryn.com.ar\/#\/schema\/person\/8a3de4ad7efceacab06c1641c50303b7","name":"FM Patagonia","url":"https:\/\/fmpatagoniamadryn.com.ar\/?author=2"}]}},"jetpack_featured_media_url":"https:\/\/fmpatagoniamadryn.com.ar\/wp-content\/uploads\/2023\/06\/Discapacidad.jpg","_links":{"self":[{"href":"https:\/\/fmpatagoniamadryn.com.ar\/index.php?rest_route=\/wp\/v2\/posts\/3336","targetHints":{"allow":["GET"]}}],"collection":[{"href":"https:\/\/fmpatagoniamadryn.com.ar\/index.php?rest_route=\/wp\/v2\/posts"}],"about":[{"href":"https:\/\/fmpatagoniamadryn.com.ar\/index.php?rest_route=\/wp\/v2\/types\/post"}],"author":[{"embeddable":true,"href":"https:\/\/fmpatagoniamadryn.com.ar\/index.php?rest_route=\/wp\/v2\/users\/2"}],"replies":[{"embeddable":true,"href":"https:\/\/fmpatagoniamadryn.com.ar\/index.php?rest_route=%2Fwp%2Fv2%2Fcomments&post=3336"}],"version-history":[{"count":1,"href":"https:\/\/fmpatagoniamadryn.com.ar\/index.php?rest_route=\/wp\/v2\/posts\/3336\/revisions"}],"predecessor-version":[{"id":3337,"href":"https:\/\/fmpatagoniamadryn.com.ar\/index.php?rest_route=\/wp\/v2\/posts\/3336\/revisions\/3337"}],"wp:featuredmedia":[{"embeddable":true,"href":"https:\/\/fmpatagoniamadryn.com.ar\/index.php?rest_route=\/wp\/v2\/media\/3335"}],"wp:attachment":[{"href":"https:\/\/fmpatagoniamadryn.com.ar\/index.php?rest_route=%2Fwp%2Fv2%2Fmedia&parent=3336"}],"wp:term":[{"taxonomy":"category","embeddable":true,"href":"https:\/\/fmpatagoniamadryn.com.ar\/index.php?rest_route=%2Fwp%2Fv2%2Fcategories&post=3336"},{"taxonomy":"post_tag","embeddable":true,"href":"https:\/\/fmpatagoniamadryn.com.ar\/index.php?rest_route=%2Fwp%2Fv2%2Ftags&post=3336"}],"curies":[{"name":"wp","href":"https:\/\/api.w.org\/{rel}","templated":true}]}}