{"id":3342,"date":"2023-06-08T19:31:00","date_gmt":"2023-06-08T22:31:00","guid":{"rendered":"https:\/\/fmpatagoniamadryn.com.ar\/?p=3342"},"modified":"2023-06-08T19:31:26","modified_gmt":"2023-06-08T22:31:26","slug":"carrio-sobre-macri-y-su-acercamiento-a-milei-ajuste-brutal-y-reprimir-hasta-matar-si-es-necesario","status":"publish","type":"post","link":"https:\/\/fmpatagoniamadryn.com.ar\/?p=3342","title":{"rendered":"Carri\u00f3 sobre Macri y su acercamiento a Milei: \u00abajuste brutal\u00bb y \u00abreprimir hasta matar si es necesario\u00bb"},"content":{"rendered":"\n<p><br>\u00abVamos a terminar en un juzgamiento por delitos de lesa humanidad\u00bb, dijo la l\u00edder de la Coalici\u00f3n C\u00edvica sobre lo que puede implicar un gobierno producto de una alianza entre Mauricio Macri y Javier Milei \u00bfSe rompe Juntos por el Cambio?<\/p>\n\n\n\n<p>La l\u00edder de la Coalici\u00f3n C\u00edvica, Elisa Carri\u00f3, advirti\u00f3 que el expresidente Mauricio Macri pretende concretar una alianza pol\u00edtica con el ultraderechista Javier Milei para poner en marcha \u201cun ajuste (econ\u00f3mico) muy brutal\u201d, para el que habr\u00e1 que \u201creprimir hasta matar si es necesario\u201d y por el cual \u00abvamos a terminar en un juzgamiento por delitos de lesa humanidad\u00bb.<br><br>La explosiva acusaci\u00f3n de la exdiputada y pieza clave de Juntos por el Cambio redobla el tenor de sus propios dichos de hace cuatro d\u00edas atr\u00e1s, cuando acus\u00f3 a su socio y ex mandatario de \u201ctener un lado oscuro\u201d, con el cual \u201cest\u00e1 jugando en contra\u201d de la alianza de derecha que \u00e9l mismo cre\u00f3. Todo se da en el contexto de las negociaciones por el cierre de las listas y de la disputa interna por qu\u00e9 actores se incorporan a Juntos por el Cambio, ahora al borde de la ruptura.<br><br>Carri\u00f3 redobl\u00f3 su discurso sobre el \u00ablado oscuro\u00bb de Macri<br>Este nuevo perfil del \u201clado oscuro\u201d del que habl\u00f3 Carri\u00f3 fue revelado ayer durante una charla por videoconferencia que la dirigente dio desde su Instituto Hanna Arendt, con militantes de su espacio pol\u00edtico.<br><br>All\u00ed, sin eufemismos ni met\u00e1foras, pronostic\u00f3 el nivel del da\u00f1o que el l\u00edder de Juntos por el Cambio est\u00e1 dispuesto a concretar en t\u00e9rminos econ\u00f3micos, sociales y pol\u00edticos.<\/p>\n\n\n\n<p>Dijo que Macri, quien en la interna de la alianza conservadora est\u00e1 detr\u00e1s de Patricia Bullrich, \u201cse ha corrido a un espacio m\u00e1s cercano a Milei\u201d desde el cual, en caso de ganar las pr\u00f3ximas elecciones y acceder al Gobierno, har\u00e1 \u201cun ajuste muy brutal sobre las clases medias; pero muy brutal y en cuatro meses\u201d.<br><br>Ese ajuste, a\u00f1adi\u00f3, ir\u00e1 de la mano de una \u201cnoci\u00f3n de orden\u201d (que ya es parte del discurso de Macri, Bullrich y Milei). \u201cPero no de un orden que proviene de la Justicia, de la Rep\u00fablica o de la represi\u00f3n respetando los derechos humanos, sino en la noci\u00f3n de un orden en el que hay que reprimir hasta matar si es necesario\u201d, previno<\/p>\n\n\n\n<p>\u00abVamos a terminar es en un juzgamiento por delitos de lesa humanidad\u00bb<br>El costo de que esto ocurra, prosigui\u00f3 la l\u00edder de la CC, ser\u00e1 un camino en reversa para la Argentina en materia de derechos humanos. Si hay \u201crepresi\u00f3n indiscriminada para construir el orden \u2013explic\u00f3 Carri\u00f3-, en lo que vamos a terminar es en un juzgamiento por delitos de lesa humanidad cometido por el Estado, donde van a ser juzgados ministros y presidente, y en los que van a ser condenados polic\u00edas, que son los que tiran\u201d.<\/p>\n\n\n\n<p>La advertencia de la ex diputada, en rigor, no es reveladora en t\u00e9rminos de lectura pol\u00edtica, porque la estrategia de ajuste\/represi\u00f3n\/muerte, propia de la derecha, ya fue expresada en distintos momentos por dirigentes del gobierno del Frente de Todos y de otras fuerzas progresistas y de izquierda. De hecho An\u00edbal Fern\u00e1ndez fue blanco de los repudios opositores por augurar que un gobierno opositor va \u00aba producir sangre y muertos\u00bb. Pero esa misma idea sincerada en la voz de Carri\u00f3 tiene otro peso.<br><br>Es m\u00e1s, el pron\u00f3stico de la l\u00edder de la CC tampoco es novedoso, porque tanto Bullrich, como Macri y Milei, avalan y avalaron en su momento la represi\u00f3n como herramienta para imponer pol\u00edticas antipopulares. Pero ese mismo pron\u00f3stico sincerado en la voz de Carri\u00f3 tiene otro peso.<\/p>\n\n\n\n<p>La palabra de Carri\u00f3 en medio de la guerra interna de Juntos por el Cambio<br>\u201cMauricio Macri, a quien yo acompa\u00f1\u00e9 en un acuerdo para que se forme un espacio de centro, se ha corrido a un espacio m\u00e1s cercano al de Milei\u201d, afirm\u00f3 Carri\u00f3 con tono de lamento y sentada frente a una notebook desde donde protagoniz\u00f3 la videoconferencia con miembros de su think thank.<\/p>\n\n\n\n<p>Se trata del segundo rev\u00e9s en menos de una semana que la exlegisladora le asesta p\u00fablicamente a Mauricio Macri, protagonista de la feroz interna que atraviesa Juntos por el Cambio en su intenci\u00f3n de retornar al poder, aunque sea partido en sectores inconciliables.<br><br>La predicci\u00f3n de que Macri buscar\u00e1 una alianza con Milei para las elecciones generales, no para las PASO, es un nuevo foco en el mega incendio desatado tras la decisi\u00f3n de Horacio Rodr\u00edguez Larreta de darle m\u00e1s espacio al radicalismo y abrirle las puertas al gobernador cordob\u00e9s, Juan Schiaretti.<br><br>La idea de que habr\u00e1 \u201cun ajuste muy brutal\u201d en los primeros cuatro meses de gesti\u00f3n, tampoco ayuda mucho. Y que la \u201crepresi\u00f3n hasta matar\u201d es el camino, menos. Ni que hablar de que el final ser\u00e1 con ministros y presidente \u201cjuzgados por delitos de lesa humanidad\u201d.<\/p>\n","protected":false},"excerpt":{"rendered":"<p>\u00abVamos a terminar en un juzgamiento por delitos de lesa humanidad\u00bb, dijo la l\u00edder de la Coalici\u00f3n C\u00edvica sobre lo que puede implicar un gobierno producto de una alianza entre&hellip; <\/p>\n","protected":false},"author":2,"featured_media":3341,"comment_status":"closed","ping_status":"closed","sticky":false,"template":"","format":"standard","meta":{"footnotes":""},"categories":[13,2],"tags":[],"class_list":["post-3342","post","type-post","status-publish","format-standard","has-post-thumbnail","hentry","category-nacionales","category-politica"],"yoast_head":"<!-- This site is optimized with the Yoast SEO plugin v27.4 - https:\/\/yoast.com\/product\/yoast-seo-wordpress\/ -->\n<title>Carri\u00f3 sobre Macri y su acercamiento a Milei: &quot;ajuste brutal&quot; y &quot;reprimir hasta matar si es necesario&quot; - FM Patagonia Madryn<\/title>\n<meta name=\"robots\" content=\"index, follow, max-snippet:-1, max-image-preview:large, max-video-preview:-1\" \/>\n<link rel=\"canonical\" href=\"https:\/\/fmpatagoniamadryn.com.ar\/?p=3342\" \/>\n<meta property=\"og:locale\" content=\"es_ES\" \/>\n<meta property=\"og:type\" content=\"article\" \/>\n<meta property=\"og:title\" content=\"Carri\u00f3 sobre Macri y su acercamiento a Milei: &quot;ajuste brutal&quot; y &quot;reprimir hasta matar si es necesario&quot; - FM Patagonia Madryn\" \/>\n<meta property=\"og:description\" content=\"\u00abVamos a terminar en un juzgamiento por delitos de lesa humanidad\u00bb, dijo la l\u00edder de la Coalici\u00f3n C\u00edvica sobre lo que puede implicar un gobierno producto de una alianza entre&hellip;\" \/>\n<meta property=\"og:url\" content=\"https:\/\/fmpatagoniamadryn.com.ar\/?p=3342\" \/>\n<meta property=\"og:site_name\" content=\"FM Patagonia Madryn\" \/>\n<meta property=\"article:published_time\" content=\"2023-06-08T22:31:00+00:00\" \/>\n<meta property=\"article:modified_time\" content=\"2023-06-08T22:31:26+00:00\" \/>\n<meta property=\"og:image\" content=\"https:\/\/fmpatagoniamadryn.com.ar\/wp-content\/uploads\/2023\/06\/734153-carrio-20macri-g0073602-na.jpg\" \/>\n\t<meta property=\"og:image:width\" content=\"1200\" \/>\n\t<meta property=\"og:image:height\" content=\"800\" \/>\n\t<meta property=\"og:image:type\" content=\"image\/jpeg\" \/>\n<meta name=\"author\" content=\"FM Patagonia\" \/>\n<meta name=\"twitter:card\" content=\"summary_large_image\" \/>\n<meta name=\"twitter:label1\" content=\"Escrito por\" \/>\n\t<meta name=\"twitter:data1\" content=\"FM Patagonia\" \/>\n\t<meta name=\"twitter:label2\" content=\"Tiempo de lectura\" \/>\n\t<meta name=\"twitter:data2\" content=\"4 minutos\" \/>\n<script type=\"application\/ld+json\" class=\"yoast-schema-graph\">{\"@context\":\"https:\\\/\\\/schema.org\",\"@graph\":[{\"@type\":\"Article\",\"@id\":\"https:\\\/\\\/fmpatagoniamadryn.com.ar\\\/?p=3342#article\",\"isPartOf\":{\"@id\":\"https:\\\/\\\/fmpatagoniamadryn.com.ar\\\/?p=3342\"},\"author\":{\"name\":\"FM Patagonia\",\"@id\":\"https:\\\/\\\/fmpatagoniamadryn.com.ar\\\/#\\\/schema\\\/person\\\/8a3de4ad7efceacab06c1641c50303b7\"},\"headline\":\"Carri\u00f3 sobre Macri y su acercamiento a Milei: \u00abajuste brutal\u00bb y \u00abreprimir hasta matar si es necesario\u00bb\",\"datePublished\":\"2023-06-08T22:31:00+00:00\",\"dateModified\":\"2023-06-08T22:31:26+00:00\",\"mainEntityOfPage\":{\"@id\":\"https:\\\/\\\/fmpatagoniamadryn.com.ar\\\/?p=3342\"},\"wordCount\":873,\"publisher\":{\"@id\":\"https:\\\/\\\/fmpatagoniamadryn.com.ar\\\/#organization\"},\"image\":{\"@id\":\"https:\\\/\\\/fmpatagoniamadryn.com.ar\\\/?p=3342#primaryimage\"},\"thumbnailUrl\":\"https:\\\/\\\/fmpatagoniamadryn.com.ar\\\/wp-content\\\/uploads\\\/2023\\\/06\\\/734153-carrio-20macri-g0073602-na.jpg\",\"articleSection\":[\"Nacionales\",\"Pol\u00edtica\"],\"inLanguage\":\"es\"},{\"@type\":\"WebPage\",\"@id\":\"https:\\\/\\\/fmpatagoniamadryn.com.ar\\\/?p=3342\",\"url\":\"https:\\\/\\\/fmpatagoniamadryn.com.ar\\\/?p=3342\",\"name\":\"Carri\u00f3 sobre Macri y su acercamiento a Milei: \\\"ajuste brutal\\\" y \\\"reprimir hasta matar si es necesario\\\" - FM Patagonia Madryn\",\"isPartOf\":{\"@id\":\"https:\\\/\\\/fmpatagoniamadryn.com.ar\\\/#website\"},\"primaryImageOfPage\":{\"@id\":\"https:\\\/\\\/fmpatagoniamadryn.com.ar\\\/?p=3342#primaryimage\"},\"image\":{\"@id\":\"https:\\\/\\\/fmpatagoniamadryn.com.ar\\\/?p=3342#primaryimage\"},\"thumbnailUrl\":\"https:\\\/\\\/fmpatagoniamadryn.com.ar\\\/wp-content\\\/uploads\\\/2023\\\/06\\\/734153-carrio-20macri-g0073602-na.jpg\",\"datePublished\":\"2023-06-08T22:31:00+00:00\",\"dateModified\":\"2023-06-08T22:31:26+00:00\",\"breadcrumb\":{\"@id\":\"https:\\\/\\\/fmpatagoniamadryn.com.ar\\\/?p=3342#breadcrumb\"},\"inLanguage\":\"es\",\"potentialAction\":[{\"@type\":\"ReadAction\",\"target\":[\"https:\\\/\\\/fmpatagoniamadryn.com.ar\\\/?p=3342\"]}]},{\"@type\":\"ImageObject\",\"inLanguage\":\"es\",\"@id\":\"https:\\\/\\\/fmpatagoniamadryn.com.ar\\\/?p=3342#primaryimage\",\"url\":\"https:\\\/\\\/fmpatagoniamadryn.com.ar\\\/wp-content\\\/uploads\\\/2023\\\/06\\\/734153-carrio-20macri-g0073602-na.jpg\",\"contentUrl\":\"https:\\\/\\\/fmpatagoniamadryn.com.ar\\\/wp-content\\\/uploads\\\/2023\\\/06\\\/734153-carrio-20macri-g0073602-na.jpg\",\"width\":1200,\"height\":800},{\"@type\":\"BreadcrumbList\",\"@id\":\"https:\\\/\\\/fmpatagoniamadryn.com.ar\\\/?p=3342#breadcrumb\",\"itemListElement\":[{\"@type\":\"ListItem\",\"position\":1,\"name\":\"Portada\",\"item\":\"https:\\\/\\\/fmpatagoniamadryn.com.ar\\\/\"},{\"@type\":\"ListItem\",\"position\":2,\"name\":\"Carri\u00f3 sobre Macri y su acercamiento a Milei: \u00abajuste brutal\u00bb y \u00abreprimir hasta matar si es necesario\u00bb\"}]},{\"@type\":\"WebSite\",\"@id\":\"https:\\\/\\\/fmpatagoniamadryn.com.ar\\\/#website\",\"url\":\"https:\\\/\\\/fmpatagoniamadryn.com.ar\\\/\",\"name\":\"FM Patagonia Madryn\",\"description\":\"Radio Patagonia 105.5\",\"publisher\":{\"@id\":\"https:\\\/\\\/fmpatagoniamadryn.com.ar\\\/#organization\"},\"potentialAction\":[{\"@type\":\"SearchAction\",\"target\":{\"@type\":\"EntryPoint\",\"urlTemplate\":\"https:\\\/\\\/fmpatagoniamadryn.com.ar\\\/?s={search_term_string}\"},\"query-input\":{\"@type\":\"PropertyValueSpecification\",\"valueRequired\":true,\"valueName\":\"search_term_string\"}}],\"inLanguage\":\"es\"},{\"@type\":\"Organization\",\"@id\":\"https:\\\/\\\/fmpatagoniamadryn.com.ar\\\/#organization\",\"name\":\"FM Patagonia Madryn\",\"url\":\"https:\\\/\\\/fmpatagoniamadryn.com.ar\\\/\",\"logo\":{\"@type\":\"ImageObject\",\"inLanguage\":\"es\",\"@id\":\"https:\\\/\\\/fmpatagoniamadryn.com.ar\\\/#\\\/schema\\\/logo\\\/image\\\/\",\"url\":\"https:\\\/\\\/fmpatagoniamadryn.com.ar\\\/wp-content\\\/uploads\\\/2023\\\/01\\\/cropped-Diseno-sin-titulo.png\",\"contentUrl\":\"https:\\\/\\\/fmpatagoniamadryn.com.ar\\\/wp-content\\\/uploads\\\/2023\\\/01\\\/cropped-Diseno-sin-titulo.png\",\"width\":6911,\"height\":2657,\"caption\":\"FM Patagonia Madryn\"},\"image\":{\"@id\":\"https:\\\/\\\/fmpatagoniamadryn.com.ar\\\/#\\\/schema\\\/logo\\\/image\\\/\"}},{\"@type\":\"Person\",\"@id\":\"https:\\\/\\\/fmpatagoniamadryn.com.ar\\\/#\\\/schema\\\/person\\\/8a3de4ad7efceacab06c1641c50303b7\",\"name\":\"FM Patagonia\",\"url\":\"https:\\\/\\\/fmpatagoniamadryn.com.ar\\\/?author=2\"}]}<\/script>\n<!-- \/ Yoast SEO plugin. -->","yoast_head_json":{"title":"Carri\u00f3 sobre Macri y su acercamiento a Milei: \"ajuste brutal\" y \"reprimir hasta matar si es necesario\" - FM Patagonia Madryn","robots":{"index":"index","follow":"follow","max-snippet":"max-snippet:-1","max-image-preview":"max-image-preview:large","max-video-preview":"max-video-preview:-1"},"canonical":"https:\/\/fmpatagoniamadryn.com.ar\/?p=3342","og_locale":"es_ES","og_type":"article","og_title":"Carri\u00f3 sobre Macri y su acercamiento a Milei: \"ajuste brutal\" y \"reprimir hasta matar si es necesario\" - FM Patagonia Madryn","og_description":"\u00abVamos a terminar en un juzgamiento por delitos de lesa humanidad\u00bb, dijo la l\u00edder de la Coalici\u00f3n C\u00edvica sobre lo que puede implicar un gobierno producto de una alianza entre&hellip;","og_url":"https:\/\/fmpatagoniamadryn.com.ar\/?p=3342","og_site_name":"FM Patagonia Madryn","article_published_time":"2023-06-08T22:31:00+00:00","article_modified_time":"2023-06-08T22:31:26+00:00","og_image":[{"width":1200,"height":800,"url":"https:\/\/fmpatagoniamadryn.com.ar\/wp-content\/uploads\/2023\/06\/734153-carrio-20macri-g0073602-na.jpg","type":"image\/jpeg"}],"author":"FM Patagonia","twitter_card":"summary_large_image","twitter_misc":{"Escrito por":"FM Patagonia","Tiempo de lectura":"4 minutos"},"schema":{"@context":"https:\/\/schema.org","@graph":[{"@type":"Article","@id":"https:\/\/fmpatagoniamadryn.com.ar\/?p=3342#article","isPartOf":{"@id":"https:\/\/fmpatagoniamadryn.com.ar\/?p=3342"},"author":{"name":"FM Patagonia","@id":"https:\/\/fmpatagoniamadryn.com.ar\/#\/schema\/person\/8a3de4ad7efceacab06c1641c50303b7"},"headline":"Carri\u00f3 sobre Macri y su acercamiento a Milei: \u00abajuste brutal\u00bb y \u00abreprimir hasta matar si es necesario\u00bb","datePublished":"2023-06-08T22:31:00+00:00","dateModified":"2023-06-08T22:31:26+00:00","mainEntityOfPage":{"@id":"https:\/\/fmpatagoniamadryn.com.ar\/?p=3342"},"wordCount":873,"publisher":{"@id":"https:\/\/fmpatagoniamadryn.com.ar\/#organization"},"image":{"@id":"https:\/\/fmpatagoniamadryn.com.ar\/?p=3342#primaryimage"},"thumbnailUrl":"https:\/\/fmpatagoniamadryn.com.ar\/wp-content\/uploads\/2023\/06\/734153-carrio-20macri-g0073602-na.jpg","articleSection":["Nacionales","Pol\u00edtica"],"inLanguage":"es"},{"@type":"WebPage","@id":"https:\/\/fmpatagoniamadryn.com.ar\/?p=3342","url":"https:\/\/fmpatagoniamadryn.com.ar\/?p=3342","name":"Carri\u00f3 sobre Macri y su acercamiento a Milei: \"ajuste brutal\" y \"reprimir hasta matar si es necesario\" - FM Patagonia Madryn","isPartOf":{"@id":"https:\/\/fmpatagoniamadryn.com.ar\/#website"},"primaryImageOfPage":{"@id":"https:\/\/fmpatagoniamadryn.com.ar\/?p=3342#primaryimage"},"image":{"@id":"https:\/\/fmpatagoniamadryn.com.ar\/?p=3342#primaryimage"},"thumbnailUrl":"https:\/\/fmpatagoniamadryn.com.ar\/wp-content\/uploads\/2023\/06\/734153-carrio-20macri-g0073602-na.jpg","datePublished":"2023-06-08T22:31:00+00:00","dateModified":"2023-06-08T22:31:26+00:00","breadcrumb":{"@id":"https:\/\/fmpatagoniamadryn.com.ar\/?p=3342#breadcrumb"},"inLanguage":"es","potentialAction":[{"@type":"ReadAction","target":["https:\/\/fmpatagoniamadryn.com.ar\/?p=3342"]}]},{"@type":"ImageObject","inLanguage":"es","@id":"https:\/\/fmpatagoniamadryn.com.ar\/?p=3342#primaryimage","url":"https:\/\/fmpatagoniamadryn.com.ar\/wp-content\/uploads\/2023\/06\/734153-carrio-20macri-g0073602-na.jpg","contentUrl":"https:\/\/fmpatagoniamadryn.com.ar\/wp-content\/uploads\/2023\/06\/734153-carrio-20macri-g0073602-na.jpg","width":1200,"height":800},{"@type":"BreadcrumbList","@id":"https:\/\/fmpatagoniamadryn.com.ar\/?p=3342#breadcrumb","itemListElement":[{"@type":"ListItem","position":1,"name":"Portada","item":"https:\/\/fmpatagoniamadryn.com.ar\/"},{"@type":"ListItem","position":2,"name":"Carri\u00f3 sobre Macri y su acercamiento a Milei: \u00abajuste brutal\u00bb y \u00abreprimir hasta matar si es necesario\u00bb"}]},{"@type":"WebSite","@id":"https:\/\/fmpatagoniamadryn.com.ar\/#website","url":"https:\/\/fmpatagoniamadryn.com.ar\/","name":"FM Patagonia Madryn","description":"Radio Patagonia 105.5","publisher":{"@id":"https:\/\/fmpatagoniamadryn.com.ar\/#organization"},"potentialAction":[{"@type":"SearchAction","target":{"@type":"EntryPoint","urlTemplate":"https:\/\/fmpatagoniamadryn.com.ar\/?s={search_term_string}"},"query-input":{"@type":"PropertyValueSpecification","valueRequired":true,"valueName":"search_term_string"}}],"inLanguage":"es"},{"@type":"Organization","@id":"https:\/\/fmpatagoniamadryn.com.ar\/#organization","name":"FM Patagonia Madryn","url":"https:\/\/fmpatagoniamadryn.com.ar\/","logo":{"@type":"ImageObject","inLanguage":"es","@id":"https:\/\/fmpatagoniamadryn.com.ar\/#\/schema\/logo\/image\/","url":"https:\/\/fmpatagoniamadryn.com.ar\/wp-content\/uploads\/2023\/01\/cropped-Diseno-sin-titulo.png","contentUrl":"https:\/\/fmpatagoniamadryn.com.ar\/wp-content\/uploads\/2023\/01\/cropped-Diseno-sin-titulo.png","width":6911,"height":2657,"caption":"FM Patagonia Madryn"},"image":{"@id":"https:\/\/fmpatagoniamadryn.com.ar\/#\/schema\/logo\/image\/"}},{"@type":"Person","@id":"https:\/\/fmpatagoniamadryn.com.ar\/#\/schema\/person\/8a3de4ad7efceacab06c1641c50303b7","name":"FM Patagonia","url":"https:\/\/fmpatagoniamadryn.com.ar\/?author=2"}]}},"jetpack_featured_media_url":"https:\/\/fmpatagoniamadryn.com.ar\/wp-content\/uploads\/2023\/06\/734153-carrio-20macri-g0073602-na.jpg","_links":{"self":[{"href":"https:\/\/fmpatagoniamadryn.com.ar\/index.php?rest_route=\/wp\/v2\/posts\/3342","targetHints":{"allow":["GET"]}}],"collection":[{"href":"https:\/\/fmpatagoniamadryn.com.ar\/index.php?rest_route=\/wp\/v2\/posts"}],"about":[{"href":"https:\/\/fmpatagoniamadryn.com.ar\/index.php?rest_route=\/wp\/v2\/types\/post"}],"author":[{"embeddable":true,"href":"https:\/\/fmpatagoniamadryn.com.ar\/index.php?rest_route=\/wp\/v2\/users\/2"}],"replies":[{"embeddable":true,"href":"https:\/\/fmpatagoniamadryn.com.ar\/index.php?rest_route=%2Fwp%2Fv2%2Fcomments&post=3342"}],"version-history":[{"count":1,"href":"https:\/\/fmpatagoniamadryn.com.ar\/index.php?rest_route=\/wp\/v2\/posts\/3342\/revisions"}],"predecessor-version":[{"id":3343,"href":"https:\/\/fmpatagoniamadryn.com.ar\/index.php?rest_route=\/wp\/v2\/posts\/3342\/revisions\/3343"}],"wp:featuredmedia":[{"embeddable":true,"href":"https:\/\/fmpatagoniamadryn.com.ar\/index.php?rest_route=\/wp\/v2\/media\/3341"}],"wp:attachment":[{"href":"https:\/\/fmpatagoniamadryn.com.ar\/index.php?rest_route=%2Fwp%2Fv2%2Fmedia&parent=3342"}],"wp:term":[{"taxonomy":"category","embeddable":true,"href":"https:\/\/fmpatagoniamadryn.com.ar\/index.php?rest_route=%2Fwp%2Fv2%2Fcategories&post=3342"},{"taxonomy":"post_tag","embeddable":true,"href":"https:\/\/fmpatagoniamadryn.com.ar\/index.php?rest_route=%2Fwp%2Fv2%2Ftags&post=3342"}],"curies":[{"name":"wp","href":"https:\/\/api.w.org\/{rel}","templated":true}]}}