{"id":3412,"date":"2023-06-11T21:12:32","date_gmt":"2023-06-12T00:12:32","guid":{"rendered":"https:\/\/fmpatagoniamadryn.com.ar\/?p=3412"},"modified":"2023-06-11T21:12:46","modified_gmt":"2023-06-12T00:12:46","slug":"eliceche-nacho-torres-siempre-tirando-piedras-desde-afuera-nunca-proyectar","status":"publish","type":"post","link":"https:\/\/fmpatagoniamadryn.com.ar\/?p=3412","title":{"rendered":"Eliceche: \u201cNacho Torres siempre tirando piedras desde afuera, nunca proyectar\u201d"},"content":{"rendered":"\n<p>El Diputado Provincial Carlos Eliceche sali\u00f3 al cruce de las declaraciones del candidato del PRO, Ignacio Torres, que desliz\u00f3 una suerte de \u201cayuda\u201d a Madryn desde la Provincia, y fue categ\u00f3rico: \u201cA esta ciudad le est\u00e1n dando solo una peque\u00f1a parte de una deuda hist\u00f3rica\u201d<\/p>\n\n\n\n<p>En las \u00faltimas horas y en medio de su lanzamiento como candidato a Gobernador, el actual Senador del PRO, Ignacio Torres, critic\u00f3 el env\u00edo de fondos de la Provincia al Municipio de Puerto Madryn, ya que lo defini\u00f3 como una suerte de \u201cayuda\u201d para la gesti\u00f3n actual.<\/p>\n\n\n\n<p>En ese sentido el actual Diputado Provincial Carlos Eliceche, indic\u00f3 que \u201ca Madryn le est\u00e1n dando solo una peque\u00f1a parte de una deuda hist\u00f3rica como la Coparticipaci\u00f3n. Lo que tiene que hacer Torres es contar la pel\u00edcula completa, y no solo la parte que le conviene para su campa\u00f1a electoral. Igual no esper\u00e1bamos m\u00e1s de \u00e9l, sabemos que todo lo que tiene que ver con su campa\u00f1a se basa en criticar lo que se est\u00e1 haciendo. Es la forma m\u00e1s f\u00e1cil, tirando piedras desde afuera. Bueno ser\u00eda escuchar al menos un proyecto de lo que quiere hacer, y no reiterativas cr\u00edticas\u201d, dijo.<\/p>\n\n\n\n<p>Adem\u00e1s, Eliceche sostuvo que \u201cTorres tendr\u00eda que explicar tambi\u00e9n que por Ley la Municipalidad de Madryn tiene que cobrar los fondos de Coparticipaci\u00f3n que le corresponden, por cantidad de vecinos. Cuando yo era intendente (2003-2011) la ciudad cobraba apenas por 30 mil habitantes. Y durante los ocho a\u00f1os de gesti\u00f3n que<\/p>\n\n\n\n<p>siguieron (2011-2019) Ricardo Sastre fue intendente y sigui\u00f3 cobrando exactamente lo mismo. Eso tiene que explicar Torres, que en una ciudad que est\u00e1 claramente por encima de los 100 mil habitantes, los fondos que se reciben y que est\u00e1n distribuidos legalmente por cantidad de vecinos para que el Municipio haga frente a eventuales problem\u00e1ticas, siguen siendo menores a lo que realmente corresponde\u201d.<br><br>Eliceche en otro orden destac\u00f3 \u201cel reordenamiento que est\u00e1 realizando el Gobernador Arcioni sobre las cuentas provinciales, las deudas saldadas de gobiernos anteriores, los compromisos asumidos y el cumplimiento de los mismos. El panorama para quien asuma en diciembre es muy diferente al que se ve\u00eda hace a\u00f1os. Hoy hay una estabilidad que era necesaria y que brinda la posibilidad de cumplir con cada municipio en lo que tiene que ver con fondos coparticipables. No solo celebro que as\u00ed sea, sino que espero que el pr\u00f3ximo Gobernador siga manteniendo esas mismas pol\u00edticas. Porque es cierto que Madryn, por su tasa de crecimiento poblacional anual, fue una de las m\u00e1s perjudicadas. Pero la Provincia de a poco va saldando estas cuestiones, y apelamos a que en un futuro contin\u00fae de la misma forma tanto en esta ciudad, como en cada localidad de Chubut\u201d.<br><br>Por \u00faltimo Eliceche volvi\u00f3 a cargar sobre Torres, y dijo que \u201cde \u00e9l nada me sorprende. Fue candidato a Diputado en 2019, y cuando apenas hab\u00eda cumplido la mitad del mandato, se meti\u00f3 de candidato a Senador en 2021. En teor\u00eda la gente lo vot\u00f3 para ese cargo hasta 2026, pero a solo dos a\u00f1os de haber asumido, habiendo cumplido un tercio del mandato, ya es candidato a otro cargo. Habla a las claras de sus pretensiones, y sobre todo de sus intenciones\u201d, cerr\u00f3.<\/p>\n","protected":false},"excerpt":{"rendered":"<p>El Diputado Provincial Carlos Eliceche sali\u00f3 al cruce de las declaraciones del candidato del PRO, Ignacio Torres, que desliz\u00f3 una suerte de \u201cayuda\u201d a Madryn desde la Provincia, y fue&hellip; <\/p>\n","protected":false},"author":2,"featured_media":3411,"comment_status":"closed","ping_status":"closed","sticky":false,"template":"","format":"standard","meta":{"footnotes":""},"categories":[15],"tags":[],"class_list":["post-3412","post","type-post","status-publish","format-standard","has-post-thumbnail","hentry","category-locales"],"yoast_head":"<!-- This site is optimized with the Yoast SEO plugin v27.4 - https:\/\/yoast.com\/product\/yoast-seo-wordpress\/ -->\n<title>Eliceche: \u201cNacho Torres siempre tirando piedras desde afuera, nunca proyectar\u201d - FM Patagonia Madryn<\/title>\n<meta name=\"robots\" content=\"index, follow, max-snippet:-1, max-image-preview:large, max-video-preview:-1\" \/>\n<link rel=\"canonical\" href=\"https:\/\/fmpatagoniamadryn.com.ar\/?p=3412\" \/>\n<meta property=\"og:locale\" content=\"es_ES\" \/>\n<meta property=\"og:type\" content=\"article\" \/>\n<meta property=\"og:title\" content=\"Eliceche: \u201cNacho Torres siempre tirando piedras desde afuera, nunca proyectar\u201d - FM Patagonia Madryn\" \/>\n<meta property=\"og:description\" content=\"El Diputado Provincial Carlos Eliceche sali\u00f3 al cruce de las declaraciones del candidato del PRO, Ignacio Torres, que desliz\u00f3 una suerte de \u201cayuda\u201d a Madryn desde la Provincia, y fue&hellip;\" \/>\n<meta property=\"og:url\" content=\"https:\/\/fmpatagoniamadryn.com.ar\/?p=3412\" \/>\n<meta property=\"og:site_name\" content=\"FM Patagonia Madryn\" \/>\n<meta property=\"article:published_time\" content=\"2023-06-12T00:12:32+00:00\" \/>\n<meta property=\"article:modified_time\" content=\"2023-06-12T00:12:46+00:00\" \/>\n<meta property=\"og:image\" content=\"https:\/\/fmpatagoniamadryn.com.ar\/wp-content\/uploads\/2023\/06\/Carlos-Eliceche.jpg\" \/>\n\t<meta property=\"og:image:width\" content=\"600\" \/>\n\t<meta property=\"og:image:height\" content=\"400\" \/>\n\t<meta property=\"og:image:type\" content=\"image\/jpeg\" \/>\n<meta name=\"author\" content=\"FM Patagonia\" \/>\n<meta name=\"twitter:card\" content=\"summary_large_image\" \/>\n<meta name=\"twitter:label1\" content=\"Escrito por\" \/>\n\t<meta name=\"twitter:data1\" content=\"FM Patagonia\" \/>\n\t<meta name=\"twitter:label2\" content=\"Tiempo de lectura\" \/>\n\t<meta name=\"twitter:data2\" content=\"3 minutos\" \/>\n<script type=\"application\/ld+json\" class=\"yoast-schema-graph\">{\"@context\":\"https:\\\/\\\/schema.org\",\"@graph\":[{\"@type\":\"Article\",\"@id\":\"https:\\\/\\\/fmpatagoniamadryn.com.ar\\\/?p=3412#article\",\"isPartOf\":{\"@id\":\"https:\\\/\\\/fmpatagoniamadryn.com.ar\\\/?p=3412\"},\"author\":{\"name\":\"FM Patagonia\",\"@id\":\"https:\\\/\\\/fmpatagoniamadryn.com.ar\\\/#\\\/schema\\\/person\\\/8a3de4ad7efceacab06c1641c50303b7\"},\"headline\":\"Eliceche: \u201cNacho Torres siempre tirando piedras desde afuera, nunca proyectar\u201d\",\"datePublished\":\"2023-06-12T00:12:32+00:00\",\"dateModified\":\"2023-06-12T00:12:46+00:00\",\"mainEntityOfPage\":{\"@id\":\"https:\\\/\\\/fmpatagoniamadryn.com.ar\\\/?p=3412\"},\"wordCount\":574,\"publisher\":{\"@id\":\"https:\\\/\\\/fmpatagoniamadryn.com.ar\\\/#organization\"},\"image\":{\"@id\":\"https:\\\/\\\/fmpatagoniamadryn.com.ar\\\/?p=3412#primaryimage\"},\"thumbnailUrl\":\"https:\\\/\\\/fmpatagoniamadryn.com.ar\\\/wp-content\\\/uploads\\\/2023\\\/06\\\/Carlos-Eliceche.jpg\",\"articleSection\":[\"Locales\"],\"inLanguage\":\"es\"},{\"@type\":\"WebPage\",\"@id\":\"https:\\\/\\\/fmpatagoniamadryn.com.ar\\\/?p=3412\",\"url\":\"https:\\\/\\\/fmpatagoniamadryn.com.ar\\\/?p=3412\",\"name\":\"Eliceche: \u201cNacho Torres siempre tirando piedras desde afuera, nunca proyectar\u201d - FM Patagonia Madryn\",\"isPartOf\":{\"@id\":\"https:\\\/\\\/fmpatagoniamadryn.com.ar\\\/#website\"},\"primaryImageOfPage\":{\"@id\":\"https:\\\/\\\/fmpatagoniamadryn.com.ar\\\/?p=3412#primaryimage\"},\"image\":{\"@id\":\"https:\\\/\\\/fmpatagoniamadryn.com.ar\\\/?p=3412#primaryimage\"},\"thumbnailUrl\":\"https:\\\/\\\/fmpatagoniamadryn.com.ar\\\/wp-content\\\/uploads\\\/2023\\\/06\\\/Carlos-Eliceche.jpg\",\"datePublished\":\"2023-06-12T00:12:32+00:00\",\"dateModified\":\"2023-06-12T00:12:46+00:00\",\"breadcrumb\":{\"@id\":\"https:\\\/\\\/fmpatagoniamadryn.com.ar\\\/?p=3412#breadcrumb\"},\"inLanguage\":\"es\",\"potentialAction\":[{\"@type\":\"ReadAction\",\"target\":[\"https:\\\/\\\/fmpatagoniamadryn.com.ar\\\/?p=3412\"]}]},{\"@type\":\"ImageObject\",\"inLanguage\":\"es\",\"@id\":\"https:\\\/\\\/fmpatagoniamadryn.com.ar\\\/?p=3412#primaryimage\",\"url\":\"https:\\\/\\\/fmpatagoniamadryn.com.ar\\\/wp-content\\\/uploads\\\/2023\\\/06\\\/Carlos-Eliceche.jpg\",\"contentUrl\":\"https:\\\/\\\/fmpatagoniamadryn.com.ar\\\/wp-content\\\/uploads\\\/2023\\\/06\\\/Carlos-Eliceche.jpg\",\"width\":600,\"height\":400},{\"@type\":\"BreadcrumbList\",\"@id\":\"https:\\\/\\\/fmpatagoniamadryn.com.ar\\\/?p=3412#breadcrumb\",\"itemListElement\":[{\"@type\":\"ListItem\",\"position\":1,\"name\":\"Portada\",\"item\":\"https:\\\/\\\/fmpatagoniamadryn.com.ar\\\/\"},{\"@type\":\"ListItem\",\"position\":2,\"name\":\"Eliceche: \u201cNacho Torres siempre tirando piedras desde afuera, nunca proyectar\u201d\"}]},{\"@type\":\"WebSite\",\"@id\":\"https:\\\/\\\/fmpatagoniamadryn.com.ar\\\/#website\",\"url\":\"https:\\\/\\\/fmpatagoniamadryn.com.ar\\\/\",\"name\":\"FM Patagonia Madryn\",\"description\":\"Radio Patagonia 105.5\",\"publisher\":{\"@id\":\"https:\\\/\\\/fmpatagoniamadryn.com.ar\\\/#organization\"},\"potentialAction\":[{\"@type\":\"SearchAction\",\"target\":{\"@type\":\"EntryPoint\",\"urlTemplate\":\"https:\\\/\\\/fmpatagoniamadryn.com.ar\\\/?s={search_term_string}\"},\"query-input\":{\"@type\":\"PropertyValueSpecification\",\"valueRequired\":true,\"valueName\":\"search_term_string\"}}],\"inLanguage\":\"es\"},{\"@type\":\"Organization\",\"@id\":\"https:\\\/\\\/fmpatagoniamadryn.com.ar\\\/#organization\",\"name\":\"FM Patagonia Madryn\",\"url\":\"https:\\\/\\\/fmpatagoniamadryn.com.ar\\\/\",\"logo\":{\"@type\":\"ImageObject\",\"inLanguage\":\"es\",\"@id\":\"https:\\\/\\\/fmpatagoniamadryn.com.ar\\\/#\\\/schema\\\/logo\\\/image\\\/\",\"url\":\"https:\\\/\\\/fmpatagoniamadryn.com.ar\\\/wp-content\\\/uploads\\\/2023\\\/01\\\/cropped-Diseno-sin-titulo.png\",\"contentUrl\":\"https:\\\/\\\/fmpatagoniamadryn.com.ar\\\/wp-content\\\/uploads\\\/2023\\\/01\\\/cropped-Diseno-sin-titulo.png\",\"width\":6911,\"height\":2657,\"caption\":\"FM Patagonia Madryn\"},\"image\":{\"@id\":\"https:\\\/\\\/fmpatagoniamadryn.com.ar\\\/#\\\/schema\\\/logo\\\/image\\\/\"}},{\"@type\":\"Person\",\"@id\":\"https:\\\/\\\/fmpatagoniamadryn.com.ar\\\/#\\\/schema\\\/person\\\/8a3de4ad7efceacab06c1641c50303b7\",\"name\":\"FM Patagonia\",\"url\":\"https:\\\/\\\/fmpatagoniamadryn.com.ar\\\/?author=2\"}]}<\/script>\n<!-- \/ Yoast SEO plugin. -->","yoast_head_json":{"title":"Eliceche: \u201cNacho Torres siempre tirando piedras desde afuera, nunca proyectar\u201d - FM Patagonia Madryn","robots":{"index":"index","follow":"follow","max-snippet":"max-snippet:-1","max-image-preview":"max-image-preview:large","max-video-preview":"max-video-preview:-1"},"canonical":"https:\/\/fmpatagoniamadryn.com.ar\/?p=3412","og_locale":"es_ES","og_type":"article","og_title":"Eliceche: \u201cNacho Torres siempre tirando piedras desde afuera, nunca proyectar\u201d - FM Patagonia Madryn","og_description":"El Diputado Provincial Carlos Eliceche sali\u00f3 al cruce de las declaraciones del candidato del PRO, Ignacio Torres, que desliz\u00f3 una suerte de \u201cayuda\u201d a Madryn desde la Provincia, y fue&hellip;","og_url":"https:\/\/fmpatagoniamadryn.com.ar\/?p=3412","og_site_name":"FM Patagonia Madryn","article_published_time":"2023-06-12T00:12:32+00:00","article_modified_time":"2023-06-12T00:12:46+00:00","og_image":[{"width":600,"height":400,"url":"https:\/\/fmpatagoniamadryn.com.ar\/wp-content\/uploads\/2023\/06\/Carlos-Eliceche.jpg","type":"image\/jpeg"}],"author":"FM Patagonia","twitter_card":"summary_large_image","twitter_misc":{"Escrito por":"FM Patagonia","Tiempo de lectura":"3 minutos"},"schema":{"@context":"https:\/\/schema.org","@graph":[{"@type":"Article","@id":"https:\/\/fmpatagoniamadryn.com.ar\/?p=3412#article","isPartOf":{"@id":"https:\/\/fmpatagoniamadryn.com.ar\/?p=3412"},"author":{"name":"FM Patagonia","@id":"https:\/\/fmpatagoniamadryn.com.ar\/#\/schema\/person\/8a3de4ad7efceacab06c1641c50303b7"},"headline":"Eliceche: \u201cNacho Torres siempre tirando piedras desde afuera, nunca proyectar\u201d","datePublished":"2023-06-12T00:12:32+00:00","dateModified":"2023-06-12T00:12:46+00:00","mainEntityOfPage":{"@id":"https:\/\/fmpatagoniamadryn.com.ar\/?p=3412"},"wordCount":574,"publisher":{"@id":"https:\/\/fmpatagoniamadryn.com.ar\/#organization"},"image":{"@id":"https:\/\/fmpatagoniamadryn.com.ar\/?p=3412#primaryimage"},"thumbnailUrl":"https:\/\/fmpatagoniamadryn.com.ar\/wp-content\/uploads\/2023\/06\/Carlos-Eliceche.jpg","articleSection":["Locales"],"inLanguage":"es"},{"@type":"WebPage","@id":"https:\/\/fmpatagoniamadryn.com.ar\/?p=3412","url":"https:\/\/fmpatagoniamadryn.com.ar\/?p=3412","name":"Eliceche: \u201cNacho Torres siempre tirando piedras desde afuera, nunca proyectar\u201d - FM Patagonia Madryn","isPartOf":{"@id":"https:\/\/fmpatagoniamadryn.com.ar\/#website"},"primaryImageOfPage":{"@id":"https:\/\/fmpatagoniamadryn.com.ar\/?p=3412#primaryimage"},"image":{"@id":"https:\/\/fmpatagoniamadryn.com.ar\/?p=3412#primaryimage"},"thumbnailUrl":"https:\/\/fmpatagoniamadryn.com.ar\/wp-content\/uploads\/2023\/06\/Carlos-Eliceche.jpg","datePublished":"2023-06-12T00:12:32+00:00","dateModified":"2023-06-12T00:12:46+00:00","breadcrumb":{"@id":"https:\/\/fmpatagoniamadryn.com.ar\/?p=3412#breadcrumb"},"inLanguage":"es","potentialAction":[{"@type":"ReadAction","target":["https:\/\/fmpatagoniamadryn.com.ar\/?p=3412"]}]},{"@type":"ImageObject","inLanguage":"es","@id":"https:\/\/fmpatagoniamadryn.com.ar\/?p=3412#primaryimage","url":"https:\/\/fmpatagoniamadryn.com.ar\/wp-content\/uploads\/2023\/06\/Carlos-Eliceche.jpg","contentUrl":"https:\/\/fmpatagoniamadryn.com.ar\/wp-content\/uploads\/2023\/06\/Carlos-Eliceche.jpg","width":600,"height":400},{"@type":"BreadcrumbList","@id":"https:\/\/fmpatagoniamadryn.com.ar\/?p=3412#breadcrumb","itemListElement":[{"@type":"ListItem","position":1,"name":"Portada","item":"https:\/\/fmpatagoniamadryn.com.ar\/"},{"@type":"ListItem","position":2,"name":"Eliceche: \u201cNacho Torres siempre tirando piedras desde afuera, nunca proyectar\u201d"}]},{"@type":"WebSite","@id":"https:\/\/fmpatagoniamadryn.com.ar\/#website","url":"https:\/\/fmpatagoniamadryn.com.ar\/","name":"FM Patagonia Madryn","description":"Radio Patagonia 105.5","publisher":{"@id":"https:\/\/fmpatagoniamadryn.com.ar\/#organization"},"potentialAction":[{"@type":"SearchAction","target":{"@type":"EntryPoint","urlTemplate":"https:\/\/fmpatagoniamadryn.com.ar\/?s={search_term_string}"},"query-input":{"@type":"PropertyValueSpecification","valueRequired":true,"valueName":"search_term_string"}}],"inLanguage":"es"},{"@type":"Organization","@id":"https:\/\/fmpatagoniamadryn.com.ar\/#organization","name":"FM Patagonia Madryn","url":"https:\/\/fmpatagoniamadryn.com.ar\/","logo":{"@type":"ImageObject","inLanguage":"es","@id":"https:\/\/fmpatagoniamadryn.com.ar\/#\/schema\/logo\/image\/","url":"https:\/\/fmpatagoniamadryn.com.ar\/wp-content\/uploads\/2023\/01\/cropped-Diseno-sin-titulo.png","contentUrl":"https:\/\/fmpatagoniamadryn.com.ar\/wp-content\/uploads\/2023\/01\/cropped-Diseno-sin-titulo.png","width":6911,"height":2657,"caption":"FM Patagonia Madryn"},"image":{"@id":"https:\/\/fmpatagoniamadryn.com.ar\/#\/schema\/logo\/image\/"}},{"@type":"Person","@id":"https:\/\/fmpatagoniamadryn.com.ar\/#\/schema\/person\/8a3de4ad7efceacab06c1641c50303b7","name":"FM Patagonia","url":"https:\/\/fmpatagoniamadryn.com.ar\/?author=2"}]}},"jetpack_featured_media_url":"https:\/\/fmpatagoniamadryn.com.ar\/wp-content\/uploads\/2023\/06\/Carlos-Eliceche.jpg","_links":{"self":[{"href":"https:\/\/fmpatagoniamadryn.com.ar\/index.php?rest_route=\/wp\/v2\/posts\/3412","targetHints":{"allow":["GET"]}}],"collection":[{"href":"https:\/\/fmpatagoniamadryn.com.ar\/index.php?rest_route=\/wp\/v2\/posts"}],"about":[{"href":"https:\/\/fmpatagoniamadryn.com.ar\/index.php?rest_route=\/wp\/v2\/types\/post"}],"author":[{"embeddable":true,"href":"https:\/\/fmpatagoniamadryn.com.ar\/index.php?rest_route=\/wp\/v2\/users\/2"}],"replies":[{"embeddable":true,"href":"https:\/\/fmpatagoniamadryn.com.ar\/index.php?rest_route=%2Fwp%2Fv2%2Fcomments&post=3412"}],"version-history":[{"count":1,"href":"https:\/\/fmpatagoniamadryn.com.ar\/index.php?rest_route=\/wp\/v2\/posts\/3412\/revisions"}],"predecessor-version":[{"id":3413,"href":"https:\/\/fmpatagoniamadryn.com.ar\/index.php?rest_route=\/wp\/v2\/posts\/3412\/revisions\/3413"}],"wp:featuredmedia":[{"embeddable":true,"href":"https:\/\/fmpatagoniamadryn.com.ar\/index.php?rest_route=\/wp\/v2\/media\/3411"}],"wp:attachment":[{"href":"https:\/\/fmpatagoniamadryn.com.ar\/index.php?rest_route=%2Fwp%2Fv2%2Fmedia&parent=3412"}],"wp:term":[{"taxonomy":"category","embeddable":true,"href":"https:\/\/fmpatagoniamadryn.com.ar\/index.php?rest_route=%2Fwp%2Fv2%2Fcategories&post=3412"},{"taxonomy":"post_tag","embeddable":true,"href":"https:\/\/fmpatagoniamadryn.com.ar\/index.php?rest_route=%2Fwp%2Fv2%2Ftags&post=3412"}],"curies":[{"name":"wp","href":"https:\/\/api.w.org\/{rel}","templated":true}]}}