{"id":3415,"date":"2023-06-12T11:09:02","date_gmt":"2023-06-12T14:09:02","guid":{"rendered":"https:\/\/fmpatagoniamadryn.com.ar\/?p=3415"},"modified":"2023-06-12T11:09:14","modified_gmt":"2023-06-12T14:09:14","slug":"ley-micaela-provincia-continua-capacitando-al-personal-de-la-administracion-publica-en-perspectiva-de-genero","status":"publish","type":"post","link":"https:\/\/fmpatagoniamadryn.com.ar\/?p=3415","title":{"rendered":"Ley Micaela: Provincia contin\u00faa capacitando al personal de la Administraci\u00f3n P\u00fablica en perspectiva de g\u00e9nero"},"content":{"rendered":"\n<p>En esta oportunidad, el Ministerio de Seguridad lleva adelante una primera etapa que incluye a los trabajadores que cumplen funciones en el organismo para que fortalezcan una posici\u00f3n enfocada en el respeto, la tolerancia y la convivencia en cada uno de los \u00e1mbitos sociales e institucionales. <br><br>El Gobierno de la Provincia, a trav\u00e9s de la Subsecretar\u00eda de Prevenci\u00f3n y Participaci\u00f3n Comunitaria del Ministerio de Seguridad, lleva adelante la primera \u2018Jornada de Capacitaci\u00f3n para una Perspectiva de G\u00e9nero en Seguridad\u2019. <br><br>La capacitaci\u00f3n tiene el objetivo de garantizar la formaci\u00f3n, capacitaci\u00f3n y sensibilizaci\u00f3n en perspectiva de g\u00e9nero para los empleados que cumplen tareas en diversas dependencias internas acorde a los alcances de la ley 27.499 de \u201cCapacitaci\u00f3n Obligatoria en Perspectiva de G\u00e9nero \u201cMicaela Garc\u00eda\u201d. <br><br>El acto de apertura cont\u00f3 con la presencia de la subsecretaria de Prevenci\u00f3n y Participaci\u00f3n Comunitaria, Sandra Mu\u00f1oz, la directora general de Prevenci\u00f3n Comunitaria, Valeria Arrazate, junto con los equipos de trabajo que realizan actividades permanentes en terreno. <br><br>La capacitaci\u00f3n estuvo a cargo de Ana S\u00e1ez y de Mariel P\u00edriz de los equipos T\u00e9cnicos y Territoriales, lo que les permite tener un conocimiento directo de las situaciones que resultan valiosas al momento de planificar acciones que sean adecuadas y pertinentes acorde a las caracter\u00edsticas de las comunidades con las que se interact\u00faa. <br><br>Estas instancias de formaci\u00f3n se conciben dentro del \u2018Plan de Capacitaci\u00f3n Policial 2023\u2019 que promueve una perspectiva de g\u00e9nero para los trabajadores del Ministerio que se vincula org\u00e1nicamente con las capacitaciones realizadas por la \u2018Fundaci\u00f3n Micaela Garc\u00eda\u2019 que cuenta con el aval de la Subsecretar\u00eda de Derechos Humanos y la Subsecretar\u00eda de G\u00e9nero y Diversidades de la Provincia de Chubut. <br><br>Objetivos de las capacitaciones <br><br>La \u2018Ley Micaela\u2019 establece la capacitaci\u00f3n de car\u00e1cter obligatoria para los funcionarios p\u00fablicos en tem\u00e1ticas de g\u00e9nero acorde a las din\u00e1micas propias de las \u00e1reas de formaci\u00f3n de cada organismo. <br><br>Dentro de los objetivos espec\u00edficos trazados, las funcionarias del Ministerio de Seguridad, explicaron que se apunta a promover mayores niveles de igualdad y equidad en materia de perspectiva de g\u00e9nero, poder observar las tareas habituales desde un enfoque que permita abordar las problem\u00e1ticas de violencia de g\u00e9nero desde un conocimiento formado, profesional y consciente con el principal prop\u00f3sito de prevenir situaciones de una mayor complejidad y riesgo social. <br><br>La perspectiva de g\u00e9nero en seguridad es fundamental para prevenir, cuidar, asesorar, informar y erradicar la violencia de g\u00e9nero en todas sus formas para cultivar el respeto de los derechos de las mujeres y de las diversidades en todas sus dimensiones de la vida social, agregaron las capacitadoras. <br><br>Se plantea el desarrollo de las jornadas como un punto de partida para un camino de transformaci\u00f3n integral y una forma de deconstruir creencias, prejuicios y estereotipos que motorizan distintos grados de violencia que generaron consecuencias graves y lamentables en la sociedad. <br><br>Seg\u00fan lo informado desde el Ministerio de Seguridad las jornadas se van a extender en los pr\u00f3ximos d\u00edas en distintas ciudades del VIRCh. A fin de mes se llevar\u00e1n a cabo m\u00e1s capacitaciones para sumar a la mayor cantidad de empleados civiles y con estado policial para multiplicar estos contenidos y garantizar su inserci\u00f3n como una pol\u00edtica p\u00fablica para que logre consolidarse.<\/p>\n","protected":false},"excerpt":{"rendered":"<p>En esta oportunidad, el Ministerio de Seguridad lleva adelante una primera etapa que incluye a los trabajadores que cumplen funciones en el organismo para que fortalezcan una posici\u00f3n enfocada en&hellip; <\/p>\n","protected":false},"author":3,"featured_media":3414,"comment_status":"closed","ping_status":"closed","sticky":false,"template":"","format":"standard","meta":{"footnotes":""},"categories":[14],"tags":[],"class_list":["post-3415","post","type-post","status-publish","format-standard","has-post-thumbnail","hentry","category-provinciales"],"yoast_head":"<!-- This site is optimized with the Yoast SEO plugin v27.4 - https:\/\/yoast.com\/product\/yoast-seo-wordpress\/ -->\n<title>Ley Micaela: Provincia contin\u00faa capacitando al personal de la Administraci\u00f3n P\u00fablica en perspectiva de g\u00e9nero - FM Patagonia Madryn<\/title>\n<meta name=\"robots\" content=\"index, follow, max-snippet:-1, max-image-preview:large, max-video-preview:-1\" \/>\n<link rel=\"canonical\" href=\"https:\/\/fmpatagoniamadryn.com.ar\/?p=3415\" \/>\n<meta property=\"og:locale\" content=\"es_ES\" \/>\n<meta property=\"og:type\" content=\"article\" \/>\n<meta property=\"og:title\" content=\"Ley Micaela: Provincia contin\u00faa capacitando al personal de la Administraci\u00f3n P\u00fablica en perspectiva de g\u00e9nero - FM Patagonia Madryn\" \/>\n<meta property=\"og:description\" content=\"En esta oportunidad, el Ministerio de Seguridad lleva adelante una primera etapa que incluye a los trabajadores que cumplen funciones en el organismo para que fortalezcan una posici\u00f3n enfocada en&hellip;\" \/>\n<meta property=\"og:url\" content=\"https:\/\/fmpatagoniamadryn.com.ar\/?p=3415\" \/>\n<meta property=\"og:site_name\" content=\"FM Patagonia Madryn\" \/>\n<meta property=\"article:published_time\" content=\"2023-06-12T14:09:02+00:00\" \/>\n<meta property=\"article:modified_time\" content=\"2023-06-12T14:09:14+00:00\" \/>\n<meta property=\"og:image\" content=\"https:\/\/fmpatagoniamadryn.com.ar\/wp-content\/uploads\/2023\/06\/8-6-Ministerio-de-Seguridad-Ley-Micaela-2.jpeg\" \/>\n\t<meta property=\"og:image:width\" content=\"1207\" \/>\n\t<meta property=\"og:image:height\" content=\"740\" \/>\n\t<meta property=\"og:image:type\" content=\"image\/jpeg\" \/>\n<meta name=\"author\" content=\"FM Patagonia\" \/>\n<meta name=\"twitter:card\" content=\"summary_large_image\" \/>\n<meta name=\"twitter:label1\" content=\"Escrito por\" \/>\n\t<meta name=\"twitter:data1\" content=\"FM Patagonia\" \/>\n\t<meta name=\"twitter:label2\" content=\"Tiempo de lectura\" \/>\n\t<meta name=\"twitter:data2\" content=\"3 minutos\" \/>\n<script type=\"application\/ld+json\" class=\"yoast-schema-graph\">{\"@context\":\"https:\\\/\\\/schema.org\",\"@graph\":[{\"@type\":\"Article\",\"@id\":\"https:\\\/\\\/fmpatagoniamadryn.com.ar\\\/?p=3415#article\",\"isPartOf\":{\"@id\":\"https:\\\/\\\/fmpatagoniamadryn.com.ar\\\/?p=3415\"},\"author\":{\"name\":\"FM Patagonia\",\"@id\":\"https:\\\/\\\/fmpatagoniamadryn.com.ar\\\/#\\\/schema\\\/person\\\/1d968ec613613768e14b4e6420a2b125\"},\"headline\":\"Ley Micaela: Provincia contin\u00faa capacitando al personal de la Administraci\u00f3n P\u00fablica en perspectiva de g\u00e9nero\",\"datePublished\":\"2023-06-12T14:09:02+00:00\",\"dateModified\":\"2023-06-12T14:09:14+00:00\",\"mainEntityOfPage\":{\"@id\":\"https:\\\/\\\/fmpatagoniamadryn.com.ar\\\/?p=3415\"},\"wordCount\":602,\"publisher\":{\"@id\":\"https:\\\/\\\/fmpatagoniamadryn.com.ar\\\/#organization\"},\"image\":{\"@id\":\"https:\\\/\\\/fmpatagoniamadryn.com.ar\\\/?p=3415#primaryimage\"},\"thumbnailUrl\":\"https:\\\/\\\/fmpatagoniamadryn.com.ar\\\/wp-content\\\/uploads\\\/2023\\\/06\\\/8-6-Ministerio-de-Seguridad-Ley-Micaela-2.jpeg\",\"articleSection\":[\"Provinciales\"],\"inLanguage\":\"es\"},{\"@type\":\"WebPage\",\"@id\":\"https:\\\/\\\/fmpatagoniamadryn.com.ar\\\/?p=3415\",\"url\":\"https:\\\/\\\/fmpatagoniamadryn.com.ar\\\/?p=3415\",\"name\":\"Ley Micaela: Provincia contin\u00faa capacitando al personal de la Administraci\u00f3n P\u00fablica en perspectiva de g\u00e9nero - FM Patagonia Madryn\",\"isPartOf\":{\"@id\":\"https:\\\/\\\/fmpatagoniamadryn.com.ar\\\/#website\"},\"primaryImageOfPage\":{\"@id\":\"https:\\\/\\\/fmpatagoniamadryn.com.ar\\\/?p=3415#primaryimage\"},\"image\":{\"@id\":\"https:\\\/\\\/fmpatagoniamadryn.com.ar\\\/?p=3415#primaryimage\"},\"thumbnailUrl\":\"https:\\\/\\\/fmpatagoniamadryn.com.ar\\\/wp-content\\\/uploads\\\/2023\\\/06\\\/8-6-Ministerio-de-Seguridad-Ley-Micaela-2.jpeg\",\"datePublished\":\"2023-06-12T14:09:02+00:00\",\"dateModified\":\"2023-06-12T14:09:14+00:00\",\"breadcrumb\":{\"@id\":\"https:\\\/\\\/fmpatagoniamadryn.com.ar\\\/?p=3415#breadcrumb\"},\"inLanguage\":\"es\",\"potentialAction\":[{\"@type\":\"ReadAction\",\"target\":[\"https:\\\/\\\/fmpatagoniamadryn.com.ar\\\/?p=3415\"]}]},{\"@type\":\"ImageObject\",\"inLanguage\":\"es\",\"@id\":\"https:\\\/\\\/fmpatagoniamadryn.com.ar\\\/?p=3415#primaryimage\",\"url\":\"https:\\\/\\\/fmpatagoniamadryn.com.ar\\\/wp-content\\\/uploads\\\/2023\\\/06\\\/8-6-Ministerio-de-Seguridad-Ley-Micaela-2.jpeg\",\"contentUrl\":\"https:\\\/\\\/fmpatagoniamadryn.com.ar\\\/wp-content\\\/uploads\\\/2023\\\/06\\\/8-6-Ministerio-de-Seguridad-Ley-Micaela-2.jpeg\",\"width\":1207,\"height\":740},{\"@type\":\"BreadcrumbList\",\"@id\":\"https:\\\/\\\/fmpatagoniamadryn.com.ar\\\/?p=3415#breadcrumb\",\"itemListElement\":[{\"@type\":\"ListItem\",\"position\":1,\"name\":\"Portada\",\"item\":\"https:\\\/\\\/fmpatagoniamadryn.com.ar\\\/\"},{\"@type\":\"ListItem\",\"position\":2,\"name\":\"Ley Micaela: Provincia contin\u00faa capacitando al personal de la Administraci\u00f3n P\u00fablica en perspectiva de g\u00e9nero\"}]},{\"@type\":\"WebSite\",\"@id\":\"https:\\\/\\\/fmpatagoniamadryn.com.ar\\\/#website\",\"url\":\"https:\\\/\\\/fmpatagoniamadryn.com.ar\\\/\",\"name\":\"FM Patagonia Madryn\",\"description\":\"Radio Patagonia 105.5\",\"publisher\":{\"@id\":\"https:\\\/\\\/fmpatagoniamadryn.com.ar\\\/#organization\"},\"potentialAction\":[{\"@type\":\"SearchAction\",\"target\":{\"@type\":\"EntryPoint\",\"urlTemplate\":\"https:\\\/\\\/fmpatagoniamadryn.com.ar\\\/?s={search_term_string}\"},\"query-input\":{\"@type\":\"PropertyValueSpecification\",\"valueRequired\":true,\"valueName\":\"search_term_string\"}}],\"inLanguage\":\"es\"},{\"@type\":\"Organization\",\"@id\":\"https:\\\/\\\/fmpatagoniamadryn.com.ar\\\/#organization\",\"name\":\"FM Patagonia Madryn\",\"url\":\"https:\\\/\\\/fmpatagoniamadryn.com.ar\\\/\",\"logo\":{\"@type\":\"ImageObject\",\"inLanguage\":\"es\",\"@id\":\"https:\\\/\\\/fmpatagoniamadryn.com.ar\\\/#\\\/schema\\\/logo\\\/image\\\/\",\"url\":\"https:\\\/\\\/fmpatagoniamadryn.com.ar\\\/wp-content\\\/uploads\\\/2023\\\/01\\\/cropped-Diseno-sin-titulo.png\",\"contentUrl\":\"https:\\\/\\\/fmpatagoniamadryn.com.ar\\\/wp-content\\\/uploads\\\/2023\\\/01\\\/cropped-Diseno-sin-titulo.png\",\"width\":6911,\"height\":2657,\"caption\":\"FM Patagonia Madryn\"},\"image\":{\"@id\":\"https:\\\/\\\/fmpatagoniamadryn.com.ar\\\/#\\\/schema\\\/logo\\\/image\\\/\"}},{\"@type\":\"Person\",\"@id\":\"https:\\\/\\\/fmpatagoniamadryn.com.ar\\\/#\\\/schema\\\/person\\\/1d968ec613613768e14b4e6420a2b125\",\"name\":\"FM Patagonia\",\"url\":\"https:\\\/\\\/fmpatagoniamadryn.com.ar\\\/?author=3\"}]}<\/script>\n<!-- \/ Yoast SEO plugin. -->","yoast_head_json":{"title":"Ley Micaela: Provincia contin\u00faa capacitando al personal de la Administraci\u00f3n P\u00fablica en perspectiva de g\u00e9nero - FM Patagonia Madryn","robots":{"index":"index","follow":"follow","max-snippet":"max-snippet:-1","max-image-preview":"max-image-preview:large","max-video-preview":"max-video-preview:-1"},"canonical":"https:\/\/fmpatagoniamadryn.com.ar\/?p=3415","og_locale":"es_ES","og_type":"article","og_title":"Ley Micaela: Provincia contin\u00faa capacitando al personal de la Administraci\u00f3n P\u00fablica en perspectiva de g\u00e9nero - FM Patagonia Madryn","og_description":"En esta oportunidad, el Ministerio de Seguridad lleva adelante una primera etapa que incluye a los trabajadores que cumplen funciones en el organismo para que fortalezcan una posici\u00f3n enfocada en&hellip;","og_url":"https:\/\/fmpatagoniamadryn.com.ar\/?p=3415","og_site_name":"FM Patagonia Madryn","article_published_time":"2023-06-12T14:09:02+00:00","article_modified_time":"2023-06-12T14:09:14+00:00","og_image":[{"width":1207,"height":740,"url":"https:\/\/fmpatagoniamadryn.com.ar\/wp-content\/uploads\/2023\/06\/8-6-Ministerio-de-Seguridad-Ley-Micaela-2.jpeg","type":"image\/jpeg"}],"author":"FM Patagonia","twitter_card":"summary_large_image","twitter_misc":{"Escrito por":"FM Patagonia","Tiempo de lectura":"3 minutos"},"schema":{"@context":"https:\/\/schema.org","@graph":[{"@type":"Article","@id":"https:\/\/fmpatagoniamadryn.com.ar\/?p=3415#article","isPartOf":{"@id":"https:\/\/fmpatagoniamadryn.com.ar\/?p=3415"},"author":{"name":"FM Patagonia","@id":"https:\/\/fmpatagoniamadryn.com.ar\/#\/schema\/person\/1d968ec613613768e14b4e6420a2b125"},"headline":"Ley Micaela: Provincia contin\u00faa capacitando al personal de la Administraci\u00f3n P\u00fablica en perspectiva de g\u00e9nero","datePublished":"2023-06-12T14:09:02+00:00","dateModified":"2023-06-12T14:09:14+00:00","mainEntityOfPage":{"@id":"https:\/\/fmpatagoniamadryn.com.ar\/?p=3415"},"wordCount":602,"publisher":{"@id":"https:\/\/fmpatagoniamadryn.com.ar\/#organization"},"image":{"@id":"https:\/\/fmpatagoniamadryn.com.ar\/?p=3415#primaryimage"},"thumbnailUrl":"https:\/\/fmpatagoniamadryn.com.ar\/wp-content\/uploads\/2023\/06\/8-6-Ministerio-de-Seguridad-Ley-Micaela-2.jpeg","articleSection":["Provinciales"],"inLanguage":"es"},{"@type":"WebPage","@id":"https:\/\/fmpatagoniamadryn.com.ar\/?p=3415","url":"https:\/\/fmpatagoniamadryn.com.ar\/?p=3415","name":"Ley Micaela: Provincia contin\u00faa capacitando al personal de la Administraci\u00f3n P\u00fablica en perspectiva de g\u00e9nero - FM Patagonia Madryn","isPartOf":{"@id":"https:\/\/fmpatagoniamadryn.com.ar\/#website"},"primaryImageOfPage":{"@id":"https:\/\/fmpatagoniamadryn.com.ar\/?p=3415#primaryimage"},"image":{"@id":"https:\/\/fmpatagoniamadryn.com.ar\/?p=3415#primaryimage"},"thumbnailUrl":"https:\/\/fmpatagoniamadryn.com.ar\/wp-content\/uploads\/2023\/06\/8-6-Ministerio-de-Seguridad-Ley-Micaela-2.jpeg","datePublished":"2023-06-12T14:09:02+00:00","dateModified":"2023-06-12T14:09:14+00:00","breadcrumb":{"@id":"https:\/\/fmpatagoniamadryn.com.ar\/?p=3415#breadcrumb"},"inLanguage":"es","potentialAction":[{"@type":"ReadAction","target":["https:\/\/fmpatagoniamadryn.com.ar\/?p=3415"]}]},{"@type":"ImageObject","inLanguage":"es","@id":"https:\/\/fmpatagoniamadryn.com.ar\/?p=3415#primaryimage","url":"https:\/\/fmpatagoniamadryn.com.ar\/wp-content\/uploads\/2023\/06\/8-6-Ministerio-de-Seguridad-Ley-Micaela-2.jpeg","contentUrl":"https:\/\/fmpatagoniamadryn.com.ar\/wp-content\/uploads\/2023\/06\/8-6-Ministerio-de-Seguridad-Ley-Micaela-2.jpeg","width":1207,"height":740},{"@type":"BreadcrumbList","@id":"https:\/\/fmpatagoniamadryn.com.ar\/?p=3415#breadcrumb","itemListElement":[{"@type":"ListItem","position":1,"name":"Portada","item":"https:\/\/fmpatagoniamadryn.com.ar\/"},{"@type":"ListItem","position":2,"name":"Ley Micaela: Provincia contin\u00faa capacitando al personal de la Administraci\u00f3n P\u00fablica en perspectiva de g\u00e9nero"}]},{"@type":"WebSite","@id":"https:\/\/fmpatagoniamadryn.com.ar\/#website","url":"https:\/\/fmpatagoniamadryn.com.ar\/","name":"FM Patagonia Madryn","description":"Radio Patagonia 105.5","publisher":{"@id":"https:\/\/fmpatagoniamadryn.com.ar\/#organization"},"potentialAction":[{"@type":"SearchAction","target":{"@type":"EntryPoint","urlTemplate":"https:\/\/fmpatagoniamadryn.com.ar\/?s={search_term_string}"},"query-input":{"@type":"PropertyValueSpecification","valueRequired":true,"valueName":"search_term_string"}}],"inLanguage":"es"},{"@type":"Organization","@id":"https:\/\/fmpatagoniamadryn.com.ar\/#organization","name":"FM Patagonia Madryn","url":"https:\/\/fmpatagoniamadryn.com.ar\/","logo":{"@type":"ImageObject","inLanguage":"es","@id":"https:\/\/fmpatagoniamadryn.com.ar\/#\/schema\/logo\/image\/","url":"https:\/\/fmpatagoniamadryn.com.ar\/wp-content\/uploads\/2023\/01\/cropped-Diseno-sin-titulo.png","contentUrl":"https:\/\/fmpatagoniamadryn.com.ar\/wp-content\/uploads\/2023\/01\/cropped-Diseno-sin-titulo.png","width":6911,"height":2657,"caption":"FM Patagonia Madryn"},"image":{"@id":"https:\/\/fmpatagoniamadryn.com.ar\/#\/schema\/logo\/image\/"}},{"@type":"Person","@id":"https:\/\/fmpatagoniamadryn.com.ar\/#\/schema\/person\/1d968ec613613768e14b4e6420a2b125","name":"FM Patagonia","url":"https:\/\/fmpatagoniamadryn.com.ar\/?author=3"}]}},"jetpack_featured_media_url":"https:\/\/fmpatagoniamadryn.com.ar\/wp-content\/uploads\/2023\/06\/8-6-Ministerio-de-Seguridad-Ley-Micaela-2.jpeg","_links":{"self":[{"href":"https:\/\/fmpatagoniamadryn.com.ar\/index.php?rest_route=\/wp\/v2\/posts\/3415","targetHints":{"allow":["GET"]}}],"collection":[{"href":"https:\/\/fmpatagoniamadryn.com.ar\/index.php?rest_route=\/wp\/v2\/posts"}],"about":[{"href":"https:\/\/fmpatagoniamadryn.com.ar\/index.php?rest_route=\/wp\/v2\/types\/post"}],"author":[{"embeddable":true,"href":"https:\/\/fmpatagoniamadryn.com.ar\/index.php?rest_route=\/wp\/v2\/users\/3"}],"replies":[{"embeddable":true,"href":"https:\/\/fmpatagoniamadryn.com.ar\/index.php?rest_route=%2Fwp%2Fv2%2Fcomments&post=3415"}],"version-history":[{"count":1,"href":"https:\/\/fmpatagoniamadryn.com.ar\/index.php?rest_route=\/wp\/v2\/posts\/3415\/revisions"}],"predecessor-version":[{"id":3416,"href":"https:\/\/fmpatagoniamadryn.com.ar\/index.php?rest_route=\/wp\/v2\/posts\/3415\/revisions\/3416"}],"wp:featuredmedia":[{"embeddable":true,"href":"https:\/\/fmpatagoniamadryn.com.ar\/index.php?rest_route=\/wp\/v2\/media\/3414"}],"wp:attachment":[{"href":"https:\/\/fmpatagoniamadryn.com.ar\/index.php?rest_route=%2Fwp%2Fv2%2Fmedia&parent=3415"}],"wp:term":[{"taxonomy":"category","embeddable":true,"href":"https:\/\/fmpatagoniamadryn.com.ar\/index.php?rest_route=%2Fwp%2Fv2%2Fcategories&post=3415"},{"taxonomy":"post_tag","embeddable":true,"href":"https:\/\/fmpatagoniamadryn.com.ar\/index.php?rest_route=%2Fwp%2Fv2%2Ftags&post=3415"}],"curies":[{"name":"wp","href":"https:\/\/api.w.org\/{rel}","templated":true}]}}