{"id":3418,"date":"2023-06-12T11:09:41","date_gmt":"2023-06-12T14:09:41","guid":{"rendered":"https:\/\/fmpatagoniamadryn.com.ar\/?p=3418"},"modified":"2023-06-12T11:09:52","modified_gmt":"2023-06-12T14:09:52","slug":"con-una-amplia-agenda-de-actividades-chubut-promociona-la-semana-de-las-ballenas","status":"publish","type":"post","link":"https:\/\/fmpatagoniamadryn.com.ar\/?p=3418","title":{"rendered":"Con una amplia agenda de actividades, Chubut promociona la Semana de las Ballenas"},"content":{"rendered":"\n<p>Ser\u00e1 en el marco de la Temporada de Ballenas 2023 del 15 al 22 de junio, y contar\u00e1 con actividades promocionales y educativas. La actividad fue distinguida con el Sello Marca Pa\u00eds.<br><br>El Gobierno Provincial, a trav\u00e9s del Ministerio de Turismo y \u00c1reas Protegidas y la Agencia Chubut Turismo, junto con los municipios de la Comarca VIRCh-Vald\u00e9s organiz\u00f3 diversas actividades promocionales bajo el lema de \u201cSemana de las Ballenas en Chubut\u201d.<br><br>La Semana de las Ballenas 2023 comenzar\u00e1 el 15 de junio en un acto a realizarse en el Hotel Rayentray de Puerto Madryn con la presencia de autoridades nacionales, provinciales, del sector tur\u00edstico y comunidad en general.<br><br>All\u00ed se distinguir\u00e1 con el sello de Marca Pa\u00eds a la \u201cSemana de las Ballenas en Chubut\u201d, se entregar\u00e1n placas de Directrices de Calidad del Ministerio de Turismo y Deportes de la Naci\u00f3n y se firmar\u00e1n convenios y adhesiones a programas provinciales.<br><br>En este marco se desarrollar\u00e1 en el Ecocentro Pampa Azul el Foro \u201cVisit Argentina Connect\u201d impulsado por el Instituto Nacional de Promoci\u00f3n Tur\u00edstica, INPROTUR, y la C\u00e1mara Argentina de Turismo,CAT, destinado al sector tur\u00edstico para compartir experiencias, estrategias y aportes de la promoci\u00f3n tur\u00edstica de Argentina en el exterior, as\u00ed como tambi\u00e9n para fortalecer la participaci\u00f3n.<br><br>Cronograma de actividades<br><br>Desde el 15 y hasta el 22 de junio estar\u00e1 abierta al p\u00fablico, en Puerto Pir\u00e1mides, la muestra fotogr\u00e1fica \u201cFot\u00f3grafos de Naturaleza de Puerto Pir\u00e1mides\u201d en el Sal\u00f3n Municipal \u201cLa Nona\u201d. Adem\u00e1s \u201cPuerto Pir\u00e1mides recibe a las Ballenas\u201d es una actividad que organiza el Municipio de Puerto Pir\u00e1mides en la que las empresas de avistaje invitan a la comunidad a subirse a bordo para realizar el avistaje inaugural de la Temporada.<br><br>En tanto que en Trelew se ofrecer\u00e1 una muestra fotogr\u00e1fica y actividades de concientizaci\u00f3n, difusi\u00f3n y prensa a trav\u00e9s de redes y medios locales.<br><br>El viernes 16 a las 16.30 se brindar\u00e1 la charla gratuita \u00abDe la lente al oc\u00e9ano: fotos que revelan historias de ballenas\u00bb a cargo de los bi\u00f3logos Nicol\u00e1s Lewin y Camila Mu\u00f1oz Moreda, investigadores del Instituto de Conservaci\u00f3n de Ballenas, ICB, en el Teatro del Muelle de Puerto Madryn.<br><br>Asimismo, el s\u00e1bado 17 a las 17 se llevar\u00e1 a cabo en el Sal\u00f3n Municipal \u201cLa Nona\u201d de Puerto Pir\u00e1mides la charla \u201cAumento de la poblaci\u00f3n de la Ballena Franca Austral y respuestas denso-dependientes en el Atl\u00e1ntico Sur en el contexto de cambio clim\u00e1tico\u201d a cargo del Dr. Enrique Crespo, investigador superior del Consejo Nacional de Investigaciones Cient\u00edficas y T\u00e9cnicas, CONICET, y part\u00edcipe del Comit\u00e9 Cient\u00edfico de la Comisi\u00f3n Ballenera Internacional. El mismo d\u00eda a las 19 se realizar\u00e1 un \u00e1gape de apertura en el Restaurante \u201cLa Covacha\u201d de Puerto Pir\u00e1mides.<br><br>Dentro de las actividades promocionales llevadas adelante por el Ministerio de Turismo y \u00c1reas Protegidas y la Agencia Chubut Turismo se realizar\u00e1 un Press Trip local y uno nacional, con la presencia de periodistas que difundir\u00e1n el atractivo y la Temporada de Ballenas 2023 en diversos medios.<br><br>Asimismo, durante toda la semana se podr\u00e1 participar de un sorteo especial con vouchers, productos y servicios de la Comarca Pen\u00ednsula Vald\u00e9s y el Valle Inferior del R\u00edo Chubut.<br><br>Marca Pa\u00eds<br><br>La \u201cSemana de las Ballenas en Chubut\u201d fue distinguida con el Sello Marca Pa\u00eds, una pol\u00edtica de Estado que busca posicionar a la Argentina en el contexto internacional mediante sus factores diferenciales, sus tradiciones, su cultura y sus productos.<br><br>Marca Pa\u00eds busca robustecer e incrementar la competitividad nacional. Posiciona a Argentina en el mundo destacando aspectos que permiten el aumento de la competitividad en el escenario internacional, dando a conocer productos y valores asociados. De esta forma, se pretende atraer la inversi\u00f3n extranjera directa y generar un mayor flujo e impulso del sector tur\u00edstico y de las exportaciones.<br><br>Sobre el avistaje de ballenas<br><br>La ballena franca austral se puede avistar desde las costas del Golfo Nuevo en lugares estrat\u00e9gicos como el \u00c1rea Protegida El Doradillo; el avistaje de ballenas embarcado se realiza \u00fanicamente desde Puerto Pir\u00e1mides entre junio y diciembre.<br><br>La actividad comenz\u00f3 a formalizarse institucionalmente como un atractivo tur\u00edstico cuando se aprob\u00f3 la Ley Provincial XI-4 que dio origen a la regulaci\u00f3n de la prestaci\u00f3n de este servicio. S\u00f3lo las empresas debidamente autorizadas pueden realizar actividades de avistaje de ballenas en las costas y mares de jurisdicci\u00f3n provincial.                                                                          <\/p>\n","protected":false},"excerpt":{"rendered":"<p>Ser\u00e1 en el marco de la Temporada de Ballenas 2023 del 15 al 22 de junio, y contar\u00e1 con actividades promocionales y educativas. La actividad fue distinguida con el Sello&hellip; <\/p>\n","protected":false},"author":3,"featured_media":3417,"comment_status":"closed","ping_status":"closed","sticky":false,"template":"","format":"standard","meta":{"footnotes":""},"categories":[15],"tags":[],"class_list":["post-3418","post","type-post","status-publish","format-standard","has-post-thumbnail","hentry","category-locales"],"yoast_head":"<!-- This site is optimized with the Yoast SEO plugin v27.4 - https:\/\/yoast.com\/product\/yoast-seo-wordpress\/ -->\n<title>Con una amplia agenda de actividades, Chubut promociona la Semana de las Ballenas - FM Patagonia Madryn<\/title>\n<meta name=\"robots\" content=\"index, follow, max-snippet:-1, max-image-preview:large, max-video-preview:-1\" \/>\n<link rel=\"canonical\" href=\"https:\/\/fmpatagoniamadryn.com.ar\/?p=3418\" \/>\n<meta property=\"og:locale\" content=\"es_ES\" \/>\n<meta property=\"og:type\" content=\"article\" \/>\n<meta property=\"og:title\" content=\"Con una amplia agenda de actividades, Chubut promociona la Semana de las Ballenas - FM Patagonia Madryn\" \/>\n<meta property=\"og:description\" content=\"Ser\u00e1 en el marco de la Temporada de Ballenas 2023 del 15 al 22 de junio, y contar\u00e1 con actividades promocionales y educativas. La actividad fue distinguida con el Sello&hellip;\" \/>\n<meta property=\"og:url\" content=\"https:\/\/fmpatagoniamadryn.com.ar\/?p=3418\" \/>\n<meta property=\"og:site_name\" content=\"FM Patagonia Madryn\" \/>\n<meta property=\"article:published_time\" content=\"2023-06-12T14:09:41+00:00\" \/>\n<meta property=\"article:modified_time\" content=\"2023-06-12T14:09:52+00:00\" \/>\n<meta property=\"og:image\" content=\"https:\/\/fmpatagoniamadryn.com.ar\/wp-content\/uploads\/2023\/06\/9-6-Semana-de-las-ballenas.jpeg\" \/>\n\t<meta property=\"og:image:width\" content=\"1075\" \/>\n\t<meta property=\"og:image:height\" content=\"1600\" \/>\n\t<meta property=\"og:image:type\" content=\"image\/jpeg\" \/>\n<meta name=\"author\" content=\"FM Patagonia\" \/>\n<meta name=\"twitter:card\" content=\"summary_large_image\" \/>\n<meta name=\"twitter:label1\" content=\"Escrito por\" \/>\n\t<meta name=\"twitter:data1\" content=\"FM Patagonia\" \/>\n\t<meta name=\"twitter:label2\" content=\"Tiempo de lectura\" \/>\n\t<meta name=\"twitter:data2\" content=\"4 minutos\" \/>\n<script type=\"application\/ld+json\" class=\"yoast-schema-graph\">{\"@context\":\"https:\\\/\\\/schema.org\",\"@graph\":[{\"@type\":\"Article\",\"@id\":\"https:\\\/\\\/fmpatagoniamadryn.com.ar\\\/?p=3418#article\",\"isPartOf\":{\"@id\":\"https:\\\/\\\/fmpatagoniamadryn.com.ar\\\/?p=3418\"},\"author\":{\"name\":\"FM Patagonia\",\"@id\":\"https:\\\/\\\/fmpatagoniamadryn.com.ar\\\/#\\\/schema\\\/person\\\/1d968ec613613768e14b4e6420a2b125\"},\"headline\":\"Con una amplia agenda de actividades, Chubut promociona la Semana de las Ballenas\",\"datePublished\":\"2023-06-12T14:09:41+00:00\",\"dateModified\":\"2023-06-12T14:09:52+00:00\",\"mainEntityOfPage\":{\"@id\":\"https:\\\/\\\/fmpatagoniamadryn.com.ar\\\/?p=3418\"},\"wordCount\":776,\"publisher\":{\"@id\":\"https:\\\/\\\/fmpatagoniamadryn.com.ar\\\/#organization\"},\"image\":{\"@id\":\"https:\\\/\\\/fmpatagoniamadryn.com.ar\\\/?p=3418#primaryimage\"},\"thumbnailUrl\":\"https:\\\/\\\/fmpatagoniamadryn.com.ar\\\/wp-content\\\/uploads\\\/2023\\\/06\\\/9-6-Semana-de-las-ballenas.jpeg\",\"articleSection\":[\"Locales\"],\"inLanguage\":\"es\"},{\"@type\":\"WebPage\",\"@id\":\"https:\\\/\\\/fmpatagoniamadryn.com.ar\\\/?p=3418\",\"url\":\"https:\\\/\\\/fmpatagoniamadryn.com.ar\\\/?p=3418\",\"name\":\"Con una amplia agenda de actividades, Chubut promociona la Semana de las Ballenas - FM Patagonia Madryn\",\"isPartOf\":{\"@id\":\"https:\\\/\\\/fmpatagoniamadryn.com.ar\\\/#website\"},\"primaryImageOfPage\":{\"@id\":\"https:\\\/\\\/fmpatagoniamadryn.com.ar\\\/?p=3418#primaryimage\"},\"image\":{\"@id\":\"https:\\\/\\\/fmpatagoniamadryn.com.ar\\\/?p=3418#primaryimage\"},\"thumbnailUrl\":\"https:\\\/\\\/fmpatagoniamadryn.com.ar\\\/wp-content\\\/uploads\\\/2023\\\/06\\\/9-6-Semana-de-las-ballenas.jpeg\",\"datePublished\":\"2023-06-12T14:09:41+00:00\",\"dateModified\":\"2023-06-12T14:09:52+00:00\",\"breadcrumb\":{\"@id\":\"https:\\\/\\\/fmpatagoniamadryn.com.ar\\\/?p=3418#breadcrumb\"},\"inLanguage\":\"es\",\"potentialAction\":[{\"@type\":\"ReadAction\",\"target\":[\"https:\\\/\\\/fmpatagoniamadryn.com.ar\\\/?p=3418\"]}]},{\"@type\":\"ImageObject\",\"inLanguage\":\"es\",\"@id\":\"https:\\\/\\\/fmpatagoniamadryn.com.ar\\\/?p=3418#primaryimage\",\"url\":\"https:\\\/\\\/fmpatagoniamadryn.com.ar\\\/wp-content\\\/uploads\\\/2023\\\/06\\\/9-6-Semana-de-las-ballenas.jpeg\",\"contentUrl\":\"https:\\\/\\\/fmpatagoniamadryn.com.ar\\\/wp-content\\\/uploads\\\/2023\\\/06\\\/9-6-Semana-de-las-ballenas.jpeg\",\"width\":1075,\"height\":1600},{\"@type\":\"BreadcrumbList\",\"@id\":\"https:\\\/\\\/fmpatagoniamadryn.com.ar\\\/?p=3418#breadcrumb\",\"itemListElement\":[{\"@type\":\"ListItem\",\"position\":1,\"name\":\"Portada\",\"item\":\"https:\\\/\\\/fmpatagoniamadryn.com.ar\\\/\"},{\"@type\":\"ListItem\",\"position\":2,\"name\":\"Con una amplia agenda de actividades, Chubut promociona la Semana de las Ballenas\"}]},{\"@type\":\"WebSite\",\"@id\":\"https:\\\/\\\/fmpatagoniamadryn.com.ar\\\/#website\",\"url\":\"https:\\\/\\\/fmpatagoniamadryn.com.ar\\\/\",\"name\":\"FM Patagonia Madryn\",\"description\":\"Radio Patagonia 105.5\",\"publisher\":{\"@id\":\"https:\\\/\\\/fmpatagoniamadryn.com.ar\\\/#organization\"},\"potentialAction\":[{\"@type\":\"SearchAction\",\"target\":{\"@type\":\"EntryPoint\",\"urlTemplate\":\"https:\\\/\\\/fmpatagoniamadryn.com.ar\\\/?s={search_term_string}\"},\"query-input\":{\"@type\":\"PropertyValueSpecification\",\"valueRequired\":true,\"valueName\":\"search_term_string\"}}],\"inLanguage\":\"es\"},{\"@type\":\"Organization\",\"@id\":\"https:\\\/\\\/fmpatagoniamadryn.com.ar\\\/#organization\",\"name\":\"FM Patagonia Madryn\",\"url\":\"https:\\\/\\\/fmpatagoniamadryn.com.ar\\\/\",\"logo\":{\"@type\":\"ImageObject\",\"inLanguage\":\"es\",\"@id\":\"https:\\\/\\\/fmpatagoniamadryn.com.ar\\\/#\\\/schema\\\/logo\\\/image\\\/\",\"url\":\"https:\\\/\\\/fmpatagoniamadryn.com.ar\\\/wp-content\\\/uploads\\\/2023\\\/01\\\/cropped-Diseno-sin-titulo.png\",\"contentUrl\":\"https:\\\/\\\/fmpatagoniamadryn.com.ar\\\/wp-content\\\/uploads\\\/2023\\\/01\\\/cropped-Diseno-sin-titulo.png\",\"width\":6911,\"height\":2657,\"caption\":\"FM Patagonia Madryn\"},\"image\":{\"@id\":\"https:\\\/\\\/fmpatagoniamadryn.com.ar\\\/#\\\/schema\\\/logo\\\/image\\\/\"}},{\"@type\":\"Person\",\"@id\":\"https:\\\/\\\/fmpatagoniamadryn.com.ar\\\/#\\\/schema\\\/person\\\/1d968ec613613768e14b4e6420a2b125\",\"name\":\"FM Patagonia\",\"url\":\"https:\\\/\\\/fmpatagoniamadryn.com.ar\\\/?author=3\"}]}<\/script>\n<!-- \/ Yoast SEO plugin. -->","yoast_head_json":{"title":"Con una amplia agenda de actividades, Chubut promociona la Semana de las Ballenas - FM Patagonia Madryn","robots":{"index":"index","follow":"follow","max-snippet":"max-snippet:-1","max-image-preview":"max-image-preview:large","max-video-preview":"max-video-preview:-1"},"canonical":"https:\/\/fmpatagoniamadryn.com.ar\/?p=3418","og_locale":"es_ES","og_type":"article","og_title":"Con una amplia agenda de actividades, Chubut promociona la Semana de las Ballenas - FM Patagonia Madryn","og_description":"Ser\u00e1 en el marco de la Temporada de Ballenas 2023 del 15 al 22 de junio, y contar\u00e1 con actividades promocionales y educativas. La actividad fue distinguida con el Sello&hellip;","og_url":"https:\/\/fmpatagoniamadryn.com.ar\/?p=3418","og_site_name":"FM Patagonia Madryn","article_published_time":"2023-06-12T14:09:41+00:00","article_modified_time":"2023-06-12T14:09:52+00:00","og_image":[{"width":1075,"height":1600,"url":"https:\/\/fmpatagoniamadryn.com.ar\/wp-content\/uploads\/2023\/06\/9-6-Semana-de-las-ballenas.jpeg","type":"image\/jpeg"}],"author":"FM Patagonia","twitter_card":"summary_large_image","twitter_misc":{"Escrito por":"FM Patagonia","Tiempo de lectura":"4 minutos"},"schema":{"@context":"https:\/\/schema.org","@graph":[{"@type":"Article","@id":"https:\/\/fmpatagoniamadryn.com.ar\/?p=3418#article","isPartOf":{"@id":"https:\/\/fmpatagoniamadryn.com.ar\/?p=3418"},"author":{"name":"FM Patagonia","@id":"https:\/\/fmpatagoniamadryn.com.ar\/#\/schema\/person\/1d968ec613613768e14b4e6420a2b125"},"headline":"Con una amplia agenda de actividades, Chubut promociona la Semana de las Ballenas","datePublished":"2023-06-12T14:09:41+00:00","dateModified":"2023-06-12T14:09:52+00:00","mainEntityOfPage":{"@id":"https:\/\/fmpatagoniamadryn.com.ar\/?p=3418"},"wordCount":776,"publisher":{"@id":"https:\/\/fmpatagoniamadryn.com.ar\/#organization"},"image":{"@id":"https:\/\/fmpatagoniamadryn.com.ar\/?p=3418#primaryimage"},"thumbnailUrl":"https:\/\/fmpatagoniamadryn.com.ar\/wp-content\/uploads\/2023\/06\/9-6-Semana-de-las-ballenas.jpeg","articleSection":["Locales"],"inLanguage":"es"},{"@type":"WebPage","@id":"https:\/\/fmpatagoniamadryn.com.ar\/?p=3418","url":"https:\/\/fmpatagoniamadryn.com.ar\/?p=3418","name":"Con una amplia agenda de actividades, Chubut promociona la Semana de las Ballenas - FM Patagonia Madryn","isPartOf":{"@id":"https:\/\/fmpatagoniamadryn.com.ar\/#website"},"primaryImageOfPage":{"@id":"https:\/\/fmpatagoniamadryn.com.ar\/?p=3418#primaryimage"},"image":{"@id":"https:\/\/fmpatagoniamadryn.com.ar\/?p=3418#primaryimage"},"thumbnailUrl":"https:\/\/fmpatagoniamadryn.com.ar\/wp-content\/uploads\/2023\/06\/9-6-Semana-de-las-ballenas.jpeg","datePublished":"2023-06-12T14:09:41+00:00","dateModified":"2023-06-12T14:09:52+00:00","breadcrumb":{"@id":"https:\/\/fmpatagoniamadryn.com.ar\/?p=3418#breadcrumb"},"inLanguage":"es","potentialAction":[{"@type":"ReadAction","target":["https:\/\/fmpatagoniamadryn.com.ar\/?p=3418"]}]},{"@type":"ImageObject","inLanguage":"es","@id":"https:\/\/fmpatagoniamadryn.com.ar\/?p=3418#primaryimage","url":"https:\/\/fmpatagoniamadryn.com.ar\/wp-content\/uploads\/2023\/06\/9-6-Semana-de-las-ballenas.jpeg","contentUrl":"https:\/\/fmpatagoniamadryn.com.ar\/wp-content\/uploads\/2023\/06\/9-6-Semana-de-las-ballenas.jpeg","width":1075,"height":1600},{"@type":"BreadcrumbList","@id":"https:\/\/fmpatagoniamadryn.com.ar\/?p=3418#breadcrumb","itemListElement":[{"@type":"ListItem","position":1,"name":"Portada","item":"https:\/\/fmpatagoniamadryn.com.ar\/"},{"@type":"ListItem","position":2,"name":"Con una amplia agenda de actividades, Chubut promociona la Semana de las Ballenas"}]},{"@type":"WebSite","@id":"https:\/\/fmpatagoniamadryn.com.ar\/#website","url":"https:\/\/fmpatagoniamadryn.com.ar\/","name":"FM Patagonia Madryn","description":"Radio Patagonia 105.5","publisher":{"@id":"https:\/\/fmpatagoniamadryn.com.ar\/#organization"},"potentialAction":[{"@type":"SearchAction","target":{"@type":"EntryPoint","urlTemplate":"https:\/\/fmpatagoniamadryn.com.ar\/?s={search_term_string}"},"query-input":{"@type":"PropertyValueSpecification","valueRequired":true,"valueName":"search_term_string"}}],"inLanguage":"es"},{"@type":"Organization","@id":"https:\/\/fmpatagoniamadryn.com.ar\/#organization","name":"FM Patagonia Madryn","url":"https:\/\/fmpatagoniamadryn.com.ar\/","logo":{"@type":"ImageObject","inLanguage":"es","@id":"https:\/\/fmpatagoniamadryn.com.ar\/#\/schema\/logo\/image\/","url":"https:\/\/fmpatagoniamadryn.com.ar\/wp-content\/uploads\/2023\/01\/cropped-Diseno-sin-titulo.png","contentUrl":"https:\/\/fmpatagoniamadryn.com.ar\/wp-content\/uploads\/2023\/01\/cropped-Diseno-sin-titulo.png","width":6911,"height":2657,"caption":"FM Patagonia Madryn"},"image":{"@id":"https:\/\/fmpatagoniamadryn.com.ar\/#\/schema\/logo\/image\/"}},{"@type":"Person","@id":"https:\/\/fmpatagoniamadryn.com.ar\/#\/schema\/person\/1d968ec613613768e14b4e6420a2b125","name":"FM Patagonia","url":"https:\/\/fmpatagoniamadryn.com.ar\/?author=3"}]}},"jetpack_featured_media_url":"https:\/\/fmpatagoniamadryn.com.ar\/wp-content\/uploads\/2023\/06\/9-6-Semana-de-las-ballenas.jpeg","_links":{"self":[{"href":"https:\/\/fmpatagoniamadryn.com.ar\/index.php?rest_route=\/wp\/v2\/posts\/3418","targetHints":{"allow":["GET"]}}],"collection":[{"href":"https:\/\/fmpatagoniamadryn.com.ar\/index.php?rest_route=\/wp\/v2\/posts"}],"about":[{"href":"https:\/\/fmpatagoniamadryn.com.ar\/index.php?rest_route=\/wp\/v2\/types\/post"}],"author":[{"embeddable":true,"href":"https:\/\/fmpatagoniamadryn.com.ar\/index.php?rest_route=\/wp\/v2\/users\/3"}],"replies":[{"embeddable":true,"href":"https:\/\/fmpatagoniamadryn.com.ar\/index.php?rest_route=%2Fwp%2Fv2%2Fcomments&post=3418"}],"version-history":[{"count":1,"href":"https:\/\/fmpatagoniamadryn.com.ar\/index.php?rest_route=\/wp\/v2\/posts\/3418\/revisions"}],"predecessor-version":[{"id":3419,"href":"https:\/\/fmpatagoniamadryn.com.ar\/index.php?rest_route=\/wp\/v2\/posts\/3418\/revisions\/3419"}],"wp:featuredmedia":[{"embeddable":true,"href":"https:\/\/fmpatagoniamadryn.com.ar\/index.php?rest_route=\/wp\/v2\/media\/3417"}],"wp:attachment":[{"href":"https:\/\/fmpatagoniamadryn.com.ar\/index.php?rest_route=%2Fwp%2Fv2%2Fmedia&parent=3418"}],"wp:term":[{"taxonomy":"category","embeddable":true,"href":"https:\/\/fmpatagoniamadryn.com.ar\/index.php?rest_route=%2Fwp%2Fv2%2Fcategories&post=3418"},{"taxonomy":"post_tag","embeddable":true,"href":"https:\/\/fmpatagoniamadryn.com.ar\/index.php?rest_route=%2Fwp%2Fv2%2Ftags&post=3418"}],"curies":[{"name":"wp","href":"https:\/\/api.w.org\/{rel}","templated":true}]}}