{"id":3421,"date":"2023-06-12T11:10:49","date_gmt":"2023-06-12T14:10:49","guid":{"rendered":"https:\/\/fmpatagoniamadryn.com.ar\/?p=3421"},"modified":"2023-06-12T11:10:59","modified_gmt":"2023-06-12T14:10:59","slug":"a-la-comunidad-chubutense","status":"publish","type":"post","link":"https:\/\/fmpatagoniamadryn.com.ar\/?p=3421","title":{"rendered":"A la comunidad CHUBUTENSE"},"content":{"rendered":"\n<p>Desde el inicio de esta gesti\u00f3n, el Ministerio de Educaci\u00f3n del Chubut ha promovido y generado canales de comunicaci\u00f3n y di\u00e1logo con los diferentes gremios que representan al colectivo docente y auxiliares de la educaci\u00f3n, como as\u00ed tambi\u00e9n con las familias, cooperadoras escolares, organizaciones sociales, instituciones de la gesti\u00f3n privada, gesti\u00f3n social y otros Ministerios propiciando y sosteniendo la construcci\u00f3n de la mejora en la calidad del sistema educativo provincial con foco en el fortalecimiento de las trayectorias de los y las estudiantes.<br><br>Es una tarea permanente gestionar y evaluar diferentes alternativas que sean posibles de sostener para una mejora salarial que se refleje en el ingreso de las familias de cada trabajador\/a de la educaci\u00f3n.<br><br>La calidad educativa no depende solo de la mejora salarial, en la que se contin\u00faa trabajando de manera permanente para acompa\u00f1ar la coyuntura actual. Es por eso que adem\u00e1s desde el Ministerio de Educaci\u00f3n se han impulsado las siguientes acciones:<br><br>INFRAESTRUCTURA ESCOLAR<br><br>Se ha generado un plan de mejora en infraestructura escolar, con arreglos menores y reparaciones integrales, en toda la provincia y planificando su avance por etapas, llegando a la fecha a la cobertura de m\u00e1s de 20 instituciones[1] de toda la provincia, a lo cual se ha destinado una inversi\u00f3n de aproximadamente 500 millones de pesos, lo que involucra arreglos menores por partida y obras de reparaciones integrales; adem\u00e1s de las intervenciones de gran escala que ejecuta el Ministerio de Infraestructura de la provincia.<br><br>Adem\u00e1s, se inici\u00f3 la construcci\u00f3n de nuevos edificios de Nivel Inicial y Secundario. Asimismo, se proyect\u00f3 un prototipo de escuela funcional y de construcci\u00f3n r\u00e1pida para responder a la necesidad ante el crecimiento demogr\u00e1fico exponencial de la Provincia.<br><br>A estas inversiones, se suma la construcci\u00f3n de dos nuevas escuelas t\u00e9cnicas con una inversi\u00f3n de 2.000 millones de pesos.<br><br>PLAN PEDAG\u00d3GICO<br><br>Se ha desarrollado un Plan Estrat\u00e9gico Pedag\u00f3gico con acciones que hacen foco en los nudos cr\u00edticos y la implementaci\u00f3n de dispositivos que impacten en todas las regiones y niveles educativos donde est\u00e1n nuestros y nuestras estudiantes:<br><br>El dispositivo \u201cLa supervisi\u00f3n en el contexto de mejora\u201d se est\u00e1 desarrollando con el objetivo de fortalecer el rol de supervisores y de equipos de gesti\u00f3n de toda la provincia. <br><br>Adem\u00e1s, se busca fortalecer a trav\u00e9s de diversos dispositivos nacionales, jurisdiccionales e institucionales teniendo como objetivo central los y las estudiantes de todos los niveles y modalidades. En la actualidad en nuestras escuelas se est\u00e1n implementando programas como: \u201cLibros para Aprender\u201d, \u201cCoros y Orquestas\u201d, \u201cProyecto de Mejora Institucional\u201d \u201cPMI- Forjar\u201d, \u201cA Estudiar\u201d, \u201cAcompa\u00f1ar\u201d, \u201cProgresar\u201d, \u201cFInEs\u201d, \u201cFInEs Tec\u201d, Fondos escolares para Escuelas T\u00e9cnicas, PRONAFE, \u201cEducaci\u00f3n y memoria\u201d, \u201cParlamento Juvenil\u201d, \u201cPlan Provincial de lectura\u201d, \u201cDesde la cuna\u201d, \u201cACTE, Feria de Ciencias\u201d, \u201cCooperar Chubut\u201d, \u201cParticipar-Organizaciones Sociales\u201d, \u201cPrograma de Becas Provinciales y socio-educativas\u201d, \u201cNutriendo Chubut\u201d, \u201cPrograma de Educaci\u00f3n Ambiental\u201d, \u201cImplementaci\u00f3n del Programa  de Educaci\u00f3n Digital y Conectar Igualdad\u201d  a trav\u00e9s del cual, en esta primera etapa se repararon 193 pisos tecnol\u00f3gicos, se instalaron 63 nuevos,  41  antenas ARSAT y la conectividad para 197 Escuelas nuevas. Y se desarrolla en nuestra Provincia el PNIDE (Programa Nacional de Inclusi\u00f3n Digital Educativa); programas a los cuales se destina una inversi\u00f3n de 2.150 millones de pesos.<br><br>En cuanto al programa de Becas estudiantiles, cuenta con una inversi\u00f3n total de 500 millones de pesos, y llega a 5.650 alumnos de distintos niveles educativos, distribuidos en todo el territorio provincial, habi\u00e9ndose incrementado el monto asignado a cada beneficiario en un 300 por ciento.<br><br>En conjunto con la Fundaci\u00f3n Grooming Argentina se realizaron capacitaciones y charlas en escuelas, en el marco de un acuerdo entre el Ministerio de Educaci\u00f3n de la provincia, el Superior Tribunal de Justicia y la ONG Grooming Argentina. La capacitaci\u00f3n \u201cCampa\u00f1a de Prevenci\u00f3n de Violencias a ni\u00f1os, ni\u00f1as y adolescentes en el Entorno Digital\u201d dictado por el Dr. Hern\u00e1n Navarro presidente de la Fundaci\u00f3n Grooming Argentina est\u00e1 destinada a estudiantes y comunidad educativa en general. Las mismas, contin\u00faan durante los meses de junio, julio y agosto.<br><br>\u201cPrograma Cooperar Chubut\u201d a trav\u00e9s del cual se genera el acompa\u00f1amiento a las 368 cooperadoras escolares con un fondo espec\u00edfico en donde se invertir\u00e1n $ 75.600.000, el cual tiene el prop\u00f3sito de avanzar en impulsar la creaci\u00f3n de nuevas asociaciones. Durante el transcurso de este mes se lanzar\u00e1n los programas \u201cMi escuela y yo\u201d y \u201cAprender +\u201d.<br><br>En la provincia contamos con el Programa \u201cNutriendo Chubut\u201d, que abarca 445 escuelas con una inversi\u00f3n mensual de $ 282.942.577, y alcanza a 100.948 estudiantes,  que reciben alg\u00fan servicio: desayuno o merienda y, en algunos casos, el almuerzo. Actualmente se realizan Capacitaciones en manipulaci\u00f3n de alimentos, alimentaci\u00f3n saludable y se entreg\u00f3 el carnet de manipulador de alimentos con validez nacional en forma gratuita a 330 auxiliares de la educaci\u00f3n en el a\u00f1o 2022, proyect\u00e1ndose para este 2023, m\u00e1s capacitaciones.<br><br>TRANSPORTE<br><br>En otro orden, cabe mencionar el gran acompa\u00f1amiento que venimos haciendo en Transporte Escolar Privado con una inversi\u00f3n mensual de $ 133.983.850, acercando a 5.922 estudiantes a las instituciones educativas en todo el territorio provincial.<br><br>Adem\u00e1s, al Transporte Educativo Gratuito (TEG) se destina una inversi\u00f3n de $ 800.000.000 anuales, con los cuales se traslada a m\u00e1s de 50.000 estudiantes cada d\u00eda.<br><br>En lo referido a las partidas de funcionamiento destinadas a cubrir las necesidades eventuales de los establecimientos educativos, se ha efectuado una inversi\u00f3n acumulada de $ 99.607.367 durante el presente a\u00f1o.<br><br>CONCURSO DOCENTE<br><br>Despu\u00e9s de 10 a\u00f1os sin que se realicen concursos docentes en la provincia de Chubut, se han administrado los recursos y normativa necesaria para la implementaci\u00f3n y concreci\u00f3n del Concurso de Ascenso Docente en Nivel Inicial, Primario y modalidades donde 250 docentes accedieron a los cargos jer\u00e1rquicos de supervisores, directores y vicedirectores.<br><br>Con el Concurso de Ingreso a la Docencia 864 docentes titularizaron sus cargos, dando lugar a la estabilidad laboral de los y las trabajadores\/as de la educaci\u00f3n, como as\u00ed tambi\u00e9n el fortalecimiento en los equipos de gesti\u00f3n lo cual permite gobiernos escolares fuertes posicionados en sus roles y comprometidos con la identidad de cada escuela.<br><br>En el mismo sentido estamos pr\u00f3ximos al inicio del primer concurso de ascenso del Nivel Secundario y una nueva realizaci\u00f3n del concurso de ascenso de Nivel Inicial, Primaria y en todas sus modalidades.<br><br>MODERNIZACI\u00d3N<br><br>En la b\u00fasqueda de sistemas m\u00e1s eficientes, se han digitalizado procesos administrativos. Al d\u00eda de hoy se han puesto en marcha tres sistemas que permiten agilizar la actualizaci\u00f3n de datos docentes, la nominalizaci\u00f3n de las trayectorias escolares (SAE y SINIDE) y la certificaci\u00f3n de las capacitaciones pendientes desde 2021 a la fecha.<br><br>Es inminente la puesta en marcha un nuevo sistema de liquidaci\u00f3n de haberes, el que dejar\u00e1 al Ministerio 100% informatizado y garantizar\u00e1 el correcto c\u00f3mputo de las m\u00e1s de 44.000 liquidaciones mensuales.<br><br>CAPACITACI\u00d3N DOCENTE<br><br>La capacitaci\u00f3n docente en esta gesti\u00f3n tambi\u00e9n es un eje prioritario para lo cual se vienen ofreciendo y auspiciando propuestas de formaci\u00f3n docente situadas en las necesidades y lineamientos que se busca fortalecer en pos de impactar en las aulas de las escuelas chubutenses.<br><br>Con estas certezas, este Ministerio continuar\u00e1 trabajando y generando las acciones necesarias en clave de cuidado de los y las estudiantes,  de los y las trabajadores\/as y la comunidad; en defensa de la Educaci\u00f3n P\u00fablica desde los valores democr\u00e1ticos respetando los Derechos de todos los actores comprometidos con una mejora educativa para la Provincia.<br><br>[1] Escuelas N\u00ba 443, 451, 412, 410, 464, 645, 125, 12, 20,22, 178, 190, 110, 730, 720, 7710. 750,  506, 512, 530<\/p>\n","protected":false},"excerpt":{"rendered":"<p>Desde el inicio de esta gesti\u00f3n, el Ministerio de Educaci\u00f3n del Chubut ha promovido y generado canales de comunicaci\u00f3n y di\u00e1logo con los diferentes gremios que representan al colectivo docente&hellip; <\/p>\n","protected":false},"author":3,"featured_media":3420,"comment_status":"closed","ping_status":"closed","sticky":false,"template":"","format":"standard","meta":{"footnotes":""},"categories":[14],"tags":[],"class_list":["post-3421","post","type-post","status-publish","format-standard","has-post-thumbnail","hentry","category-provinciales"],"yoast_head":"<!-- This site is optimized with the Yoast SEO plugin v27.4 - https:\/\/yoast.com\/product\/yoast-seo-wordpress\/ -->\n<title>A la comunidad CHUBUTENSE - FM Patagonia Madryn<\/title>\n<meta name=\"robots\" content=\"index, follow, max-snippet:-1, max-image-preview:large, max-video-preview:-1\" \/>\n<link rel=\"canonical\" href=\"https:\/\/fmpatagoniamadryn.com.ar\/?p=3421\" \/>\n<meta property=\"og:locale\" content=\"es_ES\" \/>\n<meta property=\"og:type\" content=\"article\" \/>\n<meta property=\"og:title\" content=\"A la comunidad CHUBUTENSE - FM Patagonia Madryn\" \/>\n<meta property=\"og:description\" content=\"Desde el inicio de esta gesti\u00f3n, el Ministerio de Educaci\u00f3n del Chubut ha promovido y generado canales de comunicaci\u00f3n y di\u00e1logo con los diferentes gremios que representan al colectivo docente&hellip;\" \/>\n<meta property=\"og:url\" content=\"https:\/\/fmpatagoniamadryn.com.ar\/?p=3421\" \/>\n<meta property=\"og:site_name\" content=\"FM Patagonia Madryn\" \/>\n<meta property=\"article:published_time\" content=\"2023-06-12T14:10:49+00:00\" \/>\n<meta property=\"article:modified_time\" content=\"2023-06-12T14:10:59+00:00\" \/>\n<meta property=\"og:image\" content=\"https:\/\/fmpatagoniamadryn.com.ar\/wp-content\/uploads\/2023\/06\/Ministerio-de-Educacion.jpeg\" \/>\n\t<meta property=\"og:image:width\" content=\"1280\" \/>\n\t<meta property=\"og:image:height\" content=\"827\" \/>\n\t<meta property=\"og:image:type\" content=\"image\/jpeg\" \/>\n<meta name=\"author\" content=\"FM Patagonia\" \/>\n<meta name=\"twitter:card\" content=\"summary_large_image\" \/>\n<meta name=\"twitter:label1\" content=\"Escrito por\" \/>\n\t<meta name=\"twitter:data1\" content=\"FM Patagonia\" \/>\n\t<meta name=\"twitter:label2\" content=\"Tiempo de lectura\" \/>\n\t<meta name=\"twitter:data2\" content=\"6 minutos\" \/>\n<script type=\"application\/ld+json\" class=\"yoast-schema-graph\">{\"@context\":\"https:\\\/\\\/schema.org\",\"@graph\":[{\"@type\":\"Article\",\"@id\":\"https:\\\/\\\/fmpatagoniamadryn.com.ar\\\/?p=3421#article\",\"isPartOf\":{\"@id\":\"https:\\\/\\\/fmpatagoniamadryn.com.ar\\\/?p=3421\"},\"author\":{\"name\":\"FM Patagonia\",\"@id\":\"https:\\\/\\\/fmpatagoniamadryn.com.ar\\\/#\\\/schema\\\/person\\\/1d968ec613613768e14b4e6420a2b125\"},\"headline\":\"A la comunidad CHUBUTENSE\",\"datePublished\":\"2023-06-12T14:10:49+00:00\",\"dateModified\":\"2023-06-12T14:10:59+00:00\",\"mainEntityOfPage\":{\"@id\":\"https:\\\/\\\/fmpatagoniamadryn.com.ar\\\/?p=3421\"},\"wordCount\":1295,\"publisher\":{\"@id\":\"https:\\\/\\\/fmpatagoniamadryn.com.ar\\\/#organization\"},\"image\":{\"@id\":\"https:\\\/\\\/fmpatagoniamadryn.com.ar\\\/?p=3421#primaryimage\"},\"thumbnailUrl\":\"https:\\\/\\\/fmpatagoniamadryn.com.ar\\\/wp-content\\\/uploads\\\/2023\\\/06\\\/Ministerio-de-Educacion.jpeg\",\"articleSection\":[\"Provinciales\"],\"inLanguage\":\"es\"},{\"@type\":\"WebPage\",\"@id\":\"https:\\\/\\\/fmpatagoniamadryn.com.ar\\\/?p=3421\",\"url\":\"https:\\\/\\\/fmpatagoniamadryn.com.ar\\\/?p=3421\",\"name\":\"A la comunidad CHUBUTENSE - FM Patagonia Madryn\",\"isPartOf\":{\"@id\":\"https:\\\/\\\/fmpatagoniamadryn.com.ar\\\/#website\"},\"primaryImageOfPage\":{\"@id\":\"https:\\\/\\\/fmpatagoniamadryn.com.ar\\\/?p=3421#primaryimage\"},\"image\":{\"@id\":\"https:\\\/\\\/fmpatagoniamadryn.com.ar\\\/?p=3421#primaryimage\"},\"thumbnailUrl\":\"https:\\\/\\\/fmpatagoniamadryn.com.ar\\\/wp-content\\\/uploads\\\/2023\\\/06\\\/Ministerio-de-Educacion.jpeg\",\"datePublished\":\"2023-06-12T14:10:49+00:00\",\"dateModified\":\"2023-06-12T14:10:59+00:00\",\"breadcrumb\":{\"@id\":\"https:\\\/\\\/fmpatagoniamadryn.com.ar\\\/?p=3421#breadcrumb\"},\"inLanguage\":\"es\",\"potentialAction\":[{\"@type\":\"ReadAction\",\"target\":[\"https:\\\/\\\/fmpatagoniamadryn.com.ar\\\/?p=3421\"]}]},{\"@type\":\"ImageObject\",\"inLanguage\":\"es\",\"@id\":\"https:\\\/\\\/fmpatagoniamadryn.com.ar\\\/?p=3421#primaryimage\",\"url\":\"https:\\\/\\\/fmpatagoniamadryn.com.ar\\\/wp-content\\\/uploads\\\/2023\\\/06\\\/Ministerio-de-Educacion.jpeg\",\"contentUrl\":\"https:\\\/\\\/fmpatagoniamadryn.com.ar\\\/wp-content\\\/uploads\\\/2023\\\/06\\\/Ministerio-de-Educacion.jpeg\",\"width\":1280,\"height\":827},{\"@type\":\"BreadcrumbList\",\"@id\":\"https:\\\/\\\/fmpatagoniamadryn.com.ar\\\/?p=3421#breadcrumb\",\"itemListElement\":[{\"@type\":\"ListItem\",\"position\":1,\"name\":\"Portada\",\"item\":\"https:\\\/\\\/fmpatagoniamadryn.com.ar\\\/\"},{\"@type\":\"ListItem\",\"position\":2,\"name\":\"A la comunidad CHUBUTENSE\"}]},{\"@type\":\"WebSite\",\"@id\":\"https:\\\/\\\/fmpatagoniamadryn.com.ar\\\/#website\",\"url\":\"https:\\\/\\\/fmpatagoniamadryn.com.ar\\\/\",\"name\":\"FM Patagonia Madryn\",\"description\":\"Radio Patagonia 105.5\",\"publisher\":{\"@id\":\"https:\\\/\\\/fmpatagoniamadryn.com.ar\\\/#organization\"},\"potentialAction\":[{\"@type\":\"SearchAction\",\"target\":{\"@type\":\"EntryPoint\",\"urlTemplate\":\"https:\\\/\\\/fmpatagoniamadryn.com.ar\\\/?s={search_term_string}\"},\"query-input\":{\"@type\":\"PropertyValueSpecification\",\"valueRequired\":true,\"valueName\":\"search_term_string\"}}],\"inLanguage\":\"es\"},{\"@type\":\"Organization\",\"@id\":\"https:\\\/\\\/fmpatagoniamadryn.com.ar\\\/#organization\",\"name\":\"FM Patagonia Madryn\",\"url\":\"https:\\\/\\\/fmpatagoniamadryn.com.ar\\\/\",\"logo\":{\"@type\":\"ImageObject\",\"inLanguage\":\"es\",\"@id\":\"https:\\\/\\\/fmpatagoniamadryn.com.ar\\\/#\\\/schema\\\/logo\\\/image\\\/\",\"url\":\"https:\\\/\\\/fmpatagoniamadryn.com.ar\\\/wp-content\\\/uploads\\\/2023\\\/01\\\/cropped-Diseno-sin-titulo.png\",\"contentUrl\":\"https:\\\/\\\/fmpatagoniamadryn.com.ar\\\/wp-content\\\/uploads\\\/2023\\\/01\\\/cropped-Diseno-sin-titulo.png\",\"width\":6911,\"height\":2657,\"caption\":\"FM Patagonia Madryn\"},\"image\":{\"@id\":\"https:\\\/\\\/fmpatagoniamadryn.com.ar\\\/#\\\/schema\\\/logo\\\/image\\\/\"}},{\"@type\":\"Person\",\"@id\":\"https:\\\/\\\/fmpatagoniamadryn.com.ar\\\/#\\\/schema\\\/person\\\/1d968ec613613768e14b4e6420a2b125\",\"name\":\"FM Patagonia\",\"url\":\"https:\\\/\\\/fmpatagoniamadryn.com.ar\\\/?author=3\"}]}<\/script>\n<!-- \/ Yoast SEO plugin. -->","yoast_head_json":{"title":"A la comunidad CHUBUTENSE - FM Patagonia Madryn","robots":{"index":"index","follow":"follow","max-snippet":"max-snippet:-1","max-image-preview":"max-image-preview:large","max-video-preview":"max-video-preview:-1"},"canonical":"https:\/\/fmpatagoniamadryn.com.ar\/?p=3421","og_locale":"es_ES","og_type":"article","og_title":"A la comunidad CHUBUTENSE - FM Patagonia Madryn","og_description":"Desde el inicio de esta gesti\u00f3n, el Ministerio de Educaci\u00f3n del Chubut ha promovido y generado canales de comunicaci\u00f3n y di\u00e1logo con los diferentes gremios que representan al colectivo docente&hellip;","og_url":"https:\/\/fmpatagoniamadryn.com.ar\/?p=3421","og_site_name":"FM Patagonia Madryn","article_published_time":"2023-06-12T14:10:49+00:00","article_modified_time":"2023-06-12T14:10:59+00:00","og_image":[{"width":1280,"height":827,"url":"https:\/\/fmpatagoniamadryn.com.ar\/wp-content\/uploads\/2023\/06\/Ministerio-de-Educacion.jpeg","type":"image\/jpeg"}],"author":"FM Patagonia","twitter_card":"summary_large_image","twitter_misc":{"Escrito por":"FM Patagonia","Tiempo de lectura":"6 minutos"},"schema":{"@context":"https:\/\/schema.org","@graph":[{"@type":"Article","@id":"https:\/\/fmpatagoniamadryn.com.ar\/?p=3421#article","isPartOf":{"@id":"https:\/\/fmpatagoniamadryn.com.ar\/?p=3421"},"author":{"name":"FM Patagonia","@id":"https:\/\/fmpatagoniamadryn.com.ar\/#\/schema\/person\/1d968ec613613768e14b4e6420a2b125"},"headline":"A la comunidad CHUBUTENSE","datePublished":"2023-06-12T14:10:49+00:00","dateModified":"2023-06-12T14:10:59+00:00","mainEntityOfPage":{"@id":"https:\/\/fmpatagoniamadryn.com.ar\/?p=3421"},"wordCount":1295,"publisher":{"@id":"https:\/\/fmpatagoniamadryn.com.ar\/#organization"},"image":{"@id":"https:\/\/fmpatagoniamadryn.com.ar\/?p=3421#primaryimage"},"thumbnailUrl":"https:\/\/fmpatagoniamadryn.com.ar\/wp-content\/uploads\/2023\/06\/Ministerio-de-Educacion.jpeg","articleSection":["Provinciales"],"inLanguage":"es"},{"@type":"WebPage","@id":"https:\/\/fmpatagoniamadryn.com.ar\/?p=3421","url":"https:\/\/fmpatagoniamadryn.com.ar\/?p=3421","name":"A la comunidad CHUBUTENSE - FM Patagonia Madryn","isPartOf":{"@id":"https:\/\/fmpatagoniamadryn.com.ar\/#website"},"primaryImageOfPage":{"@id":"https:\/\/fmpatagoniamadryn.com.ar\/?p=3421#primaryimage"},"image":{"@id":"https:\/\/fmpatagoniamadryn.com.ar\/?p=3421#primaryimage"},"thumbnailUrl":"https:\/\/fmpatagoniamadryn.com.ar\/wp-content\/uploads\/2023\/06\/Ministerio-de-Educacion.jpeg","datePublished":"2023-06-12T14:10:49+00:00","dateModified":"2023-06-12T14:10:59+00:00","breadcrumb":{"@id":"https:\/\/fmpatagoniamadryn.com.ar\/?p=3421#breadcrumb"},"inLanguage":"es","potentialAction":[{"@type":"ReadAction","target":["https:\/\/fmpatagoniamadryn.com.ar\/?p=3421"]}]},{"@type":"ImageObject","inLanguage":"es","@id":"https:\/\/fmpatagoniamadryn.com.ar\/?p=3421#primaryimage","url":"https:\/\/fmpatagoniamadryn.com.ar\/wp-content\/uploads\/2023\/06\/Ministerio-de-Educacion.jpeg","contentUrl":"https:\/\/fmpatagoniamadryn.com.ar\/wp-content\/uploads\/2023\/06\/Ministerio-de-Educacion.jpeg","width":1280,"height":827},{"@type":"BreadcrumbList","@id":"https:\/\/fmpatagoniamadryn.com.ar\/?p=3421#breadcrumb","itemListElement":[{"@type":"ListItem","position":1,"name":"Portada","item":"https:\/\/fmpatagoniamadryn.com.ar\/"},{"@type":"ListItem","position":2,"name":"A la comunidad CHUBUTENSE"}]},{"@type":"WebSite","@id":"https:\/\/fmpatagoniamadryn.com.ar\/#website","url":"https:\/\/fmpatagoniamadryn.com.ar\/","name":"FM Patagonia Madryn","description":"Radio Patagonia 105.5","publisher":{"@id":"https:\/\/fmpatagoniamadryn.com.ar\/#organization"},"potentialAction":[{"@type":"SearchAction","target":{"@type":"EntryPoint","urlTemplate":"https:\/\/fmpatagoniamadryn.com.ar\/?s={search_term_string}"},"query-input":{"@type":"PropertyValueSpecification","valueRequired":true,"valueName":"search_term_string"}}],"inLanguage":"es"},{"@type":"Organization","@id":"https:\/\/fmpatagoniamadryn.com.ar\/#organization","name":"FM Patagonia Madryn","url":"https:\/\/fmpatagoniamadryn.com.ar\/","logo":{"@type":"ImageObject","inLanguage":"es","@id":"https:\/\/fmpatagoniamadryn.com.ar\/#\/schema\/logo\/image\/","url":"https:\/\/fmpatagoniamadryn.com.ar\/wp-content\/uploads\/2023\/01\/cropped-Diseno-sin-titulo.png","contentUrl":"https:\/\/fmpatagoniamadryn.com.ar\/wp-content\/uploads\/2023\/01\/cropped-Diseno-sin-titulo.png","width":6911,"height":2657,"caption":"FM Patagonia Madryn"},"image":{"@id":"https:\/\/fmpatagoniamadryn.com.ar\/#\/schema\/logo\/image\/"}},{"@type":"Person","@id":"https:\/\/fmpatagoniamadryn.com.ar\/#\/schema\/person\/1d968ec613613768e14b4e6420a2b125","name":"FM Patagonia","url":"https:\/\/fmpatagoniamadryn.com.ar\/?author=3"}]}},"jetpack_featured_media_url":"https:\/\/fmpatagoniamadryn.com.ar\/wp-content\/uploads\/2023\/06\/Ministerio-de-Educacion.jpeg","_links":{"self":[{"href":"https:\/\/fmpatagoniamadryn.com.ar\/index.php?rest_route=\/wp\/v2\/posts\/3421","targetHints":{"allow":["GET"]}}],"collection":[{"href":"https:\/\/fmpatagoniamadryn.com.ar\/index.php?rest_route=\/wp\/v2\/posts"}],"about":[{"href":"https:\/\/fmpatagoniamadryn.com.ar\/index.php?rest_route=\/wp\/v2\/types\/post"}],"author":[{"embeddable":true,"href":"https:\/\/fmpatagoniamadryn.com.ar\/index.php?rest_route=\/wp\/v2\/users\/3"}],"replies":[{"embeddable":true,"href":"https:\/\/fmpatagoniamadryn.com.ar\/index.php?rest_route=%2Fwp%2Fv2%2Fcomments&post=3421"}],"version-history":[{"count":1,"href":"https:\/\/fmpatagoniamadryn.com.ar\/index.php?rest_route=\/wp\/v2\/posts\/3421\/revisions"}],"predecessor-version":[{"id":3422,"href":"https:\/\/fmpatagoniamadryn.com.ar\/index.php?rest_route=\/wp\/v2\/posts\/3421\/revisions\/3422"}],"wp:featuredmedia":[{"embeddable":true,"href":"https:\/\/fmpatagoniamadryn.com.ar\/index.php?rest_route=\/wp\/v2\/media\/3420"}],"wp:attachment":[{"href":"https:\/\/fmpatagoniamadryn.com.ar\/index.php?rest_route=%2Fwp%2Fv2%2Fmedia&parent=3421"}],"wp:term":[{"taxonomy":"category","embeddable":true,"href":"https:\/\/fmpatagoniamadryn.com.ar\/index.php?rest_route=%2Fwp%2Fv2%2Fcategories&post=3421"},{"taxonomy":"post_tag","embeddable":true,"href":"https:\/\/fmpatagoniamadryn.com.ar\/index.php?rest_route=%2Fwp%2Fv2%2Ftags&post=3421"}],"curies":[{"name":"wp","href":"https:\/\/api.w.org\/{rel}","templated":true}]}}