{"id":3433,"date":"2023-06-12T16:42:42","date_gmt":"2023-06-12T19:42:42","guid":{"rendered":"https:\/\/fmpatagoniamadryn.com.ar\/?p=3433"},"modified":"2023-06-12T16:42:54","modified_gmt":"2023-06-12T19:42:54","slug":"semana-de-las-ballenas-se-realizara-una-charla-sobre-fotoidentificacion","status":"publish","type":"post","link":"https:\/\/fmpatagoniamadryn.com.ar\/?p=3433","title":{"rendered":"SEMANA DE LAS BALLENAS: SE REALIZAR\u00c1 UNA CHARLA SOBRE FOTOIDENTIFICACI\u00d3N"},"content":{"rendered":"\n<p><br><br>Ser\u00e1 el viernes 16 de junio a las 16.30 horas en el Teatro del Muelle. La propuesta estar\u00e1 a cargo de especialistas del Instituto de Conservaci\u00f3n de Ballenas  <br><br><br>La Municipalidad de Puerto Madryn, a trav\u00e9s de la Secretar\u00eda de Turismo junto al Ente Mixto de Promoci\u00f3n Tur\u00edstica y al Instituto de Conservaci\u00f3n de Ballenas (ICB), invita a la comunidad a participar de la charla \u00abDe la lente al oc\u00e9ano: fotos que revelan historias de ballenas\u00bb, que se llevar\u00e1 a cabo el viernes 16 de junio a partir de las 16.30 horas en el Teatro del Muelle (Avenida Roca 60) y estar\u00e1 a cargo del bi\u00f3logo Nicol\u00e1s Lewin y la bi\u00f3loga Camila Mu\u00f1oz Moreda, ambos  investigadores del ICB.<br><br>Durante la actividad, se abordar\u00e1n cu\u00e1les son los prop\u00f3sitos del ICB en relaci\u00f3n a la investigaci\u00f3n y conservaci\u00f3n de ballenas francas australes durante m\u00e1s de 50 a\u00f1os. En particular, se compartir\u00e1 el trabajo de la fotoidentificaci\u00f3n y fotogrametr\u00eda, dos herramientas que se emplean para conocer historias de vida y monitorear el estado corporal de las ballenas.<br><br>La convocatoria es abierta al p\u00fablico y no requiere inscripci\u00f3n previa.<br><br>Cabe destacar que la propuesta se realizar\u00e1 en el marco del lanzamiento oficial de la Temporada de Ballenas 2023 que ser\u00e1 el jueves 15 de junio y dar\u00e1 inicio a los avistajes embarcados en Pen\u00ednsula Vald\u00e9s.<br><br>HOMENAJE A ROGER PAYNE<br><br>Durante el fin de semana falleci\u00f3 el mentor del Instituto de Conservaci\u00f3n de Ballenas, Roger Payne. A pocas horas de su desaparici\u00f3n f\u00edsica, quienes encabezan el ICB har\u00e1n un peque\u00f1o, pero sentido homenaje a quien en 1971 inici\u00f3 el programa cient\u00edfico que hoy contin\u00faa en Pen\u00ednsula Vald\u00e9s.<br>Su profunda conexi\u00f3n con las ballenas francas australes y su amor por la Patagonia argentina marcaron su vida. Sus estudios cient\u00edficos fueron pioneros para la investigaci\u00f3n y fundacionales para el movimiento de conservaci\u00f3n de las ballenas a nivel mundial.<\/p>\n","protected":false},"excerpt":{"rendered":"<p>Ser\u00e1 el viernes 16 de junio a las 16.30 horas en el Teatro del Muelle. La propuesta estar\u00e1 a cargo de especialistas del Instituto de Conservaci\u00f3n de Ballenas La Municipalidad&hellip; <\/p>\n","protected":false},"author":2,"featured_media":3432,"comment_status":"closed","ping_status":"closed","sticky":false,"template":"","format":"standard","meta":{"footnotes":""},"categories":[15],"tags":[],"class_list":["post-3433","post","type-post","status-publish","format-standard","has-post-thumbnail","hentry","category-locales"],"yoast_head":"<!-- This site is optimized with the Yoast SEO plugin v27.4 - https:\/\/yoast.com\/product\/yoast-seo-wordpress\/ -->\n<title>SEMANA DE LAS BALLENAS: SE REALIZAR\u00c1 UNA CHARLA SOBRE FOTOIDENTIFICACI\u00d3N - FM Patagonia Madryn<\/title>\n<meta name=\"robots\" content=\"index, follow, max-snippet:-1, max-image-preview:large, max-video-preview:-1\" \/>\n<link rel=\"canonical\" href=\"https:\/\/fmpatagoniamadryn.com.ar\/?p=3433\" \/>\n<meta property=\"og:locale\" content=\"es_ES\" \/>\n<meta property=\"og:type\" content=\"article\" \/>\n<meta property=\"og:title\" content=\"SEMANA DE LAS BALLENAS: SE REALIZAR\u00c1 UNA CHARLA SOBRE FOTOIDENTIFICACI\u00d3N - FM Patagonia Madryn\" \/>\n<meta property=\"og:description\" content=\"Ser\u00e1 el viernes 16 de junio a las 16.30 horas en el Teatro del Muelle. La propuesta estar\u00e1 a cargo de especialistas del Instituto de Conservaci\u00f3n de Ballenas La Municipalidad&hellip;\" \/>\n<meta property=\"og:url\" content=\"https:\/\/fmpatagoniamadryn.com.ar\/?p=3433\" \/>\n<meta property=\"og:site_name\" content=\"FM Patagonia Madryn\" \/>\n<meta property=\"article:published_time\" content=\"2023-06-12T19:42:42+00:00\" \/>\n<meta property=\"article:modified_time\" content=\"2023-06-12T19:42:54+00:00\" \/>\n<meta property=\"og:image\" content=\"https:\/\/fmpatagoniamadryn.com.ar\/wp-content\/uploads\/2023\/06\/88dc360b-5988-454a-bd24-22f738f78422.jpeg\" \/>\n\t<meta property=\"og:image:width\" content=\"1600\" \/>\n\t<meta property=\"og:image:height\" content=\"1200\" \/>\n\t<meta property=\"og:image:type\" content=\"image\/jpeg\" \/>\n<meta name=\"author\" content=\"FM Patagonia\" \/>\n<meta name=\"twitter:card\" content=\"summary_large_image\" \/>\n<meta name=\"twitter:label1\" content=\"Escrito por\" \/>\n\t<meta name=\"twitter:data1\" content=\"FM Patagonia\" \/>\n\t<meta name=\"twitter:label2\" content=\"Tiempo de lectura\" \/>\n\t<meta name=\"twitter:data2\" content=\"2 minutos\" \/>\n<script type=\"application\/ld+json\" class=\"yoast-schema-graph\">{\"@context\":\"https:\\\/\\\/schema.org\",\"@graph\":[{\"@type\":\"Article\",\"@id\":\"https:\\\/\\\/fmpatagoniamadryn.com.ar\\\/?p=3433#article\",\"isPartOf\":{\"@id\":\"https:\\\/\\\/fmpatagoniamadryn.com.ar\\\/?p=3433\"},\"author\":{\"name\":\"FM Patagonia\",\"@id\":\"https:\\\/\\\/fmpatagoniamadryn.com.ar\\\/#\\\/schema\\\/person\\\/8a3de4ad7efceacab06c1641c50303b7\"},\"headline\":\"SEMANA DE LAS BALLENAS: SE REALIZAR\u00c1 UNA CHARLA SOBRE FOTOIDENTIFICACI\u00d3N\",\"datePublished\":\"2023-06-12T19:42:42+00:00\",\"dateModified\":\"2023-06-12T19:42:54+00:00\",\"mainEntityOfPage\":{\"@id\":\"https:\\\/\\\/fmpatagoniamadryn.com.ar\\\/?p=3433\"},\"wordCount\":350,\"publisher\":{\"@id\":\"https:\\\/\\\/fmpatagoniamadryn.com.ar\\\/#organization\"},\"image\":{\"@id\":\"https:\\\/\\\/fmpatagoniamadryn.com.ar\\\/?p=3433#primaryimage\"},\"thumbnailUrl\":\"https:\\\/\\\/fmpatagoniamadryn.com.ar\\\/wp-content\\\/uploads\\\/2023\\\/06\\\/88dc360b-5988-454a-bd24-22f738f78422.jpeg\",\"articleSection\":[\"Locales\"],\"inLanguage\":\"es\"},{\"@type\":\"WebPage\",\"@id\":\"https:\\\/\\\/fmpatagoniamadryn.com.ar\\\/?p=3433\",\"url\":\"https:\\\/\\\/fmpatagoniamadryn.com.ar\\\/?p=3433\",\"name\":\"SEMANA DE LAS BALLENAS: SE REALIZAR\u00c1 UNA CHARLA SOBRE FOTOIDENTIFICACI\u00d3N - FM Patagonia Madryn\",\"isPartOf\":{\"@id\":\"https:\\\/\\\/fmpatagoniamadryn.com.ar\\\/#website\"},\"primaryImageOfPage\":{\"@id\":\"https:\\\/\\\/fmpatagoniamadryn.com.ar\\\/?p=3433#primaryimage\"},\"image\":{\"@id\":\"https:\\\/\\\/fmpatagoniamadryn.com.ar\\\/?p=3433#primaryimage\"},\"thumbnailUrl\":\"https:\\\/\\\/fmpatagoniamadryn.com.ar\\\/wp-content\\\/uploads\\\/2023\\\/06\\\/88dc360b-5988-454a-bd24-22f738f78422.jpeg\",\"datePublished\":\"2023-06-12T19:42:42+00:00\",\"dateModified\":\"2023-06-12T19:42:54+00:00\",\"breadcrumb\":{\"@id\":\"https:\\\/\\\/fmpatagoniamadryn.com.ar\\\/?p=3433#breadcrumb\"},\"inLanguage\":\"es\",\"potentialAction\":[{\"@type\":\"ReadAction\",\"target\":[\"https:\\\/\\\/fmpatagoniamadryn.com.ar\\\/?p=3433\"]}]},{\"@type\":\"ImageObject\",\"inLanguage\":\"es\",\"@id\":\"https:\\\/\\\/fmpatagoniamadryn.com.ar\\\/?p=3433#primaryimage\",\"url\":\"https:\\\/\\\/fmpatagoniamadryn.com.ar\\\/wp-content\\\/uploads\\\/2023\\\/06\\\/88dc360b-5988-454a-bd24-22f738f78422.jpeg\",\"contentUrl\":\"https:\\\/\\\/fmpatagoniamadryn.com.ar\\\/wp-content\\\/uploads\\\/2023\\\/06\\\/88dc360b-5988-454a-bd24-22f738f78422.jpeg\",\"width\":1600,\"height\":1200},{\"@type\":\"BreadcrumbList\",\"@id\":\"https:\\\/\\\/fmpatagoniamadryn.com.ar\\\/?p=3433#breadcrumb\",\"itemListElement\":[{\"@type\":\"ListItem\",\"position\":1,\"name\":\"Portada\",\"item\":\"https:\\\/\\\/fmpatagoniamadryn.com.ar\\\/\"},{\"@type\":\"ListItem\",\"position\":2,\"name\":\"SEMANA DE LAS BALLENAS: SE REALIZAR\u00c1 UNA CHARLA SOBRE FOTOIDENTIFICACI\u00d3N\"}]},{\"@type\":\"WebSite\",\"@id\":\"https:\\\/\\\/fmpatagoniamadryn.com.ar\\\/#website\",\"url\":\"https:\\\/\\\/fmpatagoniamadryn.com.ar\\\/\",\"name\":\"FM Patagonia Madryn\",\"description\":\"Radio Patagonia 105.5\",\"publisher\":{\"@id\":\"https:\\\/\\\/fmpatagoniamadryn.com.ar\\\/#organization\"},\"potentialAction\":[{\"@type\":\"SearchAction\",\"target\":{\"@type\":\"EntryPoint\",\"urlTemplate\":\"https:\\\/\\\/fmpatagoniamadryn.com.ar\\\/?s={search_term_string}\"},\"query-input\":{\"@type\":\"PropertyValueSpecification\",\"valueRequired\":true,\"valueName\":\"search_term_string\"}}],\"inLanguage\":\"es\"},{\"@type\":\"Organization\",\"@id\":\"https:\\\/\\\/fmpatagoniamadryn.com.ar\\\/#organization\",\"name\":\"FM Patagonia Madryn\",\"url\":\"https:\\\/\\\/fmpatagoniamadryn.com.ar\\\/\",\"logo\":{\"@type\":\"ImageObject\",\"inLanguage\":\"es\",\"@id\":\"https:\\\/\\\/fmpatagoniamadryn.com.ar\\\/#\\\/schema\\\/logo\\\/image\\\/\",\"url\":\"https:\\\/\\\/fmpatagoniamadryn.com.ar\\\/wp-content\\\/uploads\\\/2023\\\/01\\\/cropped-Diseno-sin-titulo.png\",\"contentUrl\":\"https:\\\/\\\/fmpatagoniamadryn.com.ar\\\/wp-content\\\/uploads\\\/2023\\\/01\\\/cropped-Diseno-sin-titulo.png\",\"width\":6911,\"height\":2657,\"caption\":\"FM Patagonia Madryn\"},\"image\":{\"@id\":\"https:\\\/\\\/fmpatagoniamadryn.com.ar\\\/#\\\/schema\\\/logo\\\/image\\\/\"}},{\"@type\":\"Person\",\"@id\":\"https:\\\/\\\/fmpatagoniamadryn.com.ar\\\/#\\\/schema\\\/person\\\/8a3de4ad7efceacab06c1641c50303b7\",\"name\":\"FM Patagonia\",\"url\":\"https:\\\/\\\/fmpatagoniamadryn.com.ar\\\/?author=2\"}]}<\/script>\n<!-- \/ Yoast SEO plugin. -->","yoast_head_json":{"title":"SEMANA DE LAS BALLENAS: SE REALIZAR\u00c1 UNA CHARLA SOBRE FOTOIDENTIFICACI\u00d3N - FM Patagonia Madryn","robots":{"index":"index","follow":"follow","max-snippet":"max-snippet:-1","max-image-preview":"max-image-preview:large","max-video-preview":"max-video-preview:-1"},"canonical":"https:\/\/fmpatagoniamadryn.com.ar\/?p=3433","og_locale":"es_ES","og_type":"article","og_title":"SEMANA DE LAS BALLENAS: SE REALIZAR\u00c1 UNA CHARLA SOBRE FOTOIDENTIFICACI\u00d3N - FM Patagonia Madryn","og_description":"Ser\u00e1 el viernes 16 de junio a las 16.30 horas en el Teatro del Muelle. La propuesta estar\u00e1 a cargo de especialistas del Instituto de Conservaci\u00f3n de Ballenas La Municipalidad&hellip;","og_url":"https:\/\/fmpatagoniamadryn.com.ar\/?p=3433","og_site_name":"FM Patagonia Madryn","article_published_time":"2023-06-12T19:42:42+00:00","article_modified_time":"2023-06-12T19:42:54+00:00","og_image":[{"width":1600,"height":1200,"url":"https:\/\/fmpatagoniamadryn.com.ar\/wp-content\/uploads\/2023\/06\/88dc360b-5988-454a-bd24-22f738f78422.jpeg","type":"image\/jpeg"}],"author":"FM Patagonia","twitter_card":"summary_large_image","twitter_misc":{"Escrito por":"FM Patagonia","Tiempo de lectura":"2 minutos"},"schema":{"@context":"https:\/\/schema.org","@graph":[{"@type":"Article","@id":"https:\/\/fmpatagoniamadryn.com.ar\/?p=3433#article","isPartOf":{"@id":"https:\/\/fmpatagoniamadryn.com.ar\/?p=3433"},"author":{"name":"FM Patagonia","@id":"https:\/\/fmpatagoniamadryn.com.ar\/#\/schema\/person\/8a3de4ad7efceacab06c1641c50303b7"},"headline":"SEMANA DE LAS BALLENAS: SE REALIZAR\u00c1 UNA CHARLA SOBRE FOTOIDENTIFICACI\u00d3N","datePublished":"2023-06-12T19:42:42+00:00","dateModified":"2023-06-12T19:42:54+00:00","mainEntityOfPage":{"@id":"https:\/\/fmpatagoniamadryn.com.ar\/?p=3433"},"wordCount":350,"publisher":{"@id":"https:\/\/fmpatagoniamadryn.com.ar\/#organization"},"image":{"@id":"https:\/\/fmpatagoniamadryn.com.ar\/?p=3433#primaryimage"},"thumbnailUrl":"https:\/\/fmpatagoniamadryn.com.ar\/wp-content\/uploads\/2023\/06\/88dc360b-5988-454a-bd24-22f738f78422.jpeg","articleSection":["Locales"],"inLanguage":"es"},{"@type":"WebPage","@id":"https:\/\/fmpatagoniamadryn.com.ar\/?p=3433","url":"https:\/\/fmpatagoniamadryn.com.ar\/?p=3433","name":"SEMANA DE LAS BALLENAS: SE REALIZAR\u00c1 UNA CHARLA SOBRE FOTOIDENTIFICACI\u00d3N - FM Patagonia Madryn","isPartOf":{"@id":"https:\/\/fmpatagoniamadryn.com.ar\/#website"},"primaryImageOfPage":{"@id":"https:\/\/fmpatagoniamadryn.com.ar\/?p=3433#primaryimage"},"image":{"@id":"https:\/\/fmpatagoniamadryn.com.ar\/?p=3433#primaryimage"},"thumbnailUrl":"https:\/\/fmpatagoniamadryn.com.ar\/wp-content\/uploads\/2023\/06\/88dc360b-5988-454a-bd24-22f738f78422.jpeg","datePublished":"2023-06-12T19:42:42+00:00","dateModified":"2023-06-12T19:42:54+00:00","breadcrumb":{"@id":"https:\/\/fmpatagoniamadryn.com.ar\/?p=3433#breadcrumb"},"inLanguage":"es","potentialAction":[{"@type":"ReadAction","target":["https:\/\/fmpatagoniamadryn.com.ar\/?p=3433"]}]},{"@type":"ImageObject","inLanguage":"es","@id":"https:\/\/fmpatagoniamadryn.com.ar\/?p=3433#primaryimage","url":"https:\/\/fmpatagoniamadryn.com.ar\/wp-content\/uploads\/2023\/06\/88dc360b-5988-454a-bd24-22f738f78422.jpeg","contentUrl":"https:\/\/fmpatagoniamadryn.com.ar\/wp-content\/uploads\/2023\/06\/88dc360b-5988-454a-bd24-22f738f78422.jpeg","width":1600,"height":1200},{"@type":"BreadcrumbList","@id":"https:\/\/fmpatagoniamadryn.com.ar\/?p=3433#breadcrumb","itemListElement":[{"@type":"ListItem","position":1,"name":"Portada","item":"https:\/\/fmpatagoniamadryn.com.ar\/"},{"@type":"ListItem","position":2,"name":"SEMANA DE LAS BALLENAS: SE REALIZAR\u00c1 UNA CHARLA SOBRE FOTOIDENTIFICACI\u00d3N"}]},{"@type":"WebSite","@id":"https:\/\/fmpatagoniamadryn.com.ar\/#website","url":"https:\/\/fmpatagoniamadryn.com.ar\/","name":"FM Patagonia Madryn","description":"Radio Patagonia 105.5","publisher":{"@id":"https:\/\/fmpatagoniamadryn.com.ar\/#organization"},"potentialAction":[{"@type":"SearchAction","target":{"@type":"EntryPoint","urlTemplate":"https:\/\/fmpatagoniamadryn.com.ar\/?s={search_term_string}"},"query-input":{"@type":"PropertyValueSpecification","valueRequired":true,"valueName":"search_term_string"}}],"inLanguage":"es"},{"@type":"Organization","@id":"https:\/\/fmpatagoniamadryn.com.ar\/#organization","name":"FM Patagonia Madryn","url":"https:\/\/fmpatagoniamadryn.com.ar\/","logo":{"@type":"ImageObject","inLanguage":"es","@id":"https:\/\/fmpatagoniamadryn.com.ar\/#\/schema\/logo\/image\/","url":"https:\/\/fmpatagoniamadryn.com.ar\/wp-content\/uploads\/2023\/01\/cropped-Diseno-sin-titulo.png","contentUrl":"https:\/\/fmpatagoniamadryn.com.ar\/wp-content\/uploads\/2023\/01\/cropped-Diseno-sin-titulo.png","width":6911,"height":2657,"caption":"FM Patagonia Madryn"},"image":{"@id":"https:\/\/fmpatagoniamadryn.com.ar\/#\/schema\/logo\/image\/"}},{"@type":"Person","@id":"https:\/\/fmpatagoniamadryn.com.ar\/#\/schema\/person\/8a3de4ad7efceacab06c1641c50303b7","name":"FM Patagonia","url":"https:\/\/fmpatagoniamadryn.com.ar\/?author=2"}]}},"jetpack_featured_media_url":"https:\/\/fmpatagoniamadryn.com.ar\/wp-content\/uploads\/2023\/06\/88dc360b-5988-454a-bd24-22f738f78422.jpeg","_links":{"self":[{"href":"https:\/\/fmpatagoniamadryn.com.ar\/index.php?rest_route=\/wp\/v2\/posts\/3433","targetHints":{"allow":["GET"]}}],"collection":[{"href":"https:\/\/fmpatagoniamadryn.com.ar\/index.php?rest_route=\/wp\/v2\/posts"}],"about":[{"href":"https:\/\/fmpatagoniamadryn.com.ar\/index.php?rest_route=\/wp\/v2\/types\/post"}],"author":[{"embeddable":true,"href":"https:\/\/fmpatagoniamadryn.com.ar\/index.php?rest_route=\/wp\/v2\/users\/2"}],"replies":[{"embeddable":true,"href":"https:\/\/fmpatagoniamadryn.com.ar\/index.php?rest_route=%2Fwp%2Fv2%2Fcomments&post=3433"}],"version-history":[{"count":1,"href":"https:\/\/fmpatagoniamadryn.com.ar\/index.php?rest_route=\/wp\/v2\/posts\/3433\/revisions"}],"predecessor-version":[{"id":3434,"href":"https:\/\/fmpatagoniamadryn.com.ar\/index.php?rest_route=\/wp\/v2\/posts\/3433\/revisions\/3434"}],"wp:featuredmedia":[{"embeddable":true,"href":"https:\/\/fmpatagoniamadryn.com.ar\/index.php?rest_route=\/wp\/v2\/media\/3432"}],"wp:attachment":[{"href":"https:\/\/fmpatagoniamadryn.com.ar\/index.php?rest_route=%2Fwp%2Fv2%2Fmedia&parent=3433"}],"wp:term":[{"taxonomy":"category","embeddable":true,"href":"https:\/\/fmpatagoniamadryn.com.ar\/index.php?rest_route=%2Fwp%2Fv2%2Fcategories&post=3433"},{"taxonomy":"post_tag","embeddable":true,"href":"https:\/\/fmpatagoniamadryn.com.ar\/index.php?rest_route=%2Fwp%2Fv2%2Ftags&post=3433"}],"curies":[{"name":"wp","href":"https:\/\/api.w.org\/{rel}","templated":true}]}}