{"id":3436,"date":"2023-06-12T16:44:48","date_gmt":"2023-06-12T19:44:48","guid":{"rendered":"https:\/\/fmpatagoniamadryn.com.ar\/?p=3436"},"modified":"2023-06-12T16:45:04","modified_gmt":"2023-06-12T19:45:04","slug":"seguridad-la-unidad-regional-trelew-intensifica-las-tareas-preventivas-en-el-valle-inferior-del-rio-chubut","status":"publish","type":"post","link":"https:\/\/fmpatagoniamadryn.com.ar\/?p=3436","title":{"rendered":"<br>Seguridad: La Unidad Regional Trelew intensifica las tareas preventivas en el Valle Inferior del R\u00edo Chubut"},"content":{"rendered":"\n<p><br><br>A trav\u00e9s de un patrullaje permanente, se lograron importantes resultados para evitar robos en proceso. En un hecho de gravedad, un sujeto lesion\u00f3 a empleadas policiales en Dolavon.<br><br>Con el objetivo de garantizar la seguridad en distintos espacios p\u00fablicos, el Gobierno del Chubut, a trav\u00e9s del Ministerio de Seguridad y la Unidad Regional Trelew, llev\u00f3 adelante un importante despliegue en distintos puntos de las ciudades que componen el Valle Inferior del R\u00edo Chubut (VIRCh).<br><br>Se realizaron recorridas permanentes por sectores urbanos y rurales, con operativos de identificaci\u00f3n de personas, controles vehiculares para retirar de circulaci\u00f3n a los conductores en estado de intoxicaci\u00f3n y una importante articulaci\u00f3n ntre las distintas comisarias, que permiti\u00f3 obtener resultados positivos en diversas investigaciones.<br><br>En relaci\u00f3n a la investigaci\u00f3n de una persona que sufri\u00f3 lesiones graves con un arma blanca, el personal de las comisar\u00edas 1\u00b0 y 3\u00b0 de Trelew realiz\u00f3 dos allanamientos, detuvo a una persona y secuestr\u00f3 un arma tipo machete, prendas de vestir, calzados entre otros elementos que estar\u00edan relacionado con el hecho.<br><br>Los procedimientos se llevaron a cabo en una vivienda particular y en la dependencia policial donde el sujeto permanec\u00eda detenido hasta la audiencia de detenci\u00f3n. Intervino la Fiscal\u00eda local.<br><br>A su vez, los efectivos de la Comisar\u00eda 1\u00b0 demoraron a un individuo que intentaba forzar las puertas de un veh\u00edculo en Chile y Rivadavia. Al autor del il\u00edcito, se le incaut\u00f3 una herramienta que utilizaba en su maniobra delictiva.<br><br>Prevenci\u00f3n en locales de esparcimiento nocturno<br><br>En el marco de los controles a la salida de locales de esparcimiento nocturno, el personal policial intervino ante disturbios en la v\u00eda p\u00fablica que involucraron a varias personas. Los efectivos reconocieron a un sujeto involucrado en los disturbios y verificaron -mediante el sistema SKUA- que contaba con un pedido de captura activo por lo cual se procedi\u00f3 a su detenci\u00f3n. En la misma intervenci\u00f3n, se demor\u00f3 a otra persona por infracciones al C\u00f3digo de Convivencia Provincial.<br><br>Adem\u00e1s, personal de la Comisar\u00eda 2\u00b0 de Trelew detuvo a tres personas que provocaron destrozos y sustrajeron elementos del interior de un veh\u00edculo en Italia y Urquiza. Se inform\u00f3 del hecho a la Fiscal\u00eda, que dispuso que todos ellos permanezcan detenidos hasta la audiencia de control de detenci\u00f3n. Intervino la Polic\u00eda Cient\u00edfica que realiz\u00f3 actuaciones en el lugar y procedi\u00f3 al secuestro de autom\u00f3vil.<br><br>Identificaci\u00f3n de presuntos autores de robos agravados y secuestro de elementos de inter\u00e9s<br><br>Durante el fin de semana, la Polic\u00eda del Chubut realiz\u00f3 nueve allanamientos en relaci\u00f3n a dos robos agravados a trav\u00e9s de los cuales se concretaron requisas personales, registros vehiculares y se identific\u00f3 a un grupo de sujetos en relaci\u00f3n con las investigaciones en curso. En este contexto, se secuestr\u00f3 un veh\u00edculo particular, equipos de comunicaci\u00f3n y otros art\u00edculos \u00fatiles para profundizar procesos de investigaci\u00f3n acorde a las \u00f3rdenes establecidas por la Fiscal\u00eda local.<br><br>Asimismo, se aprehendi\u00f3 a dos mujeres por \u2018tentativa de hurto\u2019 de prendas de vestir en un supermercado de la ciudad. La Fiscal\u00eda local dispuso que permanezcan detenidas hasta la audiencia de control de detenci\u00f3n.<br><br>Dolavon<br><br>Los efectivos de comisar\u00eda Dolavon detuvieron a un hombre por da\u00f1os en un veh\u00edculo en cercan\u00edas de un local nocturno. En el momento de la actuaci\u00f3n, el sujeto agredi\u00f3 a dos empleadas policiales y les provoc\u00f3 lesiones de consideraci\u00f3n. A ra\u00edz de los hechos, fue imputado por \u2018lesiones y resistencia a la autoridad\u2019.<br><br>La Fiscal\u00eda orden\u00f3 la detenci\u00f3n hasta la audiencia. En cuanto a las empleadas policiales lesionadas, se les realiz\u00f3 placas radiogr\u00e1ficas y una tomograf\u00eda computada para evaluar su estado de salud general.<br><br>Gaiman<br><br>A su vez \u2013en inmediaciones del cementerio municipal por Ruta N\u00b025- los efectivos de la comisar\u00eda de Gaiman demoraron a un que realizaba maniobras peligrosas en el sector. Se comprob\u00f3 su estado de ebriedad, e intent\u00f3 obstaculizar el procedimiento, careciendo de la documentaci\u00f3n correspondiente para circular. Intervino la Fiscal\u00eda que dispuso la demora del infractor por las horas procesales y el secuestro del autom\u00f3vil<\/p>\n","protected":false},"excerpt":{"rendered":"<p>A trav\u00e9s de un patrullaje permanente, se lograron importantes resultados para evitar robos en proceso. En un hecho de gravedad, un sujeto lesion\u00f3 a empleadas policiales en Dolavon. Con el&hellip; <\/p>\n","protected":false},"author":2,"featured_media":3435,"comment_status":"closed","ping_status":"closed","sticky":false,"template":"","format":"standard","meta":{"footnotes":""},"categories":[11],"tags":[],"class_list":["post-3436","post","type-post","status-publish","format-standard","has-post-thumbnail","hentry","category-policiales"],"yoast_head":"<!-- This site is optimized with the Yoast SEO plugin v27.4 - https:\/\/yoast.com\/product\/yoast-seo-wordpress\/ -->\n<title>Seguridad: La Unidad Regional Trelew intensifica las tareas preventivas en el Valle Inferior del R\u00edo Chubut - FM Patagonia Madryn<\/title>\n<meta name=\"robots\" content=\"index, follow, max-snippet:-1, max-image-preview:large, max-video-preview:-1\" \/>\n<link rel=\"canonical\" href=\"https:\/\/fmpatagoniamadryn.com.ar\/?p=3436\" \/>\n<meta property=\"og:locale\" content=\"es_ES\" \/>\n<meta property=\"og:type\" content=\"article\" \/>\n<meta property=\"og:title\" content=\"Seguridad: La Unidad Regional Trelew intensifica las tareas preventivas en el Valle Inferior del R\u00edo Chubut - FM Patagonia Madryn\" \/>\n<meta property=\"og:description\" content=\"A trav\u00e9s de un patrullaje permanente, se lograron importantes resultados para evitar robos en proceso. En un hecho de gravedad, un sujeto lesion\u00f3 a empleadas policiales en Dolavon. Con el&hellip;\" \/>\n<meta property=\"og:url\" content=\"https:\/\/fmpatagoniamadryn.com.ar\/?p=3436\" \/>\n<meta property=\"og:site_name\" content=\"FM Patagonia Madryn\" \/>\n<meta property=\"article:published_time\" content=\"2023-06-12T19:44:48+00:00\" \/>\n<meta property=\"article:modified_time\" content=\"2023-06-12T19:45:04+00:00\" \/>\n<meta property=\"og:image\" content=\"https:\/\/fmpatagoniamadryn.com.ar\/wp-content\/uploads\/2023\/06\/Seguridad-UNIDAD-REGIONAL-TRELEW3.jpg\" \/>\n\t<meta property=\"og:image:width\" content=\"1024\" \/>\n\t<meta property=\"og:image:height\" content=\"734\" \/>\n\t<meta property=\"og:image:type\" content=\"image\/jpeg\" \/>\n<meta name=\"author\" content=\"FM Patagonia\" \/>\n<meta name=\"twitter:card\" content=\"summary_large_image\" \/>\n<meta name=\"twitter:label1\" content=\"Escrito por\" \/>\n\t<meta name=\"twitter:data1\" content=\"FM Patagonia\" \/>\n\t<meta name=\"twitter:label2\" content=\"Tiempo de lectura\" \/>\n\t<meta name=\"twitter:data2\" content=\"4 minutos\" \/>\n<script type=\"application\/ld+json\" class=\"yoast-schema-graph\">{\"@context\":\"https:\\\/\\\/schema.org\",\"@graph\":[{\"@type\":\"Article\",\"@id\":\"https:\\\/\\\/fmpatagoniamadryn.com.ar\\\/?p=3436#article\",\"isPartOf\":{\"@id\":\"https:\\\/\\\/fmpatagoniamadryn.com.ar\\\/?p=3436\"},\"author\":{\"name\":\"FM Patagonia\",\"@id\":\"https:\\\/\\\/fmpatagoniamadryn.com.ar\\\/#\\\/schema\\\/person\\\/8a3de4ad7efceacab06c1641c50303b7\"},\"headline\":\"Seguridad: La Unidad Regional Trelew intensifica las tareas preventivas en el Valle Inferior del R\u00edo Chubut\",\"datePublished\":\"2023-06-12T19:44:48+00:00\",\"dateModified\":\"2023-06-12T19:45:04+00:00\",\"mainEntityOfPage\":{\"@id\":\"https:\\\/\\\/fmpatagoniamadryn.com.ar\\\/?p=3436\"},\"wordCount\":730,\"publisher\":{\"@id\":\"https:\\\/\\\/fmpatagoniamadryn.com.ar\\\/#organization\"},\"image\":{\"@id\":\"https:\\\/\\\/fmpatagoniamadryn.com.ar\\\/?p=3436#primaryimage\"},\"thumbnailUrl\":\"https:\\\/\\\/fmpatagoniamadryn.com.ar\\\/wp-content\\\/uploads\\\/2023\\\/06\\\/Seguridad-UNIDAD-REGIONAL-TRELEW3.jpg\",\"articleSection\":[\"Policiales\"],\"inLanguage\":\"es\"},{\"@type\":\"WebPage\",\"@id\":\"https:\\\/\\\/fmpatagoniamadryn.com.ar\\\/?p=3436\",\"url\":\"https:\\\/\\\/fmpatagoniamadryn.com.ar\\\/?p=3436\",\"name\":\"Seguridad: La Unidad Regional Trelew intensifica las tareas preventivas en el Valle Inferior del R\u00edo Chubut - FM Patagonia Madryn\",\"isPartOf\":{\"@id\":\"https:\\\/\\\/fmpatagoniamadryn.com.ar\\\/#website\"},\"primaryImageOfPage\":{\"@id\":\"https:\\\/\\\/fmpatagoniamadryn.com.ar\\\/?p=3436#primaryimage\"},\"image\":{\"@id\":\"https:\\\/\\\/fmpatagoniamadryn.com.ar\\\/?p=3436#primaryimage\"},\"thumbnailUrl\":\"https:\\\/\\\/fmpatagoniamadryn.com.ar\\\/wp-content\\\/uploads\\\/2023\\\/06\\\/Seguridad-UNIDAD-REGIONAL-TRELEW3.jpg\",\"datePublished\":\"2023-06-12T19:44:48+00:00\",\"dateModified\":\"2023-06-12T19:45:04+00:00\",\"breadcrumb\":{\"@id\":\"https:\\\/\\\/fmpatagoniamadryn.com.ar\\\/?p=3436#breadcrumb\"},\"inLanguage\":\"es\",\"potentialAction\":[{\"@type\":\"ReadAction\",\"target\":[\"https:\\\/\\\/fmpatagoniamadryn.com.ar\\\/?p=3436\"]}]},{\"@type\":\"ImageObject\",\"inLanguage\":\"es\",\"@id\":\"https:\\\/\\\/fmpatagoniamadryn.com.ar\\\/?p=3436#primaryimage\",\"url\":\"https:\\\/\\\/fmpatagoniamadryn.com.ar\\\/wp-content\\\/uploads\\\/2023\\\/06\\\/Seguridad-UNIDAD-REGIONAL-TRELEW3.jpg\",\"contentUrl\":\"https:\\\/\\\/fmpatagoniamadryn.com.ar\\\/wp-content\\\/uploads\\\/2023\\\/06\\\/Seguridad-UNIDAD-REGIONAL-TRELEW3.jpg\",\"width\":1024,\"height\":734},{\"@type\":\"BreadcrumbList\",\"@id\":\"https:\\\/\\\/fmpatagoniamadryn.com.ar\\\/?p=3436#breadcrumb\",\"itemListElement\":[{\"@type\":\"ListItem\",\"position\":1,\"name\":\"Portada\",\"item\":\"https:\\\/\\\/fmpatagoniamadryn.com.ar\\\/\"},{\"@type\":\"ListItem\",\"position\":2,\"name\":\"Seguridad: La Unidad Regional Trelew intensifica las tareas preventivas en el Valle Inferior del R\u00edo Chubut\"}]},{\"@type\":\"WebSite\",\"@id\":\"https:\\\/\\\/fmpatagoniamadryn.com.ar\\\/#website\",\"url\":\"https:\\\/\\\/fmpatagoniamadryn.com.ar\\\/\",\"name\":\"FM Patagonia Madryn\",\"description\":\"Radio Patagonia 105.5\",\"publisher\":{\"@id\":\"https:\\\/\\\/fmpatagoniamadryn.com.ar\\\/#organization\"},\"potentialAction\":[{\"@type\":\"SearchAction\",\"target\":{\"@type\":\"EntryPoint\",\"urlTemplate\":\"https:\\\/\\\/fmpatagoniamadryn.com.ar\\\/?s={search_term_string}\"},\"query-input\":{\"@type\":\"PropertyValueSpecification\",\"valueRequired\":true,\"valueName\":\"search_term_string\"}}],\"inLanguage\":\"es\"},{\"@type\":\"Organization\",\"@id\":\"https:\\\/\\\/fmpatagoniamadryn.com.ar\\\/#organization\",\"name\":\"FM Patagonia Madryn\",\"url\":\"https:\\\/\\\/fmpatagoniamadryn.com.ar\\\/\",\"logo\":{\"@type\":\"ImageObject\",\"inLanguage\":\"es\",\"@id\":\"https:\\\/\\\/fmpatagoniamadryn.com.ar\\\/#\\\/schema\\\/logo\\\/image\\\/\",\"url\":\"https:\\\/\\\/fmpatagoniamadryn.com.ar\\\/wp-content\\\/uploads\\\/2023\\\/01\\\/cropped-Diseno-sin-titulo.png\",\"contentUrl\":\"https:\\\/\\\/fmpatagoniamadryn.com.ar\\\/wp-content\\\/uploads\\\/2023\\\/01\\\/cropped-Diseno-sin-titulo.png\",\"width\":6911,\"height\":2657,\"caption\":\"FM Patagonia Madryn\"},\"image\":{\"@id\":\"https:\\\/\\\/fmpatagoniamadryn.com.ar\\\/#\\\/schema\\\/logo\\\/image\\\/\"}},{\"@type\":\"Person\",\"@id\":\"https:\\\/\\\/fmpatagoniamadryn.com.ar\\\/#\\\/schema\\\/person\\\/8a3de4ad7efceacab06c1641c50303b7\",\"name\":\"FM Patagonia\",\"url\":\"https:\\\/\\\/fmpatagoniamadryn.com.ar\\\/?author=2\"}]}<\/script>\n<!-- \/ Yoast SEO plugin. -->","yoast_head_json":{"title":"Seguridad: La Unidad Regional Trelew intensifica las tareas preventivas en el Valle Inferior del R\u00edo Chubut - FM Patagonia Madryn","robots":{"index":"index","follow":"follow","max-snippet":"max-snippet:-1","max-image-preview":"max-image-preview:large","max-video-preview":"max-video-preview:-1"},"canonical":"https:\/\/fmpatagoniamadryn.com.ar\/?p=3436","og_locale":"es_ES","og_type":"article","og_title":"Seguridad: La Unidad Regional Trelew intensifica las tareas preventivas en el Valle Inferior del R\u00edo Chubut - FM Patagonia Madryn","og_description":"A trav\u00e9s de un patrullaje permanente, se lograron importantes resultados para evitar robos en proceso. En un hecho de gravedad, un sujeto lesion\u00f3 a empleadas policiales en Dolavon. Con el&hellip;","og_url":"https:\/\/fmpatagoniamadryn.com.ar\/?p=3436","og_site_name":"FM Patagonia Madryn","article_published_time":"2023-06-12T19:44:48+00:00","article_modified_time":"2023-06-12T19:45:04+00:00","og_image":[{"width":1024,"height":734,"url":"https:\/\/fmpatagoniamadryn.com.ar\/wp-content\/uploads\/2023\/06\/Seguridad-UNIDAD-REGIONAL-TRELEW3.jpg","type":"image\/jpeg"}],"author":"FM Patagonia","twitter_card":"summary_large_image","twitter_misc":{"Escrito por":"FM Patagonia","Tiempo de lectura":"4 minutos"},"schema":{"@context":"https:\/\/schema.org","@graph":[{"@type":"Article","@id":"https:\/\/fmpatagoniamadryn.com.ar\/?p=3436#article","isPartOf":{"@id":"https:\/\/fmpatagoniamadryn.com.ar\/?p=3436"},"author":{"name":"FM Patagonia","@id":"https:\/\/fmpatagoniamadryn.com.ar\/#\/schema\/person\/8a3de4ad7efceacab06c1641c50303b7"},"headline":"Seguridad: La Unidad Regional Trelew intensifica las tareas preventivas en el Valle Inferior del R\u00edo Chubut","datePublished":"2023-06-12T19:44:48+00:00","dateModified":"2023-06-12T19:45:04+00:00","mainEntityOfPage":{"@id":"https:\/\/fmpatagoniamadryn.com.ar\/?p=3436"},"wordCount":730,"publisher":{"@id":"https:\/\/fmpatagoniamadryn.com.ar\/#organization"},"image":{"@id":"https:\/\/fmpatagoniamadryn.com.ar\/?p=3436#primaryimage"},"thumbnailUrl":"https:\/\/fmpatagoniamadryn.com.ar\/wp-content\/uploads\/2023\/06\/Seguridad-UNIDAD-REGIONAL-TRELEW3.jpg","articleSection":["Policiales"],"inLanguage":"es"},{"@type":"WebPage","@id":"https:\/\/fmpatagoniamadryn.com.ar\/?p=3436","url":"https:\/\/fmpatagoniamadryn.com.ar\/?p=3436","name":"Seguridad: La Unidad Regional Trelew intensifica las tareas preventivas en el Valle Inferior del R\u00edo Chubut - FM Patagonia Madryn","isPartOf":{"@id":"https:\/\/fmpatagoniamadryn.com.ar\/#website"},"primaryImageOfPage":{"@id":"https:\/\/fmpatagoniamadryn.com.ar\/?p=3436#primaryimage"},"image":{"@id":"https:\/\/fmpatagoniamadryn.com.ar\/?p=3436#primaryimage"},"thumbnailUrl":"https:\/\/fmpatagoniamadryn.com.ar\/wp-content\/uploads\/2023\/06\/Seguridad-UNIDAD-REGIONAL-TRELEW3.jpg","datePublished":"2023-06-12T19:44:48+00:00","dateModified":"2023-06-12T19:45:04+00:00","breadcrumb":{"@id":"https:\/\/fmpatagoniamadryn.com.ar\/?p=3436#breadcrumb"},"inLanguage":"es","potentialAction":[{"@type":"ReadAction","target":["https:\/\/fmpatagoniamadryn.com.ar\/?p=3436"]}]},{"@type":"ImageObject","inLanguage":"es","@id":"https:\/\/fmpatagoniamadryn.com.ar\/?p=3436#primaryimage","url":"https:\/\/fmpatagoniamadryn.com.ar\/wp-content\/uploads\/2023\/06\/Seguridad-UNIDAD-REGIONAL-TRELEW3.jpg","contentUrl":"https:\/\/fmpatagoniamadryn.com.ar\/wp-content\/uploads\/2023\/06\/Seguridad-UNIDAD-REGIONAL-TRELEW3.jpg","width":1024,"height":734},{"@type":"BreadcrumbList","@id":"https:\/\/fmpatagoniamadryn.com.ar\/?p=3436#breadcrumb","itemListElement":[{"@type":"ListItem","position":1,"name":"Portada","item":"https:\/\/fmpatagoniamadryn.com.ar\/"},{"@type":"ListItem","position":2,"name":"Seguridad: La Unidad Regional Trelew intensifica las tareas preventivas en el Valle Inferior del R\u00edo Chubut"}]},{"@type":"WebSite","@id":"https:\/\/fmpatagoniamadryn.com.ar\/#website","url":"https:\/\/fmpatagoniamadryn.com.ar\/","name":"FM Patagonia Madryn","description":"Radio Patagonia 105.5","publisher":{"@id":"https:\/\/fmpatagoniamadryn.com.ar\/#organization"},"potentialAction":[{"@type":"SearchAction","target":{"@type":"EntryPoint","urlTemplate":"https:\/\/fmpatagoniamadryn.com.ar\/?s={search_term_string}"},"query-input":{"@type":"PropertyValueSpecification","valueRequired":true,"valueName":"search_term_string"}}],"inLanguage":"es"},{"@type":"Organization","@id":"https:\/\/fmpatagoniamadryn.com.ar\/#organization","name":"FM Patagonia Madryn","url":"https:\/\/fmpatagoniamadryn.com.ar\/","logo":{"@type":"ImageObject","inLanguage":"es","@id":"https:\/\/fmpatagoniamadryn.com.ar\/#\/schema\/logo\/image\/","url":"https:\/\/fmpatagoniamadryn.com.ar\/wp-content\/uploads\/2023\/01\/cropped-Diseno-sin-titulo.png","contentUrl":"https:\/\/fmpatagoniamadryn.com.ar\/wp-content\/uploads\/2023\/01\/cropped-Diseno-sin-titulo.png","width":6911,"height":2657,"caption":"FM Patagonia Madryn"},"image":{"@id":"https:\/\/fmpatagoniamadryn.com.ar\/#\/schema\/logo\/image\/"}},{"@type":"Person","@id":"https:\/\/fmpatagoniamadryn.com.ar\/#\/schema\/person\/8a3de4ad7efceacab06c1641c50303b7","name":"FM Patagonia","url":"https:\/\/fmpatagoniamadryn.com.ar\/?author=2"}]}},"jetpack_featured_media_url":"https:\/\/fmpatagoniamadryn.com.ar\/wp-content\/uploads\/2023\/06\/Seguridad-UNIDAD-REGIONAL-TRELEW3.jpg","_links":{"self":[{"href":"https:\/\/fmpatagoniamadryn.com.ar\/index.php?rest_route=\/wp\/v2\/posts\/3436","targetHints":{"allow":["GET"]}}],"collection":[{"href":"https:\/\/fmpatagoniamadryn.com.ar\/index.php?rest_route=\/wp\/v2\/posts"}],"about":[{"href":"https:\/\/fmpatagoniamadryn.com.ar\/index.php?rest_route=\/wp\/v2\/types\/post"}],"author":[{"embeddable":true,"href":"https:\/\/fmpatagoniamadryn.com.ar\/index.php?rest_route=\/wp\/v2\/users\/2"}],"replies":[{"embeddable":true,"href":"https:\/\/fmpatagoniamadryn.com.ar\/index.php?rest_route=%2Fwp%2Fv2%2Fcomments&post=3436"}],"version-history":[{"count":1,"href":"https:\/\/fmpatagoniamadryn.com.ar\/index.php?rest_route=\/wp\/v2\/posts\/3436\/revisions"}],"predecessor-version":[{"id":3437,"href":"https:\/\/fmpatagoniamadryn.com.ar\/index.php?rest_route=\/wp\/v2\/posts\/3436\/revisions\/3437"}],"wp:featuredmedia":[{"embeddable":true,"href":"https:\/\/fmpatagoniamadryn.com.ar\/index.php?rest_route=\/wp\/v2\/media\/3435"}],"wp:attachment":[{"href":"https:\/\/fmpatagoniamadryn.com.ar\/index.php?rest_route=%2Fwp%2Fv2%2Fmedia&parent=3436"}],"wp:term":[{"taxonomy":"category","embeddable":true,"href":"https:\/\/fmpatagoniamadryn.com.ar\/index.php?rest_route=%2Fwp%2Fv2%2Fcategories&post=3436"},{"taxonomy":"post_tag","embeddable":true,"href":"https:\/\/fmpatagoniamadryn.com.ar\/index.php?rest_route=%2Fwp%2Fv2%2Ftags&post=3436"}],"curies":[{"name":"wp","href":"https:\/\/api.w.org\/{rel}","templated":true}]}}