{"id":3439,"date":"2023-06-12T16:47:03","date_gmt":"2023-06-12T19:47:03","guid":{"rendered":"https:\/\/fmpatagoniamadryn.com.ar\/?p=3439"},"modified":"2023-06-12T16:47:29","modified_gmt":"2023-06-12T19:47:29","slug":"grazzini-lo-mas-importante-es-trabajar-y-gestionar-todos-los-dias-para-el-sector-educativo","status":"publish","type":"post","link":"https:\/\/fmpatagoniamadryn.com.ar\/?p=3439","title":{"rendered":"<br>Grazzini: \u201cLo m\u00e1s importante es trabajar y gestionar todos los d\u00edas para el sector educativo\u201d <br>"},"content":{"rendered":"\n<p><br>El ministro de Educaci\u00f3n de la provincia present\u00f3 junto a su gabinete dos nuevos programas que buscan fortalecer la pol\u00edtica educativa para la ni\u00f1ez y la adolescencia: \u201cMi Escuela y Yo\u201d y \u201cAprender M\u00e1s\u201d. <br><br>Mediante una conferencia de prensa brindada en la sede central del Ministerio de Educaci\u00f3n, este lunes al mediod\u00eda, el ministro de Educaci\u00f3n de la provincia, Jos\u00e9 Mar\u00eda Grazzini, present\u00f3 los dos nuevos programas pedag\u00f3gicos de la cartera: \u201cMi Escuela y Yo\u201d y \u201cAprender M\u00e1s\u201d. <br><br>\u201cLo m\u00e1s importante para este Ministerio es trabajar y gestionar todos los d\u00edas para el sector educativo. Sobre todo, para generar programas que tengan impacto en las trayectorias de los ni\u00f1os y ni\u00f1as de nuestra provincia\u201d, destac\u00f3 Grazzini. <br><br>Acompa\u00f1aron al titular de la cartera educativa durante el lanzamiento los subsecretarios de Coordinaci\u00f3n T\u00e9cnica Operativa de Instituciones, Silvia Reynoso; de Coordinaci\u00f3n, Roc\u00edo Silva Preciado; y de Recursos, Apoyo y Servicios Auxiliares, Jos\u00e9 Mart\u00edn Alaniz. <br><br>Adem\u00e1s, explic\u00f3 que, \u201ccon el gobernador Mariano Arcioni, estamos convencidos que m\u00e1s all\u00e1 de las dificultades que hay en el pa\u00eds; debemos trabajar y gestionar\u201d. <br><br>Mi Escuela y Yo <br><br>El ministro Grazzini detall\u00f3 que \u201cel programa Mi Escuela y Yo tiene por objetivo fortalecer el trabajo articulado entre escuela, familias y comunidad para el logro de trayectorias continuas e integradas entre los niveles del sistema educativo\u201d. <br><br>El programa est\u00e1 destinado a un total de 63 escuelas de la provincia: 7 escuelas de Regi\u00f3n I; 14 en Regi\u00f3n II; 7 en Regi\u00f3n III, 14 en Regi\u00f3n IV, 7 en Regi\u00f3n V: y 14 en Regi\u00f3n VI. <br><br>\u201cBuscamos generar espacios de aprendizaje integral. El programa va a funcionar los d\u00edas s\u00e1bados y en 63 escuelas de los 3 niveles y modalidades\u201d, detall\u00f3 el ministro<\/p>\n\n\n\n<p><br><br>Por \u00faltimo, explic\u00f3 que \u201cel Programa abarcar\u00e1 talleres y \u00e1reas como la lectura y escritura, rob\u00f3tica e inform\u00e1tica, expresi\u00f3n art\u00edstica, deportivas, participaci\u00f3n estudiantil, entre otros. Y que tambi\u00e9n se articular\u00e1 con las Direcciones de Nivel y Programas del Ministerio\u201d. <br><br>Aprender M\u00e1s <br><br>Por otro lado, el Programa \u201cAprender M\u00e1s\u201d es un dispositivo nacional que est\u00e1 destinado a incrementar y consolidar el acceso, permanencia y egreso de las y los estudiantes. <br><br>\u201cEn paralelo al programa provincial, Aprender M\u00e1s es una l\u00ednea nacional que busca fortalecer las trayectorias de nuestros estudiantes de nivel Inicial, Primario y Secundario; sobre todo en los \u00faltimos dos niveles para \u00e1reas muy importantes como son lengua y matem\u00e1tica\u201d, remarc\u00f3 la subsecretaria Reynoso. <br><br>Adem\u00e1s, agreg\u00f3 \u201cque son talleres que se van a ejecutar y desarrollar en las mismas escuelas. Abarca un total de 62 escuelas de toda la provincia: 6 escuelas de Nivel Inicial, 20 de Nivel Primario, 24 de Secundaria y 12 del nivel Secundario T\u00e9cnico\u201d. <br><br>\u201cLa selecci\u00f3n de estas escuelas se realiz\u00f3 desde el Ministerio junto al trabajo de Supervisores y equipos directivos, para aquellas instituciones que han tenido discontinuidad en sus trayectorias. Sobre todo, en el segundo ciclo de primario, como as\u00ed tambi\u00e9n en el ciclo b\u00e1sico de Secundaria\u201d, puntualiz\u00f3 Reynoso. <br><br>Por \u00faltimo, agreg\u00f3 que este programa apunta a \u201cfortalecer conocimientos en \u00e1reas como Lengua y Literatura, Matem\u00e1ticas y las Ciencias\u201d. <br><br>El Ministerio de Educaci\u00f3n elabor\u00f3 un mapa digital con la ubicaci\u00f3n de cada escuela que forma parte del Programa: https:\/\/www.google.com\/maps\/d\/u\/2\/viewer?mid=19LLH_RXyhg4R1ohU5gN4WiFykGVrEAI&amp;ll=-43.98335824786587%2C-68.31010115000001&amp;z=7<\/p>\n","protected":false},"excerpt":{"rendered":"<p>El ministro de Educaci\u00f3n de la provincia present\u00f3 junto a su gabinete dos nuevos programas que buscan fortalecer la pol\u00edtica educativa para la ni\u00f1ez y la adolescencia: \u201cMi Escuela y&hellip; <\/p>\n","protected":false},"author":2,"featured_media":3438,"comment_status":"closed","ping_status":"closed","sticky":false,"template":"","format":"standard","meta":{"footnotes":""},"categories":[14],"tags":[],"class_list":["post-3439","post","type-post","status-publish","format-standard","has-post-thumbnail","hentry","category-provinciales"],"yoast_head":"<!-- This site is optimized with the Yoast SEO plugin v27.4 - https:\/\/yoast.com\/product\/yoast-seo-wordpress\/ -->\n<title>Grazzini: \u201cLo m\u00e1s importante es trabajar y gestionar todos los d\u00edas para el sector educativo\u201d  - FM Patagonia Madryn<\/title>\n<meta name=\"robots\" content=\"index, follow, max-snippet:-1, max-image-preview:large, max-video-preview:-1\" \/>\n<link rel=\"canonical\" href=\"https:\/\/fmpatagoniamadryn.com.ar\/?p=3439\" \/>\n<meta property=\"og:locale\" content=\"es_ES\" \/>\n<meta property=\"og:type\" content=\"article\" \/>\n<meta property=\"og:title\" content=\"Grazzini: \u201cLo m\u00e1s importante es trabajar y gestionar todos los d\u00edas para el sector educativo\u201d  - FM Patagonia Madryn\" \/>\n<meta property=\"og:description\" content=\"El ministro de Educaci\u00f3n de la provincia present\u00f3 junto a su gabinete dos nuevos programas que buscan fortalecer la pol\u00edtica educativa para la ni\u00f1ez y la adolescencia: \u201cMi Escuela y&hellip;\" \/>\n<meta property=\"og:url\" content=\"https:\/\/fmpatagoniamadryn.com.ar\/?p=3439\" \/>\n<meta property=\"og:site_name\" content=\"FM Patagonia Madryn\" \/>\n<meta property=\"article:published_time\" content=\"2023-06-12T19:47:03+00:00\" \/>\n<meta property=\"article:modified_time\" content=\"2023-06-12T19:47:29+00:00\" \/>\n<meta property=\"og:image\" content=\"https:\/\/fmpatagoniamadryn.com.ar\/wp-content\/uploads\/2023\/06\/GRAZZINI-CON-SUBSES-EN-CONFERENCIA-2-scaled.jpg\" \/>\n\t<meta property=\"og:image:width\" content=\"2560\" \/>\n\t<meta property=\"og:image:height\" content=\"1703\" \/>\n\t<meta property=\"og:image:type\" content=\"image\/jpeg\" \/>\n<meta name=\"author\" content=\"FM Patagonia\" \/>\n<meta name=\"twitter:card\" content=\"summary_large_image\" \/>\n<meta name=\"twitter:label1\" content=\"Escrito por\" \/>\n\t<meta name=\"twitter:data1\" content=\"FM Patagonia\" \/>\n\t<meta name=\"twitter:label2\" content=\"Tiempo de lectura\" \/>\n\t<meta name=\"twitter:data2\" content=\"3 minutos\" \/>\n<script type=\"application\/ld+json\" class=\"yoast-schema-graph\">{\"@context\":\"https:\\\/\\\/schema.org\",\"@graph\":[{\"@type\":\"Article\",\"@id\":\"https:\\\/\\\/fmpatagoniamadryn.com.ar\\\/?p=3439#article\",\"isPartOf\":{\"@id\":\"https:\\\/\\\/fmpatagoniamadryn.com.ar\\\/?p=3439\"},\"author\":{\"name\":\"FM Patagonia\",\"@id\":\"https:\\\/\\\/fmpatagoniamadryn.com.ar\\\/#\\\/schema\\\/person\\\/8a3de4ad7efceacab06c1641c50303b7\"},\"headline\":\"Grazzini: \u201cLo m\u00e1s importante es trabajar y gestionar todos los d\u00edas para el sector educativo\u201d\",\"datePublished\":\"2023-06-12T19:47:03+00:00\",\"dateModified\":\"2023-06-12T19:47:29+00:00\",\"mainEntityOfPage\":{\"@id\":\"https:\\\/\\\/fmpatagoniamadryn.com.ar\\\/?p=3439\"},\"wordCount\":601,\"publisher\":{\"@id\":\"https:\\\/\\\/fmpatagoniamadryn.com.ar\\\/#organization\"},\"image\":{\"@id\":\"https:\\\/\\\/fmpatagoniamadryn.com.ar\\\/?p=3439#primaryimage\"},\"thumbnailUrl\":\"https:\\\/\\\/fmpatagoniamadryn.com.ar\\\/wp-content\\\/uploads\\\/2023\\\/06\\\/GRAZZINI-CON-SUBSES-EN-CONFERENCIA-2-scaled.jpg\",\"articleSection\":[\"Provinciales\"],\"inLanguage\":\"es\"},{\"@type\":\"WebPage\",\"@id\":\"https:\\\/\\\/fmpatagoniamadryn.com.ar\\\/?p=3439\",\"url\":\"https:\\\/\\\/fmpatagoniamadryn.com.ar\\\/?p=3439\",\"name\":\"Grazzini: \u201cLo m\u00e1s importante es trabajar y gestionar todos los d\u00edas para el sector educativo\u201d - FM Patagonia Madryn\",\"isPartOf\":{\"@id\":\"https:\\\/\\\/fmpatagoniamadryn.com.ar\\\/#website\"},\"primaryImageOfPage\":{\"@id\":\"https:\\\/\\\/fmpatagoniamadryn.com.ar\\\/?p=3439#primaryimage\"},\"image\":{\"@id\":\"https:\\\/\\\/fmpatagoniamadryn.com.ar\\\/?p=3439#primaryimage\"},\"thumbnailUrl\":\"https:\\\/\\\/fmpatagoniamadryn.com.ar\\\/wp-content\\\/uploads\\\/2023\\\/06\\\/GRAZZINI-CON-SUBSES-EN-CONFERENCIA-2-scaled.jpg\",\"datePublished\":\"2023-06-12T19:47:03+00:00\",\"dateModified\":\"2023-06-12T19:47:29+00:00\",\"breadcrumb\":{\"@id\":\"https:\\\/\\\/fmpatagoniamadryn.com.ar\\\/?p=3439#breadcrumb\"},\"inLanguage\":\"es\",\"potentialAction\":[{\"@type\":\"ReadAction\",\"target\":[\"https:\\\/\\\/fmpatagoniamadryn.com.ar\\\/?p=3439\"]}]},{\"@type\":\"ImageObject\",\"inLanguage\":\"es\",\"@id\":\"https:\\\/\\\/fmpatagoniamadryn.com.ar\\\/?p=3439#primaryimage\",\"url\":\"https:\\\/\\\/fmpatagoniamadryn.com.ar\\\/wp-content\\\/uploads\\\/2023\\\/06\\\/GRAZZINI-CON-SUBSES-EN-CONFERENCIA-2-scaled.jpg\",\"contentUrl\":\"https:\\\/\\\/fmpatagoniamadryn.com.ar\\\/wp-content\\\/uploads\\\/2023\\\/06\\\/GRAZZINI-CON-SUBSES-EN-CONFERENCIA-2-scaled.jpg\",\"width\":2560,\"height\":1703},{\"@type\":\"BreadcrumbList\",\"@id\":\"https:\\\/\\\/fmpatagoniamadryn.com.ar\\\/?p=3439#breadcrumb\",\"itemListElement\":[{\"@type\":\"ListItem\",\"position\":1,\"name\":\"Portada\",\"item\":\"https:\\\/\\\/fmpatagoniamadryn.com.ar\\\/\"},{\"@type\":\"ListItem\",\"position\":2,\"name\":\"Grazzini: \u201cLo m\u00e1s importante es trabajar y gestionar todos los d\u00edas para el sector educativo\u201d\"}]},{\"@type\":\"WebSite\",\"@id\":\"https:\\\/\\\/fmpatagoniamadryn.com.ar\\\/#website\",\"url\":\"https:\\\/\\\/fmpatagoniamadryn.com.ar\\\/\",\"name\":\"FM Patagonia Madryn\",\"description\":\"Radio Patagonia 105.5\",\"publisher\":{\"@id\":\"https:\\\/\\\/fmpatagoniamadryn.com.ar\\\/#organization\"},\"potentialAction\":[{\"@type\":\"SearchAction\",\"target\":{\"@type\":\"EntryPoint\",\"urlTemplate\":\"https:\\\/\\\/fmpatagoniamadryn.com.ar\\\/?s={search_term_string}\"},\"query-input\":{\"@type\":\"PropertyValueSpecification\",\"valueRequired\":true,\"valueName\":\"search_term_string\"}}],\"inLanguage\":\"es\"},{\"@type\":\"Organization\",\"@id\":\"https:\\\/\\\/fmpatagoniamadryn.com.ar\\\/#organization\",\"name\":\"FM Patagonia Madryn\",\"url\":\"https:\\\/\\\/fmpatagoniamadryn.com.ar\\\/\",\"logo\":{\"@type\":\"ImageObject\",\"inLanguage\":\"es\",\"@id\":\"https:\\\/\\\/fmpatagoniamadryn.com.ar\\\/#\\\/schema\\\/logo\\\/image\\\/\",\"url\":\"https:\\\/\\\/fmpatagoniamadryn.com.ar\\\/wp-content\\\/uploads\\\/2023\\\/01\\\/cropped-Diseno-sin-titulo.png\",\"contentUrl\":\"https:\\\/\\\/fmpatagoniamadryn.com.ar\\\/wp-content\\\/uploads\\\/2023\\\/01\\\/cropped-Diseno-sin-titulo.png\",\"width\":6911,\"height\":2657,\"caption\":\"FM Patagonia Madryn\"},\"image\":{\"@id\":\"https:\\\/\\\/fmpatagoniamadryn.com.ar\\\/#\\\/schema\\\/logo\\\/image\\\/\"}},{\"@type\":\"Person\",\"@id\":\"https:\\\/\\\/fmpatagoniamadryn.com.ar\\\/#\\\/schema\\\/person\\\/8a3de4ad7efceacab06c1641c50303b7\",\"name\":\"FM Patagonia\",\"url\":\"https:\\\/\\\/fmpatagoniamadryn.com.ar\\\/?author=2\"}]}<\/script>\n<!-- \/ Yoast SEO plugin. -->","yoast_head_json":{"title":"Grazzini: \u201cLo m\u00e1s importante es trabajar y gestionar todos los d\u00edas para el sector educativo\u201d  - FM Patagonia Madryn","robots":{"index":"index","follow":"follow","max-snippet":"max-snippet:-1","max-image-preview":"max-image-preview:large","max-video-preview":"max-video-preview:-1"},"canonical":"https:\/\/fmpatagoniamadryn.com.ar\/?p=3439","og_locale":"es_ES","og_type":"article","og_title":"Grazzini: \u201cLo m\u00e1s importante es trabajar y gestionar todos los d\u00edas para el sector educativo\u201d  - FM Patagonia Madryn","og_description":"El ministro de Educaci\u00f3n de la provincia present\u00f3 junto a su gabinete dos nuevos programas que buscan fortalecer la pol\u00edtica educativa para la ni\u00f1ez y la adolescencia: \u201cMi Escuela y&hellip;","og_url":"https:\/\/fmpatagoniamadryn.com.ar\/?p=3439","og_site_name":"FM Patagonia Madryn","article_published_time":"2023-06-12T19:47:03+00:00","article_modified_time":"2023-06-12T19:47:29+00:00","og_image":[{"width":2560,"height":1703,"url":"https:\/\/fmpatagoniamadryn.com.ar\/wp-content\/uploads\/2023\/06\/GRAZZINI-CON-SUBSES-EN-CONFERENCIA-2-scaled.jpg","type":"image\/jpeg"}],"author":"FM Patagonia","twitter_card":"summary_large_image","twitter_misc":{"Escrito por":"FM Patagonia","Tiempo de lectura":"3 minutos"},"schema":{"@context":"https:\/\/schema.org","@graph":[{"@type":"Article","@id":"https:\/\/fmpatagoniamadryn.com.ar\/?p=3439#article","isPartOf":{"@id":"https:\/\/fmpatagoniamadryn.com.ar\/?p=3439"},"author":{"name":"FM Patagonia","@id":"https:\/\/fmpatagoniamadryn.com.ar\/#\/schema\/person\/8a3de4ad7efceacab06c1641c50303b7"},"headline":"Grazzini: \u201cLo m\u00e1s importante es trabajar y gestionar todos los d\u00edas para el sector educativo\u201d","datePublished":"2023-06-12T19:47:03+00:00","dateModified":"2023-06-12T19:47:29+00:00","mainEntityOfPage":{"@id":"https:\/\/fmpatagoniamadryn.com.ar\/?p=3439"},"wordCount":601,"publisher":{"@id":"https:\/\/fmpatagoniamadryn.com.ar\/#organization"},"image":{"@id":"https:\/\/fmpatagoniamadryn.com.ar\/?p=3439#primaryimage"},"thumbnailUrl":"https:\/\/fmpatagoniamadryn.com.ar\/wp-content\/uploads\/2023\/06\/GRAZZINI-CON-SUBSES-EN-CONFERENCIA-2-scaled.jpg","articleSection":["Provinciales"],"inLanguage":"es"},{"@type":"WebPage","@id":"https:\/\/fmpatagoniamadryn.com.ar\/?p=3439","url":"https:\/\/fmpatagoniamadryn.com.ar\/?p=3439","name":"Grazzini: \u201cLo m\u00e1s importante es trabajar y gestionar todos los d\u00edas para el sector educativo\u201d - FM Patagonia Madryn","isPartOf":{"@id":"https:\/\/fmpatagoniamadryn.com.ar\/#website"},"primaryImageOfPage":{"@id":"https:\/\/fmpatagoniamadryn.com.ar\/?p=3439#primaryimage"},"image":{"@id":"https:\/\/fmpatagoniamadryn.com.ar\/?p=3439#primaryimage"},"thumbnailUrl":"https:\/\/fmpatagoniamadryn.com.ar\/wp-content\/uploads\/2023\/06\/GRAZZINI-CON-SUBSES-EN-CONFERENCIA-2-scaled.jpg","datePublished":"2023-06-12T19:47:03+00:00","dateModified":"2023-06-12T19:47:29+00:00","breadcrumb":{"@id":"https:\/\/fmpatagoniamadryn.com.ar\/?p=3439#breadcrumb"},"inLanguage":"es","potentialAction":[{"@type":"ReadAction","target":["https:\/\/fmpatagoniamadryn.com.ar\/?p=3439"]}]},{"@type":"ImageObject","inLanguage":"es","@id":"https:\/\/fmpatagoniamadryn.com.ar\/?p=3439#primaryimage","url":"https:\/\/fmpatagoniamadryn.com.ar\/wp-content\/uploads\/2023\/06\/GRAZZINI-CON-SUBSES-EN-CONFERENCIA-2-scaled.jpg","contentUrl":"https:\/\/fmpatagoniamadryn.com.ar\/wp-content\/uploads\/2023\/06\/GRAZZINI-CON-SUBSES-EN-CONFERENCIA-2-scaled.jpg","width":2560,"height":1703},{"@type":"BreadcrumbList","@id":"https:\/\/fmpatagoniamadryn.com.ar\/?p=3439#breadcrumb","itemListElement":[{"@type":"ListItem","position":1,"name":"Portada","item":"https:\/\/fmpatagoniamadryn.com.ar\/"},{"@type":"ListItem","position":2,"name":"Grazzini: \u201cLo m\u00e1s importante es trabajar y gestionar todos los d\u00edas para el sector educativo\u201d"}]},{"@type":"WebSite","@id":"https:\/\/fmpatagoniamadryn.com.ar\/#website","url":"https:\/\/fmpatagoniamadryn.com.ar\/","name":"FM Patagonia Madryn","description":"Radio Patagonia 105.5","publisher":{"@id":"https:\/\/fmpatagoniamadryn.com.ar\/#organization"},"potentialAction":[{"@type":"SearchAction","target":{"@type":"EntryPoint","urlTemplate":"https:\/\/fmpatagoniamadryn.com.ar\/?s={search_term_string}"},"query-input":{"@type":"PropertyValueSpecification","valueRequired":true,"valueName":"search_term_string"}}],"inLanguage":"es"},{"@type":"Organization","@id":"https:\/\/fmpatagoniamadryn.com.ar\/#organization","name":"FM Patagonia Madryn","url":"https:\/\/fmpatagoniamadryn.com.ar\/","logo":{"@type":"ImageObject","inLanguage":"es","@id":"https:\/\/fmpatagoniamadryn.com.ar\/#\/schema\/logo\/image\/","url":"https:\/\/fmpatagoniamadryn.com.ar\/wp-content\/uploads\/2023\/01\/cropped-Diseno-sin-titulo.png","contentUrl":"https:\/\/fmpatagoniamadryn.com.ar\/wp-content\/uploads\/2023\/01\/cropped-Diseno-sin-titulo.png","width":6911,"height":2657,"caption":"FM Patagonia Madryn"},"image":{"@id":"https:\/\/fmpatagoniamadryn.com.ar\/#\/schema\/logo\/image\/"}},{"@type":"Person","@id":"https:\/\/fmpatagoniamadryn.com.ar\/#\/schema\/person\/8a3de4ad7efceacab06c1641c50303b7","name":"FM Patagonia","url":"https:\/\/fmpatagoniamadryn.com.ar\/?author=2"}]}},"jetpack_featured_media_url":"https:\/\/fmpatagoniamadryn.com.ar\/wp-content\/uploads\/2023\/06\/GRAZZINI-CON-SUBSES-EN-CONFERENCIA-2-scaled.jpg","_links":{"self":[{"href":"https:\/\/fmpatagoniamadryn.com.ar\/index.php?rest_route=\/wp\/v2\/posts\/3439","targetHints":{"allow":["GET"]}}],"collection":[{"href":"https:\/\/fmpatagoniamadryn.com.ar\/index.php?rest_route=\/wp\/v2\/posts"}],"about":[{"href":"https:\/\/fmpatagoniamadryn.com.ar\/index.php?rest_route=\/wp\/v2\/types\/post"}],"author":[{"embeddable":true,"href":"https:\/\/fmpatagoniamadryn.com.ar\/index.php?rest_route=\/wp\/v2\/users\/2"}],"replies":[{"embeddable":true,"href":"https:\/\/fmpatagoniamadryn.com.ar\/index.php?rest_route=%2Fwp%2Fv2%2Fcomments&post=3439"}],"version-history":[{"count":1,"href":"https:\/\/fmpatagoniamadryn.com.ar\/index.php?rest_route=\/wp\/v2\/posts\/3439\/revisions"}],"predecessor-version":[{"id":3440,"href":"https:\/\/fmpatagoniamadryn.com.ar\/index.php?rest_route=\/wp\/v2\/posts\/3439\/revisions\/3440"}],"wp:featuredmedia":[{"embeddable":true,"href":"https:\/\/fmpatagoniamadryn.com.ar\/index.php?rest_route=\/wp\/v2\/media\/3438"}],"wp:attachment":[{"href":"https:\/\/fmpatagoniamadryn.com.ar\/index.php?rest_route=%2Fwp%2Fv2%2Fmedia&parent=3439"}],"wp:term":[{"taxonomy":"category","embeddable":true,"href":"https:\/\/fmpatagoniamadryn.com.ar\/index.php?rest_route=%2Fwp%2Fv2%2Fcategories&post=3439"},{"taxonomy":"post_tag","embeddable":true,"href":"https:\/\/fmpatagoniamadryn.com.ar\/index.php?rest_route=%2Fwp%2Fv2%2Ftags&post=3439"}],"curies":[{"name":"wp","href":"https:\/\/api.w.org\/{rel}","templated":true}]}}