{"id":3448,"date":"2023-06-13T09:46:45","date_gmt":"2023-06-13T12:46:45","guid":{"rendered":"https:\/\/fmpatagoniamadryn.com.ar\/?p=3448"},"modified":"2023-06-13T09:47:26","modified_gmt":"2023-06-13T12:47:26","slug":"que-se-sabe-del-paro-nacional-de-colectivos-del-martes-13-de-junio","status":"publish","type":"post","link":"https:\/\/fmpatagoniamadryn.com.ar\/?p=3448","title":{"rendered":"Qu\u00e9 se sabe del paro nacional de colectivos del martes 13 de junio"},"content":{"rendered":"\n<p><br>Los trabajadores de la UTA (Uni\u00f3n Tranviarios Automotor) exigen una mejora salarial mientras las empresas del sector responsabilizan al Ministerio de Transporte; la medida de fuerza ser\u00e1 para el interior del pa\u00eds y no para AMBA<\/p>\n\n\n\n<p>Se levant\u00f3 el paro de colectivos en el \u00c1rea Metropolitana de Buenos Aires (AMBA) que estaba anunciado para este martes 13 de junio. Sin embargo, la medida de fuerza se mantiene en la mayor\u00eda de las provincias del interior que no dependen de la jurisdicci\u00f3n nacional.<\/p>\n\n\n\n<p>Seg\u00fan resolvi\u00f3 la Uni\u00f3n Tranviaria Automotor (UTA), se decidi\u00f3 no continuar con la medida de fuerza en el AMBA, debido a que el Gobierno otorg\u00f3 el incremento en los salarios reclamados por el gremio y los trabajadores del rubro en ese territorio.<\/p>\n\n\n\n<p>El sindicato mantuvo una negociaci\u00f3n con las empresas responsables del funcionamiento de estos veh\u00edculos y con el Gobierno, representado en el Ministerio de Transporte, que dict\u00f3 una conciliaci\u00f3n obligatoria la cual venc\u00eda este lunes 12 de junio. En este sentido, ayer por la tarde, los dirigentes de UTA y las c\u00e1maras empresarias de corta y media distancia mantuvieron negociaciones de forma virtual con funcionarios laborales para encontrar una salida al conflicto paritario y as\u00ed evitar el inicio de un paro desde esta medianoche.<\/p>\n\n\n\n<p>El encuentro fue positivo y, seg\u00fan inform\u00f3 UTA: \u201cHan otorgado los incrementos salariales pedidos \u00fanicamente para los trabajadores\u201d. En este sentido, desde el gremio aclararon que \u201c\u00fanicamente se proceder\u00e1 a dejar sin efecto la medida de acci\u00f3n gremial en aquellas provincias en que se cumplimente con el incremento salarial proporcional en los mismos t\u00e9rminos y condiciones que las resueltas para el AMBA\u201d.<\/p>\n\n\n\n<p>D\u00f3nde es el paro de colectivos del martes 13 de junio<br>En di\u00e1logo con LA NACION, el secretario general de UTA, Roberto Fern\u00e1ndez, confirm\u00f3 que el paro de colectivos de corta y mediana distancia se mantiene en las provincias.<br><br>\u201cLa situaci\u00f3n afecta a 10 millones de usuarios de forma diaria en el AMBA y a 9 millones en el interior del pa\u00eds, por lo que de producirse la huelga ser\u00e1 exclusiva responsabilidad del sector empresario, de las m\u00e1ximas autoridades de las carteras de Transporte de la Naci\u00f3n y de las provincias y del Gobierno de la ciudad de Buenos Aires\u201d, se\u00f1al\u00f3.<br><br>Qu\u00e9 reclaman los colectiveros<br>Si bien en la \u00faltima audiencia se otorgaron los incrementos salariales pedidos, estos solo fueron para los trabajadores del AMBA. Por eso, desde UTA \u2015bajo la premisa \u201cIgual remuneraci\u00f3n por igual tarea\u201d\u2015 contin\u00faan reclamando para que en el resto de las provincias se trabaje bajo los mismos t\u00e9rminos y en las mismas condiciones que en el AMBA.<br><br>Detr\u00e1s de la negociaci\u00f3n existe un reclamo para mejorar los ingresos de los trabajadores de la UTA. El pedido del sindicato que conduce Roberto Fern\u00e1ndez es por un aumento escalonado que incluya un salario de $348.800 en julio, $380.192 en agosto y una remuneraci\u00f3n b\u00e1sica de $414.409 en septiembre. En paralelo, tambi\u00e9n reclaman un aumento de los vi\u00e1ticos con los mismos plazos: $1.997 en julio, $2.176 en agosto y $2.372 al noveno mes del a\u00f1o<\/p>\n\n\n\n<p>Las empresas, nucleadas en la Aaeta (Asociaci\u00f3n Argentina de Empresarios del Transporte Automotor) responsabilizan al Ministerio de Transporte por el conflicto. En palabras de los empresarios, los reclamos salariales de los choferes deben sustentarse con un aumento en los subsidios que reciben de la cartera gubernamental, o por un mayor aumento en el valor de los pasajes.<\/p>\n\n\n\n<p>Los empresarios manifestaron su voluntad de seguir negociando, aunque se\u00f1alaron que dependen de fondos pendientes por parte del Gobierno. Solicitan que se deposite la deuda de 7300 millones de pesos por compensaciones tarifarias adeudadas y tambi\u00e9n los montos correspondientes a junio y julio.<br><br><\/p>\n","protected":false},"excerpt":{"rendered":"<p>Los trabajadores de la UTA (Uni\u00f3n Tranviarios Automotor) exigen una mejora salarial mientras las empresas del sector responsabilizan al Ministerio de Transporte; la medida de fuerza ser\u00e1 para el interior&hellip; <\/p>\n","protected":false},"author":2,"featured_media":3447,"comment_status":"closed","ping_status":"closed","sticky":false,"template":"","format":"standard","meta":{"footnotes":""},"categories":[13],"tags":[],"class_list":["post-3448","post","type-post","status-publish","format-standard","has-post-thumbnail","hentry","category-nacionales"],"yoast_head":"<!-- This site is optimized with the Yoast SEO plugin v27.4 - https:\/\/yoast.com\/product\/yoast-seo-wordpress\/ -->\n<title>Qu\u00e9 se sabe del paro nacional de colectivos del martes 13 de junio - FM Patagonia Madryn<\/title>\n<meta name=\"robots\" content=\"index, follow, max-snippet:-1, max-image-preview:large, max-video-preview:-1\" \/>\n<link rel=\"canonical\" href=\"https:\/\/fmpatagoniamadryn.com.ar\/?p=3448\" \/>\n<meta property=\"og:locale\" content=\"es_ES\" \/>\n<meta property=\"og:type\" content=\"article\" \/>\n<meta property=\"og:title\" content=\"Qu\u00e9 se sabe del paro nacional de colectivos del martes 13 de junio - FM Patagonia Madryn\" \/>\n<meta property=\"og:description\" content=\"Los trabajadores de la UTA (Uni\u00f3n Tranviarios Automotor) exigen una mejora salarial mientras las empresas del sector responsabilizan al Ministerio de Transporte; la medida de fuerza ser\u00e1 para el interior&hellip;\" \/>\n<meta property=\"og:url\" content=\"https:\/\/fmpatagoniamadryn.com.ar\/?p=3448\" \/>\n<meta property=\"og:site_name\" content=\"FM Patagonia Madryn\" \/>\n<meta property=\"article:published_time\" content=\"2023-06-13T12:46:45+00:00\" \/>\n<meta property=\"article:modified_time\" content=\"2023-06-13T12:47:26+00:00\" \/>\n<meta property=\"og:image\" content=\"https:\/\/fmpatagoniamadryn.com.ar\/wp-content\/uploads\/2023\/06\/largas-colas-para-tomar-un-colectivo-en-2ZGF7TC7EZGOJKEP76WZUGMJIQ.jpeg\" \/>\n\t<meta property=\"og:image:width\" content=\"1200\" \/>\n\t<meta property=\"og:image:height\" content=\"800\" \/>\n\t<meta property=\"og:image:type\" content=\"image\/jpeg\" \/>\n<meta name=\"author\" content=\"FM Patagonia\" \/>\n<meta name=\"twitter:card\" content=\"summary_large_image\" \/>\n<meta name=\"twitter:label1\" content=\"Escrito por\" \/>\n\t<meta name=\"twitter:data1\" content=\"FM Patagonia\" \/>\n\t<meta name=\"twitter:label2\" content=\"Tiempo de lectura\" \/>\n\t<meta name=\"twitter:data2\" content=\"3 minutos\" \/>\n<script type=\"application\/ld+json\" class=\"yoast-schema-graph\">{\"@context\":\"https:\\\/\\\/schema.org\",\"@graph\":[{\"@type\":\"Article\",\"@id\":\"https:\\\/\\\/fmpatagoniamadryn.com.ar\\\/?p=3448#article\",\"isPartOf\":{\"@id\":\"https:\\\/\\\/fmpatagoniamadryn.com.ar\\\/?p=3448\"},\"author\":{\"name\":\"FM Patagonia\",\"@id\":\"https:\\\/\\\/fmpatagoniamadryn.com.ar\\\/#\\\/schema\\\/person\\\/8a3de4ad7efceacab06c1641c50303b7\"},\"headline\":\"Qu\u00e9 se sabe del paro nacional de colectivos del martes 13 de junio\",\"datePublished\":\"2023-06-13T12:46:45+00:00\",\"dateModified\":\"2023-06-13T12:47:26+00:00\",\"mainEntityOfPage\":{\"@id\":\"https:\\\/\\\/fmpatagoniamadryn.com.ar\\\/?p=3448\"},\"wordCount\":640,\"publisher\":{\"@id\":\"https:\\\/\\\/fmpatagoniamadryn.com.ar\\\/#organization\"},\"image\":{\"@id\":\"https:\\\/\\\/fmpatagoniamadryn.com.ar\\\/?p=3448#primaryimage\"},\"thumbnailUrl\":\"https:\\\/\\\/fmpatagoniamadryn.com.ar\\\/wp-content\\\/uploads\\\/2023\\\/06\\\/largas-colas-para-tomar-un-colectivo-en-2ZGF7TC7EZGOJKEP76WZUGMJIQ.jpeg\",\"articleSection\":[\"Nacionales\"],\"inLanguage\":\"es\"},{\"@type\":\"WebPage\",\"@id\":\"https:\\\/\\\/fmpatagoniamadryn.com.ar\\\/?p=3448\",\"url\":\"https:\\\/\\\/fmpatagoniamadryn.com.ar\\\/?p=3448\",\"name\":\"Qu\u00e9 se sabe del paro nacional de colectivos del martes 13 de junio - FM Patagonia Madryn\",\"isPartOf\":{\"@id\":\"https:\\\/\\\/fmpatagoniamadryn.com.ar\\\/#website\"},\"primaryImageOfPage\":{\"@id\":\"https:\\\/\\\/fmpatagoniamadryn.com.ar\\\/?p=3448#primaryimage\"},\"image\":{\"@id\":\"https:\\\/\\\/fmpatagoniamadryn.com.ar\\\/?p=3448#primaryimage\"},\"thumbnailUrl\":\"https:\\\/\\\/fmpatagoniamadryn.com.ar\\\/wp-content\\\/uploads\\\/2023\\\/06\\\/largas-colas-para-tomar-un-colectivo-en-2ZGF7TC7EZGOJKEP76WZUGMJIQ.jpeg\",\"datePublished\":\"2023-06-13T12:46:45+00:00\",\"dateModified\":\"2023-06-13T12:47:26+00:00\",\"breadcrumb\":{\"@id\":\"https:\\\/\\\/fmpatagoniamadryn.com.ar\\\/?p=3448#breadcrumb\"},\"inLanguage\":\"es\",\"potentialAction\":[{\"@type\":\"ReadAction\",\"target\":[\"https:\\\/\\\/fmpatagoniamadryn.com.ar\\\/?p=3448\"]}]},{\"@type\":\"ImageObject\",\"inLanguage\":\"es\",\"@id\":\"https:\\\/\\\/fmpatagoniamadryn.com.ar\\\/?p=3448#primaryimage\",\"url\":\"https:\\\/\\\/fmpatagoniamadryn.com.ar\\\/wp-content\\\/uploads\\\/2023\\\/06\\\/largas-colas-para-tomar-un-colectivo-en-2ZGF7TC7EZGOJKEP76WZUGMJIQ.jpeg\",\"contentUrl\":\"https:\\\/\\\/fmpatagoniamadryn.com.ar\\\/wp-content\\\/uploads\\\/2023\\\/06\\\/largas-colas-para-tomar-un-colectivo-en-2ZGF7TC7EZGOJKEP76WZUGMJIQ.jpeg\",\"width\":1200,\"height\":800},{\"@type\":\"BreadcrumbList\",\"@id\":\"https:\\\/\\\/fmpatagoniamadryn.com.ar\\\/?p=3448#breadcrumb\",\"itemListElement\":[{\"@type\":\"ListItem\",\"position\":1,\"name\":\"Portada\",\"item\":\"https:\\\/\\\/fmpatagoniamadryn.com.ar\\\/\"},{\"@type\":\"ListItem\",\"position\":2,\"name\":\"Qu\u00e9 se sabe del paro nacional de colectivos del martes 13 de junio\"}]},{\"@type\":\"WebSite\",\"@id\":\"https:\\\/\\\/fmpatagoniamadryn.com.ar\\\/#website\",\"url\":\"https:\\\/\\\/fmpatagoniamadryn.com.ar\\\/\",\"name\":\"FM Patagonia Madryn\",\"description\":\"Radio Patagonia 105.5\",\"publisher\":{\"@id\":\"https:\\\/\\\/fmpatagoniamadryn.com.ar\\\/#organization\"},\"potentialAction\":[{\"@type\":\"SearchAction\",\"target\":{\"@type\":\"EntryPoint\",\"urlTemplate\":\"https:\\\/\\\/fmpatagoniamadryn.com.ar\\\/?s={search_term_string}\"},\"query-input\":{\"@type\":\"PropertyValueSpecification\",\"valueRequired\":true,\"valueName\":\"search_term_string\"}}],\"inLanguage\":\"es\"},{\"@type\":\"Organization\",\"@id\":\"https:\\\/\\\/fmpatagoniamadryn.com.ar\\\/#organization\",\"name\":\"FM Patagonia Madryn\",\"url\":\"https:\\\/\\\/fmpatagoniamadryn.com.ar\\\/\",\"logo\":{\"@type\":\"ImageObject\",\"inLanguage\":\"es\",\"@id\":\"https:\\\/\\\/fmpatagoniamadryn.com.ar\\\/#\\\/schema\\\/logo\\\/image\\\/\",\"url\":\"https:\\\/\\\/fmpatagoniamadryn.com.ar\\\/wp-content\\\/uploads\\\/2023\\\/01\\\/cropped-Diseno-sin-titulo.png\",\"contentUrl\":\"https:\\\/\\\/fmpatagoniamadryn.com.ar\\\/wp-content\\\/uploads\\\/2023\\\/01\\\/cropped-Diseno-sin-titulo.png\",\"width\":6911,\"height\":2657,\"caption\":\"FM Patagonia Madryn\"},\"image\":{\"@id\":\"https:\\\/\\\/fmpatagoniamadryn.com.ar\\\/#\\\/schema\\\/logo\\\/image\\\/\"}},{\"@type\":\"Person\",\"@id\":\"https:\\\/\\\/fmpatagoniamadryn.com.ar\\\/#\\\/schema\\\/person\\\/8a3de4ad7efceacab06c1641c50303b7\",\"name\":\"FM Patagonia\",\"url\":\"https:\\\/\\\/fmpatagoniamadryn.com.ar\\\/?author=2\"}]}<\/script>\n<!-- \/ Yoast SEO plugin. -->","yoast_head_json":{"title":"Qu\u00e9 se sabe del paro nacional de colectivos del martes 13 de junio - FM Patagonia Madryn","robots":{"index":"index","follow":"follow","max-snippet":"max-snippet:-1","max-image-preview":"max-image-preview:large","max-video-preview":"max-video-preview:-1"},"canonical":"https:\/\/fmpatagoniamadryn.com.ar\/?p=3448","og_locale":"es_ES","og_type":"article","og_title":"Qu\u00e9 se sabe del paro nacional de colectivos del martes 13 de junio - FM Patagonia Madryn","og_description":"Los trabajadores de la UTA (Uni\u00f3n Tranviarios Automotor) exigen una mejora salarial mientras las empresas del sector responsabilizan al Ministerio de Transporte; la medida de fuerza ser\u00e1 para el interior&hellip;","og_url":"https:\/\/fmpatagoniamadryn.com.ar\/?p=3448","og_site_name":"FM Patagonia Madryn","article_published_time":"2023-06-13T12:46:45+00:00","article_modified_time":"2023-06-13T12:47:26+00:00","og_image":[{"width":1200,"height":800,"url":"https:\/\/fmpatagoniamadryn.com.ar\/wp-content\/uploads\/2023\/06\/largas-colas-para-tomar-un-colectivo-en-2ZGF7TC7EZGOJKEP76WZUGMJIQ.jpeg","type":"image\/jpeg"}],"author":"FM Patagonia","twitter_card":"summary_large_image","twitter_misc":{"Escrito por":"FM Patagonia","Tiempo de lectura":"3 minutos"},"schema":{"@context":"https:\/\/schema.org","@graph":[{"@type":"Article","@id":"https:\/\/fmpatagoniamadryn.com.ar\/?p=3448#article","isPartOf":{"@id":"https:\/\/fmpatagoniamadryn.com.ar\/?p=3448"},"author":{"name":"FM Patagonia","@id":"https:\/\/fmpatagoniamadryn.com.ar\/#\/schema\/person\/8a3de4ad7efceacab06c1641c50303b7"},"headline":"Qu\u00e9 se sabe del paro nacional de colectivos del martes 13 de junio","datePublished":"2023-06-13T12:46:45+00:00","dateModified":"2023-06-13T12:47:26+00:00","mainEntityOfPage":{"@id":"https:\/\/fmpatagoniamadryn.com.ar\/?p=3448"},"wordCount":640,"publisher":{"@id":"https:\/\/fmpatagoniamadryn.com.ar\/#organization"},"image":{"@id":"https:\/\/fmpatagoniamadryn.com.ar\/?p=3448#primaryimage"},"thumbnailUrl":"https:\/\/fmpatagoniamadryn.com.ar\/wp-content\/uploads\/2023\/06\/largas-colas-para-tomar-un-colectivo-en-2ZGF7TC7EZGOJKEP76WZUGMJIQ.jpeg","articleSection":["Nacionales"],"inLanguage":"es"},{"@type":"WebPage","@id":"https:\/\/fmpatagoniamadryn.com.ar\/?p=3448","url":"https:\/\/fmpatagoniamadryn.com.ar\/?p=3448","name":"Qu\u00e9 se sabe del paro nacional de colectivos del martes 13 de junio - FM Patagonia Madryn","isPartOf":{"@id":"https:\/\/fmpatagoniamadryn.com.ar\/#website"},"primaryImageOfPage":{"@id":"https:\/\/fmpatagoniamadryn.com.ar\/?p=3448#primaryimage"},"image":{"@id":"https:\/\/fmpatagoniamadryn.com.ar\/?p=3448#primaryimage"},"thumbnailUrl":"https:\/\/fmpatagoniamadryn.com.ar\/wp-content\/uploads\/2023\/06\/largas-colas-para-tomar-un-colectivo-en-2ZGF7TC7EZGOJKEP76WZUGMJIQ.jpeg","datePublished":"2023-06-13T12:46:45+00:00","dateModified":"2023-06-13T12:47:26+00:00","breadcrumb":{"@id":"https:\/\/fmpatagoniamadryn.com.ar\/?p=3448#breadcrumb"},"inLanguage":"es","potentialAction":[{"@type":"ReadAction","target":["https:\/\/fmpatagoniamadryn.com.ar\/?p=3448"]}]},{"@type":"ImageObject","inLanguage":"es","@id":"https:\/\/fmpatagoniamadryn.com.ar\/?p=3448#primaryimage","url":"https:\/\/fmpatagoniamadryn.com.ar\/wp-content\/uploads\/2023\/06\/largas-colas-para-tomar-un-colectivo-en-2ZGF7TC7EZGOJKEP76WZUGMJIQ.jpeg","contentUrl":"https:\/\/fmpatagoniamadryn.com.ar\/wp-content\/uploads\/2023\/06\/largas-colas-para-tomar-un-colectivo-en-2ZGF7TC7EZGOJKEP76WZUGMJIQ.jpeg","width":1200,"height":800},{"@type":"BreadcrumbList","@id":"https:\/\/fmpatagoniamadryn.com.ar\/?p=3448#breadcrumb","itemListElement":[{"@type":"ListItem","position":1,"name":"Portada","item":"https:\/\/fmpatagoniamadryn.com.ar\/"},{"@type":"ListItem","position":2,"name":"Qu\u00e9 se sabe del paro nacional de colectivos del martes 13 de junio"}]},{"@type":"WebSite","@id":"https:\/\/fmpatagoniamadryn.com.ar\/#website","url":"https:\/\/fmpatagoniamadryn.com.ar\/","name":"FM Patagonia Madryn","description":"Radio Patagonia 105.5","publisher":{"@id":"https:\/\/fmpatagoniamadryn.com.ar\/#organization"},"potentialAction":[{"@type":"SearchAction","target":{"@type":"EntryPoint","urlTemplate":"https:\/\/fmpatagoniamadryn.com.ar\/?s={search_term_string}"},"query-input":{"@type":"PropertyValueSpecification","valueRequired":true,"valueName":"search_term_string"}}],"inLanguage":"es"},{"@type":"Organization","@id":"https:\/\/fmpatagoniamadryn.com.ar\/#organization","name":"FM Patagonia Madryn","url":"https:\/\/fmpatagoniamadryn.com.ar\/","logo":{"@type":"ImageObject","inLanguage":"es","@id":"https:\/\/fmpatagoniamadryn.com.ar\/#\/schema\/logo\/image\/","url":"https:\/\/fmpatagoniamadryn.com.ar\/wp-content\/uploads\/2023\/01\/cropped-Diseno-sin-titulo.png","contentUrl":"https:\/\/fmpatagoniamadryn.com.ar\/wp-content\/uploads\/2023\/01\/cropped-Diseno-sin-titulo.png","width":6911,"height":2657,"caption":"FM Patagonia Madryn"},"image":{"@id":"https:\/\/fmpatagoniamadryn.com.ar\/#\/schema\/logo\/image\/"}},{"@type":"Person","@id":"https:\/\/fmpatagoniamadryn.com.ar\/#\/schema\/person\/8a3de4ad7efceacab06c1641c50303b7","name":"FM Patagonia","url":"https:\/\/fmpatagoniamadryn.com.ar\/?author=2"}]}},"jetpack_featured_media_url":"https:\/\/fmpatagoniamadryn.com.ar\/wp-content\/uploads\/2023\/06\/largas-colas-para-tomar-un-colectivo-en-2ZGF7TC7EZGOJKEP76WZUGMJIQ.jpeg","_links":{"self":[{"href":"https:\/\/fmpatagoniamadryn.com.ar\/index.php?rest_route=\/wp\/v2\/posts\/3448","targetHints":{"allow":["GET"]}}],"collection":[{"href":"https:\/\/fmpatagoniamadryn.com.ar\/index.php?rest_route=\/wp\/v2\/posts"}],"about":[{"href":"https:\/\/fmpatagoniamadryn.com.ar\/index.php?rest_route=\/wp\/v2\/types\/post"}],"author":[{"embeddable":true,"href":"https:\/\/fmpatagoniamadryn.com.ar\/index.php?rest_route=\/wp\/v2\/users\/2"}],"replies":[{"embeddable":true,"href":"https:\/\/fmpatagoniamadryn.com.ar\/index.php?rest_route=%2Fwp%2Fv2%2Fcomments&post=3448"}],"version-history":[{"count":1,"href":"https:\/\/fmpatagoniamadryn.com.ar\/index.php?rest_route=\/wp\/v2\/posts\/3448\/revisions"}],"predecessor-version":[{"id":3449,"href":"https:\/\/fmpatagoniamadryn.com.ar\/index.php?rest_route=\/wp\/v2\/posts\/3448\/revisions\/3449"}],"wp:featuredmedia":[{"embeddable":true,"href":"https:\/\/fmpatagoniamadryn.com.ar\/index.php?rest_route=\/wp\/v2\/media\/3447"}],"wp:attachment":[{"href":"https:\/\/fmpatagoniamadryn.com.ar\/index.php?rest_route=%2Fwp%2Fv2%2Fmedia&parent=3448"}],"wp:term":[{"taxonomy":"category","embeddable":true,"href":"https:\/\/fmpatagoniamadryn.com.ar\/index.php?rest_route=%2Fwp%2Fv2%2Fcategories&post=3448"},{"taxonomy":"post_tag","embeddable":true,"href":"https:\/\/fmpatagoniamadryn.com.ar\/index.php?rest_route=%2Fwp%2Fv2%2Ftags&post=3448"}],"curies":[{"name":"wp","href":"https:\/\/api.w.org\/{rel}","templated":true}]}}