{"id":3454,"date":"2023-06-13T11:59:10","date_gmt":"2023-06-13T14:59:10","guid":{"rendered":"https:\/\/fmpatagoniamadryn.com.ar\/?p=3454"},"modified":"2023-06-13T11:59:32","modified_gmt":"2023-06-13T14:59:32","slug":"provinciales-luque-la-educacion-es-prioridad-para-nuestra-gestionluque-la-educacion-es-prioridad-para-nuestra-gestion","status":"publish","type":"post","link":"https:\/\/fmpatagoniamadryn.com.ar\/?p=3454","title":{"rendered":"Provinciales: Luque: \u201cLa educaci\u00f3n es prioridad para nuestra gesti\u00f3nLuque: \u201cLa educaci\u00f3n es prioridad para nuestra gesti\u00f3n\u00bb"},"content":{"rendered":"\n<p><br>El intendente de Comdoro Rivadavia Juan Pablo Luque y el viceintendente Othar Macharashvili recorrieron la segunda etapa de la primera Escuela Municipal, obra que permitir\u00e1 aumentar sustancialmente su capacidad y brindar un mejor servicio a las familias comodorenses.<br><br>La actividad se desarroll\u00f3 este lunes, en horas de la ma\u00f1ana, con la participaci\u00f3n del secretario de Infraestructura y Obras P\u00fablicas, Maximiliano L\u00f3pez; el secretario general de UOCRA Comodoro Rivadavia, Ra\u00fal Silva; miembros del gabinete municipal; y directivos de la instituci\u00f3n. Paralelamente con la apertura de la Escuela Municipal con el inicio del ciclo lectivo 2023 por parte de los alumnos de 1\u00b0 grado, se vienen llevando adelante los trabajos correspondientes a la segunda etapa del edificio, tal como estaba previsto seg\u00fan el proyecto elaborado por las \u00e1reas t\u00e9cnicas de la Municipalidad.<br><br>Este nuevo sector contar\u00e1 con mayor cantidad de aulas, teniendo en cuenta que, con el transcurrir de los a\u00f1os, se ir\u00e1n sumando 3\u00b0, 4\u00b0, 5\u00b0 y 6\u00b0 grado, que ocupar\u00e1n esta parte del espacio, agreg\u00e1ndose a 1\u00b0 grado, que est\u00e1 en curso actualmente, y a 2\u00b0 grado, que iniciar\u00e1 el pr\u00f3ximo a\u00f1o; siempre previendo dos aulas por cada uno de ellos. Asimismo, la segunda etapa contempla la construcci\u00f3n de un comedor escolar, que permitir\u00e1 albergar a 100 ni\u00f1os y ni\u00f1as, ya desde el a\u00f1o que viene. La finalizaci\u00f3n de las tareas est\u00e1 prevista para enero del 2024, de acuerdo a lo proyectado.<br><br>Al respecto, Juan Pablo Luque destac\u00f3 que \u201cla Escuela Municipal es la obra m\u00e1s importante de mi gesti\u00f3n como intendente, porque refleja una visi\u00f3n transformadora de la realidad y un proyecto revolucionario, donde ni\u00f1os y ni\u00f1as de barrios populares de Comodoro pueden acceder a una escuela moderna y biling\u00fce, donde adem\u00e1s de aprender, desayunan, almuerzan y meriendan all\u00ed\u201d.<br><br>En esa l\u00ednea, manifest\u00f3 que \u201cesto marca que la educaci\u00f3n es prioridad para nosotros y que, desde el Municipio, hacemos todo lo que est\u00e1 a nuestro alcance: desde la creaci\u00f3n de la primera escuela municipal hasta el programa de trayectorias escolares que brindamos en muchas vecinales y espacios de distintos barrios de la ciudad; sin dejar de lado la entrega de fondos del FAEM para que las cooperadoras escolares puedan invertirlo en las necesidades de cada establecimiento\u201d, finaliz\u00f3 Luque<\/p>\n\n\n\n<p>Jornada<\/p>\n","protected":false},"excerpt":{"rendered":"<p>El intendente de Comdoro Rivadavia Juan Pablo Luque y el viceintendente Othar Macharashvili recorrieron la segunda etapa de la primera Escuela Municipal, obra que permitir\u00e1 aumentar sustancialmente su capacidad y&hellip; <\/p>\n","protected":false},"author":2,"featured_media":3453,"comment_status":"closed","ping_status":"closed","sticky":false,"template":"","format":"standard","meta":{"footnotes":""},"categories":[14],"tags":[],"class_list":["post-3454","post","type-post","status-publish","format-standard","has-post-thumbnail","hentry","category-provinciales"],"yoast_head":"<!-- This site is optimized with the Yoast SEO plugin v27.4 - https:\/\/yoast.com\/product\/yoast-seo-wordpress\/ -->\n<title>Provinciales: Luque: \u201cLa educaci\u00f3n es prioridad para nuestra gesti\u00f3nLuque: \u201cLa educaci\u00f3n es prioridad para nuestra gesti\u00f3n&quot; - FM Patagonia Madryn<\/title>\n<meta name=\"robots\" content=\"index, follow, max-snippet:-1, max-image-preview:large, max-video-preview:-1\" \/>\n<link rel=\"canonical\" href=\"https:\/\/fmpatagoniamadryn.com.ar\/?p=3454\" \/>\n<meta property=\"og:locale\" content=\"es_ES\" \/>\n<meta property=\"og:type\" content=\"article\" \/>\n<meta property=\"og:title\" content=\"Provinciales: Luque: \u201cLa educaci\u00f3n es prioridad para nuestra gesti\u00f3nLuque: \u201cLa educaci\u00f3n es prioridad para nuestra gesti\u00f3n&quot; - FM Patagonia Madryn\" \/>\n<meta property=\"og:description\" content=\"El intendente de Comdoro Rivadavia Juan Pablo Luque y el viceintendente Othar Macharashvili recorrieron la segunda etapa de la primera Escuela Municipal, obra que permitir\u00e1 aumentar sustancialmente su capacidad y&hellip;\" \/>\n<meta property=\"og:url\" content=\"https:\/\/fmpatagoniamadryn.com.ar\/?p=3454\" \/>\n<meta property=\"og:site_name\" content=\"FM Patagonia Madryn\" \/>\n<meta property=\"article:published_time\" content=\"2023-06-13T14:59:10+00:00\" \/>\n<meta property=\"article:modified_time\" content=\"2023-06-13T14:59:32+00:00\" \/>\n<meta property=\"og:image\" content=\"https:\/\/fmpatagoniamadryn.com.ar\/wp-content\/uploads\/2023\/06\/348757_1_205942_md.jpg\" \/>\n\t<meta property=\"og:image:width\" content=\"600\" \/>\n\t<meta property=\"og:image:height\" content=\"302\" \/>\n\t<meta property=\"og:image:type\" content=\"image\/jpeg\" \/>\n<meta name=\"author\" content=\"FM Patagonia\" \/>\n<meta name=\"twitter:card\" content=\"summary_large_image\" \/>\n<meta name=\"twitter:label1\" content=\"Escrito por\" \/>\n\t<meta name=\"twitter:data1\" content=\"FM Patagonia\" \/>\n\t<meta name=\"twitter:label2\" content=\"Tiempo de lectura\" \/>\n\t<meta name=\"twitter:data2\" content=\"2 minutos\" \/>\n<script type=\"application\/ld+json\" class=\"yoast-schema-graph\">{\"@context\":\"https:\\\/\\\/schema.org\",\"@graph\":[{\"@type\":\"Article\",\"@id\":\"https:\\\/\\\/fmpatagoniamadryn.com.ar\\\/?p=3454#article\",\"isPartOf\":{\"@id\":\"https:\\\/\\\/fmpatagoniamadryn.com.ar\\\/?p=3454\"},\"author\":{\"name\":\"FM Patagonia\",\"@id\":\"https:\\\/\\\/fmpatagoniamadryn.com.ar\\\/#\\\/schema\\\/person\\\/8a3de4ad7efceacab06c1641c50303b7\"},\"headline\":\"Provinciales: Luque: \u201cLa educaci\u00f3n es prioridad para nuestra gesti\u00f3nLuque: \u201cLa educaci\u00f3n es prioridad para nuestra gesti\u00f3n\u00bb\",\"datePublished\":\"2023-06-13T14:59:10+00:00\",\"dateModified\":\"2023-06-13T14:59:32+00:00\",\"mainEntityOfPage\":{\"@id\":\"https:\\\/\\\/fmpatagoniamadryn.com.ar\\\/?p=3454\"},\"wordCount\":409,\"publisher\":{\"@id\":\"https:\\\/\\\/fmpatagoniamadryn.com.ar\\\/#organization\"},\"image\":{\"@id\":\"https:\\\/\\\/fmpatagoniamadryn.com.ar\\\/?p=3454#primaryimage\"},\"thumbnailUrl\":\"https:\\\/\\\/fmpatagoniamadryn.com.ar\\\/wp-content\\\/uploads\\\/2023\\\/06\\\/348757_1_205942_md.jpg\",\"articleSection\":[\"Provinciales\"],\"inLanguage\":\"es\"},{\"@type\":\"WebPage\",\"@id\":\"https:\\\/\\\/fmpatagoniamadryn.com.ar\\\/?p=3454\",\"url\":\"https:\\\/\\\/fmpatagoniamadryn.com.ar\\\/?p=3454\",\"name\":\"Provinciales: Luque: \u201cLa educaci\u00f3n es prioridad para nuestra gesti\u00f3nLuque: \u201cLa educaci\u00f3n es prioridad para nuestra gesti\u00f3n\\\" - FM Patagonia Madryn\",\"isPartOf\":{\"@id\":\"https:\\\/\\\/fmpatagoniamadryn.com.ar\\\/#website\"},\"primaryImageOfPage\":{\"@id\":\"https:\\\/\\\/fmpatagoniamadryn.com.ar\\\/?p=3454#primaryimage\"},\"image\":{\"@id\":\"https:\\\/\\\/fmpatagoniamadryn.com.ar\\\/?p=3454#primaryimage\"},\"thumbnailUrl\":\"https:\\\/\\\/fmpatagoniamadryn.com.ar\\\/wp-content\\\/uploads\\\/2023\\\/06\\\/348757_1_205942_md.jpg\",\"datePublished\":\"2023-06-13T14:59:10+00:00\",\"dateModified\":\"2023-06-13T14:59:32+00:00\",\"breadcrumb\":{\"@id\":\"https:\\\/\\\/fmpatagoniamadryn.com.ar\\\/?p=3454#breadcrumb\"},\"inLanguage\":\"es\",\"potentialAction\":[{\"@type\":\"ReadAction\",\"target\":[\"https:\\\/\\\/fmpatagoniamadryn.com.ar\\\/?p=3454\"]}]},{\"@type\":\"ImageObject\",\"inLanguage\":\"es\",\"@id\":\"https:\\\/\\\/fmpatagoniamadryn.com.ar\\\/?p=3454#primaryimage\",\"url\":\"https:\\\/\\\/fmpatagoniamadryn.com.ar\\\/wp-content\\\/uploads\\\/2023\\\/06\\\/348757_1_205942_md.jpg\",\"contentUrl\":\"https:\\\/\\\/fmpatagoniamadryn.com.ar\\\/wp-content\\\/uploads\\\/2023\\\/06\\\/348757_1_205942_md.jpg\",\"width\":600,\"height\":302},{\"@type\":\"BreadcrumbList\",\"@id\":\"https:\\\/\\\/fmpatagoniamadryn.com.ar\\\/?p=3454#breadcrumb\",\"itemListElement\":[{\"@type\":\"ListItem\",\"position\":1,\"name\":\"Portada\",\"item\":\"https:\\\/\\\/fmpatagoniamadryn.com.ar\\\/\"},{\"@type\":\"ListItem\",\"position\":2,\"name\":\"Provinciales: Luque: \u201cLa educaci\u00f3n es prioridad para nuestra gesti\u00f3nLuque: \u201cLa educaci\u00f3n es prioridad para nuestra gesti\u00f3n\u00bb\"}]},{\"@type\":\"WebSite\",\"@id\":\"https:\\\/\\\/fmpatagoniamadryn.com.ar\\\/#website\",\"url\":\"https:\\\/\\\/fmpatagoniamadryn.com.ar\\\/\",\"name\":\"FM Patagonia Madryn\",\"description\":\"Radio Patagonia 105.5\",\"publisher\":{\"@id\":\"https:\\\/\\\/fmpatagoniamadryn.com.ar\\\/#organization\"},\"potentialAction\":[{\"@type\":\"SearchAction\",\"target\":{\"@type\":\"EntryPoint\",\"urlTemplate\":\"https:\\\/\\\/fmpatagoniamadryn.com.ar\\\/?s={search_term_string}\"},\"query-input\":{\"@type\":\"PropertyValueSpecification\",\"valueRequired\":true,\"valueName\":\"search_term_string\"}}],\"inLanguage\":\"es\"},{\"@type\":\"Organization\",\"@id\":\"https:\\\/\\\/fmpatagoniamadryn.com.ar\\\/#organization\",\"name\":\"FM Patagonia Madryn\",\"url\":\"https:\\\/\\\/fmpatagoniamadryn.com.ar\\\/\",\"logo\":{\"@type\":\"ImageObject\",\"inLanguage\":\"es\",\"@id\":\"https:\\\/\\\/fmpatagoniamadryn.com.ar\\\/#\\\/schema\\\/logo\\\/image\\\/\",\"url\":\"https:\\\/\\\/fmpatagoniamadryn.com.ar\\\/wp-content\\\/uploads\\\/2023\\\/01\\\/cropped-Diseno-sin-titulo.png\",\"contentUrl\":\"https:\\\/\\\/fmpatagoniamadryn.com.ar\\\/wp-content\\\/uploads\\\/2023\\\/01\\\/cropped-Diseno-sin-titulo.png\",\"width\":6911,\"height\":2657,\"caption\":\"FM Patagonia Madryn\"},\"image\":{\"@id\":\"https:\\\/\\\/fmpatagoniamadryn.com.ar\\\/#\\\/schema\\\/logo\\\/image\\\/\"}},{\"@type\":\"Person\",\"@id\":\"https:\\\/\\\/fmpatagoniamadryn.com.ar\\\/#\\\/schema\\\/person\\\/8a3de4ad7efceacab06c1641c50303b7\",\"name\":\"FM Patagonia\",\"url\":\"https:\\\/\\\/fmpatagoniamadryn.com.ar\\\/?author=2\"}]}<\/script>\n<!-- \/ Yoast SEO plugin. -->","yoast_head_json":{"title":"Provinciales: Luque: \u201cLa educaci\u00f3n es prioridad para nuestra gesti\u00f3nLuque: \u201cLa educaci\u00f3n es prioridad para nuestra gesti\u00f3n\" - FM Patagonia Madryn","robots":{"index":"index","follow":"follow","max-snippet":"max-snippet:-1","max-image-preview":"max-image-preview:large","max-video-preview":"max-video-preview:-1"},"canonical":"https:\/\/fmpatagoniamadryn.com.ar\/?p=3454","og_locale":"es_ES","og_type":"article","og_title":"Provinciales: Luque: \u201cLa educaci\u00f3n es prioridad para nuestra gesti\u00f3nLuque: \u201cLa educaci\u00f3n es prioridad para nuestra gesti\u00f3n\" - FM Patagonia Madryn","og_description":"El intendente de Comdoro Rivadavia Juan Pablo Luque y el viceintendente Othar Macharashvili recorrieron la segunda etapa de la primera Escuela Municipal, obra que permitir\u00e1 aumentar sustancialmente su capacidad y&hellip;","og_url":"https:\/\/fmpatagoniamadryn.com.ar\/?p=3454","og_site_name":"FM Patagonia Madryn","article_published_time":"2023-06-13T14:59:10+00:00","article_modified_time":"2023-06-13T14:59:32+00:00","og_image":[{"width":600,"height":302,"url":"https:\/\/fmpatagoniamadryn.com.ar\/wp-content\/uploads\/2023\/06\/348757_1_205942_md.jpg","type":"image\/jpeg"}],"author":"FM Patagonia","twitter_card":"summary_large_image","twitter_misc":{"Escrito por":"FM Patagonia","Tiempo de lectura":"2 minutos"},"schema":{"@context":"https:\/\/schema.org","@graph":[{"@type":"Article","@id":"https:\/\/fmpatagoniamadryn.com.ar\/?p=3454#article","isPartOf":{"@id":"https:\/\/fmpatagoniamadryn.com.ar\/?p=3454"},"author":{"name":"FM Patagonia","@id":"https:\/\/fmpatagoniamadryn.com.ar\/#\/schema\/person\/8a3de4ad7efceacab06c1641c50303b7"},"headline":"Provinciales: Luque: \u201cLa educaci\u00f3n es prioridad para nuestra gesti\u00f3nLuque: \u201cLa educaci\u00f3n es prioridad para nuestra gesti\u00f3n\u00bb","datePublished":"2023-06-13T14:59:10+00:00","dateModified":"2023-06-13T14:59:32+00:00","mainEntityOfPage":{"@id":"https:\/\/fmpatagoniamadryn.com.ar\/?p=3454"},"wordCount":409,"publisher":{"@id":"https:\/\/fmpatagoniamadryn.com.ar\/#organization"},"image":{"@id":"https:\/\/fmpatagoniamadryn.com.ar\/?p=3454#primaryimage"},"thumbnailUrl":"https:\/\/fmpatagoniamadryn.com.ar\/wp-content\/uploads\/2023\/06\/348757_1_205942_md.jpg","articleSection":["Provinciales"],"inLanguage":"es"},{"@type":"WebPage","@id":"https:\/\/fmpatagoniamadryn.com.ar\/?p=3454","url":"https:\/\/fmpatagoniamadryn.com.ar\/?p=3454","name":"Provinciales: Luque: \u201cLa educaci\u00f3n es prioridad para nuestra gesti\u00f3nLuque: \u201cLa educaci\u00f3n es prioridad para nuestra gesti\u00f3n\" - FM Patagonia Madryn","isPartOf":{"@id":"https:\/\/fmpatagoniamadryn.com.ar\/#website"},"primaryImageOfPage":{"@id":"https:\/\/fmpatagoniamadryn.com.ar\/?p=3454#primaryimage"},"image":{"@id":"https:\/\/fmpatagoniamadryn.com.ar\/?p=3454#primaryimage"},"thumbnailUrl":"https:\/\/fmpatagoniamadryn.com.ar\/wp-content\/uploads\/2023\/06\/348757_1_205942_md.jpg","datePublished":"2023-06-13T14:59:10+00:00","dateModified":"2023-06-13T14:59:32+00:00","breadcrumb":{"@id":"https:\/\/fmpatagoniamadryn.com.ar\/?p=3454#breadcrumb"},"inLanguage":"es","potentialAction":[{"@type":"ReadAction","target":["https:\/\/fmpatagoniamadryn.com.ar\/?p=3454"]}]},{"@type":"ImageObject","inLanguage":"es","@id":"https:\/\/fmpatagoniamadryn.com.ar\/?p=3454#primaryimage","url":"https:\/\/fmpatagoniamadryn.com.ar\/wp-content\/uploads\/2023\/06\/348757_1_205942_md.jpg","contentUrl":"https:\/\/fmpatagoniamadryn.com.ar\/wp-content\/uploads\/2023\/06\/348757_1_205942_md.jpg","width":600,"height":302},{"@type":"BreadcrumbList","@id":"https:\/\/fmpatagoniamadryn.com.ar\/?p=3454#breadcrumb","itemListElement":[{"@type":"ListItem","position":1,"name":"Portada","item":"https:\/\/fmpatagoniamadryn.com.ar\/"},{"@type":"ListItem","position":2,"name":"Provinciales: Luque: \u201cLa educaci\u00f3n es prioridad para nuestra gesti\u00f3nLuque: \u201cLa educaci\u00f3n es prioridad para nuestra gesti\u00f3n\u00bb"}]},{"@type":"WebSite","@id":"https:\/\/fmpatagoniamadryn.com.ar\/#website","url":"https:\/\/fmpatagoniamadryn.com.ar\/","name":"FM Patagonia Madryn","description":"Radio Patagonia 105.5","publisher":{"@id":"https:\/\/fmpatagoniamadryn.com.ar\/#organization"},"potentialAction":[{"@type":"SearchAction","target":{"@type":"EntryPoint","urlTemplate":"https:\/\/fmpatagoniamadryn.com.ar\/?s={search_term_string}"},"query-input":{"@type":"PropertyValueSpecification","valueRequired":true,"valueName":"search_term_string"}}],"inLanguage":"es"},{"@type":"Organization","@id":"https:\/\/fmpatagoniamadryn.com.ar\/#organization","name":"FM Patagonia Madryn","url":"https:\/\/fmpatagoniamadryn.com.ar\/","logo":{"@type":"ImageObject","inLanguage":"es","@id":"https:\/\/fmpatagoniamadryn.com.ar\/#\/schema\/logo\/image\/","url":"https:\/\/fmpatagoniamadryn.com.ar\/wp-content\/uploads\/2023\/01\/cropped-Diseno-sin-titulo.png","contentUrl":"https:\/\/fmpatagoniamadryn.com.ar\/wp-content\/uploads\/2023\/01\/cropped-Diseno-sin-titulo.png","width":6911,"height":2657,"caption":"FM Patagonia Madryn"},"image":{"@id":"https:\/\/fmpatagoniamadryn.com.ar\/#\/schema\/logo\/image\/"}},{"@type":"Person","@id":"https:\/\/fmpatagoniamadryn.com.ar\/#\/schema\/person\/8a3de4ad7efceacab06c1641c50303b7","name":"FM Patagonia","url":"https:\/\/fmpatagoniamadryn.com.ar\/?author=2"}]}},"jetpack_featured_media_url":"https:\/\/fmpatagoniamadryn.com.ar\/wp-content\/uploads\/2023\/06\/348757_1_205942_md.jpg","_links":{"self":[{"href":"https:\/\/fmpatagoniamadryn.com.ar\/index.php?rest_route=\/wp\/v2\/posts\/3454","targetHints":{"allow":["GET"]}}],"collection":[{"href":"https:\/\/fmpatagoniamadryn.com.ar\/index.php?rest_route=\/wp\/v2\/posts"}],"about":[{"href":"https:\/\/fmpatagoniamadryn.com.ar\/index.php?rest_route=\/wp\/v2\/types\/post"}],"author":[{"embeddable":true,"href":"https:\/\/fmpatagoniamadryn.com.ar\/index.php?rest_route=\/wp\/v2\/users\/2"}],"replies":[{"embeddable":true,"href":"https:\/\/fmpatagoniamadryn.com.ar\/index.php?rest_route=%2Fwp%2Fv2%2Fcomments&post=3454"}],"version-history":[{"count":1,"href":"https:\/\/fmpatagoniamadryn.com.ar\/index.php?rest_route=\/wp\/v2\/posts\/3454\/revisions"}],"predecessor-version":[{"id":3455,"href":"https:\/\/fmpatagoniamadryn.com.ar\/index.php?rest_route=\/wp\/v2\/posts\/3454\/revisions\/3455"}],"wp:featuredmedia":[{"embeddable":true,"href":"https:\/\/fmpatagoniamadryn.com.ar\/index.php?rest_route=\/wp\/v2\/media\/3453"}],"wp:attachment":[{"href":"https:\/\/fmpatagoniamadryn.com.ar\/index.php?rest_route=%2Fwp%2Fv2%2Fmedia&parent=3454"}],"wp:term":[{"taxonomy":"category","embeddable":true,"href":"https:\/\/fmpatagoniamadryn.com.ar\/index.php?rest_route=%2Fwp%2Fv2%2Fcategories&post=3454"},{"taxonomy":"post_tag","embeddable":true,"href":"https:\/\/fmpatagoniamadryn.com.ar\/index.php?rest_route=%2Fwp%2Fv2%2Ftags&post=3454"}],"curies":[{"name":"wp","href":"https:\/\/api.w.org\/{rel}","templated":true}]}}