{"id":3466,"date":"2023-06-13T13:26:10","date_gmt":"2023-06-13T16:26:10","guid":{"rendered":"https:\/\/fmpatagoniamadryn.com.ar\/?p=3466"},"modified":"2023-06-13T13:26:21","modified_gmt":"2023-06-13T16:26:21","slug":"mas-de-200-estudiantes-secundarios-de-trelew-participaron-de-jornada-de-educacion-fisica","status":"publish","type":"post","link":"https:\/\/fmpatagoniamadryn.com.ar\/?p=3466","title":{"rendered":"M\u00e1s de 200 estudiantes secundarios de Trelew participaron de jornada de Educaci\u00f3n F\u00edsica"},"content":{"rendered":"\n<p>Organizado por el Ministerio de Educaci\u00f3n de la Provincia, siete escuelas se reunieron para realizar actividades deportivas. La jornada se replicar\u00e1 para el Nivel Primario e Inicial, con sus correspondientes adaptaciones.<br><br>En las instalaciones del Predio Ferial de Trelew, el Ministerio de Educaci\u00f3n, a trav\u00e9s de la Direcci\u00f3n General de Educaci\u00f3n F\u00edsica, organiz\u00f3 un encuentro Indoor de actividades atl\u00e9ticas destinadas a estudiantes de escuelas de nivel secundario de la ciudad.<br><br>En total participaron m\u00e1s de 200 estudiantes de las escuelas N\u00ba 7721, 747, 748, 724, 771, 501 e IMA.<br><br>La jornada fue desarrollada con la Coordinaci\u00f3n de Educaci\u00f3n F\u00edsica de la Regi\u00f3n IV y cont\u00f3 con el respaldo de estudiantes avanzados y docentes de Educaci\u00f3n F\u00edsica del IDES Trelew, quien adem\u00e1s dispuso del espacio para la realizaci\u00f3n del evento.<br><br>La actividad tiene por objetivo realizar pruebas deportivas como correr, lanzar y saltar; todo bajo un ambiente cerrado como lo es un Gimnasio. Dicha jornada se replicar\u00e1 con escuelas de la ciudad de Rawson antes del receso invernal.<br><br>Atletismo Indoor para Nivel Inicial y Primario<br><br>La Direcci\u00f3n de Educaci\u00f3n F\u00edsica del Ministerio tiene pautadas m\u00e1s actividades en entorno cerrado antes de que empiece el receso invernal.<br><br>El pr\u00f3ximo viernes 16, se realizar\u00e1 \u201cMini Atletismo\u201d: Nuevamente el Predio Ferial de Trelew espera reunir a m\u00e1s de 700 estudiantes de 6\u00b0 grado de escuelas de la ciudad.<br><br>Mientras que una nueva edici\u00f3n de \u201cMini Ol\u00edmpicos\u201d, las actividades recreativas y deportivas destinadas a estudiantes de sala de 5 de las Escuelas de Nivel Inicial, se llevar\u00e1n adelante del 26 al 30 de junio en Trelew y los d\u00edas 5 y 6 de julio en Rawson.<br><br>&#8212;<\/p>\n","protected":false},"excerpt":{"rendered":"<p>Organizado por el Ministerio de Educaci\u00f3n de la Provincia, siete escuelas se reunieron para realizar actividades deportivas. La jornada se replicar\u00e1 para el Nivel Primario e Inicial, con sus correspondientes&hellip; <\/p>\n","protected":false},"author":3,"featured_media":3465,"comment_status":"closed","ping_status":"closed","sticky":false,"template":"","format":"standard","meta":{"footnotes":""},"categories":[14],"tags":[],"class_list":["post-3466","post","type-post","status-publish","format-standard","has-post-thumbnail","hentry","category-provinciales"],"yoast_head":"<!-- This site is optimized with the Yoast SEO plugin v27.4 - https:\/\/yoast.com\/product\/yoast-seo-wordpress\/ -->\n<title>M\u00e1s de 200 estudiantes secundarios de Trelew participaron de jornada de Educaci\u00f3n F\u00edsica - FM Patagonia Madryn<\/title>\n<meta name=\"robots\" content=\"index, follow, max-snippet:-1, max-image-preview:large, max-video-preview:-1\" \/>\n<link rel=\"canonical\" href=\"https:\/\/fmpatagoniamadryn.com.ar\/?p=3466\" \/>\n<meta property=\"og:locale\" content=\"es_ES\" \/>\n<meta property=\"og:type\" content=\"article\" \/>\n<meta property=\"og:title\" content=\"M\u00e1s de 200 estudiantes secundarios de Trelew participaron de jornada de Educaci\u00f3n F\u00edsica - FM Patagonia Madryn\" \/>\n<meta property=\"og:description\" content=\"Organizado por el Ministerio de Educaci\u00f3n de la Provincia, siete escuelas se reunieron para realizar actividades deportivas. La jornada se replicar\u00e1 para el Nivel Primario e Inicial, con sus correspondientes&hellip;\" \/>\n<meta property=\"og:url\" content=\"https:\/\/fmpatagoniamadryn.com.ar\/?p=3466\" \/>\n<meta property=\"og:site_name\" content=\"FM Patagonia Madryn\" \/>\n<meta property=\"article:published_time\" content=\"2023-06-13T16:26:10+00:00\" \/>\n<meta property=\"article:modified_time\" content=\"2023-06-13T16:26:21+00:00\" \/>\n<meta property=\"og:image\" content=\"https:\/\/fmpatagoniamadryn.com.ar\/wp-content\/uploads\/2023\/06\/Mas-de-200-estudiantes-secundarios-de-Trelew-participaron-de-jornada-de-Educacion-Fisica-8.jpeg\" \/>\n\t<meta property=\"og:image:width\" content=\"1280\" \/>\n\t<meta property=\"og:image:height\" content=\"853\" \/>\n\t<meta property=\"og:image:type\" content=\"image\/jpeg\" \/>\n<meta name=\"author\" content=\"FM Patagonia\" \/>\n<meta name=\"twitter:card\" content=\"summary_large_image\" \/>\n<meta name=\"twitter:label1\" content=\"Escrito por\" \/>\n\t<meta name=\"twitter:data1\" content=\"FM Patagonia\" \/>\n\t<meta name=\"twitter:label2\" content=\"Tiempo de lectura\" \/>\n\t<meta name=\"twitter:data2\" content=\"1 minuto\" \/>\n<script type=\"application\/ld+json\" class=\"yoast-schema-graph\">{\"@context\":\"https:\\\/\\\/schema.org\",\"@graph\":[{\"@type\":\"Article\",\"@id\":\"https:\\\/\\\/fmpatagoniamadryn.com.ar\\\/?p=3466#article\",\"isPartOf\":{\"@id\":\"https:\\\/\\\/fmpatagoniamadryn.com.ar\\\/?p=3466\"},\"author\":{\"name\":\"FM Patagonia\",\"@id\":\"https:\\\/\\\/fmpatagoniamadryn.com.ar\\\/#\\\/schema\\\/person\\\/1d968ec613613768e14b4e6420a2b125\"},\"headline\":\"M\u00e1s de 200 estudiantes secundarios de Trelew participaron de jornada de Educaci\u00f3n F\u00edsica\",\"datePublished\":\"2023-06-13T16:26:10+00:00\",\"dateModified\":\"2023-06-13T16:26:21+00:00\",\"mainEntityOfPage\":{\"@id\":\"https:\\\/\\\/fmpatagoniamadryn.com.ar\\\/?p=3466\"},\"wordCount\":298,\"publisher\":{\"@id\":\"https:\\\/\\\/fmpatagoniamadryn.com.ar\\\/#organization\"},\"image\":{\"@id\":\"https:\\\/\\\/fmpatagoniamadryn.com.ar\\\/?p=3466#primaryimage\"},\"thumbnailUrl\":\"https:\\\/\\\/fmpatagoniamadryn.com.ar\\\/wp-content\\\/uploads\\\/2023\\\/06\\\/Mas-de-200-estudiantes-secundarios-de-Trelew-participaron-de-jornada-de-Educacion-Fisica-8.jpeg\",\"articleSection\":[\"Provinciales\"],\"inLanguage\":\"es\"},{\"@type\":\"WebPage\",\"@id\":\"https:\\\/\\\/fmpatagoniamadryn.com.ar\\\/?p=3466\",\"url\":\"https:\\\/\\\/fmpatagoniamadryn.com.ar\\\/?p=3466\",\"name\":\"M\u00e1s de 200 estudiantes secundarios de Trelew participaron de jornada de Educaci\u00f3n F\u00edsica - FM Patagonia Madryn\",\"isPartOf\":{\"@id\":\"https:\\\/\\\/fmpatagoniamadryn.com.ar\\\/#website\"},\"primaryImageOfPage\":{\"@id\":\"https:\\\/\\\/fmpatagoniamadryn.com.ar\\\/?p=3466#primaryimage\"},\"image\":{\"@id\":\"https:\\\/\\\/fmpatagoniamadryn.com.ar\\\/?p=3466#primaryimage\"},\"thumbnailUrl\":\"https:\\\/\\\/fmpatagoniamadryn.com.ar\\\/wp-content\\\/uploads\\\/2023\\\/06\\\/Mas-de-200-estudiantes-secundarios-de-Trelew-participaron-de-jornada-de-Educacion-Fisica-8.jpeg\",\"datePublished\":\"2023-06-13T16:26:10+00:00\",\"dateModified\":\"2023-06-13T16:26:21+00:00\",\"breadcrumb\":{\"@id\":\"https:\\\/\\\/fmpatagoniamadryn.com.ar\\\/?p=3466#breadcrumb\"},\"inLanguage\":\"es\",\"potentialAction\":[{\"@type\":\"ReadAction\",\"target\":[\"https:\\\/\\\/fmpatagoniamadryn.com.ar\\\/?p=3466\"]}]},{\"@type\":\"ImageObject\",\"inLanguage\":\"es\",\"@id\":\"https:\\\/\\\/fmpatagoniamadryn.com.ar\\\/?p=3466#primaryimage\",\"url\":\"https:\\\/\\\/fmpatagoniamadryn.com.ar\\\/wp-content\\\/uploads\\\/2023\\\/06\\\/Mas-de-200-estudiantes-secundarios-de-Trelew-participaron-de-jornada-de-Educacion-Fisica-8.jpeg\",\"contentUrl\":\"https:\\\/\\\/fmpatagoniamadryn.com.ar\\\/wp-content\\\/uploads\\\/2023\\\/06\\\/Mas-de-200-estudiantes-secundarios-de-Trelew-participaron-de-jornada-de-Educacion-Fisica-8.jpeg\",\"width\":1280,\"height\":853},{\"@type\":\"BreadcrumbList\",\"@id\":\"https:\\\/\\\/fmpatagoniamadryn.com.ar\\\/?p=3466#breadcrumb\",\"itemListElement\":[{\"@type\":\"ListItem\",\"position\":1,\"name\":\"Portada\",\"item\":\"https:\\\/\\\/fmpatagoniamadryn.com.ar\\\/\"},{\"@type\":\"ListItem\",\"position\":2,\"name\":\"M\u00e1s de 200 estudiantes secundarios de Trelew participaron de jornada de Educaci\u00f3n F\u00edsica\"}]},{\"@type\":\"WebSite\",\"@id\":\"https:\\\/\\\/fmpatagoniamadryn.com.ar\\\/#website\",\"url\":\"https:\\\/\\\/fmpatagoniamadryn.com.ar\\\/\",\"name\":\"FM Patagonia Madryn\",\"description\":\"Radio Patagonia 105.5\",\"publisher\":{\"@id\":\"https:\\\/\\\/fmpatagoniamadryn.com.ar\\\/#organization\"},\"potentialAction\":[{\"@type\":\"SearchAction\",\"target\":{\"@type\":\"EntryPoint\",\"urlTemplate\":\"https:\\\/\\\/fmpatagoniamadryn.com.ar\\\/?s={search_term_string}\"},\"query-input\":{\"@type\":\"PropertyValueSpecification\",\"valueRequired\":true,\"valueName\":\"search_term_string\"}}],\"inLanguage\":\"es\"},{\"@type\":\"Organization\",\"@id\":\"https:\\\/\\\/fmpatagoniamadryn.com.ar\\\/#organization\",\"name\":\"FM Patagonia Madryn\",\"url\":\"https:\\\/\\\/fmpatagoniamadryn.com.ar\\\/\",\"logo\":{\"@type\":\"ImageObject\",\"inLanguage\":\"es\",\"@id\":\"https:\\\/\\\/fmpatagoniamadryn.com.ar\\\/#\\\/schema\\\/logo\\\/image\\\/\",\"url\":\"https:\\\/\\\/fmpatagoniamadryn.com.ar\\\/wp-content\\\/uploads\\\/2023\\\/01\\\/cropped-Diseno-sin-titulo.png\",\"contentUrl\":\"https:\\\/\\\/fmpatagoniamadryn.com.ar\\\/wp-content\\\/uploads\\\/2023\\\/01\\\/cropped-Diseno-sin-titulo.png\",\"width\":6911,\"height\":2657,\"caption\":\"FM Patagonia Madryn\"},\"image\":{\"@id\":\"https:\\\/\\\/fmpatagoniamadryn.com.ar\\\/#\\\/schema\\\/logo\\\/image\\\/\"}},{\"@type\":\"Person\",\"@id\":\"https:\\\/\\\/fmpatagoniamadryn.com.ar\\\/#\\\/schema\\\/person\\\/1d968ec613613768e14b4e6420a2b125\",\"name\":\"FM Patagonia\",\"url\":\"https:\\\/\\\/fmpatagoniamadryn.com.ar\\\/?author=3\"}]}<\/script>\n<!-- \/ Yoast SEO plugin. -->","yoast_head_json":{"title":"M\u00e1s de 200 estudiantes secundarios de Trelew participaron de jornada de Educaci\u00f3n F\u00edsica - FM Patagonia Madryn","robots":{"index":"index","follow":"follow","max-snippet":"max-snippet:-1","max-image-preview":"max-image-preview:large","max-video-preview":"max-video-preview:-1"},"canonical":"https:\/\/fmpatagoniamadryn.com.ar\/?p=3466","og_locale":"es_ES","og_type":"article","og_title":"M\u00e1s de 200 estudiantes secundarios de Trelew participaron de jornada de Educaci\u00f3n F\u00edsica - FM Patagonia Madryn","og_description":"Organizado por el Ministerio de Educaci\u00f3n de la Provincia, siete escuelas se reunieron para realizar actividades deportivas. La jornada se replicar\u00e1 para el Nivel Primario e Inicial, con sus correspondientes&hellip;","og_url":"https:\/\/fmpatagoniamadryn.com.ar\/?p=3466","og_site_name":"FM Patagonia Madryn","article_published_time":"2023-06-13T16:26:10+00:00","article_modified_time":"2023-06-13T16:26:21+00:00","og_image":[{"width":1280,"height":853,"url":"https:\/\/fmpatagoniamadryn.com.ar\/wp-content\/uploads\/2023\/06\/Mas-de-200-estudiantes-secundarios-de-Trelew-participaron-de-jornada-de-Educacion-Fisica-8.jpeg","type":"image\/jpeg"}],"author":"FM Patagonia","twitter_card":"summary_large_image","twitter_misc":{"Escrito por":"FM Patagonia","Tiempo de lectura":"1 minuto"},"schema":{"@context":"https:\/\/schema.org","@graph":[{"@type":"Article","@id":"https:\/\/fmpatagoniamadryn.com.ar\/?p=3466#article","isPartOf":{"@id":"https:\/\/fmpatagoniamadryn.com.ar\/?p=3466"},"author":{"name":"FM Patagonia","@id":"https:\/\/fmpatagoniamadryn.com.ar\/#\/schema\/person\/1d968ec613613768e14b4e6420a2b125"},"headline":"M\u00e1s de 200 estudiantes secundarios de Trelew participaron de jornada de Educaci\u00f3n F\u00edsica","datePublished":"2023-06-13T16:26:10+00:00","dateModified":"2023-06-13T16:26:21+00:00","mainEntityOfPage":{"@id":"https:\/\/fmpatagoniamadryn.com.ar\/?p=3466"},"wordCount":298,"publisher":{"@id":"https:\/\/fmpatagoniamadryn.com.ar\/#organization"},"image":{"@id":"https:\/\/fmpatagoniamadryn.com.ar\/?p=3466#primaryimage"},"thumbnailUrl":"https:\/\/fmpatagoniamadryn.com.ar\/wp-content\/uploads\/2023\/06\/Mas-de-200-estudiantes-secundarios-de-Trelew-participaron-de-jornada-de-Educacion-Fisica-8.jpeg","articleSection":["Provinciales"],"inLanguage":"es"},{"@type":"WebPage","@id":"https:\/\/fmpatagoniamadryn.com.ar\/?p=3466","url":"https:\/\/fmpatagoniamadryn.com.ar\/?p=3466","name":"M\u00e1s de 200 estudiantes secundarios de Trelew participaron de jornada de Educaci\u00f3n F\u00edsica - FM Patagonia Madryn","isPartOf":{"@id":"https:\/\/fmpatagoniamadryn.com.ar\/#website"},"primaryImageOfPage":{"@id":"https:\/\/fmpatagoniamadryn.com.ar\/?p=3466#primaryimage"},"image":{"@id":"https:\/\/fmpatagoniamadryn.com.ar\/?p=3466#primaryimage"},"thumbnailUrl":"https:\/\/fmpatagoniamadryn.com.ar\/wp-content\/uploads\/2023\/06\/Mas-de-200-estudiantes-secundarios-de-Trelew-participaron-de-jornada-de-Educacion-Fisica-8.jpeg","datePublished":"2023-06-13T16:26:10+00:00","dateModified":"2023-06-13T16:26:21+00:00","breadcrumb":{"@id":"https:\/\/fmpatagoniamadryn.com.ar\/?p=3466#breadcrumb"},"inLanguage":"es","potentialAction":[{"@type":"ReadAction","target":["https:\/\/fmpatagoniamadryn.com.ar\/?p=3466"]}]},{"@type":"ImageObject","inLanguage":"es","@id":"https:\/\/fmpatagoniamadryn.com.ar\/?p=3466#primaryimage","url":"https:\/\/fmpatagoniamadryn.com.ar\/wp-content\/uploads\/2023\/06\/Mas-de-200-estudiantes-secundarios-de-Trelew-participaron-de-jornada-de-Educacion-Fisica-8.jpeg","contentUrl":"https:\/\/fmpatagoniamadryn.com.ar\/wp-content\/uploads\/2023\/06\/Mas-de-200-estudiantes-secundarios-de-Trelew-participaron-de-jornada-de-Educacion-Fisica-8.jpeg","width":1280,"height":853},{"@type":"BreadcrumbList","@id":"https:\/\/fmpatagoniamadryn.com.ar\/?p=3466#breadcrumb","itemListElement":[{"@type":"ListItem","position":1,"name":"Portada","item":"https:\/\/fmpatagoniamadryn.com.ar\/"},{"@type":"ListItem","position":2,"name":"M\u00e1s de 200 estudiantes secundarios de Trelew participaron de jornada de Educaci\u00f3n F\u00edsica"}]},{"@type":"WebSite","@id":"https:\/\/fmpatagoniamadryn.com.ar\/#website","url":"https:\/\/fmpatagoniamadryn.com.ar\/","name":"FM Patagonia Madryn","description":"Radio Patagonia 105.5","publisher":{"@id":"https:\/\/fmpatagoniamadryn.com.ar\/#organization"},"potentialAction":[{"@type":"SearchAction","target":{"@type":"EntryPoint","urlTemplate":"https:\/\/fmpatagoniamadryn.com.ar\/?s={search_term_string}"},"query-input":{"@type":"PropertyValueSpecification","valueRequired":true,"valueName":"search_term_string"}}],"inLanguage":"es"},{"@type":"Organization","@id":"https:\/\/fmpatagoniamadryn.com.ar\/#organization","name":"FM Patagonia Madryn","url":"https:\/\/fmpatagoniamadryn.com.ar\/","logo":{"@type":"ImageObject","inLanguage":"es","@id":"https:\/\/fmpatagoniamadryn.com.ar\/#\/schema\/logo\/image\/","url":"https:\/\/fmpatagoniamadryn.com.ar\/wp-content\/uploads\/2023\/01\/cropped-Diseno-sin-titulo.png","contentUrl":"https:\/\/fmpatagoniamadryn.com.ar\/wp-content\/uploads\/2023\/01\/cropped-Diseno-sin-titulo.png","width":6911,"height":2657,"caption":"FM Patagonia Madryn"},"image":{"@id":"https:\/\/fmpatagoniamadryn.com.ar\/#\/schema\/logo\/image\/"}},{"@type":"Person","@id":"https:\/\/fmpatagoniamadryn.com.ar\/#\/schema\/person\/1d968ec613613768e14b4e6420a2b125","name":"FM Patagonia","url":"https:\/\/fmpatagoniamadryn.com.ar\/?author=3"}]}},"jetpack_featured_media_url":"https:\/\/fmpatagoniamadryn.com.ar\/wp-content\/uploads\/2023\/06\/Mas-de-200-estudiantes-secundarios-de-Trelew-participaron-de-jornada-de-Educacion-Fisica-8.jpeg","_links":{"self":[{"href":"https:\/\/fmpatagoniamadryn.com.ar\/index.php?rest_route=\/wp\/v2\/posts\/3466","targetHints":{"allow":["GET"]}}],"collection":[{"href":"https:\/\/fmpatagoniamadryn.com.ar\/index.php?rest_route=\/wp\/v2\/posts"}],"about":[{"href":"https:\/\/fmpatagoniamadryn.com.ar\/index.php?rest_route=\/wp\/v2\/types\/post"}],"author":[{"embeddable":true,"href":"https:\/\/fmpatagoniamadryn.com.ar\/index.php?rest_route=\/wp\/v2\/users\/3"}],"replies":[{"embeddable":true,"href":"https:\/\/fmpatagoniamadryn.com.ar\/index.php?rest_route=%2Fwp%2Fv2%2Fcomments&post=3466"}],"version-history":[{"count":1,"href":"https:\/\/fmpatagoniamadryn.com.ar\/index.php?rest_route=\/wp\/v2\/posts\/3466\/revisions"}],"predecessor-version":[{"id":3467,"href":"https:\/\/fmpatagoniamadryn.com.ar\/index.php?rest_route=\/wp\/v2\/posts\/3466\/revisions\/3467"}],"wp:featuredmedia":[{"embeddable":true,"href":"https:\/\/fmpatagoniamadryn.com.ar\/index.php?rest_route=\/wp\/v2\/media\/3465"}],"wp:attachment":[{"href":"https:\/\/fmpatagoniamadryn.com.ar\/index.php?rest_route=%2Fwp%2Fv2%2Fmedia&parent=3466"}],"wp:term":[{"taxonomy":"category","embeddable":true,"href":"https:\/\/fmpatagoniamadryn.com.ar\/index.php?rest_route=%2Fwp%2Fv2%2Fcategories&post=3466"},{"taxonomy":"post_tag","embeddable":true,"href":"https:\/\/fmpatagoniamadryn.com.ar\/index.php?rest_route=%2Fwp%2Fv2%2Ftags&post=3466"}],"curies":[{"name":"wp","href":"https:\/\/api.w.org\/{rel}","templated":true}]}}