{"id":3487,"date":"2023-06-13T21:55:11","date_gmt":"2023-06-14T00:55:11","guid":{"rendered":"https:\/\/fmpatagoniamadryn.com.ar\/?p=3487"},"modified":"2023-06-13T21:57:38","modified_gmt":"2023-06-14T00:57:38","slug":"la-cgt-reclamo-unidad-responsabilidad-y-federalismo-para-ganar-los-comicios-de-octubre","status":"publish","type":"post","link":"https:\/\/fmpatagoniamadryn.com.ar\/?p=3487","title":{"rendered":"La CGT reclam\u00f3 \u00abunidad, responsabilidad y federalismo\u00bb para ganar los comicios de octubre."},"content":{"rendered":"\n<p>La entidad que colideran H\u00e9ctor Daer, Carlos Acu\u00f1a y Pablo Moyano, emiti\u00f3 un documento en el que subray\u00f3 que \u00abm\u00e1s all\u00e1 de los matices, hay que mantenerse unidos para que la derecha no robe los derechos sociales y laborales con reformas que solo benefician a los que m\u00e1s tienen\u00bb. &#8211; <\/p>\n\n\n\n<p>La CGT reclam\u00f3 este martes \u00abunidad, responsabilidad, federalismo y un proyecto de pa\u00eds m\u00e1s igualitario para triunfar en octubre\u00bb, sostuvo que \u00abel presente y el futuro necesita hallar la s\u00edntesis que encamine hacia soluciones estructurales\u00bb y afirm\u00f3 que \u00abla pobreza, la desigualdad social y la falta de perspectivas deben llevar a recorrer un solo camino\u00bb. &#8211; <\/p>\n\n\n\n<p>Un documento de la CGT, que colideran H\u00e9ctor Daer, Carlos Acu\u00f1a y Pablo Moyano, asegur\u00f3 que hay que recorrer \u00abun solo camino a partir de esa realidad, de cara al proceso electoral, que m\u00e1s all\u00e1 de los matices mantenga la unidad para que la derecha no robe los derechos sociales y laborales con reformas que solo benefician a los que m\u00e1s tienen\u00bb. &#8211; <\/p>\n\n\n\n<p>El pronunciamiento de la CGT llam\u00f3 a la unidad plena para \u00abconstruir el pr\u00f3ximo triunfo\u00bb. &#8211; <\/p>\n\n\n\n<p>El documento de la central obrera, difundido por Daer a trav\u00e9s de su cuenta de Twitter, a\u00f1adi\u00f3 que esa unidad tambi\u00e9n es necesaria para enfrentar a \u00abun Fondo Monetario Internacional (FMI) que pretende un ajuste feroz sin que importen las consecuencias sociales que provoque, favoreciendo en la pr\u00f3xima elecci\u00f3n a la oposici\u00f3n que endeud\u00f3 al pa\u00eds y destruy\u00f3 cientos de miles de puestos de trabajo\u00bb durante esa gesti\u00f3n. &#8211; <\/p>\n\n\n\n<p>\u00abLa unidad de la CGT debe ser el ejemplo, a\u00fan con diferencias y matices, en defensa de los trabajadores representados. Pero tambi\u00e9n se requiere responsabilidad para evitar que las diferencias pol\u00edticas debiliten la acci\u00f3n del Gobierno\u00bb, sostuvo el documento. &#8211; <\/p>\n\n\n\n<p>Para la central obrera, esa responsabilidad se relaciona tambi\u00e9n con el rechazo a la divisi\u00f3n sindical y a toda acci\u00f3n que dificulte la relaci\u00f3n con cada una de las provincias. &#8211; <\/p>\n\n\n\n<p>\u00abEs preciso estar unidos para que la disputa se concentre contra la oposici\u00f3n por el futuro de la Patria y no entre peronistas por los pedazos de una derrota. La unidad debe ser con todos, sin prejuicios y el movimiento obrero organizado tiene que ser protagonista. Hay que unirse por el bien del pa\u00eds, por los derechos de los trabajadores y estar de forma plena conscientes de que cuando el peronismo fue unido gan\u00f3 siempre las elecciones\u00bb, concluy\u00f3. &#8211; <\/p>\n\n\n\n<p>Telam <\/p>\n","protected":false},"excerpt":{"rendered":"<p>La entidad que colideran H\u00e9ctor Daer, Carlos Acu\u00f1a y Pablo Moyano, emiti\u00f3 un documento en el que subray\u00f3 que \u00abm\u00e1s all\u00e1 de los matices, hay que mantenerse unidos para que&hellip; <\/p>\n","protected":false},"author":2,"featured_media":3486,"comment_status":"closed","ping_status":"closed","sticky":false,"template":"","format":"standard","meta":{"footnotes":""},"categories":[13],"tags":[],"class_list":["post-3487","post","type-post","status-publish","format-standard","has-post-thumbnail","hentry","category-nacionales"],"yoast_head":"<!-- This site is optimized with the Yoast SEO plugin v27.4 - https:\/\/yoast.com\/product\/yoast-seo-wordpress\/ -->\n<title>La CGT reclam\u00f3 &quot;unidad, responsabilidad y federalismo&quot; para ganar los comicios de octubre. - FM Patagonia Madryn<\/title>\n<meta name=\"robots\" content=\"index, follow, max-snippet:-1, max-image-preview:large, max-video-preview:-1\" \/>\n<link rel=\"canonical\" href=\"https:\/\/fmpatagoniamadryn.com.ar\/?p=3487\" \/>\n<meta property=\"og:locale\" content=\"es_ES\" \/>\n<meta property=\"og:type\" content=\"article\" \/>\n<meta property=\"og:title\" content=\"La CGT reclam\u00f3 &quot;unidad, responsabilidad y federalismo&quot; para ganar los comicios de octubre. - FM Patagonia Madryn\" \/>\n<meta property=\"og:description\" content=\"La entidad que colideran H\u00e9ctor Daer, Carlos Acu\u00f1a y Pablo Moyano, emiti\u00f3 un documento en el que subray\u00f3 que \u00abm\u00e1s all\u00e1 de los matices, hay que mantenerse unidos para que&hellip;\" \/>\n<meta property=\"og:url\" content=\"https:\/\/fmpatagoniamadryn.com.ar\/?p=3487\" \/>\n<meta property=\"og:site_name\" content=\"FM Patagonia Madryn\" \/>\n<meta property=\"article:published_time\" content=\"2023-06-14T00:55:11+00:00\" \/>\n<meta property=\"article:modified_time\" content=\"2023-06-14T00:57:38+00:00\" \/>\n<meta property=\"og:image\" content=\"https:\/\/fmpatagoniamadryn.com.ar\/wp-content\/uploads\/2023\/06\/Screenshot_20230613_215654_Chrome.jpg\" \/>\n\t<meta property=\"og:image:width\" content=\"1080\" \/>\n\t<meta property=\"og:image:height\" content=\"688\" \/>\n\t<meta property=\"og:image:type\" content=\"image\/jpeg\" \/>\n<meta name=\"author\" content=\"FM Patagonia\" \/>\n<meta name=\"twitter:card\" content=\"summary_large_image\" \/>\n<meta name=\"twitter:label1\" content=\"Escrito por\" \/>\n\t<meta name=\"twitter:data1\" content=\"FM Patagonia\" \/>\n\t<meta name=\"twitter:label2\" content=\"Tiempo de lectura\" \/>\n\t<meta name=\"twitter:data2\" content=\"2 minutos\" \/>\n<script type=\"application\/ld+json\" class=\"yoast-schema-graph\">{\"@context\":\"https:\\\/\\\/schema.org\",\"@graph\":[{\"@type\":\"Article\",\"@id\":\"https:\\\/\\\/fmpatagoniamadryn.com.ar\\\/?p=3487#article\",\"isPartOf\":{\"@id\":\"https:\\\/\\\/fmpatagoniamadryn.com.ar\\\/?p=3487\"},\"author\":{\"name\":\"FM Patagonia\",\"@id\":\"https:\\\/\\\/fmpatagoniamadryn.com.ar\\\/#\\\/schema\\\/person\\\/8a3de4ad7efceacab06c1641c50303b7\"},\"headline\":\"La CGT reclam\u00f3 \u00abunidad, responsabilidad y federalismo\u00bb para ganar los comicios de octubre.\",\"datePublished\":\"2023-06-14T00:55:11+00:00\",\"dateModified\":\"2023-06-14T00:57:38+00:00\",\"mainEntityOfPage\":{\"@id\":\"https:\\\/\\\/fmpatagoniamadryn.com.ar\\\/?p=3487\"},\"wordCount\":448,\"publisher\":{\"@id\":\"https:\\\/\\\/fmpatagoniamadryn.com.ar\\\/#organization\"},\"image\":{\"@id\":\"https:\\\/\\\/fmpatagoniamadryn.com.ar\\\/?p=3487#primaryimage\"},\"thumbnailUrl\":\"https:\\\/\\\/fmpatagoniamadryn.com.ar\\\/wp-content\\\/uploads\\\/2023\\\/06\\\/Screenshot_20230613_215654_Chrome.jpg\",\"articleSection\":[\"Nacionales\"],\"inLanguage\":\"es\"},{\"@type\":\"WebPage\",\"@id\":\"https:\\\/\\\/fmpatagoniamadryn.com.ar\\\/?p=3487\",\"url\":\"https:\\\/\\\/fmpatagoniamadryn.com.ar\\\/?p=3487\",\"name\":\"La CGT reclam\u00f3 \\\"unidad, responsabilidad y federalismo\\\" para ganar los comicios de octubre. - FM Patagonia Madryn\",\"isPartOf\":{\"@id\":\"https:\\\/\\\/fmpatagoniamadryn.com.ar\\\/#website\"},\"primaryImageOfPage\":{\"@id\":\"https:\\\/\\\/fmpatagoniamadryn.com.ar\\\/?p=3487#primaryimage\"},\"image\":{\"@id\":\"https:\\\/\\\/fmpatagoniamadryn.com.ar\\\/?p=3487#primaryimage\"},\"thumbnailUrl\":\"https:\\\/\\\/fmpatagoniamadryn.com.ar\\\/wp-content\\\/uploads\\\/2023\\\/06\\\/Screenshot_20230613_215654_Chrome.jpg\",\"datePublished\":\"2023-06-14T00:55:11+00:00\",\"dateModified\":\"2023-06-14T00:57:38+00:00\",\"breadcrumb\":{\"@id\":\"https:\\\/\\\/fmpatagoniamadryn.com.ar\\\/?p=3487#breadcrumb\"},\"inLanguage\":\"es\",\"potentialAction\":[{\"@type\":\"ReadAction\",\"target\":[\"https:\\\/\\\/fmpatagoniamadryn.com.ar\\\/?p=3487\"]}]},{\"@type\":\"ImageObject\",\"inLanguage\":\"es\",\"@id\":\"https:\\\/\\\/fmpatagoniamadryn.com.ar\\\/?p=3487#primaryimage\",\"url\":\"https:\\\/\\\/fmpatagoniamadryn.com.ar\\\/wp-content\\\/uploads\\\/2023\\\/06\\\/Screenshot_20230613_215654_Chrome.jpg\",\"contentUrl\":\"https:\\\/\\\/fmpatagoniamadryn.com.ar\\\/wp-content\\\/uploads\\\/2023\\\/06\\\/Screenshot_20230613_215654_Chrome.jpg\",\"width\":1080,\"height\":688},{\"@type\":\"BreadcrumbList\",\"@id\":\"https:\\\/\\\/fmpatagoniamadryn.com.ar\\\/?p=3487#breadcrumb\",\"itemListElement\":[{\"@type\":\"ListItem\",\"position\":1,\"name\":\"Portada\",\"item\":\"https:\\\/\\\/fmpatagoniamadryn.com.ar\\\/\"},{\"@type\":\"ListItem\",\"position\":2,\"name\":\"La CGT reclam\u00f3 \u00abunidad, responsabilidad y federalismo\u00bb para ganar los comicios de octubre.\"}]},{\"@type\":\"WebSite\",\"@id\":\"https:\\\/\\\/fmpatagoniamadryn.com.ar\\\/#website\",\"url\":\"https:\\\/\\\/fmpatagoniamadryn.com.ar\\\/\",\"name\":\"FM Patagonia Madryn\",\"description\":\"Radio Patagonia 105.5\",\"publisher\":{\"@id\":\"https:\\\/\\\/fmpatagoniamadryn.com.ar\\\/#organization\"},\"potentialAction\":[{\"@type\":\"SearchAction\",\"target\":{\"@type\":\"EntryPoint\",\"urlTemplate\":\"https:\\\/\\\/fmpatagoniamadryn.com.ar\\\/?s={search_term_string}\"},\"query-input\":{\"@type\":\"PropertyValueSpecification\",\"valueRequired\":true,\"valueName\":\"search_term_string\"}}],\"inLanguage\":\"es\"},{\"@type\":\"Organization\",\"@id\":\"https:\\\/\\\/fmpatagoniamadryn.com.ar\\\/#organization\",\"name\":\"FM Patagonia Madryn\",\"url\":\"https:\\\/\\\/fmpatagoniamadryn.com.ar\\\/\",\"logo\":{\"@type\":\"ImageObject\",\"inLanguage\":\"es\",\"@id\":\"https:\\\/\\\/fmpatagoniamadryn.com.ar\\\/#\\\/schema\\\/logo\\\/image\\\/\",\"url\":\"https:\\\/\\\/fmpatagoniamadryn.com.ar\\\/wp-content\\\/uploads\\\/2023\\\/01\\\/cropped-Diseno-sin-titulo.png\",\"contentUrl\":\"https:\\\/\\\/fmpatagoniamadryn.com.ar\\\/wp-content\\\/uploads\\\/2023\\\/01\\\/cropped-Diseno-sin-titulo.png\",\"width\":6911,\"height\":2657,\"caption\":\"FM Patagonia Madryn\"},\"image\":{\"@id\":\"https:\\\/\\\/fmpatagoniamadryn.com.ar\\\/#\\\/schema\\\/logo\\\/image\\\/\"}},{\"@type\":\"Person\",\"@id\":\"https:\\\/\\\/fmpatagoniamadryn.com.ar\\\/#\\\/schema\\\/person\\\/8a3de4ad7efceacab06c1641c50303b7\",\"name\":\"FM Patagonia\",\"url\":\"https:\\\/\\\/fmpatagoniamadryn.com.ar\\\/?author=2\"}]}<\/script>\n<!-- \/ Yoast SEO plugin. -->","yoast_head_json":{"title":"La CGT reclam\u00f3 \"unidad, responsabilidad y federalismo\" para ganar los comicios de octubre. - FM Patagonia Madryn","robots":{"index":"index","follow":"follow","max-snippet":"max-snippet:-1","max-image-preview":"max-image-preview:large","max-video-preview":"max-video-preview:-1"},"canonical":"https:\/\/fmpatagoniamadryn.com.ar\/?p=3487","og_locale":"es_ES","og_type":"article","og_title":"La CGT reclam\u00f3 \"unidad, responsabilidad y federalismo\" para ganar los comicios de octubre. - FM Patagonia Madryn","og_description":"La entidad que colideran H\u00e9ctor Daer, Carlos Acu\u00f1a y Pablo Moyano, emiti\u00f3 un documento en el que subray\u00f3 que \u00abm\u00e1s all\u00e1 de los matices, hay que mantenerse unidos para que&hellip;","og_url":"https:\/\/fmpatagoniamadryn.com.ar\/?p=3487","og_site_name":"FM Patagonia Madryn","article_published_time":"2023-06-14T00:55:11+00:00","article_modified_time":"2023-06-14T00:57:38+00:00","og_image":[{"width":1080,"height":688,"url":"https:\/\/fmpatagoniamadryn.com.ar\/wp-content\/uploads\/2023\/06\/Screenshot_20230613_215654_Chrome.jpg","type":"image\/jpeg"}],"author":"FM Patagonia","twitter_card":"summary_large_image","twitter_misc":{"Escrito por":"FM Patagonia","Tiempo de lectura":"2 minutos"},"schema":{"@context":"https:\/\/schema.org","@graph":[{"@type":"Article","@id":"https:\/\/fmpatagoniamadryn.com.ar\/?p=3487#article","isPartOf":{"@id":"https:\/\/fmpatagoniamadryn.com.ar\/?p=3487"},"author":{"name":"FM Patagonia","@id":"https:\/\/fmpatagoniamadryn.com.ar\/#\/schema\/person\/8a3de4ad7efceacab06c1641c50303b7"},"headline":"La CGT reclam\u00f3 \u00abunidad, responsabilidad y federalismo\u00bb para ganar los comicios de octubre.","datePublished":"2023-06-14T00:55:11+00:00","dateModified":"2023-06-14T00:57:38+00:00","mainEntityOfPage":{"@id":"https:\/\/fmpatagoniamadryn.com.ar\/?p=3487"},"wordCount":448,"publisher":{"@id":"https:\/\/fmpatagoniamadryn.com.ar\/#organization"},"image":{"@id":"https:\/\/fmpatagoniamadryn.com.ar\/?p=3487#primaryimage"},"thumbnailUrl":"https:\/\/fmpatagoniamadryn.com.ar\/wp-content\/uploads\/2023\/06\/Screenshot_20230613_215654_Chrome.jpg","articleSection":["Nacionales"],"inLanguage":"es"},{"@type":"WebPage","@id":"https:\/\/fmpatagoniamadryn.com.ar\/?p=3487","url":"https:\/\/fmpatagoniamadryn.com.ar\/?p=3487","name":"La CGT reclam\u00f3 \"unidad, responsabilidad y federalismo\" para ganar los comicios de octubre. - FM Patagonia Madryn","isPartOf":{"@id":"https:\/\/fmpatagoniamadryn.com.ar\/#website"},"primaryImageOfPage":{"@id":"https:\/\/fmpatagoniamadryn.com.ar\/?p=3487#primaryimage"},"image":{"@id":"https:\/\/fmpatagoniamadryn.com.ar\/?p=3487#primaryimage"},"thumbnailUrl":"https:\/\/fmpatagoniamadryn.com.ar\/wp-content\/uploads\/2023\/06\/Screenshot_20230613_215654_Chrome.jpg","datePublished":"2023-06-14T00:55:11+00:00","dateModified":"2023-06-14T00:57:38+00:00","breadcrumb":{"@id":"https:\/\/fmpatagoniamadryn.com.ar\/?p=3487#breadcrumb"},"inLanguage":"es","potentialAction":[{"@type":"ReadAction","target":["https:\/\/fmpatagoniamadryn.com.ar\/?p=3487"]}]},{"@type":"ImageObject","inLanguage":"es","@id":"https:\/\/fmpatagoniamadryn.com.ar\/?p=3487#primaryimage","url":"https:\/\/fmpatagoniamadryn.com.ar\/wp-content\/uploads\/2023\/06\/Screenshot_20230613_215654_Chrome.jpg","contentUrl":"https:\/\/fmpatagoniamadryn.com.ar\/wp-content\/uploads\/2023\/06\/Screenshot_20230613_215654_Chrome.jpg","width":1080,"height":688},{"@type":"BreadcrumbList","@id":"https:\/\/fmpatagoniamadryn.com.ar\/?p=3487#breadcrumb","itemListElement":[{"@type":"ListItem","position":1,"name":"Portada","item":"https:\/\/fmpatagoniamadryn.com.ar\/"},{"@type":"ListItem","position":2,"name":"La CGT reclam\u00f3 \u00abunidad, responsabilidad y federalismo\u00bb para ganar los comicios de octubre."}]},{"@type":"WebSite","@id":"https:\/\/fmpatagoniamadryn.com.ar\/#website","url":"https:\/\/fmpatagoniamadryn.com.ar\/","name":"FM Patagonia Madryn","description":"Radio Patagonia 105.5","publisher":{"@id":"https:\/\/fmpatagoniamadryn.com.ar\/#organization"},"potentialAction":[{"@type":"SearchAction","target":{"@type":"EntryPoint","urlTemplate":"https:\/\/fmpatagoniamadryn.com.ar\/?s={search_term_string}"},"query-input":{"@type":"PropertyValueSpecification","valueRequired":true,"valueName":"search_term_string"}}],"inLanguage":"es"},{"@type":"Organization","@id":"https:\/\/fmpatagoniamadryn.com.ar\/#organization","name":"FM Patagonia Madryn","url":"https:\/\/fmpatagoniamadryn.com.ar\/","logo":{"@type":"ImageObject","inLanguage":"es","@id":"https:\/\/fmpatagoniamadryn.com.ar\/#\/schema\/logo\/image\/","url":"https:\/\/fmpatagoniamadryn.com.ar\/wp-content\/uploads\/2023\/01\/cropped-Diseno-sin-titulo.png","contentUrl":"https:\/\/fmpatagoniamadryn.com.ar\/wp-content\/uploads\/2023\/01\/cropped-Diseno-sin-titulo.png","width":6911,"height":2657,"caption":"FM Patagonia Madryn"},"image":{"@id":"https:\/\/fmpatagoniamadryn.com.ar\/#\/schema\/logo\/image\/"}},{"@type":"Person","@id":"https:\/\/fmpatagoniamadryn.com.ar\/#\/schema\/person\/8a3de4ad7efceacab06c1641c50303b7","name":"FM Patagonia","url":"https:\/\/fmpatagoniamadryn.com.ar\/?author=2"}]}},"jetpack_featured_media_url":"https:\/\/fmpatagoniamadryn.com.ar\/wp-content\/uploads\/2023\/06\/Screenshot_20230613_215654_Chrome.jpg","_links":{"self":[{"href":"https:\/\/fmpatagoniamadryn.com.ar\/index.php?rest_route=\/wp\/v2\/posts\/3487","targetHints":{"allow":["GET"]}}],"collection":[{"href":"https:\/\/fmpatagoniamadryn.com.ar\/index.php?rest_route=\/wp\/v2\/posts"}],"about":[{"href":"https:\/\/fmpatagoniamadryn.com.ar\/index.php?rest_route=\/wp\/v2\/types\/post"}],"author":[{"embeddable":true,"href":"https:\/\/fmpatagoniamadryn.com.ar\/index.php?rest_route=\/wp\/v2\/users\/2"}],"replies":[{"embeddable":true,"href":"https:\/\/fmpatagoniamadryn.com.ar\/index.php?rest_route=%2Fwp%2Fv2%2Fcomments&post=3487"}],"version-history":[{"count":1,"href":"https:\/\/fmpatagoniamadryn.com.ar\/index.php?rest_route=\/wp\/v2\/posts\/3487\/revisions"}],"predecessor-version":[{"id":3488,"href":"https:\/\/fmpatagoniamadryn.com.ar\/index.php?rest_route=\/wp\/v2\/posts\/3487\/revisions\/3488"}],"wp:featuredmedia":[{"embeddable":true,"href":"https:\/\/fmpatagoniamadryn.com.ar\/index.php?rest_route=\/wp\/v2\/media\/3486"}],"wp:attachment":[{"href":"https:\/\/fmpatagoniamadryn.com.ar\/index.php?rest_route=%2Fwp%2Fv2%2Fmedia&parent=3487"}],"wp:term":[{"taxonomy":"category","embeddable":true,"href":"https:\/\/fmpatagoniamadryn.com.ar\/index.php?rest_route=%2Fwp%2Fv2%2Fcategories&post=3487"},{"taxonomy":"post_tag","embeddable":true,"href":"https:\/\/fmpatagoniamadryn.com.ar\/index.php?rest_route=%2Fwp%2Fv2%2Ftags&post=3487"}],"curies":[{"name":"wp","href":"https:\/\/api.w.org\/{rel}","templated":true}]}}