{"id":3490,"date":"2023-06-14T10:49:45","date_gmt":"2023-06-14T13:49:45","guid":{"rendered":"https:\/\/fmpatagoniamadryn.com.ar\/?p=3490"},"modified":"2023-06-14T10:49:56","modified_gmt":"2023-06-14T13:49:56","slug":"dia-historico-para-puerto-madryn-las-tierras-de-la-armada-ya-son-del-municipio-2","status":"publish","type":"post","link":"https:\/\/fmpatagoniamadryn.com.ar\/?p=3490","title":{"rendered":"D\u00cdA HIST\u00d3RICO PARA PUERTO MADRYN: LAS TIERRAS DE LA ARMADA YA SON DEL MUNICIPIO"},"content":{"rendered":"\n<p>El intendente Gustavo Sastre firm\u00f3 hoy la documentaci\u00f3n correspondiente para culminar con este proceso, en un acto que fue encabezado por el gobernador Mariano Arcioni, el vicegobernador Ricardo Sastre y el propio Jefe Comunal<br><br> <br><br> <br><br>Hoy Puerto Madryn vivi\u00f3 un d\u00eda hist\u00f3rico, ya que se entreg\u00f3 la documentaci\u00f3n correspondiente y las tierras que eran propiedad de la Armada Argentina, en el sudeste de la ciudad, ya son propiedad del Municipio. La r\u00fabrica fue encabezada por el intendente Gustavo Sastre y el gobernador Mariano Arcioni, en un acto en el que tambi\u00e9n estuvo presente el vicegobernador de la Provincia, Ricardo Sastre, y el jefe del Apostadero Naval, H\u00e9ctor Loza, en representaci\u00f3n de la Armada Argentina.<br><br> <br><br>Cabe recordar que las gestiones para que esto ocurra iniciaron en 2012 durante la intendencia de Ricardo Sastre y luego se profundizaron en conjunto con la senadora nacional Nancy Gonz\u00e1lez. Se trata de 525 hect\u00e1reas y permitir\u00e1n planificar la urbanizaci\u00f3n de la ciudad de la manera en la que esta gesti\u00f3n lo est\u00e1 haciendo, brindando soluciones a los vecinos.<br><br> <br><br>D\u00eda hist\u00f3rico<br><br> <br><br>Al respecto, el Intendente dijo: \u201cHoy estamos viviendo un d\u00eda hist\u00f3rico para Puerto Madryn, ya que despu\u00e9s de mucho trabajo y muchas gestiones, finalmente estas tierras pasan a ser del Municipio definitivamente. Esto nos va a permitir seguir brindando soluciones habitacionales para nuestros vecinos, que es uno de nuestros principales objetivos. Queremos un Puerto Madryn moderno, competitivo, global, integral y fundamentalmente justo y en ese camino estamos transitando\u201d.<br><br> <br><br>En este mismo sentido, el Jefe Comunal manifest\u00f3: \u201cSomos la segunda ciudad de mayor crecimiento demogr\u00e1fico de la Rep\u00fablica Argentina y es muy importante que acompa\u00f1emos esto con obras. Estas tierras nos van a permitir tener la proyecci\u00f3n de Puerto Madryn que pretendemos y seguir desarrollando la ciudad de la manera que queremos\u201d.<br><br> <br><br>\u201cQuiero agradecer a cada uno de los funcionarios del Gobierno Nacional, al gobernador Mariano Arcioni, al vicegobernador Ricardo Sastre, a Nancy Gonz\u00e1lez, a las autoridades de la Armada Argentina y a cada una de las personas que form\u00f3 parte de este proceso, que inici\u00f3 durante la gesti\u00f3n de Ricardo (Sastre)\u201d, concluy\u00f3 Sastre.<br><br> <br><br>Alternativas habitacionales<br><br> <br><br>Por su parte, el Vicegobernador remarc\u00f3: \u201cEs un hecho hist\u00f3rico. En mis dos intendencias al frente del Municipio ven\u00eda realizando gestiones conjuntas con la senadora Nancy Gonz\u00e1lez para poder obtener estas tierras que est\u00e1n en nuestra ciudad y que pertenec\u00edan a la Armada Argentina. Fueron muchos a\u00f1os de presentar documentos, notas y todo lo referido a estas 525 hect\u00e1reas, para permitir que una ciudad como Madryn pueda brindar alternativas habitacionales a muchos sectores que padecen el ingreso a la tierra. Muchas veces las soluciones son un lote social, que muchos no aceptan por su alejada ubicaci\u00f3n del casco c\u00e9ntrico, y la otra es comprar directamente un terreno a una inmobiliaria, teniendo en cuenta los precios que hoy se manejan. La firma de este t\u00edtulo es una posibilidad muy grande para los vecinos de la ciudad\u201d.<br><br> <br><br>Adem\u00e1s se\u00f1al\u00f3 que \u201cGustavo (Sastre) continu\u00f3 con las gestiones que hab\u00edamos realizado y sab\u00edamos que \u00e9l iba a lograrlo. O al menos iba a intentarlo por todos los medios para conseguirlo. Yo creo que con la insistencia que le mete a los proyectos que tienen que ver con la ciudad, no hab\u00eda forma de que esto no termine de esta manera\u201d.<br><br> <br><br>\u201cA partir de ahora habr\u00e1 que trabajar en esas tierras, para darle soluciones a la mayor cantidad posible de familias en Madryn. Conocemos el crecimiento anual que tiene la ciudad, y la forma en la que se va incrementando el n\u00famero de habitantes a\u00f1o tras a\u00f1o, por eso estamos m\u00e1s que felices, porque sabemos que estas tierras son una herramienta clave de cara al desarrollo futuro\u201d, cerr\u00f3 Sastre.<\/p>\n","protected":false},"excerpt":{"rendered":"<p>El intendente Gustavo Sastre firm\u00f3 hoy la documentaci\u00f3n correspondiente para culminar con este proceso, en un acto que fue encabezado por el gobernador Mariano Arcioni, el vicegobernador Ricardo Sastre y&hellip; <\/p>\n","protected":false},"author":3,"featured_media":3489,"comment_status":"closed","ping_status":"closed","sticky":false,"template":"","format":"standard","meta":{"footnotes":""},"categories":[15],"tags":[],"class_list":["post-3490","post","type-post","status-publish","format-standard","has-post-thumbnail","hentry","category-locales"],"yoast_head":"<!-- This site is optimized with the Yoast SEO plugin v27.4 - https:\/\/yoast.com\/product\/yoast-seo-wordpress\/ -->\n<title>D\u00cdA HIST\u00d3RICO PARA PUERTO MADRYN: LAS TIERRAS DE LA ARMADA YA SON DEL MUNICIPIO - FM Patagonia Madryn<\/title>\n<meta name=\"robots\" content=\"index, follow, max-snippet:-1, max-image-preview:large, max-video-preview:-1\" \/>\n<link rel=\"canonical\" href=\"https:\/\/fmpatagoniamadryn.com.ar\/?p=3490\" \/>\n<meta property=\"og:locale\" content=\"es_ES\" \/>\n<meta property=\"og:type\" content=\"article\" \/>\n<meta property=\"og:title\" content=\"D\u00cdA HIST\u00d3RICO PARA PUERTO MADRYN: LAS TIERRAS DE LA ARMADA YA SON DEL MUNICIPIO - FM Patagonia Madryn\" \/>\n<meta property=\"og:description\" content=\"El intendente Gustavo Sastre firm\u00f3 hoy la documentaci\u00f3n correspondiente para culminar con este proceso, en un acto que fue encabezado por el gobernador Mariano Arcioni, el vicegobernador Ricardo Sastre y&hellip;\" \/>\n<meta property=\"og:url\" content=\"https:\/\/fmpatagoniamadryn.com.ar\/?p=3490\" \/>\n<meta property=\"og:site_name\" content=\"FM Patagonia Madryn\" \/>\n<meta property=\"article:published_time\" content=\"2023-06-14T13:49:45+00:00\" \/>\n<meta property=\"article:modified_time\" content=\"2023-06-14T13:49:56+00:00\" \/>\n<meta property=\"og:image\" content=\"https:\/\/fmpatagoniamadryn.com.ar\/wp-content\/uploads\/2023\/06\/Tierras4.jpeg\" \/>\n\t<meta property=\"og:image:width\" content=\"1187\" \/>\n\t<meta property=\"og:image:height\" content=\"792\" \/>\n\t<meta property=\"og:image:type\" content=\"image\/jpeg\" \/>\n<meta name=\"author\" content=\"FM Patagonia\" \/>\n<meta name=\"twitter:card\" content=\"summary_large_image\" \/>\n<meta name=\"twitter:label1\" content=\"Escrito por\" \/>\n\t<meta name=\"twitter:data1\" content=\"FM Patagonia\" \/>\n\t<meta name=\"twitter:label2\" content=\"Tiempo de lectura\" \/>\n\t<meta name=\"twitter:data2\" content=\"3 minutos\" \/>\n<script type=\"application\/ld+json\" class=\"yoast-schema-graph\">{\"@context\":\"https:\\\/\\\/schema.org\",\"@graph\":[{\"@type\":\"Article\",\"@id\":\"https:\\\/\\\/fmpatagoniamadryn.com.ar\\\/?p=3490#article\",\"isPartOf\":{\"@id\":\"https:\\\/\\\/fmpatagoniamadryn.com.ar\\\/?p=3490\"},\"author\":{\"name\":\"FM Patagonia\",\"@id\":\"https:\\\/\\\/fmpatagoniamadryn.com.ar\\\/#\\\/schema\\\/person\\\/1d968ec613613768e14b4e6420a2b125\"},\"headline\":\"D\u00cdA HIST\u00d3RICO PARA PUERTO MADRYN: LAS TIERRAS DE LA ARMADA YA SON DEL MUNICIPIO\",\"datePublished\":\"2023-06-14T13:49:45+00:00\",\"dateModified\":\"2023-06-14T13:49:56+00:00\",\"mainEntityOfPage\":{\"@id\":\"https:\\\/\\\/fmpatagoniamadryn.com.ar\\\/?p=3490\"},\"wordCount\":669,\"publisher\":{\"@id\":\"https:\\\/\\\/fmpatagoniamadryn.com.ar\\\/#organization\"},\"image\":{\"@id\":\"https:\\\/\\\/fmpatagoniamadryn.com.ar\\\/?p=3490#primaryimage\"},\"thumbnailUrl\":\"https:\\\/\\\/fmpatagoniamadryn.com.ar\\\/wp-content\\\/uploads\\\/2023\\\/06\\\/Tierras4.jpeg\",\"articleSection\":[\"Locales\"],\"inLanguage\":\"es\"},{\"@type\":\"WebPage\",\"@id\":\"https:\\\/\\\/fmpatagoniamadryn.com.ar\\\/?p=3490\",\"url\":\"https:\\\/\\\/fmpatagoniamadryn.com.ar\\\/?p=3490\",\"name\":\"D\u00cdA HIST\u00d3RICO PARA PUERTO MADRYN: LAS TIERRAS DE LA ARMADA YA SON DEL MUNICIPIO - FM Patagonia Madryn\",\"isPartOf\":{\"@id\":\"https:\\\/\\\/fmpatagoniamadryn.com.ar\\\/#website\"},\"primaryImageOfPage\":{\"@id\":\"https:\\\/\\\/fmpatagoniamadryn.com.ar\\\/?p=3490#primaryimage\"},\"image\":{\"@id\":\"https:\\\/\\\/fmpatagoniamadryn.com.ar\\\/?p=3490#primaryimage\"},\"thumbnailUrl\":\"https:\\\/\\\/fmpatagoniamadryn.com.ar\\\/wp-content\\\/uploads\\\/2023\\\/06\\\/Tierras4.jpeg\",\"datePublished\":\"2023-06-14T13:49:45+00:00\",\"dateModified\":\"2023-06-14T13:49:56+00:00\",\"breadcrumb\":{\"@id\":\"https:\\\/\\\/fmpatagoniamadryn.com.ar\\\/?p=3490#breadcrumb\"},\"inLanguage\":\"es\",\"potentialAction\":[{\"@type\":\"ReadAction\",\"target\":[\"https:\\\/\\\/fmpatagoniamadryn.com.ar\\\/?p=3490\"]}]},{\"@type\":\"ImageObject\",\"inLanguage\":\"es\",\"@id\":\"https:\\\/\\\/fmpatagoniamadryn.com.ar\\\/?p=3490#primaryimage\",\"url\":\"https:\\\/\\\/fmpatagoniamadryn.com.ar\\\/wp-content\\\/uploads\\\/2023\\\/06\\\/Tierras4.jpeg\",\"contentUrl\":\"https:\\\/\\\/fmpatagoniamadryn.com.ar\\\/wp-content\\\/uploads\\\/2023\\\/06\\\/Tierras4.jpeg\",\"width\":1187,\"height\":792},{\"@type\":\"BreadcrumbList\",\"@id\":\"https:\\\/\\\/fmpatagoniamadryn.com.ar\\\/?p=3490#breadcrumb\",\"itemListElement\":[{\"@type\":\"ListItem\",\"position\":1,\"name\":\"Portada\",\"item\":\"https:\\\/\\\/fmpatagoniamadryn.com.ar\\\/\"},{\"@type\":\"ListItem\",\"position\":2,\"name\":\"D\u00cdA HIST\u00d3RICO PARA PUERTO MADRYN: LAS TIERRAS DE LA ARMADA YA SON DEL MUNICIPIO\"}]},{\"@type\":\"WebSite\",\"@id\":\"https:\\\/\\\/fmpatagoniamadryn.com.ar\\\/#website\",\"url\":\"https:\\\/\\\/fmpatagoniamadryn.com.ar\\\/\",\"name\":\"FM Patagonia Madryn\",\"description\":\"Radio Patagonia 105.5\",\"publisher\":{\"@id\":\"https:\\\/\\\/fmpatagoniamadryn.com.ar\\\/#organization\"},\"potentialAction\":[{\"@type\":\"SearchAction\",\"target\":{\"@type\":\"EntryPoint\",\"urlTemplate\":\"https:\\\/\\\/fmpatagoniamadryn.com.ar\\\/?s={search_term_string}\"},\"query-input\":{\"@type\":\"PropertyValueSpecification\",\"valueRequired\":true,\"valueName\":\"search_term_string\"}}],\"inLanguage\":\"es\"},{\"@type\":\"Organization\",\"@id\":\"https:\\\/\\\/fmpatagoniamadryn.com.ar\\\/#organization\",\"name\":\"FM Patagonia Madryn\",\"url\":\"https:\\\/\\\/fmpatagoniamadryn.com.ar\\\/\",\"logo\":{\"@type\":\"ImageObject\",\"inLanguage\":\"es\",\"@id\":\"https:\\\/\\\/fmpatagoniamadryn.com.ar\\\/#\\\/schema\\\/logo\\\/image\\\/\",\"url\":\"https:\\\/\\\/fmpatagoniamadryn.com.ar\\\/wp-content\\\/uploads\\\/2023\\\/01\\\/cropped-Diseno-sin-titulo.png\",\"contentUrl\":\"https:\\\/\\\/fmpatagoniamadryn.com.ar\\\/wp-content\\\/uploads\\\/2023\\\/01\\\/cropped-Diseno-sin-titulo.png\",\"width\":6911,\"height\":2657,\"caption\":\"FM Patagonia Madryn\"},\"image\":{\"@id\":\"https:\\\/\\\/fmpatagoniamadryn.com.ar\\\/#\\\/schema\\\/logo\\\/image\\\/\"}},{\"@type\":\"Person\",\"@id\":\"https:\\\/\\\/fmpatagoniamadryn.com.ar\\\/#\\\/schema\\\/person\\\/1d968ec613613768e14b4e6420a2b125\",\"name\":\"FM Patagonia\",\"url\":\"https:\\\/\\\/fmpatagoniamadryn.com.ar\\\/?author=3\"}]}<\/script>\n<!-- \/ Yoast SEO plugin. -->","yoast_head_json":{"title":"D\u00cdA HIST\u00d3RICO PARA PUERTO MADRYN: LAS TIERRAS DE LA ARMADA YA SON DEL MUNICIPIO - FM Patagonia Madryn","robots":{"index":"index","follow":"follow","max-snippet":"max-snippet:-1","max-image-preview":"max-image-preview:large","max-video-preview":"max-video-preview:-1"},"canonical":"https:\/\/fmpatagoniamadryn.com.ar\/?p=3490","og_locale":"es_ES","og_type":"article","og_title":"D\u00cdA HIST\u00d3RICO PARA PUERTO MADRYN: LAS TIERRAS DE LA ARMADA YA SON DEL MUNICIPIO - FM Patagonia Madryn","og_description":"El intendente Gustavo Sastre firm\u00f3 hoy la documentaci\u00f3n correspondiente para culminar con este proceso, en un acto que fue encabezado por el gobernador Mariano Arcioni, el vicegobernador Ricardo Sastre y&hellip;","og_url":"https:\/\/fmpatagoniamadryn.com.ar\/?p=3490","og_site_name":"FM Patagonia Madryn","article_published_time":"2023-06-14T13:49:45+00:00","article_modified_time":"2023-06-14T13:49:56+00:00","og_image":[{"width":1187,"height":792,"url":"https:\/\/fmpatagoniamadryn.com.ar\/wp-content\/uploads\/2023\/06\/Tierras4.jpeg","type":"image\/jpeg"}],"author":"FM Patagonia","twitter_card":"summary_large_image","twitter_misc":{"Escrito por":"FM Patagonia","Tiempo de lectura":"3 minutos"},"schema":{"@context":"https:\/\/schema.org","@graph":[{"@type":"Article","@id":"https:\/\/fmpatagoniamadryn.com.ar\/?p=3490#article","isPartOf":{"@id":"https:\/\/fmpatagoniamadryn.com.ar\/?p=3490"},"author":{"name":"FM Patagonia","@id":"https:\/\/fmpatagoniamadryn.com.ar\/#\/schema\/person\/1d968ec613613768e14b4e6420a2b125"},"headline":"D\u00cdA HIST\u00d3RICO PARA PUERTO MADRYN: LAS TIERRAS DE LA ARMADA YA SON DEL MUNICIPIO","datePublished":"2023-06-14T13:49:45+00:00","dateModified":"2023-06-14T13:49:56+00:00","mainEntityOfPage":{"@id":"https:\/\/fmpatagoniamadryn.com.ar\/?p=3490"},"wordCount":669,"publisher":{"@id":"https:\/\/fmpatagoniamadryn.com.ar\/#organization"},"image":{"@id":"https:\/\/fmpatagoniamadryn.com.ar\/?p=3490#primaryimage"},"thumbnailUrl":"https:\/\/fmpatagoniamadryn.com.ar\/wp-content\/uploads\/2023\/06\/Tierras4.jpeg","articleSection":["Locales"],"inLanguage":"es"},{"@type":"WebPage","@id":"https:\/\/fmpatagoniamadryn.com.ar\/?p=3490","url":"https:\/\/fmpatagoniamadryn.com.ar\/?p=3490","name":"D\u00cdA HIST\u00d3RICO PARA PUERTO MADRYN: LAS TIERRAS DE LA ARMADA YA SON DEL MUNICIPIO - FM Patagonia Madryn","isPartOf":{"@id":"https:\/\/fmpatagoniamadryn.com.ar\/#website"},"primaryImageOfPage":{"@id":"https:\/\/fmpatagoniamadryn.com.ar\/?p=3490#primaryimage"},"image":{"@id":"https:\/\/fmpatagoniamadryn.com.ar\/?p=3490#primaryimage"},"thumbnailUrl":"https:\/\/fmpatagoniamadryn.com.ar\/wp-content\/uploads\/2023\/06\/Tierras4.jpeg","datePublished":"2023-06-14T13:49:45+00:00","dateModified":"2023-06-14T13:49:56+00:00","breadcrumb":{"@id":"https:\/\/fmpatagoniamadryn.com.ar\/?p=3490#breadcrumb"},"inLanguage":"es","potentialAction":[{"@type":"ReadAction","target":["https:\/\/fmpatagoniamadryn.com.ar\/?p=3490"]}]},{"@type":"ImageObject","inLanguage":"es","@id":"https:\/\/fmpatagoniamadryn.com.ar\/?p=3490#primaryimage","url":"https:\/\/fmpatagoniamadryn.com.ar\/wp-content\/uploads\/2023\/06\/Tierras4.jpeg","contentUrl":"https:\/\/fmpatagoniamadryn.com.ar\/wp-content\/uploads\/2023\/06\/Tierras4.jpeg","width":1187,"height":792},{"@type":"BreadcrumbList","@id":"https:\/\/fmpatagoniamadryn.com.ar\/?p=3490#breadcrumb","itemListElement":[{"@type":"ListItem","position":1,"name":"Portada","item":"https:\/\/fmpatagoniamadryn.com.ar\/"},{"@type":"ListItem","position":2,"name":"D\u00cdA HIST\u00d3RICO PARA PUERTO MADRYN: LAS TIERRAS DE LA ARMADA YA SON DEL MUNICIPIO"}]},{"@type":"WebSite","@id":"https:\/\/fmpatagoniamadryn.com.ar\/#website","url":"https:\/\/fmpatagoniamadryn.com.ar\/","name":"FM Patagonia Madryn","description":"Radio Patagonia 105.5","publisher":{"@id":"https:\/\/fmpatagoniamadryn.com.ar\/#organization"},"potentialAction":[{"@type":"SearchAction","target":{"@type":"EntryPoint","urlTemplate":"https:\/\/fmpatagoniamadryn.com.ar\/?s={search_term_string}"},"query-input":{"@type":"PropertyValueSpecification","valueRequired":true,"valueName":"search_term_string"}}],"inLanguage":"es"},{"@type":"Organization","@id":"https:\/\/fmpatagoniamadryn.com.ar\/#organization","name":"FM Patagonia Madryn","url":"https:\/\/fmpatagoniamadryn.com.ar\/","logo":{"@type":"ImageObject","inLanguage":"es","@id":"https:\/\/fmpatagoniamadryn.com.ar\/#\/schema\/logo\/image\/","url":"https:\/\/fmpatagoniamadryn.com.ar\/wp-content\/uploads\/2023\/01\/cropped-Diseno-sin-titulo.png","contentUrl":"https:\/\/fmpatagoniamadryn.com.ar\/wp-content\/uploads\/2023\/01\/cropped-Diseno-sin-titulo.png","width":6911,"height":2657,"caption":"FM Patagonia Madryn"},"image":{"@id":"https:\/\/fmpatagoniamadryn.com.ar\/#\/schema\/logo\/image\/"}},{"@type":"Person","@id":"https:\/\/fmpatagoniamadryn.com.ar\/#\/schema\/person\/1d968ec613613768e14b4e6420a2b125","name":"FM Patagonia","url":"https:\/\/fmpatagoniamadryn.com.ar\/?author=3"}]}},"jetpack_featured_media_url":"https:\/\/fmpatagoniamadryn.com.ar\/wp-content\/uploads\/2023\/06\/Tierras4.jpeg","_links":{"self":[{"href":"https:\/\/fmpatagoniamadryn.com.ar\/index.php?rest_route=\/wp\/v2\/posts\/3490","targetHints":{"allow":["GET"]}}],"collection":[{"href":"https:\/\/fmpatagoniamadryn.com.ar\/index.php?rest_route=\/wp\/v2\/posts"}],"about":[{"href":"https:\/\/fmpatagoniamadryn.com.ar\/index.php?rest_route=\/wp\/v2\/types\/post"}],"author":[{"embeddable":true,"href":"https:\/\/fmpatagoniamadryn.com.ar\/index.php?rest_route=\/wp\/v2\/users\/3"}],"replies":[{"embeddable":true,"href":"https:\/\/fmpatagoniamadryn.com.ar\/index.php?rest_route=%2Fwp%2Fv2%2Fcomments&post=3490"}],"version-history":[{"count":1,"href":"https:\/\/fmpatagoniamadryn.com.ar\/index.php?rest_route=\/wp\/v2\/posts\/3490\/revisions"}],"predecessor-version":[{"id":3491,"href":"https:\/\/fmpatagoniamadryn.com.ar\/index.php?rest_route=\/wp\/v2\/posts\/3490\/revisions\/3491"}],"wp:featuredmedia":[{"embeddable":true,"href":"https:\/\/fmpatagoniamadryn.com.ar\/index.php?rest_route=\/wp\/v2\/media\/3489"}],"wp:attachment":[{"href":"https:\/\/fmpatagoniamadryn.com.ar\/index.php?rest_route=%2Fwp%2Fv2%2Fmedia&parent=3490"}],"wp:term":[{"taxonomy":"category","embeddable":true,"href":"https:\/\/fmpatagoniamadryn.com.ar\/index.php?rest_route=%2Fwp%2Fv2%2Fcategories&post=3490"},{"taxonomy":"post_tag","embeddable":true,"href":"https:\/\/fmpatagoniamadryn.com.ar\/index.php?rest_route=%2Fwp%2Fv2%2Ftags&post=3490"}],"curies":[{"name":"wp","href":"https:\/\/api.w.org\/{rel}","templated":true}]}}