{"id":3502,"date":"2023-06-14T11:07:57","date_gmt":"2023-06-14T14:07:57","guid":{"rendered":"https:\/\/fmpatagoniamadryn.com.ar\/?p=3502"},"modified":"2023-06-14T11:08:08","modified_gmt":"2023-06-14T14:08:08","slug":"lo-mas-importante-es-trabajar-y-gestionar-todos-los-dias-para-el-sector-educativo","status":"publish","type":"post","link":"https:\/\/fmpatagoniamadryn.com.ar\/?p=3502","title":{"rendered":"\u201cLo m\u00e1s importante es trabajar y gestionar todos los d\u00edas para el sector educativo\u201d"},"content":{"rendered":"\n<p>El ministro de Educaci\u00f3n de la provincia present\u00f3 junto a su gabinete dos nuevos programas que buscan fortalecer la pol\u00edtica educativa para la ni\u00f1ez y la adolescencia: \u201cMi Escuela y Yo\u201d y \u201cAprender M\u00e1s\u201d. <br><br>Mediante una conferencia de prensa brindada en la sede central del Ministerio de Educaci\u00f3n, este lunes al mediod\u00eda, el ministro de Educaci\u00f3n de la provincia, Jos\u00e9 Mar\u00eda Grazzini, present\u00f3 los dos nuevos programas pedag\u00f3gicos de la cartera: \u201cMi Escuela y Yo\u201d y \u201cAprender M\u00e1s\u201d. <br><br>\u201cLo m\u00e1s importante para este Ministerio es trabajar y gestionar todos los d\u00edas para el sector educativo. Sobre todo, para generar programas que tengan impacto en las trayectorias de los ni\u00f1os y ni\u00f1as de nuestra provincia\u201d, destac\u00f3 Grazzini. <br><br>Acompa\u00f1aron al titular de la cartera educativa durante el lanzamiento los subsecretarios de Coordinaci\u00f3n T\u00e9cnica Operativa de Instituciones, Silvia Reynoso; de Coordinaci\u00f3n, Roc\u00edo Silva Preciado; y de Recursos, Apoyo y Servicios Auxiliares, Jos\u00e9 Mart\u00edn Alaniz. <br><br>Adem\u00e1s, explic\u00f3 que, \u201ccon el gobernador Mariano Arcioni, estamos convencidos que m\u00e1s all\u00e1 de las dificultades que hay en el pa\u00eds; debemos trabajar y gestionar\u201d. <br><br>Mi Escuela y Yo <br><br>El ministro Grazzini detall\u00f3 que \u201cel programa Mi Escuela y Yo tiene por objetivo fortalecer el trabajo articulado entre escuela, familias y comunidad para el logro de trayectorias continuas e integradas entre los niveles del sistema educativo\u201d. <br><br>El programa est\u00e1 destinado a un total de 63 escuelas de la provincia: 7 escuelas de Regi\u00f3n I; 14 en Regi\u00f3n II; 7 en Regi\u00f3n III, 14 en Regi\u00f3n IV, 7 en Regi\u00f3n V: y 14 en Regi\u00f3n VI. <br><br>\u201cBuscamos generar espacios de aprendizaje integral. El programa va a funcionar los d\u00edas s\u00e1bados y en 63 escuelas de los 3 niveles y modalidades\u201d, detall\u00f3 el ministro. <br><br>Por \u00faltimo, explic\u00f3 que \u201cel Programa abarcar\u00e1 talleres y \u00e1reas como la lectura y escritura, rob\u00f3tica e inform\u00e1tica, expresi\u00f3n art\u00edstica, deportivas, participaci\u00f3n estudiantil, entre otros. Y que tambi\u00e9n se articular\u00e1 con las Direcciones de Nivel y Programas del Ministerio\u201d.<\/p>\n","protected":false},"excerpt":{"rendered":"<p>El ministro de Educaci\u00f3n de la provincia present\u00f3 junto a su gabinete dos nuevos programas que buscan fortalecer la pol\u00edtica educativa para la ni\u00f1ez y la adolescencia: \u201cMi Escuela y&hellip; <\/p>\n","protected":false},"author":3,"featured_media":3501,"comment_status":"closed","ping_status":"closed","sticky":false,"template":"","format":"standard","meta":{"footnotes":""},"categories":[15],"tags":[],"class_list":["post-3502","post","type-post","status-publish","format-standard","has-post-thumbnail","hentry","category-locales"],"yoast_head":"<!-- This site is optimized with the Yoast SEO plugin v27.4 - https:\/\/yoast.com\/product\/yoast-seo-wordpress\/ -->\n<title>\u201cLo m\u00e1s importante es trabajar y gestionar todos los d\u00edas para el sector educativo\u201d - FM Patagonia Madryn<\/title>\n<meta name=\"robots\" content=\"index, follow, max-snippet:-1, max-image-preview:large, max-video-preview:-1\" \/>\n<link rel=\"canonical\" href=\"https:\/\/fmpatagoniamadryn.com.ar\/?p=3502\" \/>\n<meta property=\"og:locale\" content=\"es_ES\" \/>\n<meta property=\"og:type\" content=\"article\" \/>\n<meta property=\"og:title\" content=\"\u201cLo m\u00e1s importante es trabajar y gestionar todos los d\u00edas para el sector educativo\u201d - FM Patagonia Madryn\" \/>\n<meta property=\"og:description\" content=\"El ministro de Educaci\u00f3n de la provincia present\u00f3 junto a su gabinete dos nuevos programas que buscan fortalecer la pol\u00edtica educativa para la ni\u00f1ez y la adolescencia: \u201cMi Escuela y&hellip;\" \/>\n<meta property=\"og:url\" content=\"https:\/\/fmpatagoniamadryn.com.ar\/?p=3502\" \/>\n<meta property=\"og:site_name\" content=\"FM Patagonia Madryn\" \/>\n<meta property=\"article:published_time\" content=\"2023-06-14T14:07:57+00:00\" \/>\n<meta property=\"article:modified_time\" content=\"2023-06-14T14:08:08+00:00\" \/>\n<meta property=\"og:image\" content=\"https:\/\/fmpatagoniamadryn.com.ar\/wp-content\/uploads\/2023\/06\/FB_IMG_1686751644917.jpg\" \/>\n\t<meta property=\"og:image:width\" content=\"1080\" \/>\n\t<meta property=\"og:image:height\" content=\"719\" \/>\n\t<meta property=\"og:image:type\" content=\"image\/jpeg\" \/>\n<meta name=\"author\" content=\"FM Patagonia\" \/>\n<meta name=\"twitter:card\" content=\"summary_large_image\" \/>\n<meta name=\"twitter:label1\" content=\"Escrito por\" \/>\n\t<meta name=\"twitter:data1\" content=\"FM Patagonia\" \/>\n\t<meta name=\"twitter:label2\" content=\"Tiempo de lectura\" \/>\n\t<meta name=\"twitter:data2\" content=\"2 minutos\" \/>\n<script type=\"application\/ld+json\" class=\"yoast-schema-graph\">{\"@context\":\"https:\\\/\\\/schema.org\",\"@graph\":[{\"@type\":\"Article\",\"@id\":\"https:\\\/\\\/fmpatagoniamadryn.com.ar\\\/?p=3502#article\",\"isPartOf\":{\"@id\":\"https:\\\/\\\/fmpatagoniamadryn.com.ar\\\/?p=3502\"},\"author\":{\"name\":\"FM Patagonia\",\"@id\":\"https:\\\/\\\/fmpatagoniamadryn.com.ar\\\/#\\\/schema\\\/person\\\/1d968ec613613768e14b4e6420a2b125\"},\"headline\":\"\u201cLo m\u00e1s importante es trabajar y gestionar todos los d\u00edas para el sector educativo\u201d\",\"datePublished\":\"2023-06-14T14:07:57+00:00\",\"dateModified\":\"2023-06-14T14:08:08+00:00\",\"mainEntityOfPage\":{\"@id\":\"https:\\\/\\\/fmpatagoniamadryn.com.ar\\\/?p=3502\"},\"wordCount\":366,\"publisher\":{\"@id\":\"https:\\\/\\\/fmpatagoniamadryn.com.ar\\\/#organization\"},\"image\":{\"@id\":\"https:\\\/\\\/fmpatagoniamadryn.com.ar\\\/?p=3502#primaryimage\"},\"thumbnailUrl\":\"https:\\\/\\\/fmpatagoniamadryn.com.ar\\\/wp-content\\\/uploads\\\/2023\\\/06\\\/FB_IMG_1686751644917.jpg\",\"articleSection\":[\"Locales\"],\"inLanguage\":\"es\"},{\"@type\":\"WebPage\",\"@id\":\"https:\\\/\\\/fmpatagoniamadryn.com.ar\\\/?p=3502\",\"url\":\"https:\\\/\\\/fmpatagoniamadryn.com.ar\\\/?p=3502\",\"name\":\"\u201cLo m\u00e1s importante es trabajar y gestionar todos los d\u00edas para el sector educativo\u201d - FM Patagonia Madryn\",\"isPartOf\":{\"@id\":\"https:\\\/\\\/fmpatagoniamadryn.com.ar\\\/#website\"},\"primaryImageOfPage\":{\"@id\":\"https:\\\/\\\/fmpatagoniamadryn.com.ar\\\/?p=3502#primaryimage\"},\"image\":{\"@id\":\"https:\\\/\\\/fmpatagoniamadryn.com.ar\\\/?p=3502#primaryimage\"},\"thumbnailUrl\":\"https:\\\/\\\/fmpatagoniamadryn.com.ar\\\/wp-content\\\/uploads\\\/2023\\\/06\\\/FB_IMG_1686751644917.jpg\",\"datePublished\":\"2023-06-14T14:07:57+00:00\",\"dateModified\":\"2023-06-14T14:08:08+00:00\",\"breadcrumb\":{\"@id\":\"https:\\\/\\\/fmpatagoniamadryn.com.ar\\\/?p=3502#breadcrumb\"},\"inLanguage\":\"es\",\"potentialAction\":[{\"@type\":\"ReadAction\",\"target\":[\"https:\\\/\\\/fmpatagoniamadryn.com.ar\\\/?p=3502\"]}]},{\"@type\":\"ImageObject\",\"inLanguage\":\"es\",\"@id\":\"https:\\\/\\\/fmpatagoniamadryn.com.ar\\\/?p=3502#primaryimage\",\"url\":\"https:\\\/\\\/fmpatagoniamadryn.com.ar\\\/wp-content\\\/uploads\\\/2023\\\/06\\\/FB_IMG_1686751644917.jpg\",\"contentUrl\":\"https:\\\/\\\/fmpatagoniamadryn.com.ar\\\/wp-content\\\/uploads\\\/2023\\\/06\\\/FB_IMG_1686751644917.jpg\",\"width\":1080,\"height\":719},{\"@type\":\"BreadcrumbList\",\"@id\":\"https:\\\/\\\/fmpatagoniamadryn.com.ar\\\/?p=3502#breadcrumb\",\"itemListElement\":[{\"@type\":\"ListItem\",\"position\":1,\"name\":\"Portada\",\"item\":\"https:\\\/\\\/fmpatagoniamadryn.com.ar\\\/\"},{\"@type\":\"ListItem\",\"position\":2,\"name\":\"\u201cLo m\u00e1s importante es trabajar y gestionar todos los d\u00edas para el sector educativo\u201d\"}]},{\"@type\":\"WebSite\",\"@id\":\"https:\\\/\\\/fmpatagoniamadryn.com.ar\\\/#website\",\"url\":\"https:\\\/\\\/fmpatagoniamadryn.com.ar\\\/\",\"name\":\"FM Patagonia Madryn\",\"description\":\"Radio Patagonia 105.5\",\"publisher\":{\"@id\":\"https:\\\/\\\/fmpatagoniamadryn.com.ar\\\/#organization\"},\"potentialAction\":[{\"@type\":\"SearchAction\",\"target\":{\"@type\":\"EntryPoint\",\"urlTemplate\":\"https:\\\/\\\/fmpatagoniamadryn.com.ar\\\/?s={search_term_string}\"},\"query-input\":{\"@type\":\"PropertyValueSpecification\",\"valueRequired\":true,\"valueName\":\"search_term_string\"}}],\"inLanguage\":\"es\"},{\"@type\":\"Organization\",\"@id\":\"https:\\\/\\\/fmpatagoniamadryn.com.ar\\\/#organization\",\"name\":\"FM Patagonia Madryn\",\"url\":\"https:\\\/\\\/fmpatagoniamadryn.com.ar\\\/\",\"logo\":{\"@type\":\"ImageObject\",\"inLanguage\":\"es\",\"@id\":\"https:\\\/\\\/fmpatagoniamadryn.com.ar\\\/#\\\/schema\\\/logo\\\/image\\\/\",\"url\":\"https:\\\/\\\/fmpatagoniamadryn.com.ar\\\/wp-content\\\/uploads\\\/2023\\\/01\\\/cropped-Diseno-sin-titulo.png\",\"contentUrl\":\"https:\\\/\\\/fmpatagoniamadryn.com.ar\\\/wp-content\\\/uploads\\\/2023\\\/01\\\/cropped-Diseno-sin-titulo.png\",\"width\":6911,\"height\":2657,\"caption\":\"FM Patagonia Madryn\"},\"image\":{\"@id\":\"https:\\\/\\\/fmpatagoniamadryn.com.ar\\\/#\\\/schema\\\/logo\\\/image\\\/\"}},{\"@type\":\"Person\",\"@id\":\"https:\\\/\\\/fmpatagoniamadryn.com.ar\\\/#\\\/schema\\\/person\\\/1d968ec613613768e14b4e6420a2b125\",\"name\":\"FM Patagonia\",\"url\":\"https:\\\/\\\/fmpatagoniamadryn.com.ar\\\/?author=3\"}]}<\/script>\n<!-- \/ Yoast SEO plugin. -->","yoast_head_json":{"title":"\u201cLo m\u00e1s importante es trabajar y gestionar todos los d\u00edas para el sector educativo\u201d - FM Patagonia Madryn","robots":{"index":"index","follow":"follow","max-snippet":"max-snippet:-1","max-image-preview":"max-image-preview:large","max-video-preview":"max-video-preview:-1"},"canonical":"https:\/\/fmpatagoniamadryn.com.ar\/?p=3502","og_locale":"es_ES","og_type":"article","og_title":"\u201cLo m\u00e1s importante es trabajar y gestionar todos los d\u00edas para el sector educativo\u201d - FM Patagonia Madryn","og_description":"El ministro de Educaci\u00f3n de la provincia present\u00f3 junto a su gabinete dos nuevos programas que buscan fortalecer la pol\u00edtica educativa para la ni\u00f1ez y la adolescencia: \u201cMi Escuela y&hellip;","og_url":"https:\/\/fmpatagoniamadryn.com.ar\/?p=3502","og_site_name":"FM Patagonia Madryn","article_published_time":"2023-06-14T14:07:57+00:00","article_modified_time":"2023-06-14T14:08:08+00:00","og_image":[{"width":1080,"height":719,"url":"https:\/\/fmpatagoniamadryn.com.ar\/wp-content\/uploads\/2023\/06\/FB_IMG_1686751644917.jpg","type":"image\/jpeg"}],"author":"FM Patagonia","twitter_card":"summary_large_image","twitter_misc":{"Escrito por":"FM Patagonia","Tiempo de lectura":"2 minutos"},"schema":{"@context":"https:\/\/schema.org","@graph":[{"@type":"Article","@id":"https:\/\/fmpatagoniamadryn.com.ar\/?p=3502#article","isPartOf":{"@id":"https:\/\/fmpatagoniamadryn.com.ar\/?p=3502"},"author":{"name":"FM Patagonia","@id":"https:\/\/fmpatagoniamadryn.com.ar\/#\/schema\/person\/1d968ec613613768e14b4e6420a2b125"},"headline":"\u201cLo m\u00e1s importante es trabajar y gestionar todos los d\u00edas para el sector educativo\u201d","datePublished":"2023-06-14T14:07:57+00:00","dateModified":"2023-06-14T14:08:08+00:00","mainEntityOfPage":{"@id":"https:\/\/fmpatagoniamadryn.com.ar\/?p=3502"},"wordCount":366,"publisher":{"@id":"https:\/\/fmpatagoniamadryn.com.ar\/#organization"},"image":{"@id":"https:\/\/fmpatagoniamadryn.com.ar\/?p=3502#primaryimage"},"thumbnailUrl":"https:\/\/fmpatagoniamadryn.com.ar\/wp-content\/uploads\/2023\/06\/FB_IMG_1686751644917.jpg","articleSection":["Locales"],"inLanguage":"es"},{"@type":"WebPage","@id":"https:\/\/fmpatagoniamadryn.com.ar\/?p=3502","url":"https:\/\/fmpatagoniamadryn.com.ar\/?p=3502","name":"\u201cLo m\u00e1s importante es trabajar y gestionar todos los d\u00edas para el sector educativo\u201d - FM Patagonia Madryn","isPartOf":{"@id":"https:\/\/fmpatagoniamadryn.com.ar\/#website"},"primaryImageOfPage":{"@id":"https:\/\/fmpatagoniamadryn.com.ar\/?p=3502#primaryimage"},"image":{"@id":"https:\/\/fmpatagoniamadryn.com.ar\/?p=3502#primaryimage"},"thumbnailUrl":"https:\/\/fmpatagoniamadryn.com.ar\/wp-content\/uploads\/2023\/06\/FB_IMG_1686751644917.jpg","datePublished":"2023-06-14T14:07:57+00:00","dateModified":"2023-06-14T14:08:08+00:00","breadcrumb":{"@id":"https:\/\/fmpatagoniamadryn.com.ar\/?p=3502#breadcrumb"},"inLanguage":"es","potentialAction":[{"@type":"ReadAction","target":["https:\/\/fmpatagoniamadryn.com.ar\/?p=3502"]}]},{"@type":"ImageObject","inLanguage":"es","@id":"https:\/\/fmpatagoniamadryn.com.ar\/?p=3502#primaryimage","url":"https:\/\/fmpatagoniamadryn.com.ar\/wp-content\/uploads\/2023\/06\/FB_IMG_1686751644917.jpg","contentUrl":"https:\/\/fmpatagoniamadryn.com.ar\/wp-content\/uploads\/2023\/06\/FB_IMG_1686751644917.jpg","width":1080,"height":719},{"@type":"BreadcrumbList","@id":"https:\/\/fmpatagoniamadryn.com.ar\/?p=3502#breadcrumb","itemListElement":[{"@type":"ListItem","position":1,"name":"Portada","item":"https:\/\/fmpatagoniamadryn.com.ar\/"},{"@type":"ListItem","position":2,"name":"\u201cLo m\u00e1s importante es trabajar y gestionar todos los d\u00edas para el sector educativo\u201d"}]},{"@type":"WebSite","@id":"https:\/\/fmpatagoniamadryn.com.ar\/#website","url":"https:\/\/fmpatagoniamadryn.com.ar\/","name":"FM Patagonia Madryn","description":"Radio Patagonia 105.5","publisher":{"@id":"https:\/\/fmpatagoniamadryn.com.ar\/#organization"},"potentialAction":[{"@type":"SearchAction","target":{"@type":"EntryPoint","urlTemplate":"https:\/\/fmpatagoniamadryn.com.ar\/?s={search_term_string}"},"query-input":{"@type":"PropertyValueSpecification","valueRequired":true,"valueName":"search_term_string"}}],"inLanguage":"es"},{"@type":"Organization","@id":"https:\/\/fmpatagoniamadryn.com.ar\/#organization","name":"FM Patagonia Madryn","url":"https:\/\/fmpatagoniamadryn.com.ar\/","logo":{"@type":"ImageObject","inLanguage":"es","@id":"https:\/\/fmpatagoniamadryn.com.ar\/#\/schema\/logo\/image\/","url":"https:\/\/fmpatagoniamadryn.com.ar\/wp-content\/uploads\/2023\/01\/cropped-Diseno-sin-titulo.png","contentUrl":"https:\/\/fmpatagoniamadryn.com.ar\/wp-content\/uploads\/2023\/01\/cropped-Diseno-sin-titulo.png","width":6911,"height":2657,"caption":"FM Patagonia Madryn"},"image":{"@id":"https:\/\/fmpatagoniamadryn.com.ar\/#\/schema\/logo\/image\/"}},{"@type":"Person","@id":"https:\/\/fmpatagoniamadryn.com.ar\/#\/schema\/person\/1d968ec613613768e14b4e6420a2b125","name":"FM Patagonia","url":"https:\/\/fmpatagoniamadryn.com.ar\/?author=3"}]}},"jetpack_featured_media_url":"https:\/\/fmpatagoniamadryn.com.ar\/wp-content\/uploads\/2023\/06\/FB_IMG_1686751644917.jpg","_links":{"self":[{"href":"https:\/\/fmpatagoniamadryn.com.ar\/index.php?rest_route=\/wp\/v2\/posts\/3502","targetHints":{"allow":["GET"]}}],"collection":[{"href":"https:\/\/fmpatagoniamadryn.com.ar\/index.php?rest_route=\/wp\/v2\/posts"}],"about":[{"href":"https:\/\/fmpatagoniamadryn.com.ar\/index.php?rest_route=\/wp\/v2\/types\/post"}],"author":[{"embeddable":true,"href":"https:\/\/fmpatagoniamadryn.com.ar\/index.php?rest_route=\/wp\/v2\/users\/3"}],"replies":[{"embeddable":true,"href":"https:\/\/fmpatagoniamadryn.com.ar\/index.php?rest_route=%2Fwp%2Fv2%2Fcomments&post=3502"}],"version-history":[{"count":1,"href":"https:\/\/fmpatagoniamadryn.com.ar\/index.php?rest_route=\/wp\/v2\/posts\/3502\/revisions"}],"predecessor-version":[{"id":3503,"href":"https:\/\/fmpatagoniamadryn.com.ar\/index.php?rest_route=\/wp\/v2\/posts\/3502\/revisions\/3503"}],"wp:featuredmedia":[{"embeddable":true,"href":"https:\/\/fmpatagoniamadryn.com.ar\/index.php?rest_route=\/wp\/v2\/media\/3501"}],"wp:attachment":[{"href":"https:\/\/fmpatagoniamadryn.com.ar\/index.php?rest_route=%2Fwp%2Fv2%2Fmedia&parent=3502"}],"wp:term":[{"taxonomy":"category","embeddable":true,"href":"https:\/\/fmpatagoniamadryn.com.ar\/index.php?rest_route=%2Fwp%2Fv2%2Fcategories&post=3502"},{"taxonomy":"post_tag","embeddable":true,"href":"https:\/\/fmpatagoniamadryn.com.ar\/index.php?rest_route=%2Fwp%2Fv2%2Ftags&post=3502"}],"curies":[{"name":"wp","href":"https:\/\/api.w.org\/{rel}","templated":true}]}}