{"id":3510,"date":"2023-06-14T13:50:52","date_gmt":"2023-06-14T16:50:52","guid":{"rendered":"https:\/\/fmpatagoniamadryn.com.ar\/?p=3510"},"modified":"2023-06-14T13:52:37","modified_gmt":"2023-06-14T16:52:37","slug":"el-gobierno-del-chubut-comenzo-con-la-limpieza-de-costas-en-el-area-natural-protegida-peninsula-valdes","status":"publish","type":"post","link":"https:\/\/fmpatagoniamadryn.com.ar\/?p=3510","title":{"rendered":"El Gobierno del Chubut comenz\u00f3 con la limpieza de costas en el \u00c1rea Natural Protegida Pen\u00ednsula Vald\u00e9s"},"content":{"rendered":"\n<p>En el marco de la Mesa T\u00e9cnica Provincial de Residuos Pesqueros se realiz\u00f3 una primera instancia piloto, ya se recolectaron 400 cajones. Intervienen en conjunto ministerios, subsecretar\u00edas, instituciones, organismos nacionales y provinciales, municipios, y el sector privado. <br><br>El Gobierno provincial avanza a buen ritmo con nuevas acciones de recolecci\u00f3n de residuos en las costas provinciales. <br><br>En este contexto, y tras el exitoso operativo en las islas Tova y Tovita donde se retiraron quince toneladas de pl\u00e1sticos recolectadas en cercan\u00edas de la localidad de Camarones, los Ministerios de Ambiente y Control del Desarrollo Sustentable, y de Turismo y \u00c1reas Protegidas, y la Secretar\u00eda de Pesca, dieron inicio a las jornadas de limpieza en el \u00c1rea Natural Protegida Pen\u00ednsula Vald\u00e9s. <br><br>Consultada al respecto, la subsecretaria de Conservaci\u00f3n y \u00c1reas Protegidas de la Provincia, Nadia Bravo, detall\u00f3 que \u201ccomenzamos con una limpieza piloto, para definir ciertas cuestiones operativas: tiempos, mareas, cantidad de personas, bolsones, cantidad de cajones que se puedan recolectar en determinada cantidad de horas\u00bb. <br><br>Es importante remarcar que las tareas comenzaron ayer con una jornada de prueba. Sobre este punto, la subsecretaria celebr\u00f3 que \u201cel resultado fue muy positivo, ya que con un grupo reducido juntamos 400 cajones en solo tres horas\u201d. <br><br>Gestiones mancomunadas<br><br>Paralelamente a la jornada de trabajo en terreno, Bravo a\u00f1adi\u00f3 que \u201cjunto con el subsecretario de Ambiente y Desarrollo, y la directora del Programa de Censo y Monitoreo, llevamos a cabo una reuni\u00f3n ampliada de la Mesa T\u00e9cnica Provincial de Residuos Pesqueros, en la que participaron Gabriela Trilla del Ministerio de Ambiente de Naci\u00f3n; el titular de la subsecretar\u00eda de Defensa Civil y Gesti\u00f3n del Riesgo, Jos\u00e9 Mazzei; tambi\u00e9n fue invitado Agust\u00edn de la Fuente, por CAPIP, el responsable del Puerto de Madryn, y el equipo de la Fundaci\u00f3n Banco de Pl\u00e1sticos, con quienes llevamos una agenda de trabajo y gestiones en conjunto\u201d. <br><br>Sobre el objetivo de este encuentro virtual, Bravo explic\u00f3 que \u201cse hizo en paralelo a la limpieza y coordinamos toda la operatividad con los actores mencionados, articulando las acciones a seguir para que nada falle\u201d. <br><br>La funcionaria aclar\u00f3 que \u201csi bien tambi\u00e9n convocamos a Parques Nacionales y al Ecocentro Pampa Azul, que por cuestiones de agenda no pudieron asistir, me parece importante remarcar que todos estamos alineados para iniciar las limpiezas que comenzaron con esta prueba y continuar\u00e1n el viernes\u201d. <br><br>Detalles del procedimiento<br><br>Se efectuar\u00e1 una limpieza por etapas; en primer lugar, por personal de los Ministerios de Ambiente y Control del Desarrollo Sustentable y de Turismo y \u00c1reas Protegidas, junto con Secretar\u00eda de Pesca y la Subsecretar\u00eda de Defensa Civil y Gesti\u00f3n del Riesgo. \u201cNuestra intenci\u00f3n es que todo vaya al puerto de Madryn, donde hacer la estiba de los cajones, para que lo retire la Fundaci\u00f3n Banco de Pl\u00e1stico, siempre en este trabajo en equipo y fundamentalmente preservando la fauna y respetando el calendario establecido\u00bb asegur\u00f3 la funcionaria provincial. <br><br>Cuando se determine la cantidad de bolsones acopiados, \u201cllegar\u00e1 un barco en un operativo gestionado por Jos\u00e9 Mazzei y su equipo con la gente de la Armada Argentina\u201d finaliz\u00f3 Bravo, recordando que los operativos siempre se concretan \u201cde acuerdo a las posibilidades que nos d\u00e9 el clima y las mareas\u201d. <\/p>\n","protected":false},"excerpt":{"rendered":"<p>En el marco de la Mesa T\u00e9cnica Provincial de Residuos Pesqueros se realiz\u00f3 una primera instancia piloto, ya se recolectaron 400 cajones. Intervienen en conjunto ministerios, subsecretar\u00edas, instituciones, organismos nacionales&hellip; <\/p>\n","protected":false},"author":3,"featured_media":3508,"comment_status":"closed","ping_status":"closed","sticky":false,"template":"","format":"standard","meta":{"footnotes":""},"categories":[14],"tags":[],"class_list":["post-3510","post","type-post","status-publish","format-standard","has-post-thumbnail","hentry","category-provinciales"],"yoast_head":"<!-- This site is optimized with the Yoast SEO plugin v27.4 - https:\/\/yoast.com\/product\/yoast-seo-wordpress\/ -->\n<title>El Gobierno del Chubut comenz\u00f3 con la limpieza de costas en el \u00c1rea Natural Protegida Pen\u00ednsula Vald\u00e9s - FM Patagonia Madryn<\/title>\n<meta name=\"robots\" content=\"index, follow, max-snippet:-1, max-image-preview:large, max-video-preview:-1\" \/>\n<link rel=\"canonical\" href=\"https:\/\/fmpatagoniamadryn.com.ar\/?p=3510\" \/>\n<meta property=\"og:locale\" content=\"es_ES\" \/>\n<meta property=\"og:type\" content=\"article\" \/>\n<meta property=\"og:title\" content=\"El Gobierno del Chubut comenz\u00f3 con la limpieza de costas en el \u00c1rea Natural Protegida Pen\u00ednsula Vald\u00e9s - FM Patagonia Madryn\" \/>\n<meta property=\"og:description\" content=\"En el marco de la Mesa T\u00e9cnica Provincial de Residuos Pesqueros se realiz\u00f3 una primera instancia piloto, ya se recolectaron 400 cajones. Intervienen en conjunto ministerios, subsecretar\u00edas, instituciones, organismos nacionales&hellip;\" \/>\n<meta property=\"og:url\" content=\"https:\/\/fmpatagoniamadryn.com.ar\/?p=3510\" \/>\n<meta property=\"og:site_name\" content=\"FM Patagonia Madryn\" \/>\n<meta property=\"article:published_time\" content=\"2023-06-14T16:50:52+00:00\" \/>\n<meta property=\"article:modified_time\" content=\"2023-06-14T16:52:37+00:00\" \/>\n<meta property=\"og:image\" content=\"https:\/\/fmpatagoniamadryn.com.ar\/wp-content\/uploads\/2023\/06\/LIMPIEZA-COSTERA-ANP-PENINSULA-VALDES-6-1.jpeg\" \/>\n\t<meta property=\"og:image:width\" content=\"1600\" \/>\n\t<meta property=\"og:image:height\" content=\"702\" \/>\n\t<meta property=\"og:image:type\" content=\"image\/jpeg\" \/>\n<meta name=\"author\" content=\"FM Patagonia\" \/>\n<meta name=\"twitter:card\" content=\"summary_large_image\" \/>\n<meta name=\"twitter:label1\" content=\"Escrito por\" \/>\n\t<meta name=\"twitter:data1\" content=\"FM Patagonia\" \/>\n\t<meta name=\"twitter:label2\" content=\"Tiempo de lectura\" \/>\n\t<meta name=\"twitter:data2\" content=\"3 minutos\" \/>\n<script type=\"application\/ld+json\" class=\"yoast-schema-graph\">{\"@context\":\"https:\\\/\\\/schema.org\",\"@graph\":[{\"@type\":\"Article\",\"@id\":\"https:\\\/\\\/fmpatagoniamadryn.com.ar\\\/?p=3510#article\",\"isPartOf\":{\"@id\":\"https:\\\/\\\/fmpatagoniamadryn.com.ar\\\/?p=3510\"},\"author\":{\"name\":\"FM Patagonia\",\"@id\":\"https:\\\/\\\/fmpatagoniamadryn.com.ar\\\/#\\\/schema\\\/person\\\/1d968ec613613768e14b4e6420a2b125\"},\"headline\":\"El Gobierno del Chubut comenz\u00f3 con la limpieza de costas en el \u00c1rea Natural Protegida Pen\u00ednsula Vald\u00e9s\",\"datePublished\":\"2023-06-14T16:50:52+00:00\",\"dateModified\":\"2023-06-14T16:52:37+00:00\",\"mainEntityOfPage\":{\"@id\":\"https:\\\/\\\/fmpatagoniamadryn.com.ar\\\/?p=3510\"},\"wordCount\":571,\"publisher\":{\"@id\":\"https:\\\/\\\/fmpatagoniamadryn.com.ar\\\/#organization\"},\"image\":{\"@id\":\"https:\\\/\\\/fmpatagoniamadryn.com.ar\\\/?p=3510#primaryimage\"},\"thumbnailUrl\":\"https:\\\/\\\/fmpatagoniamadryn.com.ar\\\/wp-content\\\/uploads\\\/2023\\\/06\\\/LIMPIEZA-COSTERA-ANP-PENINSULA-VALDES-6-1.jpeg\",\"articleSection\":[\"Provinciales\"],\"inLanguage\":\"es\"},{\"@type\":\"WebPage\",\"@id\":\"https:\\\/\\\/fmpatagoniamadryn.com.ar\\\/?p=3510\",\"url\":\"https:\\\/\\\/fmpatagoniamadryn.com.ar\\\/?p=3510\",\"name\":\"El Gobierno del Chubut comenz\u00f3 con la limpieza de costas en el \u00c1rea Natural Protegida Pen\u00ednsula Vald\u00e9s - FM Patagonia Madryn\",\"isPartOf\":{\"@id\":\"https:\\\/\\\/fmpatagoniamadryn.com.ar\\\/#website\"},\"primaryImageOfPage\":{\"@id\":\"https:\\\/\\\/fmpatagoniamadryn.com.ar\\\/?p=3510#primaryimage\"},\"image\":{\"@id\":\"https:\\\/\\\/fmpatagoniamadryn.com.ar\\\/?p=3510#primaryimage\"},\"thumbnailUrl\":\"https:\\\/\\\/fmpatagoniamadryn.com.ar\\\/wp-content\\\/uploads\\\/2023\\\/06\\\/LIMPIEZA-COSTERA-ANP-PENINSULA-VALDES-6-1.jpeg\",\"datePublished\":\"2023-06-14T16:50:52+00:00\",\"dateModified\":\"2023-06-14T16:52:37+00:00\",\"breadcrumb\":{\"@id\":\"https:\\\/\\\/fmpatagoniamadryn.com.ar\\\/?p=3510#breadcrumb\"},\"inLanguage\":\"es\",\"potentialAction\":[{\"@type\":\"ReadAction\",\"target\":[\"https:\\\/\\\/fmpatagoniamadryn.com.ar\\\/?p=3510\"]}]},{\"@type\":\"ImageObject\",\"inLanguage\":\"es\",\"@id\":\"https:\\\/\\\/fmpatagoniamadryn.com.ar\\\/?p=3510#primaryimage\",\"url\":\"https:\\\/\\\/fmpatagoniamadryn.com.ar\\\/wp-content\\\/uploads\\\/2023\\\/06\\\/LIMPIEZA-COSTERA-ANP-PENINSULA-VALDES-6-1.jpeg\",\"contentUrl\":\"https:\\\/\\\/fmpatagoniamadryn.com.ar\\\/wp-content\\\/uploads\\\/2023\\\/06\\\/LIMPIEZA-COSTERA-ANP-PENINSULA-VALDES-6-1.jpeg\",\"width\":1600,\"height\":702},{\"@type\":\"BreadcrumbList\",\"@id\":\"https:\\\/\\\/fmpatagoniamadryn.com.ar\\\/?p=3510#breadcrumb\",\"itemListElement\":[{\"@type\":\"ListItem\",\"position\":1,\"name\":\"Portada\",\"item\":\"https:\\\/\\\/fmpatagoniamadryn.com.ar\\\/\"},{\"@type\":\"ListItem\",\"position\":2,\"name\":\"El Gobierno del Chubut comenz\u00f3 con la limpieza de costas en el \u00c1rea Natural Protegida Pen\u00ednsula Vald\u00e9s\"}]},{\"@type\":\"WebSite\",\"@id\":\"https:\\\/\\\/fmpatagoniamadryn.com.ar\\\/#website\",\"url\":\"https:\\\/\\\/fmpatagoniamadryn.com.ar\\\/\",\"name\":\"FM Patagonia Madryn\",\"description\":\"Radio Patagonia 105.5\",\"publisher\":{\"@id\":\"https:\\\/\\\/fmpatagoniamadryn.com.ar\\\/#organization\"},\"potentialAction\":[{\"@type\":\"SearchAction\",\"target\":{\"@type\":\"EntryPoint\",\"urlTemplate\":\"https:\\\/\\\/fmpatagoniamadryn.com.ar\\\/?s={search_term_string}\"},\"query-input\":{\"@type\":\"PropertyValueSpecification\",\"valueRequired\":true,\"valueName\":\"search_term_string\"}}],\"inLanguage\":\"es\"},{\"@type\":\"Organization\",\"@id\":\"https:\\\/\\\/fmpatagoniamadryn.com.ar\\\/#organization\",\"name\":\"FM Patagonia Madryn\",\"url\":\"https:\\\/\\\/fmpatagoniamadryn.com.ar\\\/\",\"logo\":{\"@type\":\"ImageObject\",\"inLanguage\":\"es\",\"@id\":\"https:\\\/\\\/fmpatagoniamadryn.com.ar\\\/#\\\/schema\\\/logo\\\/image\\\/\",\"url\":\"https:\\\/\\\/fmpatagoniamadryn.com.ar\\\/wp-content\\\/uploads\\\/2023\\\/01\\\/cropped-Diseno-sin-titulo.png\",\"contentUrl\":\"https:\\\/\\\/fmpatagoniamadryn.com.ar\\\/wp-content\\\/uploads\\\/2023\\\/01\\\/cropped-Diseno-sin-titulo.png\",\"width\":6911,\"height\":2657,\"caption\":\"FM Patagonia Madryn\"},\"image\":{\"@id\":\"https:\\\/\\\/fmpatagoniamadryn.com.ar\\\/#\\\/schema\\\/logo\\\/image\\\/\"}},{\"@type\":\"Person\",\"@id\":\"https:\\\/\\\/fmpatagoniamadryn.com.ar\\\/#\\\/schema\\\/person\\\/1d968ec613613768e14b4e6420a2b125\",\"name\":\"FM Patagonia\",\"url\":\"https:\\\/\\\/fmpatagoniamadryn.com.ar\\\/?author=3\"}]}<\/script>\n<!-- \/ Yoast SEO plugin. -->","yoast_head_json":{"title":"El Gobierno del Chubut comenz\u00f3 con la limpieza de costas en el \u00c1rea Natural Protegida Pen\u00ednsula Vald\u00e9s - FM Patagonia Madryn","robots":{"index":"index","follow":"follow","max-snippet":"max-snippet:-1","max-image-preview":"max-image-preview:large","max-video-preview":"max-video-preview:-1"},"canonical":"https:\/\/fmpatagoniamadryn.com.ar\/?p=3510","og_locale":"es_ES","og_type":"article","og_title":"El Gobierno del Chubut comenz\u00f3 con la limpieza de costas en el \u00c1rea Natural Protegida Pen\u00ednsula Vald\u00e9s - FM Patagonia Madryn","og_description":"En el marco de la Mesa T\u00e9cnica Provincial de Residuos Pesqueros se realiz\u00f3 una primera instancia piloto, ya se recolectaron 400 cajones. Intervienen en conjunto ministerios, subsecretar\u00edas, instituciones, organismos nacionales&hellip;","og_url":"https:\/\/fmpatagoniamadryn.com.ar\/?p=3510","og_site_name":"FM Patagonia Madryn","article_published_time":"2023-06-14T16:50:52+00:00","article_modified_time":"2023-06-14T16:52:37+00:00","og_image":[{"width":1600,"height":702,"url":"https:\/\/fmpatagoniamadryn.com.ar\/wp-content\/uploads\/2023\/06\/LIMPIEZA-COSTERA-ANP-PENINSULA-VALDES-6-1.jpeg","type":"image\/jpeg"}],"author":"FM Patagonia","twitter_card":"summary_large_image","twitter_misc":{"Escrito por":"FM Patagonia","Tiempo de lectura":"3 minutos"},"schema":{"@context":"https:\/\/schema.org","@graph":[{"@type":"Article","@id":"https:\/\/fmpatagoniamadryn.com.ar\/?p=3510#article","isPartOf":{"@id":"https:\/\/fmpatagoniamadryn.com.ar\/?p=3510"},"author":{"name":"FM Patagonia","@id":"https:\/\/fmpatagoniamadryn.com.ar\/#\/schema\/person\/1d968ec613613768e14b4e6420a2b125"},"headline":"El Gobierno del Chubut comenz\u00f3 con la limpieza de costas en el \u00c1rea Natural Protegida Pen\u00ednsula Vald\u00e9s","datePublished":"2023-06-14T16:50:52+00:00","dateModified":"2023-06-14T16:52:37+00:00","mainEntityOfPage":{"@id":"https:\/\/fmpatagoniamadryn.com.ar\/?p=3510"},"wordCount":571,"publisher":{"@id":"https:\/\/fmpatagoniamadryn.com.ar\/#organization"},"image":{"@id":"https:\/\/fmpatagoniamadryn.com.ar\/?p=3510#primaryimage"},"thumbnailUrl":"https:\/\/fmpatagoniamadryn.com.ar\/wp-content\/uploads\/2023\/06\/LIMPIEZA-COSTERA-ANP-PENINSULA-VALDES-6-1.jpeg","articleSection":["Provinciales"],"inLanguage":"es"},{"@type":"WebPage","@id":"https:\/\/fmpatagoniamadryn.com.ar\/?p=3510","url":"https:\/\/fmpatagoniamadryn.com.ar\/?p=3510","name":"El Gobierno del Chubut comenz\u00f3 con la limpieza de costas en el \u00c1rea Natural Protegida Pen\u00ednsula Vald\u00e9s - FM Patagonia Madryn","isPartOf":{"@id":"https:\/\/fmpatagoniamadryn.com.ar\/#website"},"primaryImageOfPage":{"@id":"https:\/\/fmpatagoniamadryn.com.ar\/?p=3510#primaryimage"},"image":{"@id":"https:\/\/fmpatagoniamadryn.com.ar\/?p=3510#primaryimage"},"thumbnailUrl":"https:\/\/fmpatagoniamadryn.com.ar\/wp-content\/uploads\/2023\/06\/LIMPIEZA-COSTERA-ANP-PENINSULA-VALDES-6-1.jpeg","datePublished":"2023-06-14T16:50:52+00:00","dateModified":"2023-06-14T16:52:37+00:00","breadcrumb":{"@id":"https:\/\/fmpatagoniamadryn.com.ar\/?p=3510#breadcrumb"},"inLanguage":"es","potentialAction":[{"@type":"ReadAction","target":["https:\/\/fmpatagoniamadryn.com.ar\/?p=3510"]}]},{"@type":"ImageObject","inLanguage":"es","@id":"https:\/\/fmpatagoniamadryn.com.ar\/?p=3510#primaryimage","url":"https:\/\/fmpatagoniamadryn.com.ar\/wp-content\/uploads\/2023\/06\/LIMPIEZA-COSTERA-ANP-PENINSULA-VALDES-6-1.jpeg","contentUrl":"https:\/\/fmpatagoniamadryn.com.ar\/wp-content\/uploads\/2023\/06\/LIMPIEZA-COSTERA-ANP-PENINSULA-VALDES-6-1.jpeg","width":1600,"height":702},{"@type":"BreadcrumbList","@id":"https:\/\/fmpatagoniamadryn.com.ar\/?p=3510#breadcrumb","itemListElement":[{"@type":"ListItem","position":1,"name":"Portada","item":"https:\/\/fmpatagoniamadryn.com.ar\/"},{"@type":"ListItem","position":2,"name":"El Gobierno del Chubut comenz\u00f3 con la limpieza de costas en el \u00c1rea Natural Protegida Pen\u00ednsula Vald\u00e9s"}]},{"@type":"WebSite","@id":"https:\/\/fmpatagoniamadryn.com.ar\/#website","url":"https:\/\/fmpatagoniamadryn.com.ar\/","name":"FM Patagonia Madryn","description":"Radio Patagonia 105.5","publisher":{"@id":"https:\/\/fmpatagoniamadryn.com.ar\/#organization"},"potentialAction":[{"@type":"SearchAction","target":{"@type":"EntryPoint","urlTemplate":"https:\/\/fmpatagoniamadryn.com.ar\/?s={search_term_string}"},"query-input":{"@type":"PropertyValueSpecification","valueRequired":true,"valueName":"search_term_string"}}],"inLanguage":"es"},{"@type":"Organization","@id":"https:\/\/fmpatagoniamadryn.com.ar\/#organization","name":"FM Patagonia Madryn","url":"https:\/\/fmpatagoniamadryn.com.ar\/","logo":{"@type":"ImageObject","inLanguage":"es","@id":"https:\/\/fmpatagoniamadryn.com.ar\/#\/schema\/logo\/image\/","url":"https:\/\/fmpatagoniamadryn.com.ar\/wp-content\/uploads\/2023\/01\/cropped-Diseno-sin-titulo.png","contentUrl":"https:\/\/fmpatagoniamadryn.com.ar\/wp-content\/uploads\/2023\/01\/cropped-Diseno-sin-titulo.png","width":6911,"height":2657,"caption":"FM Patagonia Madryn"},"image":{"@id":"https:\/\/fmpatagoniamadryn.com.ar\/#\/schema\/logo\/image\/"}},{"@type":"Person","@id":"https:\/\/fmpatagoniamadryn.com.ar\/#\/schema\/person\/1d968ec613613768e14b4e6420a2b125","name":"FM Patagonia","url":"https:\/\/fmpatagoniamadryn.com.ar\/?author=3"}]}},"jetpack_featured_media_url":"https:\/\/fmpatagoniamadryn.com.ar\/wp-content\/uploads\/2023\/06\/LIMPIEZA-COSTERA-ANP-PENINSULA-VALDES-6-1.jpeg","_links":{"self":[{"href":"https:\/\/fmpatagoniamadryn.com.ar\/index.php?rest_route=\/wp\/v2\/posts\/3510","targetHints":{"allow":["GET"]}}],"collection":[{"href":"https:\/\/fmpatagoniamadryn.com.ar\/index.php?rest_route=\/wp\/v2\/posts"}],"about":[{"href":"https:\/\/fmpatagoniamadryn.com.ar\/index.php?rest_route=\/wp\/v2\/types\/post"}],"author":[{"embeddable":true,"href":"https:\/\/fmpatagoniamadryn.com.ar\/index.php?rest_route=\/wp\/v2\/users\/3"}],"replies":[{"embeddable":true,"href":"https:\/\/fmpatagoniamadryn.com.ar\/index.php?rest_route=%2Fwp%2Fv2%2Fcomments&post=3510"}],"version-history":[{"count":1,"href":"https:\/\/fmpatagoniamadryn.com.ar\/index.php?rest_route=\/wp\/v2\/posts\/3510\/revisions"}],"predecessor-version":[{"id":3511,"href":"https:\/\/fmpatagoniamadryn.com.ar\/index.php?rest_route=\/wp\/v2\/posts\/3510\/revisions\/3511"}],"wp:featuredmedia":[{"embeddable":true,"href":"https:\/\/fmpatagoniamadryn.com.ar\/index.php?rest_route=\/wp\/v2\/media\/3508"}],"wp:attachment":[{"href":"https:\/\/fmpatagoniamadryn.com.ar\/index.php?rest_route=%2Fwp%2Fv2%2Fmedia&parent=3510"}],"wp:term":[{"taxonomy":"category","embeddable":true,"href":"https:\/\/fmpatagoniamadryn.com.ar\/index.php?rest_route=%2Fwp%2Fv2%2Fcategories&post=3510"},{"taxonomy":"post_tag","embeddable":true,"href":"https:\/\/fmpatagoniamadryn.com.ar\/index.php?rest_route=%2Fwp%2Fv2%2Ftags&post=3510"}],"curies":[{"name":"wp","href":"https:\/\/api.w.org\/{rel}","templated":true}]}}