{"id":3515,"date":"2023-06-14T13:53:17","date_gmt":"2023-06-14T16:53:17","guid":{"rendered":"https:\/\/fmpatagoniamadryn.com.ar\/?p=3515"},"modified":"2023-06-14T13:53:44","modified_gmt":"2023-06-14T16:53:44","slug":"arcioni-recibio-a-los-ministros-de-salud-y-de-cultura-de-la-nacion-carla-vizzotti-y-tristan-bauer","status":"publish","type":"post","link":"https:\/\/fmpatagoniamadryn.com.ar\/?p=3515","title":{"rendered":"Arcioni recibi\u00f3 a los ministros de Salud y de Cultura de la Naci\u00f3n, Carla Vizzotti y Trist\u00e1n Bauer"},"content":{"rendered":"\n<p>Los funcionarios nacionales cumplen una extensa agenda en el territorio chubutense, con visitas a puntos culturales, entrega de ambulancias, equipamiento t\u00e9cnico, y firma de convenios.<br><br>Previo al acto central que contempla la entrega de ambulancias, computadoras y kits \u201cSue\u00f1o Seguro\u201d para diversas localidades de Chubut, el gobernador de la Provincia, Mariano Arcioni, recibi\u00f3 este mi\u00e9rcoles en su despacho a la ministra de Salud de la Naci\u00f3n, Carla Vizzotti, y a su par de Cultura, Trist\u00e1n Bauer, para hacer un repaso de la agenda prevista para esta jornada y un balance de las acciones llevadas adelante entre el Estado Provincial y el Nacional.<br><br>Participaron del encuentro la ministra de Salud de la Provincia, Miry\u00e1m Monasterolo, el subsecretario de Integraci\u00f3n de los Sistemas de Salud y Atenci\u00f3n Primaria, Fabi\u00e1n Puratich; y la subsecretaria de Cultura de Chubut, Carla Olivet; quienes acompa\u00f1an a la comitiva nacional en las actividades previstas.<br><br>Cabe mencionar que, a trav\u00e9s del decreto N\u00b0 658, el ministro de Cultura de la Naci\u00f3n, quien dio inicio a su agenda en la Provincia visitando el Punto de Cultura \u201cHilando Caminos\u201d; seguido del descubrimiento de la placa conmemorativa por la pandemia de Covid \u2013 19, fue declarado Hu\u00e9sped de Honor junto a su comitiva. Adem\u00e1s, el mandatario provincial hizo entrega de presentes con productos caracter\u00edsticos de nuestra regi\u00f3n.<br><br>La agenda de los ministros continuar\u00e1 junto al gobernador Arcioni en el acto de entrega de ambulancias y firmas de convenio, para luego asistir por la tarde a la inauguraci\u00f3n del Mural de la Sanidad, en la localidad de Trelew.<\/p>\n","protected":false},"excerpt":{"rendered":"<p>Los funcionarios nacionales cumplen una extensa agenda en el territorio chubutense, con visitas a puntos culturales, entrega de ambulancias, equipamiento t\u00e9cnico, y firma de convenios. Previo al acto central que&hellip; <\/p>\n","protected":false},"author":3,"featured_media":3514,"comment_status":"closed","ping_status":"closed","sticky":false,"template":"","format":"standard","meta":{"footnotes":""},"categories":[14],"tags":[],"class_list":["post-3515","post","type-post","status-publish","format-standard","has-post-thumbnail","hentry","category-provinciales"],"yoast_head":"<!-- This site is optimized with the Yoast SEO plugin v27.4 - https:\/\/yoast.com\/product\/yoast-seo-wordpress\/ -->\n<title>Arcioni recibi\u00f3 a los ministros de Salud y de Cultura de la Naci\u00f3n, Carla Vizzotti y Trist\u00e1n Bauer - FM Patagonia Madryn<\/title>\n<meta name=\"robots\" content=\"index, follow, max-snippet:-1, max-image-preview:large, max-video-preview:-1\" \/>\n<link rel=\"canonical\" href=\"https:\/\/fmpatagoniamadryn.com.ar\/?p=3515\" \/>\n<meta property=\"og:locale\" content=\"es_ES\" \/>\n<meta property=\"og:type\" content=\"article\" \/>\n<meta property=\"og:title\" content=\"Arcioni recibi\u00f3 a los ministros de Salud y de Cultura de la Naci\u00f3n, Carla Vizzotti y Trist\u00e1n Bauer - FM Patagonia Madryn\" \/>\n<meta property=\"og:description\" content=\"Los funcionarios nacionales cumplen una extensa agenda en el territorio chubutense, con visitas a puntos culturales, entrega de ambulancias, equipamiento t\u00e9cnico, y firma de convenios. Previo al acto central que&hellip;\" \/>\n<meta property=\"og:url\" content=\"https:\/\/fmpatagoniamadryn.com.ar\/?p=3515\" \/>\n<meta property=\"og:site_name\" content=\"FM Patagonia Madryn\" \/>\n<meta property=\"article:published_time\" content=\"2023-06-14T16:53:17+00:00\" \/>\n<meta property=\"article:modified_time\" content=\"2023-06-14T16:53:44+00:00\" \/>\n<meta property=\"og:image\" content=\"https:\/\/fmpatagoniamadryn.com.ar\/wp-content\/uploads\/2023\/06\/ARCIONI-CON-MINISTROS-NACION-1-scaled.jpg\" \/>\n\t<meta property=\"og:image:width\" content=\"2560\" \/>\n\t<meta property=\"og:image:height\" content=\"1815\" \/>\n\t<meta property=\"og:image:type\" content=\"image\/jpeg\" \/>\n<meta name=\"author\" content=\"FM Patagonia\" \/>\n<meta name=\"twitter:card\" content=\"summary_large_image\" \/>\n<meta name=\"twitter:label1\" content=\"Escrito por\" \/>\n\t<meta name=\"twitter:data1\" content=\"FM Patagonia\" \/>\n\t<meta name=\"twitter:label2\" content=\"Tiempo de lectura\" \/>\n\t<meta name=\"twitter:data2\" content=\"1 minuto\" \/>\n<script type=\"application\/ld+json\" class=\"yoast-schema-graph\">{\"@context\":\"https:\\\/\\\/schema.org\",\"@graph\":[{\"@type\":\"Article\",\"@id\":\"https:\\\/\\\/fmpatagoniamadryn.com.ar\\\/?p=3515#article\",\"isPartOf\":{\"@id\":\"https:\\\/\\\/fmpatagoniamadryn.com.ar\\\/?p=3515\"},\"author\":{\"name\":\"FM Patagonia\",\"@id\":\"https:\\\/\\\/fmpatagoniamadryn.com.ar\\\/#\\\/schema\\\/person\\\/1d968ec613613768e14b4e6420a2b125\"},\"headline\":\"Arcioni recibi\u00f3 a los ministros de Salud y de Cultura de la Naci\u00f3n, Carla Vizzotti y Trist\u00e1n Bauer\",\"datePublished\":\"2023-06-14T16:53:17+00:00\",\"dateModified\":\"2023-06-14T16:53:44+00:00\",\"mainEntityOfPage\":{\"@id\":\"https:\\\/\\\/fmpatagoniamadryn.com.ar\\\/?p=3515\"},\"wordCount\":290,\"publisher\":{\"@id\":\"https:\\\/\\\/fmpatagoniamadryn.com.ar\\\/#organization\"},\"image\":{\"@id\":\"https:\\\/\\\/fmpatagoniamadryn.com.ar\\\/?p=3515#primaryimage\"},\"thumbnailUrl\":\"https:\\\/\\\/fmpatagoniamadryn.com.ar\\\/wp-content\\\/uploads\\\/2023\\\/06\\\/ARCIONI-CON-MINISTROS-NACION-1-scaled.jpg\",\"articleSection\":[\"Provinciales\"],\"inLanguage\":\"es\"},{\"@type\":\"WebPage\",\"@id\":\"https:\\\/\\\/fmpatagoniamadryn.com.ar\\\/?p=3515\",\"url\":\"https:\\\/\\\/fmpatagoniamadryn.com.ar\\\/?p=3515\",\"name\":\"Arcioni recibi\u00f3 a los ministros de Salud y de Cultura de la Naci\u00f3n, Carla Vizzotti y Trist\u00e1n Bauer - FM Patagonia Madryn\",\"isPartOf\":{\"@id\":\"https:\\\/\\\/fmpatagoniamadryn.com.ar\\\/#website\"},\"primaryImageOfPage\":{\"@id\":\"https:\\\/\\\/fmpatagoniamadryn.com.ar\\\/?p=3515#primaryimage\"},\"image\":{\"@id\":\"https:\\\/\\\/fmpatagoniamadryn.com.ar\\\/?p=3515#primaryimage\"},\"thumbnailUrl\":\"https:\\\/\\\/fmpatagoniamadryn.com.ar\\\/wp-content\\\/uploads\\\/2023\\\/06\\\/ARCIONI-CON-MINISTROS-NACION-1-scaled.jpg\",\"datePublished\":\"2023-06-14T16:53:17+00:00\",\"dateModified\":\"2023-06-14T16:53:44+00:00\",\"breadcrumb\":{\"@id\":\"https:\\\/\\\/fmpatagoniamadryn.com.ar\\\/?p=3515#breadcrumb\"},\"inLanguage\":\"es\",\"potentialAction\":[{\"@type\":\"ReadAction\",\"target\":[\"https:\\\/\\\/fmpatagoniamadryn.com.ar\\\/?p=3515\"]}]},{\"@type\":\"ImageObject\",\"inLanguage\":\"es\",\"@id\":\"https:\\\/\\\/fmpatagoniamadryn.com.ar\\\/?p=3515#primaryimage\",\"url\":\"https:\\\/\\\/fmpatagoniamadryn.com.ar\\\/wp-content\\\/uploads\\\/2023\\\/06\\\/ARCIONI-CON-MINISTROS-NACION-1-scaled.jpg\",\"contentUrl\":\"https:\\\/\\\/fmpatagoniamadryn.com.ar\\\/wp-content\\\/uploads\\\/2023\\\/06\\\/ARCIONI-CON-MINISTROS-NACION-1-scaled.jpg\",\"width\":2560,\"height\":1815},{\"@type\":\"BreadcrumbList\",\"@id\":\"https:\\\/\\\/fmpatagoniamadryn.com.ar\\\/?p=3515#breadcrumb\",\"itemListElement\":[{\"@type\":\"ListItem\",\"position\":1,\"name\":\"Portada\",\"item\":\"https:\\\/\\\/fmpatagoniamadryn.com.ar\\\/\"},{\"@type\":\"ListItem\",\"position\":2,\"name\":\"Arcioni recibi\u00f3 a los ministros de Salud y de Cultura de la Naci\u00f3n, Carla Vizzotti y Trist\u00e1n Bauer\"}]},{\"@type\":\"WebSite\",\"@id\":\"https:\\\/\\\/fmpatagoniamadryn.com.ar\\\/#website\",\"url\":\"https:\\\/\\\/fmpatagoniamadryn.com.ar\\\/\",\"name\":\"FM Patagonia Madryn\",\"description\":\"Radio Patagonia 105.5\",\"publisher\":{\"@id\":\"https:\\\/\\\/fmpatagoniamadryn.com.ar\\\/#organization\"},\"potentialAction\":[{\"@type\":\"SearchAction\",\"target\":{\"@type\":\"EntryPoint\",\"urlTemplate\":\"https:\\\/\\\/fmpatagoniamadryn.com.ar\\\/?s={search_term_string}\"},\"query-input\":{\"@type\":\"PropertyValueSpecification\",\"valueRequired\":true,\"valueName\":\"search_term_string\"}}],\"inLanguage\":\"es\"},{\"@type\":\"Organization\",\"@id\":\"https:\\\/\\\/fmpatagoniamadryn.com.ar\\\/#organization\",\"name\":\"FM Patagonia Madryn\",\"url\":\"https:\\\/\\\/fmpatagoniamadryn.com.ar\\\/\",\"logo\":{\"@type\":\"ImageObject\",\"inLanguage\":\"es\",\"@id\":\"https:\\\/\\\/fmpatagoniamadryn.com.ar\\\/#\\\/schema\\\/logo\\\/image\\\/\",\"url\":\"https:\\\/\\\/fmpatagoniamadryn.com.ar\\\/wp-content\\\/uploads\\\/2023\\\/01\\\/cropped-Diseno-sin-titulo.png\",\"contentUrl\":\"https:\\\/\\\/fmpatagoniamadryn.com.ar\\\/wp-content\\\/uploads\\\/2023\\\/01\\\/cropped-Diseno-sin-titulo.png\",\"width\":6911,\"height\":2657,\"caption\":\"FM Patagonia Madryn\"},\"image\":{\"@id\":\"https:\\\/\\\/fmpatagoniamadryn.com.ar\\\/#\\\/schema\\\/logo\\\/image\\\/\"}},{\"@type\":\"Person\",\"@id\":\"https:\\\/\\\/fmpatagoniamadryn.com.ar\\\/#\\\/schema\\\/person\\\/1d968ec613613768e14b4e6420a2b125\",\"name\":\"FM Patagonia\",\"url\":\"https:\\\/\\\/fmpatagoniamadryn.com.ar\\\/?author=3\"}]}<\/script>\n<!-- \/ Yoast SEO plugin. -->","yoast_head_json":{"title":"Arcioni recibi\u00f3 a los ministros de Salud y de Cultura de la Naci\u00f3n, Carla Vizzotti y Trist\u00e1n Bauer - FM Patagonia Madryn","robots":{"index":"index","follow":"follow","max-snippet":"max-snippet:-1","max-image-preview":"max-image-preview:large","max-video-preview":"max-video-preview:-1"},"canonical":"https:\/\/fmpatagoniamadryn.com.ar\/?p=3515","og_locale":"es_ES","og_type":"article","og_title":"Arcioni recibi\u00f3 a los ministros de Salud y de Cultura de la Naci\u00f3n, Carla Vizzotti y Trist\u00e1n Bauer - FM Patagonia Madryn","og_description":"Los funcionarios nacionales cumplen una extensa agenda en el territorio chubutense, con visitas a puntos culturales, entrega de ambulancias, equipamiento t\u00e9cnico, y firma de convenios. Previo al acto central que&hellip;","og_url":"https:\/\/fmpatagoniamadryn.com.ar\/?p=3515","og_site_name":"FM Patagonia Madryn","article_published_time":"2023-06-14T16:53:17+00:00","article_modified_time":"2023-06-14T16:53:44+00:00","og_image":[{"width":2560,"height":1815,"url":"https:\/\/fmpatagoniamadryn.com.ar\/wp-content\/uploads\/2023\/06\/ARCIONI-CON-MINISTROS-NACION-1-scaled.jpg","type":"image\/jpeg"}],"author":"FM Patagonia","twitter_card":"summary_large_image","twitter_misc":{"Escrito por":"FM Patagonia","Tiempo de lectura":"1 minuto"},"schema":{"@context":"https:\/\/schema.org","@graph":[{"@type":"Article","@id":"https:\/\/fmpatagoniamadryn.com.ar\/?p=3515#article","isPartOf":{"@id":"https:\/\/fmpatagoniamadryn.com.ar\/?p=3515"},"author":{"name":"FM Patagonia","@id":"https:\/\/fmpatagoniamadryn.com.ar\/#\/schema\/person\/1d968ec613613768e14b4e6420a2b125"},"headline":"Arcioni recibi\u00f3 a los ministros de Salud y de Cultura de la Naci\u00f3n, Carla Vizzotti y Trist\u00e1n Bauer","datePublished":"2023-06-14T16:53:17+00:00","dateModified":"2023-06-14T16:53:44+00:00","mainEntityOfPage":{"@id":"https:\/\/fmpatagoniamadryn.com.ar\/?p=3515"},"wordCount":290,"publisher":{"@id":"https:\/\/fmpatagoniamadryn.com.ar\/#organization"},"image":{"@id":"https:\/\/fmpatagoniamadryn.com.ar\/?p=3515#primaryimage"},"thumbnailUrl":"https:\/\/fmpatagoniamadryn.com.ar\/wp-content\/uploads\/2023\/06\/ARCIONI-CON-MINISTROS-NACION-1-scaled.jpg","articleSection":["Provinciales"],"inLanguage":"es"},{"@type":"WebPage","@id":"https:\/\/fmpatagoniamadryn.com.ar\/?p=3515","url":"https:\/\/fmpatagoniamadryn.com.ar\/?p=3515","name":"Arcioni recibi\u00f3 a los ministros de Salud y de Cultura de la Naci\u00f3n, Carla Vizzotti y Trist\u00e1n Bauer - FM Patagonia Madryn","isPartOf":{"@id":"https:\/\/fmpatagoniamadryn.com.ar\/#website"},"primaryImageOfPage":{"@id":"https:\/\/fmpatagoniamadryn.com.ar\/?p=3515#primaryimage"},"image":{"@id":"https:\/\/fmpatagoniamadryn.com.ar\/?p=3515#primaryimage"},"thumbnailUrl":"https:\/\/fmpatagoniamadryn.com.ar\/wp-content\/uploads\/2023\/06\/ARCIONI-CON-MINISTROS-NACION-1-scaled.jpg","datePublished":"2023-06-14T16:53:17+00:00","dateModified":"2023-06-14T16:53:44+00:00","breadcrumb":{"@id":"https:\/\/fmpatagoniamadryn.com.ar\/?p=3515#breadcrumb"},"inLanguage":"es","potentialAction":[{"@type":"ReadAction","target":["https:\/\/fmpatagoniamadryn.com.ar\/?p=3515"]}]},{"@type":"ImageObject","inLanguage":"es","@id":"https:\/\/fmpatagoniamadryn.com.ar\/?p=3515#primaryimage","url":"https:\/\/fmpatagoniamadryn.com.ar\/wp-content\/uploads\/2023\/06\/ARCIONI-CON-MINISTROS-NACION-1-scaled.jpg","contentUrl":"https:\/\/fmpatagoniamadryn.com.ar\/wp-content\/uploads\/2023\/06\/ARCIONI-CON-MINISTROS-NACION-1-scaled.jpg","width":2560,"height":1815},{"@type":"BreadcrumbList","@id":"https:\/\/fmpatagoniamadryn.com.ar\/?p=3515#breadcrumb","itemListElement":[{"@type":"ListItem","position":1,"name":"Portada","item":"https:\/\/fmpatagoniamadryn.com.ar\/"},{"@type":"ListItem","position":2,"name":"Arcioni recibi\u00f3 a los ministros de Salud y de Cultura de la Naci\u00f3n, Carla Vizzotti y Trist\u00e1n Bauer"}]},{"@type":"WebSite","@id":"https:\/\/fmpatagoniamadryn.com.ar\/#website","url":"https:\/\/fmpatagoniamadryn.com.ar\/","name":"FM Patagonia Madryn","description":"Radio Patagonia 105.5","publisher":{"@id":"https:\/\/fmpatagoniamadryn.com.ar\/#organization"},"potentialAction":[{"@type":"SearchAction","target":{"@type":"EntryPoint","urlTemplate":"https:\/\/fmpatagoniamadryn.com.ar\/?s={search_term_string}"},"query-input":{"@type":"PropertyValueSpecification","valueRequired":true,"valueName":"search_term_string"}}],"inLanguage":"es"},{"@type":"Organization","@id":"https:\/\/fmpatagoniamadryn.com.ar\/#organization","name":"FM Patagonia Madryn","url":"https:\/\/fmpatagoniamadryn.com.ar\/","logo":{"@type":"ImageObject","inLanguage":"es","@id":"https:\/\/fmpatagoniamadryn.com.ar\/#\/schema\/logo\/image\/","url":"https:\/\/fmpatagoniamadryn.com.ar\/wp-content\/uploads\/2023\/01\/cropped-Diseno-sin-titulo.png","contentUrl":"https:\/\/fmpatagoniamadryn.com.ar\/wp-content\/uploads\/2023\/01\/cropped-Diseno-sin-titulo.png","width":6911,"height":2657,"caption":"FM Patagonia Madryn"},"image":{"@id":"https:\/\/fmpatagoniamadryn.com.ar\/#\/schema\/logo\/image\/"}},{"@type":"Person","@id":"https:\/\/fmpatagoniamadryn.com.ar\/#\/schema\/person\/1d968ec613613768e14b4e6420a2b125","name":"FM Patagonia","url":"https:\/\/fmpatagoniamadryn.com.ar\/?author=3"}]}},"jetpack_featured_media_url":"https:\/\/fmpatagoniamadryn.com.ar\/wp-content\/uploads\/2023\/06\/ARCIONI-CON-MINISTROS-NACION-1-scaled.jpg","_links":{"self":[{"href":"https:\/\/fmpatagoniamadryn.com.ar\/index.php?rest_route=\/wp\/v2\/posts\/3515","targetHints":{"allow":["GET"]}}],"collection":[{"href":"https:\/\/fmpatagoniamadryn.com.ar\/index.php?rest_route=\/wp\/v2\/posts"}],"about":[{"href":"https:\/\/fmpatagoniamadryn.com.ar\/index.php?rest_route=\/wp\/v2\/types\/post"}],"author":[{"embeddable":true,"href":"https:\/\/fmpatagoniamadryn.com.ar\/index.php?rest_route=\/wp\/v2\/users\/3"}],"replies":[{"embeddable":true,"href":"https:\/\/fmpatagoniamadryn.com.ar\/index.php?rest_route=%2Fwp%2Fv2%2Fcomments&post=3515"}],"version-history":[{"count":1,"href":"https:\/\/fmpatagoniamadryn.com.ar\/index.php?rest_route=\/wp\/v2\/posts\/3515\/revisions"}],"predecessor-version":[{"id":3516,"href":"https:\/\/fmpatagoniamadryn.com.ar\/index.php?rest_route=\/wp\/v2\/posts\/3515\/revisions\/3516"}],"wp:featuredmedia":[{"embeddable":true,"href":"https:\/\/fmpatagoniamadryn.com.ar\/index.php?rest_route=\/wp\/v2\/media\/3514"}],"wp:attachment":[{"href":"https:\/\/fmpatagoniamadryn.com.ar\/index.php?rest_route=%2Fwp%2Fv2%2Fmedia&parent=3515"}],"wp:term":[{"taxonomy":"category","embeddable":true,"href":"https:\/\/fmpatagoniamadryn.com.ar\/index.php?rest_route=%2Fwp%2Fv2%2Fcategories&post=3515"},{"taxonomy":"post_tag","embeddable":true,"href":"https:\/\/fmpatagoniamadryn.com.ar\/index.php?rest_route=%2Fwp%2Fv2%2Ftags&post=3515"}],"curies":[{"name":"wp","href":"https:\/\/api.w.org\/{rel}","templated":true}]}}