{"id":3524,"date":"2023-06-15T09:00:24","date_gmt":"2023-06-15T12:00:24","guid":{"rendered":"https:\/\/fmpatagoniamadryn.com.ar\/?p=3524"},"modified":"2023-06-15T09:00:40","modified_gmt":"2023-06-15T12:00:40","slug":"el-issys-suscribio-un-convenio-con-el-ministerio-de-salud-de-la-nacion-para-la-implementacion-de-la-historia-de-salud-integrada","status":"publish","type":"post","link":"https:\/\/fmpatagoniamadryn.com.ar\/?p=3524","title":{"rendered":"El ISSyS suscribi\u00f3 un convenio con el Ministerio de Salud de la Naci\u00f3n para la implementaci\u00f3n de la Historia de Salud Integrada"},"content":{"rendered":"\n<p>El presidente del Instituto de Seguridad Social y Seguros (ISSyS), Alfredo Prior, firm\u00f3 un acuerdo con la ministra Vizzotti para implementar la HSI para los afiliados de la obra social Seros. <br><br>En el marco del acto de entrega de equipamiento, computadoras y ambulancias 4&#215;4 a hospitales de toda la provincia, que encabez\u00f3 el gobernador Arcioni, el presidente del Instituto de Seguridad Social y Seguros (ISSyS), Alfredo Prior, suscribi\u00f3 con la ministra de Salud de la Naci\u00f3n, Carla Vizzotti, un convenio para la implementaci\u00f3n y desarrollo del software de Historia de Salud Integrada (HSI) de los afiliados de la obra social Seros. <br><br>El acto se desarroll\u00f3 en el Sal\u00f3n de Usos M\u00faltiples de la Administraci\u00f3n de Vialidad Provincial y asistieron, entre otros, el ministro de Cultura de la Naci\u00f3n, Trist\u00e1n Bauer; la ministra de Salud, Miry\u00e1m Monasterolo, y el subsecretario de Integraci\u00f3n de los Sistemas de Salud y Atenci\u00f3n Primaria, Fabi\u00e1n Puratich. <br><br>El convenio firmado tiene por objeto determinar las condiciones de implementaci\u00f3n, cooperaci\u00f3n, colaboraci\u00f3n y acciones conjuntas para el desarrollo del software de Historia de Salud Integrada (HSI), que gerencia en formato digital historias cl\u00ednicas y gestiona prestaciones y acciones de todos los participantes de los equipos y organizaciones de salud en general, mediante la utilizaci\u00f3n de computadoras y tecnolog\u00edas similares. <br><br>En la ocasi\u00f3n, el gobernador Arcioni destac\u00f3 la calidad de las prestaciones y felicit\u00f3 por ello a los integrantes del Instituto de Seguridad Social y Seguros, y de la obra social Seros en particular. <br><br>Arcioni agradeci\u00f3 la tarea diaria de los trabajadores del sistema de Salud \u201cque trabaja y se esfuerza poniendo el hombro y yo los entiendo m\u00e1s que nadie, porque todos los d\u00edas se esfuerzan por dar respuestas a las urgencias diarias\u201d. <br><br>\u201cSeros, el Instituto hoy firm\u00f3 un convenio important\u00edsimo. Venimos trabajando con una cobertura muy buena, no hay ning\u00fan derivado a Buenos Aires que venga con una queja, al contrario. Tiene una calidad de prestaciones nuestra querida obra social, maravillosa. Y seguimos trabajando y por ello felicitaciones para todo el personal del Instituto y la obra social\u201d, expres\u00f3 el mandatario chubutense. <br><br>\u201cMis felicitaciones a todo este equipo; Miryam (Monasterolo) , Carla (Vizzotti), Alfredo (Prior), Fabi\u00e1n (Puratich) y Trist\u00e1n (Bauer)\u201d, concluy\u00f3 Arcioni. <br><br>Trabajo conjunto con Seros <br><br>Por su parte, la ministra Monasterolo valor\u00f3 el trabajo conjunto con Seros y puso de relieve el alcance que tiene \u201cla obra social porque es la m\u00e1s importante de toda la provincia, con 180 mil afiliados\u201d. <br><br>En tanto, Vizzotti agreg\u00f3 que el convenio firmado es \u201cmuy relevante para la integraci\u00f3n del sistema de Salud provincial\u201d y explic\u00f3 que, entre otras cosas, \u201cpermitir\u00e1 que cuando una persona va de una provincia a otra los profesionales que la atiendan van a poder tener acceso a su HSI y eso es muy importante\u201d.<\/p>\n","protected":false},"excerpt":{"rendered":"<p>El presidente del Instituto de Seguridad Social y Seguros (ISSyS), Alfredo Prior, firm\u00f3 un acuerdo con la ministra Vizzotti para implementar la HSI para los afiliados de la obra social&hellip; <\/p>\n","protected":false},"author":3,"featured_media":3523,"comment_status":"closed","ping_status":"closed","sticky":false,"template":"","format":"standard","meta":{"footnotes":""},"categories":[14],"tags":[],"class_list":["post-3524","post","type-post","status-publish","format-standard","has-post-thumbnail","hentry","category-provinciales"],"yoast_head":"<!-- This site is optimized with the Yoast SEO plugin v27.4 - https:\/\/yoast.com\/product\/yoast-seo-wordpress\/ -->\n<title>El ISSyS suscribi\u00f3 un convenio con el Ministerio de Salud de la Naci\u00f3n para la implementaci\u00f3n de la Historia de Salud Integrada - FM Patagonia Madryn<\/title>\n<meta name=\"robots\" content=\"index, follow, max-snippet:-1, max-image-preview:large, max-video-preview:-1\" \/>\n<link rel=\"canonical\" href=\"https:\/\/fmpatagoniamadryn.com.ar\/?p=3524\" \/>\n<meta property=\"og:locale\" content=\"es_ES\" \/>\n<meta property=\"og:type\" content=\"article\" \/>\n<meta property=\"og:title\" content=\"El ISSyS suscribi\u00f3 un convenio con el Ministerio de Salud de la Naci\u00f3n para la implementaci\u00f3n de la Historia de Salud Integrada - FM Patagonia Madryn\" \/>\n<meta property=\"og:description\" content=\"El presidente del Instituto de Seguridad Social y Seguros (ISSyS), Alfredo Prior, firm\u00f3 un acuerdo con la ministra Vizzotti para implementar la HSI para los afiliados de la obra social&hellip;\" \/>\n<meta property=\"og:url\" content=\"https:\/\/fmpatagoniamadryn.com.ar\/?p=3524\" \/>\n<meta property=\"og:site_name\" content=\"FM Patagonia Madryn\" \/>\n<meta property=\"article:published_time\" content=\"2023-06-15T12:00:24+00:00\" \/>\n<meta property=\"article:modified_time\" content=\"2023-06-15T12:00:40+00:00\" \/>\n<meta property=\"og:image\" content=\"https:\/\/fmpatagoniamadryn.com.ar\/wp-content\/uploads\/2023\/06\/FIRMA-ISSyS-2-scaled.jpg\" \/>\n\t<meta property=\"og:image:width\" content=\"2560\" \/>\n\t<meta property=\"og:image:height\" content=\"1865\" \/>\n\t<meta property=\"og:image:type\" content=\"image\/jpeg\" \/>\n<meta name=\"author\" content=\"FM Patagonia\" \/>\n<meta name=\"twitter:card\" content=\"summary_large_image\" \/>\n<meta name=\"twitter:label1\" content=\"Escrito por\" \/>\n\t<meta name=\"twitter:data1\" content=\"FM Patagonia\" \/>\n\t<meta name=\"twitter:label2\" content=\"Tiempo de lectura\" \/>\n\t<meta name=\"twitter:data2\" content=\"2 minutos\" \/>\n<script type=\"application\/ld+json\" class=\"yoast-schema-graph\">{\"@context\":\"https:\\\/\\\/schema.org\",\"@graph\":[{\"@type\":\"Article\",\"@id\":\"https:\\\/\\\/fmpatagoniamadryn.com.ar\\\/?p=3524#article\",\"isPartOf\":{\"@id\":\"https:\\\/\\\/fmpatagoniamadryn.com.ar\\\/?p=3524\"},\"author\":{\"name\":\"FM Patagonia\",\"@id\":\"https:\\\/\\\/fmpatagoniamadryn.com.ar\\\/#\\\/schema\\\/person\\\/1d968ec613613768e14b4e6420a2b125\"},\"headline\":\"El ISSyS suscribi\u00f3 un convenio con el Ministerio de Salud de la Naci\u00f3n para la implementaci\u00f3n de la Historia de Salud Integrada\",\"datePublished\":\"2023-06-15T12:00:24+00:00\",\"dateModified\":\"2023-06-15T12:00:40+00:00\",\"mainEntityOfPage\":{\"@id\":\"https:\\\/\\\/fmpatagoniamadryn.com.ar\\\/?p=3524\"},\"wordCount\":507,\"publisher\":{\"@id\":\"https:\\\/\\\/fmpatagoniamadryn.com.ar\\\/#organization\"},\"image\":{\"@id\":\"https:\\\/\\\/fmpatagoniamadryn.com.ar\\\/?p=3524#primaryimage\"},\"thumbnailUrl\":\"https:\\\/\\\/fmpatagoniamadryn.com.ar\\\/wp-content\\\/uploads\\\/2023\\\/06\\\/FIRMA-ISSyS-2-scaled.jpg\",\"articleSection\":[\"Provinciales\"],\"inLanguage\":\"es\"},{\"@type\":\"WebPage\",\"@id\":\"https:\\\/\\\/fmpatagoniamadryn.com.ar\\\/?p=3524\",\"url\":\"https:\\\/\\\/fmpatagoniamadryn.com.ar\\\/?p=3524\",\"name\":\"El ISSyS suscribi\u00f3 un convenio con el Ministerio de Salud de la Naci\u00f3n para la implementaci\u00f3n de la Historia de Salud Integrada - FM Patagonia Madryn\",\"isPartOf\":{\"@id\":\"https:\\\/\\\/fmpatagoniamadryn.com.ar\\\/#website\"},\"primaryImageOfPage\":{\"@id\":\"https:\\\/\\\/fmpatagoniamadryn.com.ar\\\/?p=3524#primaryimage\"},\"image\":{\"@id\":\"https:\\\/\\\/fmpatagoniamadryn.com.ar\\\/?p=3524#primaryimage\"},\"thumbnailUrl\":\"https:\\\/\\\/fmpatagoniamadryn.com.ar\\\/wp-content\\\/uploads\\\/2023\\\/06\\\/FIRMA-ISSyS-2-scaled.jpg\",\"datePublished\":\"2023-06-15T12:00:24+00:00\",\"dateModified\":\"2023-06-15T12:00:40+00:00\",\"breadcrumb\":{\"@id\":\"https:\\\/\\\/fmpatagoniamadryn.com.ar\\\/?p=3524#breadcrumb\"},\"inLanguage\":\"es\",\"potentialAction\":[{\"@type\":\"ReadAction\",\"target\":[\"https:\\\/\\\/fmpatagoniamadryn.com.ar\\\/?p=3524\"]}]},{\"@type\":\"ImageObject\",\"inLanguage\":\"es\",\"@id\":\"https:\\\/\\\/fmpatagoniamadryn.com.ar\\\/?p=3524#primaryimage\",\"url\":\"https:\\\/\\\/fmpatagoniamadryn.com.ar\\\/wp-content\\\/uploads\\\/2023\\\/06\\\/FIRMA-ISSyS-2-scaled.jpg\",\"contentUrl\":\"https:\\\/\\\/fmpatagoniamadryn.com.ar\\\/wp-content\\\/uploads\\\/2023\\\/06\\\/FIRMA-ISSyS-2-scaled.jpg\",\"width\":2560,\"height\":1865},{\"@type\":\"BreadcrumbList\",\"@id\":\"https:\\\/\\\/fmpatagoniamadryn.com.ar\\\/?p=3524#breadcrumb\",\"itemListElement\":[{\"@type\":\"ListItem\",\"position\":1,\"name\":\"Portada\",\"item\":\"https:\\\/\\\/fmpatagoniamadryn.com.ar\\\/\"},{\"@type\":\"ListItem\",\"position\":2,\"name\":\"El ISSyS suscribi\u00f3 un convenio con el Ministerio de Salud de la Naci\u00f3n para la implementaci\u00f3n de la Historia de Salud Integrada\"}]},{\"@type\":\"WebSite\",\"@id\":\"https:\\\/\\\/fmpatagoniamadryn.com.ar\\\/#website\",\"url\":\"https:\\\/\\\/fmpatagoniamadryn.com.ar\\\/\",\"name\":\"FM Patagonia Madryn\",\"description\":\"Radio Patagonia 105.5\",\"publisher\":{\"@id\":\"https:\\\/\\\/fmpatagoniamadryn.com.ar\\\/#organization\"},\"potentialAction\":[{\"@type\":\"SearchAction\",\"target\":{\"@type\":\"EntryPoint\",\"urlTemplate\":\"https:\\\/\\\/fmpatagoniamadryn.com.ar\\\/?s={search_term_string}\"},\"query-input\":{\"@type\":\"PropertyValueSpecification\",\"valueRequired\":true,\"valueName\":\"search_term_string\"}}],\"inLanguage\":\"es\"},{\"@type\":\"Organization\",\"@id\":\"https:\\\/\\\/fmpatagoniamadryn.com.ar\\\/#organization\",\"name\":\"FM Patagonia Madryn\",\"url\":\"https:\\\/\\\/fmpatagoniamadryn.com.ar\\\/\",\"logo\":{\"@type\":\"ImageObject\",\"inLanguage\":\"es\",\"@id\":\"https:\\\/\\\/fmpatagoniamadryn.com.ar\\\/#\\\/schema\\\/logo\\\/image\\\/\",\"url\":\"https:\\\/\\\/fmpatagoniamadryn.com.ar\\\/wp-content\\\/uploads\\\/2023\\\/01\\\/cropped-Diseno-sin-titulo.png\",\"contentUrl\":\"https:\\\/\\\/fmpatagoniamadryn.com.ar\\\/wp-content\\\/uploads\\\/2023\\\/01\\\/cropped-Diseno-sin-titulo.png\",\"width\":6911,\"height\":2657,\"caption\":\"FM Patagonia Madryn\"},\"image\":{\"@id\":\"https:\\\/\\\/fmpatagoniamadryn.com.ar\\\/#\\\/schema\\\/logo\\\/image\\\/\"}},{\"@type\":\"Person\",\"@id\":\"https:\\\/\\\/fmpatagoniamadryn.com.ar\\\/#\\\/schema\\\/person\\\/1d968ec613613768e14b4e6420a2b125\",\"name\":\"FM Patagonia\",\"url\":\"https:\\\/\\\/fmpatagoniamadryn.com.ar\\\/?author=3\"}]}<\/script>\n<!-- \/ Yoast SEO plugin. -->","yoast_head_json":{"title":"El ISSyS suscribi\u00f3 un convenio con el Ministerio de Salud de la Naci\u00f3n para la implementaci\u00f3n de la Historia de Salud Integrada - FM Patagonia Madryn","robots":{"index":"index","follow":"follow","max-snippet":"max-snippet:-1","max-image-preview":"max-image-preview:large","max-video-preview":"max-video-preview:-1"},"canonical":"https:\/\/fmpatagoniamadryn.com.ar\/?p=3524","og_locale":"es_ES","og_type":"article","og_title":"El ISSyS suscribi\u00f3 un convenio con el Ministerio de Salud de la Naci\u00f3n para la implementaci\u00f3n de la Historia de Salud Integrada - FM Patagonia Madryn","og_description":"El presidente del Instituto de Seguridad Social y Seguros (ISSyS), Alfredo Prior, firm\u00f3 un acuerdo con la ministra Vizzotti para implementar la HSI para los afiliados de la obra social&hellip;","og_url":"https:\/\/fmpatagoniamadryn.com.ar\/?p=3524","og_site_name":"FM Patagonia Madryn","article_published_time":"2023-06-15T12:00:24+00:00","article_modified_time":"2023-06-15T12:00:40+00:00","og_image":[{"width":2560,"height":1865,"url":"https:\/\/fmpatagoniamadryn.com.ar\/wp-content\/uploads\/2023\/06\/FIRMA-ISSyS-2-scaled.jpg","type":"image\/jpeg"}],"author":"FM Patagonia","twitter_card":"summary_large_image","twitter_misc":{"Escrito por":"FM Patagonia","Tiempo de lectura":"2 minutos"},"schema":{"@context":"https:\/\/schema.org","@graph":[{"@type":"Article","@id":"https:\/\/fmpatagoniamadryn.com.ar\/?p=3524#article","isPartOf":{"@id":"https:\/\/fmpatagoniamadryn.com.ar\/?p=3524"},"author":{"name":"FM Patagonia","@id":"https:\/\/fmpatagoniamadryn.com.ar\/#\/schema\/person\/1d968ec613613768e14b4e6420a2b125"},"headline":"El ISSyS suscribi\u00f3 un convenio con el Ministerio de Salud de la Naci\u00f3n para la implementaci\u00f3n de la Historia de Salud Integrada","datePublished":"2023-06-15T12:00:24+00:00","dateModified":"2023-06-15T12:00:40+00:00","mainEntityOfPage":{"@id":"https:\/\/fmpatagoniamadryn.com.ar\/?p=3524"},"wordCount":507,"publisher":{"@id":"https:\/\/fmpatagoniamadryn.com.ar\/#organization"},"image":{"@id":"https:\/\/fmpatagoniamadryn.com.ar\/?p=3524#primaryimage"},"thumbnailUrl":"https:\/\/fmpatagoniamadryn.com.ar\/wp-content\/uploads\/2023\/06\/FIRMA-ISSyS-2-scaled.jpg","articleSection":["Provinciales"],"inLanguage":"es"},{"@type":"WebPage","@id":"https:\/\/fmpatagoniamadryn.com.ar\/?p=3524","url":"https:\/\/fmpatagoniamadryn.com.ar\/?p=3524","name":"El ISSyS suscribi\u00f3 un convenio con el Ministerio de Salud de la Naci\u00f3n para la implementaci\u00f3n de la Historia de Salud Integrada - FM Patagonia Madryn","isPartOf":{"@id":"https:\/\/fmpatagoniamadryn.com.ar\/#website"},"primaryImageOfPage":{"@id":"https:\/\/fmpatagoniamadryn.com.ar\/?p=3524#primaryimage"},"image":{"@id":"https:\/\/fmpatagoniamadryn.com.ar\/?p=3524#primaryimage"},"thumbnailUrl":"https:\/\/fmpatagoniamadryn.com.ar\/wp-content\/uploads\/2023\/06\/FIRMA-ISSyS-2-scaled.jpg","datePublished":"2023-06-15T12:00:24+00:00","dateModified":"2023-06-15T12:00:40+00:00","breadcrumb":{"@id":"https:\/\/fmpatagoniamadryn.com.ar\/?p=3524#breadcrumb"},"inLanguage":"es","potentialAction":[{"@type":"ReadAction","target":["https:\/\/fmpatagoniamadryn.com.ar\/?p=3524"]}]},{"@type":"ImageObject","inLanguage":"es","@id":"https:\/\/fmpatagoniamadryn.com.ar\/?p=3524#primaryimage","url":"https:\/\/fmpatagoniamadryn.com.ar\/wp-content\/uploads\/2023\/06\/FIRMA-ISSyS-2-scaled.jpg","contentUrl":"https:\/\/fmpatagoniamadryn.com.ar\/wp-content\/uploads\/2023\/06\/FIRMA-ISSyS-2-scaled.jpg","width":2560,"height":1865},{"@type":"BreadcrumbList","@id":"https:\/\/fmpatagoniamadryn.com.ar\/?p=3524#breadcrumb","itemListElement":[{"@type":"ListItem","position":1,"name":"Portada","item":"https:\/\/fmpatagoniamadryn.com.ar\/"},{"@type":"ListItem","position":2,"name":"El ISSyS suscribi\u00f3 un convenio con el Ministerio de Salud de la Naci\u00f3n para la implementaci\u00f3n de la Historia de Salud Integrada"}]},{"@type":"WebSite","@id":"https:\/\/fmpatagoniamadryn.com.ar\/#website","url":"https:\/\/fmpatagoniamadryn.com.ar\/","name":"FM Patagonia Madryn","description":"Radio Patagonia 105.5","publisher":{"@id":"https:\/\/fmpatagoniamadryn.com.ar\/#organization"},"potentialAction":[{"@type":"SearchAction","target":{"@type":"EntryPoint","urlTemplate":"https:\/\/fmpatagoniamadryn.com.ar\/?s={search_term_string}"},"query-input":{"@type":"PropertyValueSpecification","valueRequired":true,"valueName":"search_term_string"}}],"inLanguage":"es"},{"@type":"Organization","@id":"https:\/\/fmpatagoniamadryn.com.ar\/#organization","name":"FM Patagonia Madryn","url":"https:\/\/fmpatagoniamadryn.com.ar\/","logo":{"@type":"ImageObject","inLanguage":"es","@id":"https:\/\/fmpatagoniamadryn.com.ar\/#\/schema\/logo\/image\/","url":"https:\/\/fmpatagoniamadryn.com.ar\/wp-content\/uploads\/2023\/01\/cropped-Diseno-sin-titulo.png","contentUrl":"https:\/\/fmpatagoniamadryn.com.ar\/wp-content\/uploads\/2023\/01\/cropped-Diseno-sin-titulo.png","width":6911,"height":2657,"caption":"FM Patagonia Madryn"},"image":{"@id":"https:\/\/fmpatagoniamadryn.com.ar\/#\/schema\/logo\/image\/"}},{"@type":"Person","@id":"https:\/\/fmpatagoniamadryn.com.ar\/#\/schema\/person\/1d968ec613613768e14b4e6420a2b125","name":"FM Patagonia","url":"https:\/\/fmpatagoniamadryn.com.ar\/?author=3"}]}},"jetpack_featured_media_url":"https:\/\/fmpatagoniamadryn.com.ar\/wp-content\/uploads\/2023\/06\/FIRMA-ISSyS-2-scaled.jpg","_links":{"self":[{"href":"https:\/\/fmpatagoniamadryn.com.ar\/index.php?rest_route=\/wp\/v2\/posts\/3524","targetHints":{"allow":["GET"]}}],"collection":[{"href":"https:\/\/fmpatagoniamadryn.com.ar\/index.php?rest_route=\/wp\/v2\/posts"}],"about":[{"href":"https:\/\/fmpatagoniamadryn.com.ar\/index.php?rest_route=\/wp\/v2\/types\/post"}],"author":[{"embeddable":true,"href":"https:\/\/fmpatagoniamadryn.com.ar\/index.php?rest_route=\/wp\/v2\/users\/3"}],"replies":[{"embeddable":true,"href":"https:\/\/fmpatagoniamadryn.com.ar\/index.php?rest_route=%2Fwp%2Fv2%2Fcomments&post=3524"}],"version-history":[{"count":1,"href":"https:\/\/fmpatagoniamadryn.com.ar\/index.php?rest_route=\/wp\/v2\/posts\/3524\/revisions"}],"predecessor-version":[{"id":3525,"href":"https:\/\/fmpatagoniamadryn.com.ar\/index.php?rest_route=\/wp\/v2\/posts\/3524\/revisions\/3525"}],"wp:featuredmedia":[{"embeddable":true,"href":"https:\/\/fmpatagoniamadryn.com.ar\/index.php?rest_route=\/wp\/v2\/media\/3523"}],"wp:attachment":[{"href":"https:\/\/fmpatagoniamadryn.com.ar\/index.php?rest_route=%2Fwp%2Fv2%2Fmedia&parent=3524"}],"wp:term":[{"taxonomy":"category","embeddable":true,"href":"https:\/\/fmpatagoniamadryn.com.ar\/index.php?rest_route=%2Fwp%2Fv2%2Fcategories&post=3524"},{"taxonomy":"post_tag","embeddable":true,"href":"https:\/\/fmpatagoniamadryn.com.ar\/index.php?rest_route=%2Fwp%2Fv2%2Ftags&post=3524"}],"curies":[{"name":"wp","href":"https:\/\/api.w.org\/{rel}","templated":true}]}}