{"id":3533,"date":"2023-06-15T09:03:25","date_gmt":"2023-06-15T12:03:25","guid":{"rendered":"https:\/\/fmpatagoniamadryn.com.ar\/?p=3533"},"modified":"2023-06-15T09:04:01","modified_gmt":"2023-06-15T12:04:01","slug":"sastre-desde-el-estado-siempre-vamos-a-acompanar-y-respaldar-a-los-comerciantes-y-emprendedores-de-puerto-madryn","status":"publish","type":"post","link":"https:\/\/fmpatagoniamadryn.com.ar\/?p=3533","title":{"rendered":"SASTRE: \u201cDESDE EL ESTADO SIEMPRE VAMOS A ACOMPA\u00d1AR Y RESPALDAR A LOS COMERCIANTES Y EMPRENDEDORES DE PUERTO MADRYN\u201d"},"content":{"rendered":"\n<p>En el marco del programa \u201cMadryn en Marcha\u201d, el Intendente contin\u00faa apoyando a los referentes del sector privado de la ciudad. En este contexto, el Jefe Comunal visit\u00f3 el comercio \u201cLo de Jos\u00e9\u201d<br><br> <br><br> <br><br>El intendente de Puerto Madryn, Gustavo Sastre, sigue evidenciando el acompa\u00f1amiento constante de esta gesti\u00f3n hacia los comerciantes y emprendedores de la ciudad. En el marco del programa \u201cMadryn en Marcha\u201d, el Jefe Comunal visit\u00f3 \u201cLo de Jos\u00e9\u201d, que comercializa pollos al asador y actualmente ha diversificado su oferta.<br><br> <br><br>Concretamente, es una poller\u00eda que recientemente se mud\u00f3, pero que sigue apostando a la ciudad. Actualmente est\u00e1 ubicada en la calle Corrientes al 2081, un sector de Puerto Madryn que est\u00e1 evidenciando un crecimiento constante y sostenido.<br><br> <br><br>Acompa\u00f1amiento del Estado<br><br> <br><br>Al respecto, el Intendente dijo: \u201cEsta gesti\u00f3n se caracteriz\u00f3 siempre por trabajar de manera mancomunada con el sector privado, entendiendo que de esta manera podemos cumplir los objetivos que nos planteamos. Desde el Estado siempre vamos a acompa\u00f1ar y respaldar a los comerciantes y emprendedores de Puerto Madryn\u201d.<br><br> <br><br>En este mismo sentido, el Jefe Comunal remarc\u00f3: \u201cVisitamos la poller\u00eda \u2018Lo de Jos\u00e9\u2019 y nos llena de satisfacci\u00f3n poder ver el crecimiento que ha tenido este emprendedor, que hoy cuenta con su propio establecimiento, alcanzado gracias al gran trabajo que realiz\u00f3 y que le est\u00e1 generando muy buenos resultados\u201d.<br><br> <br><br>Los presentes<br><br> <br><br>En la recorrida por la poller\u00eda \u201cLo de Jos\u00e9\u201d, Sastre estuvo acompa\u00f1ado por el secretario de Producci\u00f3n, Innovaci\u00f3n y Empleo, Esteban Abel.<br><br> <\/p>\n","protected":false},"excerpt":{"rendered":"<p>En el marco del programa \u201cMadryn en Marcha\u201d, el Intendente contin\u00faa apoyando a los referentes del sector privado de la ciudad. En este contexto, el Jefe Comunal visit\u00f3 el comercio&hellip; <\/p>\n","protected":false},"author":3,"featured_media":3532,"comment_status":"closed","ping_status":"closed","sticky":false,"template":"","format":"standard","meta":{"footnotes":""},"categories":[15],"tags":[],"class_list":["post-3533","post","type-post","status-publish","format-standard","has-post-thumbnail","hentry","category-locales"],"yoast_head":"<!-- This site is optimized with the Yoast SEO plugin v27.4 - https:\/\/yoast.com\/product\/yoast-seo-wordpress\/ -->\n<title>SASTRE: \u201cDESDE EL ESTADO SIEMPRE VAMOS A ACOMPA\u00d1AR Y RESPALDAR A LOS COMERCIANTES Y EMPRENDEDORES DE PUERTO MADRYN\u201d - FM Patagonia Madryn<\/title>\n<meta name=\"robots\" content=\"index, follow, max-snippet:-1, max-image-preview:large, max-video-preview:-1\" \/>\n<link rel=\"canonical\" href=\"https:\/\/fmpatagoniamadryn.com.ar\/?p=3533\" \/>\n<meta property=\"og:locale\" content=\"es_ES\" \/>\n<meta property=\"og:type\" content=\"article\" \/>\n<meta property=\"og:title\" content=\"SASTRE: \u201cDESDE EL ESTADO SIEMPRE VAMOS A ACOMPA\u00d1AR Y RESPALDAR A LOS COMERCIANTES Y EMPRENDEDORES DE PUERTO MADRYN\u201d - FM Patagonia Madryn\" \/>\n<meta property=\"og:description\" content=\"En el marco del programa \u201cMadryn en Marcha\u201d, el Intendente contin\u00faa apoyando a los referentes del sector privado de la ciudad. En este contexto, el Jefe Comunal visit\u00f3 el comercio&hellip;\" \/>\n<meta property=\"og:url\" content=\"https:\/\/fmpatagoniamadryn.com.ar\/?p=3533\" \/>\n<meta property=\"og:site_name\" content=\"FM Patagonia Madryn\" \/>\n<meta property=\"article:published_time\" content=\"2023-06-15T12:03:25+00:00\" \/>\n<meta property=\"article:modified_time\" content=\"2023-06-15T12:04:01+00:00\" \/>\n<meta property=\"og:image\" content=\"https:\/\/fmpatagoniamadryn.com.ar\/wp-content\/uploads\/2023\/06\/DonJose2.jpeg\" \/>\n\t<meta property=\"og:image:width\" content=\"1285\" \/>\n\t<meta property=\"og:image:height\" content=\"857\" \/>\n\t<meta property=\"og:image:type\" content=\"image\/jpeg\" \/>\n<meta name=\"author\" content=\"FM Patagonia\" \/>\n<meta name=\"twitter:card\" content=\"summary_large_image\" \/>\n<meta name=\"twitter:label1\" content=\"Escrito por\" \/>\n\t<meta name=\"twitter:data1\" content=\"FM Patagonia\" \/>\n\t<meta name=\"twitter:label2\" content=\"Tiempo de lectura\" \/>\n\t<meta name=\"twitter:data2\" content=\"1 minuto\" \/>\n<script type=\"application\/ld+json\" class=\"yoast-schema-graph\">{\"@context\":\"https:\\\/\\\/schema.org\",\"@graph\":[{\"@type\":\"Article\",\"@id\":\"https:\\\/\\\/fmpatagoniamadryn.com.ar\\\/?p=3533#article\",\"isPartOf\":{\"@id\":\"https:\\\/\\\/fmpatagoniamadryn.com.ar\\\/?p=3533\"},\"author\":{\"name\":\"FM Patagonia\",\"@id\":\"https:\\\/\\\/fmpatagoniamadryn.com.ar\\\/#\\\/schema\\\/person\\\/1d968ec613613768e14b4e6420a2b125\"},\"headline\":\"SASTRE: \u201cDESDE EL ESTADO SIEMPRE VAMOS A ACOMPA\u00d1AR Y RESPALDAR A LOS COMERCIANTES Y EMPRENDEDORES DE PUERTO MADRYN\u201d\",\"datePublished\":\"2023-06-15T12:03:25+00:00\",\"dateModified\":\"2023-06-15T12:04:01+00:00\",\"mainEntityOfPage\":{\"@id\":\"https:\\\/\\\/fmpatagoniamadryn.com.ar\\\/?p=3533\"},\"wordCount\":275,\"publisher\":{\"@id\":\"https:\\\/\\\/fmpatagoniamadryn.com.ar\\\/#organization\"},\"image\":{\"@id\":\"https:\\\/\\\/fmpatagoniamadryn.com.ar\\\/?p=3533#primaryimage\"},\"thumbnailUrl\":\"https:\\\/\\\/fmpatagoniamadryn.com.ar\\\/wp-content\\\/uploads\\\/2023\\\/06\\\/DonJose2.jpeg\",\"articleSection\":[\"Locales\"],\"inLanguage\":\"es\"},{\"@type\":\"WebPage\",\"@id\":\"https:\\\/\\\/fmpatagoniamadryn.com.ar\\\/?p=3533\",\"url\":\"https:\\\/\\\/fmpatagoniamadryn.com.ar\\\/?p=3533\",\"name\":\"SASTRE: \u201cDESDE EL ESTADO SIEMPRE VAMOS A ACOMPA\u00d1AR Y RESPALDAR A LOS COMERCIANTES Y EMPRENDEDORES DE PUERTO MADRYN\u201d - FM Patagonia Madryn\",\"isPartOf\":{\"@id\":\"https:\\\/\\\/fmpatagoniamadryn.com.ar\\\/#website\"},\"primaryImageOfPage\":{\"@id\":\"https:\\\/\\\/fmpatagoniamadryn.com.ar\\\/?p=3533#primaryimage\"},\"image\":{\"@id\":\"https:\\\/\\\/fmpatagoniamadryn.com.ar\\\/?p=3533#primaryimage\"},\"thumbnailUrl\":\"https:\\\/\\\/fmpatagoniamadryn.com.ar\\\/wp-content\\\/uploads\\\/2023\\\/06\\\/DonJose2.jpeg\",\"datePublished\":\"2023-06-15T12:03:25+00:00\",\"dateModified\":\"2023-06-15T12:04:01+00:00\",\"breadcrumb\":{\"@id\":\"https:\\\/\\\/fmpatagoniamadryn.com.ar\\\/?p=3533#breadcrumb\"},\"inLanguage\":\"es\",\"potentialAction\":[{\"@type\":\"ReadAction\",\"target\":[\"https:\\\/\\\/fmpatagoniamadryn.com.ar\\\/?p=3533\"]}]},{\"@type\":\"ImageObject\",\"inLanguage\":\"es\",\"@id\":\"https:\\\/\\\/fmpatagoniamadryn.com.ar\\\/?p=3533#primaryimage\",\"url\":\"https:\\\/\\\/fmpatagoniamadryn.com.ar\\\/wp-content\\\/uploads\\\/2023\\\/06\\\/DonJose2.jpeg\",\"contentUrl\":\"https:\\\/\\\/fmpatagoniamadryn.com.ar\\\/wp-content\\\/uploads\\\/2023\\\/06\\\/DonJose2.jpeg\",\"width\":1285,\"height\":857},{\"@type\":\"BreadcrumbList\",\"@id\":\"https:\\\/\\\/fmpatagoniamadryn.com.ar\\\/?p=3533#breadcrumb\",\"itemListElement\":[{\"@type\":\"ListItem\",\"position\":1,\"name\":\"Portada\",\"item\":\"https:\\\/\\\/fmpatagoniamadryn.com.ar\\\/\"},{\"@type\":\"ListItem\",\"position\":2,\"name\":\"SASTRE: \u201cDESDE EL ESTADO SIEMPRE VAMOS A ACOMPA\u00d1AR Y RESPALDAR A LOS COMERCIANTES Y EMPRENDEDORES DE PUERTO MADRYN\u201d\"}]},{\"@type\":\"WebSite\",\"@id\":\"https:\\\/\\\/fmpatagoniamadryn.com.ar\\\/#website\",\"url\":\"https:\\\/\\\/fmpatagoniamadryn.com.ar\\\/\",\"name\":\"FM Patagonia Madryn\",\"description\":\"Radio Patagonia 105.5\",\"publisher\":{\"@id\":\"https:\\\/\\\/fmpatagoniamadryn.com.ar\\\/#organization\"},\"potentialAction\":[{\"@type\":\"SearchAction\",\"target\":{\"@type\":\"EntryPoint\",\"urlTemplate\":\"https:\\\/\\\/fmpatagoniamadryn.com.ar\\\/?s={search_term_string}\"},\"query-input\":{\"@type\":\"PropertyValueSpecification\",\"valueRequired\":true,\"valueName\":\"search_term_string\"}}],\"inLanguage\":\"es\"},{\"@type\":\"Organization\",\"@id\":\"https:\\\/\\\/fmpatagoniamadryn.com.ar\\\/#organization\",\"name\":\"FM Patagonia Madryn\",\"url\":\"https:\\\/\\\/fmpatagoniamadryn.com.ar\\\/\",\"logo\":{\"@type\":\"ImageObject\",\"inLanguage\":\"es\",\"@id\":\"https:\\\/\\\/fmpatagoniamadryn.com.ar\\\/#\\\/schema\\\/logo\\\/image\\\/\",\"url\":\"https:\\\/\\\/fmpatagoniamadryn.com.ar\\\/wp-content\\\/uploads\\\/2023\\\/01\\\/cropped-Diseno-sin-titulo.png\",\"contentUrl\":\"https:\\\/\\\/fmpatagoniamadryn.com.ar\\\/wp-content\\\/uploads\\\/2023\\\/01\\\/cropped-Diseno-sin-titulo.png\",\"width\":6911,\"height\":2657,\"caption\":\"FM Patagonia Madryn\"},\"image\":{\"@id\":\"https:\\\/\\\/fmpatagoniamadryn.com.ar\\\/#\\\/schema\\\/logo\\\/image\\\/\"}},{\"@type\":\"Person\",\"@id\":\"https:\\\/\\\/fmpatagoniamadryn.com.ar\\\/#\\\/schema\\\/person\\\/1d968ec613613768e14b4e6420a2b125\",\"name\":\"FM Patagonia\",\"url\":\"https:\\\/\\\/fmpatagoniamadryn.com.ar\\\/?author=3\"}]}<\/script>\n<!-- \/ Yoast SEO plugin. -->","yoast_head_json":{"title":"SASTRE: \u201cDESDE EL ESTADO SIEMPRE VAMOS A ACOMPA\u00d1AR Y RESPALDAR A LOS COMERCIANTES Y EMPRENDEDORES DE PUERTO MADRYN\u201d - FM Patagonia Madryn","robots":{"index":"index","follow":"follow","max-snippet":"max-snippet:-1","max-image-preview":"max-image-preview:large","max-video-preview":"max-video-preview:-1"},"canonical":"https:\/\/fmpatagoniamadryn.com.ar\/?p=3533","og_locale":"es_ES","og_type":"article","og_title":"SASTRE: \u201cDESDE EL ESTADO SIEMPRE VAMOS A ACOMPA\u00d1AR Y RESPALDAR A LOS COMERCIANTES Y EMPRENDEDORES DE PUERTO MADRYN\u201d - FM Patagonia Madryn","og_description":"En el marco del programa \u201cMadryn en Marcha\u201d, el Intendente contin\u00faa apoyando a los referentes del sector privado de la ciudad. En este contexto, el Jefe Comunal visit\u00f3 el comercio&hellip;","og_url":"https:\/\/fmpatagoniamadryn.com.ar\/?p=3533","og_site_name":"FM Patagonia Madryn","article_published_time":"2023-06-15T12:03:25+00:00","article_modified_time":"2023-06-15T12:04:01+00:00","og_image":[{"width":1285,"height":857,"url":"https:\/\/fmpatagoniamadryn.com.ar\/wp-content\/uploads\/2023\/06\/DonJose2.jpeg","type":"image\/jpeg"}],"author":"FM Patagonia","twitter_card":"summary_large_image","twitter_misc":{"Escrito por":"FM Patagonia","Tiempo de lectura":"1 minuto"},"schema":{"@context":"https:\/\/schema.org","@graph":[{"@type":"Article","@id":"https:\/\/fmpatagoniamadryn.com.ar\/?p=3533#article","isPartOf":{"@id":"https:\/\/fmpatagoniamadryn.com.ar\/?p=3533"},"author":{"name":"FM Patagonia","@id":"https:\/\/fmpatagoniamadryn.com.ar\/#\/schema\/person\/1d968ec613613768e14b4e6420a2b125"},"headline":"SASTRE: \u201cDESDE EL ESTADO SIEMPRE VAMOS A ACOMPA\u00d1AR Y RESPALDAR A LOS COMERCIANTES Y EMPRENDEDORES DE PUERTO MADRYN\u201d","datePublished":"2023-06-15T12:03:25+00:00","dateModified":"2023-06-15T12:04:01+00:00","mainEntityOfPage":{"@id":"https:\/\/fmpatagoniamadryn.com.ar\/?p=3533"},"wordCount":275,"publisher":{"@id":"https:\/\/fmpatagoniamadryn.com.ar\/#organization"},"image":{"@id":"https:\/\/fmpatagoniamadryn.com.ar\/?p=3533#primaryimage"},"thumbnailUrl":"https:\/\/fmpatagoniamadryn.com.ar\/wp-content\/uploads\/2023\/06\/DonJose2.jpeg","articleSection":["Locales"],"inLanguage":"es"},{"@type":"WebPage","@id":"https:\/\/fmpatagoniamadryn.com.ar\/?p=3533","url":"https:\/\/fmpatagoniamadryn.com.ar\/?p=3533","name":"SASTRE: \u201cDESDE EL ESTADO SIEMPRE VAMOS A ACOMPA\u00d1AR Y RESPALDAR A LOS COMERCIANTES Y EMPRENDEDORES DE PUERTO MADRYN\u201d - FM Patagonia Madryn","isPartOf":{"@id":"https:\/\/fmpatagoniamadryn.com.ar\/#website"},"primaryImageOfPage":{"@id":"https:\/\/fmpatagoniamadryn.com.ar\/?p=3533#primaryimage"},"image":{"@id":"https:\/\/fmpatagoniamadryn.com.ar\/?p=3533#primaryimage"},"thumbnailUrl":"https:\/\/fmpatagoniamadryn.com.ar\/wp-content\/uploads\/2023\/06\/DonJose2.jpeg","datePublished":"2023-06-15T12:03:25+00:00","dateModified":"2023-06-15T12:04:01+00:00","breadcrumb":{"@id":"https:\/\/fmpatagoniamadryn.com.ar\/?p=3533#breadcrumb"},"inLanguage":"es","potentialAction":[{"@type":"ReadAction","target":["https:\/\/fmpatagoniamadryn.com.ar\/?p=3533"]}]},{"@type":"ImageObject","inLanguage":"es","@id":"https:\/\/fmpatagoniamadryn.com.ar\/?p=3533#primaryimage","url":"https:\/\/fmpatagoniamadryn.com.ar\/wp-content\/uploads\/2023\/06\/DonJose2.jpeg","contentUrl":"https:\/\/fmpatagoniamadryn.com.ar\/wp-content\/uploads\/2023\/06\/DonJose2.jpeg","width":1285,"height":857},{"@type":"BreadcrumbList","@id":"https:\/\/fmpatagoniamadryn.com.ar\/?p=3533#breadcrumb","itemListElement":[{"@type":"ListItem","position":1,"name":"Portada","item":"https:\/\/fmpatagoniamadryn.com.ar\/"},{"@type":"ListItem","position":2,"name":"SASTRE: \u201cDESDE EL ESTADO SIEMPRE VAMOS A ACOMPA\u00d1AR Y RESPALDAR A LOS COMERCIANTES Y EMPRENDEDORES DE PUERTO MADRYN\u201d"}]},{"@type":"WebSite","@id":"https:\/\/fmpatagoniamadryn.com.ar\/#website","url":"https:\/\/fmpatagoniamadryn.com.ar\/","name":"FM Patagonia Madryn","description":"Radio Patagonia 105.5","publisher":{"@id":"https:\/\/fmpatagoniamadryn.com.ar\/#organization"},"potentialAction":[{"@type":"SearchAction","target":{"@type":"EntryPoint","urlTemplate":"https:\/\/fmpatagoniamadryn.com.ar\/?s={search_term_string}"},"query-input":{"@type":"PropertyValueSpecification","valueRequired":true,"valueName":"search_term_string"}}],"inLanguage":"es"},{"@type":"Organization","@id":"https:\/\/fmpatagoniamadryn.com.ar\/#organization","name":"FM Patagonia Madryn","url":"https:\/\/fmpatagoniamadryn.com.ar\/","logo":{"@type":"ImageObject","inLanguage":"es","@id":"https:\/\/fmpatagoniamadryn.com.ar\/#\/schema\/logo\/image\/","url":"https:\/\/fmpatagoniamadryn.com.ar\/wp-content\/uploads\/2023\/01\/cropped-Diseno-sin-titulo.png","contentUrl":"https:\/\/fmpatagoniamadryn.com.ar\/wp-content\/uploads\/2023\/01\/cropped-Diseno-sin-titulo.png","width":6911,"height":2657,"caption":"FM Patagonia Madryn"},"image":{"@id":"https:\/\/fmpatagoniamadryn.com.ar\/#\/schema\/logo\/image\/"}},{"@type":"Person","@id":"https:\/\/fmpatagoniamadryn.com.ar\/#\/schema\/person\/1d968ec613613768e14b4e6420a2b125","name":"FM Patagonia","url":"https:\/\/fmpatagoniamadryn.com.ar\/?author=3"}]}},"jetpack_featured_media_url":"https:\/\/fmpatagoniamadryn.com.ar\/wp-content\/uploads\/2023\/06\/DonJose2.jpeg","_links":{"self":[{"href":"https:\/\/fmpatagoniamadryn.com.ar\/index.php?rest_route=\/wp\/v2\/posts\/3533","targetHints":{"allow":["GET"]}}],"collection":[{"href":"https:\/\/fmpatagoniamadryn.com.ar\/index.php?rest_route=\/wp\/v2\/posts"}],"about":[{"href":"https:\/\/fmpatagoniamadryn.com.ar\/index.php?rest_route=\/wp\/v2\/types\/post"}],"author":[{"embeddable":true,"href":"https:\/\/fmpatagoniamadryn.com.ar\/index.php?rest_route=\/wp\/v2\/users\/3"}],"replies":[{"embeddable":true,"href":"https:\/\/fmpatagoniamadryn.com.ar\/index.php?rest_route=%2Fwp%2Fv2%2Fcomments&post=3533"}],"version-history":[{"count":1,"href":"https:\/\/fmpatagoniamadryn.com.ar\/index.php?rest_route=\/wp\/v2\/posts\/3533\/revisions"}],"predecessor-version":[{"id":3534,"href":"https:\/\/fmpatagoniamadryn.com.ar\/index.php?rest_route=\/wp\/v2\/posts\/3533\/revisions\/3534"}],"wp:featuredmedia":[{"embeddable":true,"href":"https:\/\/fmpatagoniamadryn.com.ar\/index.php?rest_route=\/wp\/v2\/media\/3532"}],"wp:attachment":[{"href":"https:\/\/fmpatagoniamadryn.com.ar\/index.php?rest_route=%2Fwp%2Fv2%2Fmedia&parent=3533"}],"wp:term":[{"taxonomy":"category","embeddable":true,"href":"https:\/\/fmpatagoniamadryn.com.ar\/index.php?rest_route=%2Fwp%2Fv2%2Fcategories&post=3533"},{"taxonomy":"post_tag","embeddable":true,"href":"https:\/\/fmpatagoniamadryn.com.ar\/index.php?rest_route=%2Fwp%2Fv2%2Ftags&post=3533"}],"curies":[{"name":"wp","href":"https:\/\/api.w.org\/{rel}","templated":true}]}}