{"id":3548,"date":"2023-06-15T11:40:45","date_gmt":"2023-06-15T14:40:45","guid":{"rendered":"https:\/\/fmpatagoniamadryn.com.ar\/?p=3548"},"modified":"2023-06-15T11:42:33","modified_gmt":"2023-06-15T14:42:33","slug":"el-gobierno-provincial-desarrolla-junto-al-municipio-de-trevelin-la-instalacion-de-una-sala-de-faena-porcina","status":"publish","type":"post","link":"https:\/\/fmpatagoniamadryn.com.ar\/?p=3548","title":{"rendered":"El Gobierno Provincial desarrolla junto al municipio de Trevelin la instalaci\u00f3n de una sala de faena porcina"},"content":{"rendered":"\n<p>En este nuevo predio podr\u00e1n trabajar tambi\u00e9n productores de Esquel y la zona.<br><br>En el marco de la celebraci\u00f3n del D\u00eda de la Producci\u00f3n Porcina, el Gobierno del Chubut -por medio del Ministerio de Agricultura, Ganader\u00eda, Industria y Comercio- rubric\u00f3 un convenio de comodato con el municipio de Trevelin, para la instalaci\u00f3n de una sala de faena porcina, en un predio de 8.645 m2 en el Parque Industrial de esa localidad, para atender la demanda de los productores locales y la comarca.<br><br>Participaron de la firma, la subsecretaria de Industria del Chubut, Nadine Ser\u00f3n; el intendente de Trevelin, H\u00e9ctor Ingram; y el diputado provincial, Carlos Mantegna.<br><br>La faena se hac\u00eda en la escuela N\u00b0 740 de Aldea Escolar, luego se cerr\u00f3 en 2016. En este nuevo predio podr\u00e1n trabajar tambi\u00e9n productores de Esquel y la zona, ya que hoy la sala m\u00e1s cercana est\u00e1 en El Mait\u00e9n.<br><br>\u201cA medida que vaya creciendo se pedir\u00e1n los permisos para el resto de la regi\u00f3n o la provincia. Entendemos que va a acompa\u00f1ar un crecimiento de la producci\u00f3n en la zona. Con esto instalado, seguramente va a ser mucho el crecimiento, la carne de cerdo es una alternativa importante\u201d, explic\u00f3 el intendente Ingram.<br><br>\u201cCuando se conform\u00f3 la asociaci\u00f3n de productores, contaba con 40 productores, a partir del cierre en 2016 el n\u00famero baj\u00f3, pero entendemos que con este lugar habilitado va a crecer la actividad, la misma gente de la asociaci\u00f3n tienen mucha expectativa porque entienden que es una alternativa importante para trabajar\u201d, agreg\u00f3.<br><br>Con este avance, el proyecto de construcci\u00f3n se eleva a Naci\u00f3n y a partir de all\u00ed, en 180 d\u00edas bajan los fondos. Planean en 2024 tener la sala en funcionamiento.<\/p>\n","protected":false},"excerpt":{"rendered":"<p>En este nuevo predio podr\u00e1n trabajar tambi\u00e9n productores de Esquel y la zona. En el marco de la celebraci\u00f3n del D\u00eda de la Producci\u00f3n Porcina, el Gobierno del Chubut -por&hellip; <\/p>\n","protected":false},"author":3,"featured_media":3547,"comment_status":"closed","ping_status":"closed","sticky":false,"template":"","format":"standard","meta":{"footnotes":""},"categories":[14],"tags":[],"class_list":["post-3548","post","type-post","status-publish","format-standard","has-post-thumbnail","hentry","category-provinciales"],"yoast_head":"<!-- This site is optimized with the Yoast SEO plugin v27.4 - https:\/\/yoast.com\/product\/yoast-seo-wordpress\/ -->\n<title>El Gobierno Provincial desarrolla junto al municipio de Trevelin la instalaci\u00f3n de una sala de faena porcina - FM Patagonia Madryn<\/title>\n<meta name=\"robots\" content=\"index, follow, max-snippet:-1, max-image-preview:large, max-video-preview:-1\" \/>\n<link rel=\"canonical\" href=\"https:\/\/fmpatagoniamadryn.com.ar\/?p=3548\" \/>\n<meta property=\"og:locale\" content=\"es_ES\" \/>\n<meta property=\"og:type\" content=\"article\" \/>\n<meta property=\"og:title\" content=\"El Gobierno Provincial desarrolla junto al municipio de Trevelin la instalaci\u00f3n de una sala de faena porcina - FM Patagonia Madryn\" \/>\n<meta property=\"og:description\" content=\"En este nuevo predio podr\u00e1n trabajar tambi\u00e9n productores de Esquel y la zona. En el marco de la celebraci\u00f3n del D\u00eda de la Producci\u00f3n Porcina, el Gobierno del Chubut -por&hellip;\" \/>\n<meta property=\"og:url\" content=\"https:\/\/fmpatagoniamadryn.com.ar\/?p=3548\" \/>\n<meta property=\"og:site_name\" content=\"FM Patagonia Madryn\" \/>\n<meta property=\"article:published_time\" content=\"2023-06-15T14:40:45+00:00\" \/>\n<meta property=\"article:modified_time\" content=\"2023-06-15T14:42:33+00:00\" \/>\n<meta property=\"og:image\" content=\"https:\/\/fmpatagoniamadryn.com.ar\/wp-content\/uploads\/2023\/06\/Trevelin-la-instalacion-de-una-sala-de-faena-porcina-2-scaled.jpg\" \/>\n\t<meta property=\"og:image:width\" content=\"2560\" \/>\n\t<meta property=\"og:image:height\" content=\"1702\" \/>\n\t<meta property=\"og:image:type\" content=\"image\/jpeg\" \/>\n<meta name=\"author\" content=\"FM Patagonia\" \/>\n<meta name=\"twitter:card\" content=\"summary_large_image\" \/>\n<meta name=\"twitter:label1\" content=\"Escrito por\" \/>\n\t<meta name=\"twitter:data1\" content=\"FM Patagonia\" \/>\n\t<meta name=\"twitter:label2\" content=\"Tiempo de lectura\" \/>\n\t<meta name=\"twitter:data2\" content=\"1 minuto\" \/>\n<script type=\"application\/ld+json\" class=\"yoast-schema-graph\">{\"@context\":\"https:\\\/\\\/schema.org\",\"@graph\":[{\"@type\":\"Article\",\"@id\":\"https:\\\/\\\/fmpatagoniamadryn.com.ar\\\/?p=3548#article\",\"isPartOf\":{\"@id\":\"https:\\\/\\\/fmpatagoniamadryn.com.ar\\\/?p=3548\"},\"author\":{\"name\":\"FM Patagonia\",\"@id\":\"https:\\\/\\\/fmpatagoniamadryn.com.ar\\\/#\\\/schema\\\/person\\\/1d968ec613613768e14b4e6420a2b125\"},\"headline\":\"El Gobierno Provincial desarrolla junto al municipio de Trevelin la instalaci\u00f3n de una sala de faena porcina\",\"datePublished\":\"2023-06-15T14:40:45+00:00\",\"dateModified\":\"2023-06-15T14:42:33+00:00\",\"mainEntityOfPage\":{\"@id\":\"https:\\\/\\\/fmpatagoniamadryn.com.ar\\\/?p=3548\"},\"wordCount\":316,\"publisher\":{\"@id\":\"https:\\\/\\\/fmpatagoniamadryn.com.ar\\\/#organization\"},\"image\":{\"@id\":\"https:\\\/\\\/fmpatagoniamadryn.com.ar\\\/?p=3548#primaryimage\"},\"thumbnailUrl\":\"https:\\\/\\\/fmpatagoniamadryn.com.ar\\\/wp-content\\\/uploads\\\/2023\\\/06\\\/Trevelin-la-instalacion-de-una-sala-de-faena-porcina-2-scaled.jpg\",\"articleSection\":[\"Provinciales\"],\"inLanguage\":\"es\"},{\"@type\":\"WebPage\",\"@id\":\"https:\\\/\\\/fmpatagoniamadryn.com.ar\\\/?p=3548\",\"url\":\"https:\\\/\\\/fmpatagoniamadryn.com.ar\\\/?p=3548\",\"name\":\"El Gobierno Provincial desarrolla junto al municipio de Trevelin la instalaci\u00f3n de una sala de faena porcina - FM Patagonia Madryn\",\"isPartOf\":{\"@id\":\"https:\\\/\\\/fmpatagoniamadryn.com.ar\\\/#website\"},\"primaryImageOfPage\":{\"@id\":\"https:\\\/\\\/fmpatagoniamadryn.com.ar\\\/?p=3548#primaryimage\"},\"image\":{\"@id\":\"https:\\\/\\\/fmpatagoniamadryn.com.ar\\\/?p=3548#primaryimage\"},\"thumbnailUrl\":\"https:\\\/\\\/fmpatagoniamadryn.com.ar\\\/wp-content\\\/uploads\\\/2023\\\/06\\\/Trevelin-la-instalacion-de-una-sala-de-faena-porcina-2-scaled.jpg\",\"datePublished\":\"2023-06-15T14:40:45+00:00\",\"dateModified\":\"2023-06-15T14:42:33+00:00\",\"breadcrumb\":{\"@id\":\"https:\\\/\\\/fmpatagoniamadryn.com.ar\\\/?p=3548#breadcrumb\"},\"inLanguage\":\"es\",\"potentialAction\":[{\"@type\":\"ReadAction\",\"target\":[\"https:\\\/\\\/fmpatagoniamadryn.com.ar\\\/?p=3548\"]}]},{\"@type\":\"ImageObject\",\"inLanguage\":\"es\",\"@id\":\"https:\\\/\\\/fmpatagoniamadryn.com.ar\\\/?p=3548#primaryimage\",\"url\":\"https:\\\/\\\/fmpatagoniamadryn.com.ar\\\/wp-content\\\/uploads\\\/2023\\\/06\\\/Trevelin-la-instalacion-de-una-sala-de-faena-porcina-2-scaled.jpg\",\"contentUrl\":\"https:\\\/\\\/fmpatagoniamadryn.com.ar\\\/wp-content\\\/uploads\\\/2023\\\/06\\\/Trevelin-la-instalacion-de-una-sala-de-faena-porcina-2-scaled.jpg\",\"width\":2560,\"height\":1702},{\"@type\":\"BreadcrumbList\",\"@id\":\"https:\\\/\\\/fmpatagoniamadryn.com.ar\\\/?p=3548#breadcrumb\",\"itemListElement\":[{\"@type\":\"ListItem\",\"position\":1,\"name\":\"Portada\",\"item\":\"https:\\\/\\\/fmpatagoniamadryn.com.ar\\\/\"},{\"@type\":\"ListItem\",\"position\":2,\"name\":\"El Gobierno Provincial desarrolla junto al municipio de Trevelin la instalaci\u00f3n de una sala de faena porcina\"}]},{\"@type\":\"WebSite\",\"@id\":\"https:\\\/\\\/fmpatagoniamadryn.com.ar\\\/#website\",\"url\":\"https:\\\/\\\/fmpatagoniamadryn.com.ar\\\/\",\"name\":\"FM Patagonia Madryn\",\"description\":\"Radio Patagonia 105.5\",\"publisher\":{\"@id\":\"https:\\\/\\\/fmpatagoniamadryn.com.ar\\\/#organization\"},\"potentialAction\":[{\"@type\":\"SearchAction\",\"target\":{\"@type\":\"EntryPoint\",\"urlTemplate\":\"https:\\\/\\\/fmpatagoniamadryn.com.ar\\\/?s={search_term_string}\"},\"query-input\":{\"@type\":\"PropertyValueSpecification\",\"valueRequired\":true,\"valueName\":\"search_term_string\"}}],\"inLanguage\":\"es\"},{\"@type\":\"Organization\",\"@id\":\"https:\\\/\\\/fmpatagoniamadryn.com.ar\\\/#organization\",\"name\":\"FM Patagonia Madryn\",\"url\":\"https:\\\/\\\/fmpatagoniamadryn.com.ar\\\/\",\"logo\":{\"@type\":\"ImageObject\",\"inLanguage\":\"es\",\"@id\":\"https:\\\/\\\/fmpatagoniamadryn.com.ar\\\/#\\\/schema\\\/logo\\\/image\\\/\",\"url\":\"https:\\\/\\\/fmpatagoniamadryn.com.ar\\\/wp-content\\\/uploads\\\/2023\\\/01\\\/cropped-Diseno-sin-titulo.png\",\"contentUrl\":\"https:\\\/\\\/fmpatagoniamadryn.com.ar\\\/wp-content\\\/uploads\\\/2023\\\/01\\\/cropped-Diseno-sin-titulo.png\",\"width\":6911,\"height\":2657,\"caption\":\"FM Patagonia Madryn\"},\"image\":{\"@id\":\"https:\\\/\\\/fmpatagoniamadryn.com.ar\\\/#\\\/schema\\\/logo\\\/image\\\/\"}},{\"@type\":\"Person\",\"@id\":\"https:\\\/\\\/fmpatagoniamadryn.com.ar\\\/#\\\/schema\\\/person\\\/1d968ec613613768e14b4e6420a2b125\",\"name\":\"FM Patagonia\",\"url\":\"https:\\\/\\\/fmpatagoniamadryn.com.ar\\\/?author=3\"}]}<\/script>\n<!-- \/ Yoast SEO plugin. -->","yoast_head_json":{"title":"El Gobierno Provincial desarrolla junto al municipio de Trevelin la instalaci\u00f3n de una sala de faena porcina - FM Patagonia Madryn","robots":{"index":"index","follow":"follow","max-snippet":"max-snippet:-1","max-image-preview":"max-image-preview:large","max-video-preview":"max-video-preview:-1"},"canonical":"https:\/\/fmpatagoniamadryn.com.ar\/?p=3548","og_locale":"es_ES","og_type":"article","og_title":"El Gobierno Provincial desarrolla junto al municipio de Trevelin la instalaci\u00f3n de una sala de faena porcina - FM Patagonia Madryn","og_description":"En este nuevo predio podr\u00e1n trabajar tambi\u00e9n productores de Esquel y la zona. En el marco de la celebraci\u00f3n del D\u00eda de la Producci\u00f3n Porcina, el Gobierno del Chubut -por&hellip;","og_url":"https:\/\/fmpatagoniamadryn.com.ar\/?p=3548","og_site_name":"FM Patagonia Madryn","article_published_time":"2023-06-15T14:40:45+00:00","article_modified_time":"2023-06-15T14:42:33+00:00","og_image":[{"width":2560,"height":1702,"url":"https:\/\/fmpatagoniamadryn.com.ar\/wp-content\/uploads\/2023\/06\/Trevelin-la-instalacion-de-una-sala-de-faena-porcina-2-scaled.jpg","type":"image\/jpeg"}],"author":"FM Patagonia","twitter_card":"summary_large_image","twitter_misc":{"Escrito por":"FM Patagonia","Tiempo de lectura":"1 minuto"},"schema":{"@context":"https:\/\/schema.org","@graph":[{"@type":"Article","@id":"https:\/\/fmpatagoniamadryn.com.ar\/?p=3548#article","isPartOf":{"@id":"https:\/\/fmpatagoniamadryn.com.ar\/?p=3548"},"author":{"name":"FM Patagonia","@id":"https:\/\/fmpatagoniamadryn.com.ar\/#\/schema\/person\/1d968ec613613768e14b4e6420a2b125"},"headline":"El Gobierno Provincial desarrolla junto al municipio de Trevelin la instalaci\u00f3n de una sala de faena porcina","datePublished":"2023-06-15T14:40:45+00:00","dateModified":"2023-06-15T14:42:33+00:00","mainEntityOfPage":{"@id":"https:\/\/fmpatagoniamadryn.com.ar\/?p=3548"},"wordCount":316,"publisher":{"@id":"https:\/\/fmpatagoniamadryn.com.ar\/#organization"},"image":{"@id":"https:\/\/fmpatagoniamadryn.com.ar\/?p=3548#primaryimage"},"thumbnailUrl":"https:\/\/fmpatagoniamadryn.com.ar\/wp-content\/uploads\/2023\/06\/Trevelin-la-instalacion-de-una-sala-de-faena-porcina-2-scaled.jpg","articleSection":["Provinciales"],"inLanguage":"es"},{"@type":"WebPage","@id":"https:\/\/fmpatagoniamadryn.com.ar\/?p=3548","url":"https:\/\/fmpatagoniamadryn.com.ar\/?p=3548","name":"El Gobierno Provincial desarrolla junto al municipio de Trevelin la instalaci\u00f3n de una sala de faena porcina - FM Patagonia Madryn","isPartOf":{"@id":"https:\/\/fmpatagoniamadryn.com.ar\/#website"},"primaryImageOfPage":{"@id":"https:\/\/fmpatagoniamadryn.com.ar\/?p=3548#primaryimage"},"image":{"@id":"https:\/\/fmpatagoniamadryn.com.ar\/?p=3548#primaryimage"},"thumbnailUrl":"https:\/\/fmpatagoniamadryn.com.ar\/wp-content\/uploads\/2023\/06\/Trevelin-la-instalacion-de-una-sala-de-faena-porcina-2-scaled.jpg","datePublished":"2023-06-15T14:40:45+00:00","dateModified":"2023-06-15T14:42:33+00:00","breadcrumb":{"@id":"https:\/\/fmpatagoniamadryn.com.ar\/?p=3548#breadcrumb"},"inLanguage":"es","potentialAction":[{"@type":"ReadAction","target":["https:\/\/fmpatagoniamadryn.com.ar\/?p=3548"]}]},{"@type":"ImageObject","inLanguage":"es","@id":"https:\/\/fmpatagoniamadryn.com.ar\/?p=3548#primaryimage","url":"https:\/\/fmpatagoniamadryn.com.ar\/wp-content\/uploads\/2023\/06\/Trevelin-la-instalacion-de-una-sala-de-faena-porcina-2-scaled.jpg","contentUrl":"https:\/\/fmpatagoniamadryn.com.ar\/wp-content\/uploads\/2023\/06\/Trevelin-la-instalacion-de-una-sala-de-faena-porcina-2-scaled.jpg","width":2560,"height":1702},{"@type":"BreadcrumbList","@id":"https:\/\/fmpatagoniamadryn.com.ar\/?p=3548#breadcrumb","itemListElement":[{"@type":"ListItem","position":1,"name":"Portada","item":"https:\/\/fmpatagoniamadryn.com.ar\/"},{"@type":"ListItem","position":2,"name":"El Gobierno Provincial desarrolla junto al municipio de Trevelin la instalaci\u00f3n de una sala de faena porcina"}]},{"@type":"WebSite","@id":"https:\/\/fmpatagoniamadryn.com.ar\/#website","url":"https:\/\/fmpatagoniamadryn.com.ar\/","name":"FM Patagonia Madryn","description":"Radio Patagonia 105.5","publisher":{"@id":"https:\/\/fmpatagoniamadryn.com.ar\/#organization"},"potentialAction":[{"@type":"SearchAction","target":{"@type":"EntryPoint","urlTemplate":"https:\/\/fmpatagoniamadryn.com.ar\/?s={search_term_string}"},"query-input":{"@type":"PropertyValueSpecification","valueRequired":true,"valueName":"search_term_string"}}],"inLanguage":"es"},{"@type":"Organization","@id":"https:\/\/fmpatagoniamadryn.com.ar\/#organization","name":"FM Patagonia Madryn","url":"https:\/\/fmpatagoniamadryn.com.ar\/","logo":{"@type":"ImageObject","inLanguage":"es","@id":"https:\/\/fmpatagoniamadryn.com.ar\/#\/schema\/logo\/image\/","url":"https:\/\/fmpatagoniamadryn.com.ar\/wp-content\/uploads\/2023\/01\/cropped-Diseno-sin-titulo.png","contentUrl":"https:\/\/fmpatagoniamadryn.com.ar\/wp-content\/uploads\/2023\/01\/cropped-Diseno-sin-titulo.png","width":6911,"height":2657,"caption":"FM Patagonia Madryn"},"image":{"@id":"https:\/\/fmpatagoniamadryn.com.ar\/#\/schema\/logo\/image\/"}},{"@type":"Person","@id":"https:\/\/fmpatagoniamadryn.com.ar\/#\/schema\/person\/1d968ec613613768e14b4e6420a2b125","name":"FM Patagonia","url":"https:\/\/fmpatagoniamadryn.com.ar\/?author=3"}]}},"jetpack_featured_media_url":"https:\/\/fmpatagoniamadryn.com.ar\/wp-content\/uploads\/2023\/06\/Trevelin-la-instalacion-de-una-sala-de-faena-porcina-2-scaled.jpg","_links":{"self":[{"href":"https:\/\/fmpatagoniamadryn.com.ar\/index.php?rest_route=\/wp\/v2\/posts\/3548","targetHints":{"allow":["GET"]}}],"collection":[{"href":"https:\/\/fmpatagoniamadryn.com.ar\/index.php?rest_route=\/wp\/v2\/posts"}],"about":[{"href":"https:\/\/fmpatagoniamadryn.com.ar\/index.php?rest_route=\/wp\/v2\/types\/post"}],"author":[{"embeddable":true,"href":"https:\/\/fmpatagoniamadryn.com.ar\/index.php?rest_route=\/wp\/v2\/users\/3"}],"replies":[{"embeddable":true,"href":"https:\/\/fmpatagoniamadryn.com.ar\/index.php?rest_route=%2Fwp%2Fv2%2Fcomments&post=3548"}],"version-history":[{"count":1,"href":"https:\/\/fmpatagoniamadryn.com.ar\/index.php?rest_route=\/wp\/v2\/posts\/3548\/revisions"}],"predecessor-version":[{"id":3549,"href":"https:\/\/fmpatagoniamadryn.com.ar\/index.php?rest_route=\/wp\/v2\/posts\/3548\/revisions\/3549"}],"wp:featuredmedia":[{"embeddable":true,"href":"https:\/\/fmpatagoniamadryn.com.ar\/index.php?rest_route=\/wp\/v2\/media\/3547"}],"wp:attachment":[{"href":"https:\/\/fmpatagoniamadryn.com.ar\/index.php?rest_route=%2Fwp%2Fv2%2Fmedia&parent=3548"}],"wp:term":[{"taxonomy":"category","embeddable":true,"href":"https:\/\/fmpatagoniamadryn.com.ar\/index.php?rest_route=%2Fwp%2Fv2%2Fcategories&post=3548"},{"taxonomy":"post_tag","embeddable":true,"href":"https:\/\/fmpatagoniamadryn.com.ar\/index.php?rest_route=%2Fwp%2Fv2%2Ftags&post=3548"}],"curies":[{"name":"wp","href":"https:\/\/api.w.org\/{rel}","templated":true}]}}