{"id":3557,"date":"2023-06-16T10:32:50","date_gmt":"2023-06-16T13:32:50","guid":{"rendered":"https:\/\/fmpatagoniamadryn.com.ar\/?p=3557"},"modified":"2023-06-16T10:32:57","modified_gmt":"2023-06-16T13:32:57","slug":"se-lanzo-la-temporada-de-ballenas-2023-en-puerto-madryn","status":"publish","type":"post","link":"https:\/\/fmpatagoniamadryn.com.ar\/?p=3557","title":{"rendered":"\u00abSE LANZ\u00d3 LA TEMPORADA DE BALLENAS 2023 EN PUERTO MADRYN\u00bb"},"content":{"rendered":"\n<p>Por segundo a\u00f1o consecutivo, se hizo la presentaci\u00f3n de uno de los principales atractivos tur\u00edsticos de la provincia en esta localidad. El acto estuvo encabezado por el gobernador Mariano Arcioni, el vicegobernador Ricardo Sastre y el intendente Gustavo Sastre<br><br>En la jornada de hoy se realiz\u00f3 el lanzamiento de la Temporada de Ballenas en la ciudad de Puerto Madryn, en un acto que fue encabezado por el gobernador de Chubut, Mariano Arcioni; el vicegobernador de la Provincia, Ricardo Sastre y el intendente anfitri\u00f3n, Gustavo Sastre. Adem\u00e1s, estuvieron presentes el ministro de Turismo y \u00c1reas Protegidas de Chubut, Leonardo Gaffet; la subsecretaria de Desarrollo Estrat\u00e9gico del Ministerio de Turismo y Deportes de la Naci\u00f3n, Eugenia Benedetti; el subsecretario de Relaciones Institucionales de la misma cartera, Leandro Balsini, y la vicepresidenta de la C\u00e1mara de Turismo de Chubut, Leticia Ben\u00edtez.<br><br>Con la presencia de representantes del sector privado de la actividad tur\u00edstica y autoridades nacionales, provinciales y locales, se present\u00f3 oficialmente una nueva temporada, en la que ya se disfruta de la compa\u00f1\u00eda de las ballenas Francas Australes, que vienen a las aguas del Golfo Nuevo a parir a sus cr\u00edas.<br><br>En dicha oportunidad, tambi\u00e9n se firmaron distintos convenios. En primer lugar, se concret\u00f3 la r\u00fabrica del acta de adhesi\u00f3n de la Municipalidad de Puerto Madryn al Programa de Integraci\u00f3n Digital en Turismo de la Direcci\u00f3n General de Comunicaci\u00f3n y Marketing, dependiente de la Subsecretar\u00eda de Turismo del Ministerio de Turismo y \u00c1reas Protegidas de Chubut. Posteriormente, se firm\u00f3 un acta compromiso entre dicha cartera provincial y el Municipio de Puerto Madryn.<br><br>Adem\u00e1s de la entrega de reconocimientos a distintos referentes y representantes que est\u00e1n vinculados a la actividad tur\u00edstica, se realiz\u00f3 un homenaje a Roger Payne, quien falleci\u00f3 el pasado 10 de junio y quien en 1971 inici\u00f3 el programa cient\u00edfico que hoy contin\u00faa en Pen\u00ednsula Vald\u00e9s.<br><br>Una de las principales industrias<br><br>Al respecto, el Intendente dijo: \u201cHoy vivimos un nuevo lanzamiento de la Temporada de Ballenas en Puerto Madryn, siendo este uno de los principales encantos tur\u00edsticos que tenemos en nuestra ciudad. Venimos de temporadas incre\u00edbles y estamos seguros que esta no va a ser la excepci\u00f3n y ya estamos preparados para recibir a una gran cantidad de turistas de los distintos puntos del pa\u00eds y tambi\u00e9n del extranjero. Estamos en el lugar perfecto. Trabajemos todos los d\u00edas para seguir consolid\u00e1ndonos y fortaleci\u00e9ndonos como destino\u201d.<br><br>En este mismo sentido, el Jefe Comunal destac\u00f3: \u201cHoy Puerto Madryn es uno de los destinos m\u00e1s elegidos de la Rep\u00fablica Argentina y es algo que nos llena de orgullo porque desde el primer d\u00eda nos propusimos que el turismo sea una de las principales industrias de la ciudad y lo hemos logrado. Pero esto no significa que nos vamos a quedar de brazos cruzados, sino que vamos a seguir trabajando para continuar creciendo, fortaleciendo los trabajos mancomunados con el sector privado, buscando ampliar la conectividad a\u00e9rea y consolidar las acciones articuladas con Provincia y con Naci\u00f3n\u201d.<\/p>\n","protected":false},"excerpt":{"rendered":"<p>Por segundo a\u00f1o consecutivo, se hizo la presentaci\u00f3n de uno de los principales atractivos tur\u00edsticos de la provincia en esta localidad. El acto estuvo encabezado por el gobernador Mariano Arcioni,&hellip; <\/p>\n","protected":false},"author":3,"featured_media":3556,"comment_status":"closed","ping_status":"closed","sticky":false,"template":"","format":"standard","meta":{"footnotes":""},"categories":[15],"tags":[],"class_list":["post-3557","post","type-post","status-publish","format-standard","has-post-thumbnail","hentry","category-locales"],"yoast_head":"<!-- This site is optimized with the Yoast SEO plugin v27.4 - https:\/\/yoast.com\/product\/yoast-seo-wordpress\/ -->\n<title>&quot;SE LANZ\u00d3 LA TEMPORADA DE BALLENAS 2023 EN PUERTO MADRYN&quot; - FM Patagonia Madryn<\/title>\n<meta name=\"robots\" content=\"index, follow, max-snippet:-1, max-image-preview:large, max-video-preview:-1\" \/>\n<link rel=\"canonical\" href=\"https:\/\/fmpatagoniamadryn.com.ar\/?p=3557\" \/>\n<meta property=\"og:locale\" content=\"es_ES\" \/>\n<meta property=\"og:type\" content=\"article\" \/>\n<meta property=\"og:title\" content=\"&quot;SE LANZ\u00d3 LA TEMPORADA DE BALLENAS 2023 EN PUERTO MADRYN&quot; - FM Patagonia Madryn\" \/>\n<meta property=\"og:description\" content=\"Por segundo a\u00f1o consecutivo, se hizo la presentaci\u00f3n de uno de los principales atractivos tur\u00edsticos de la provincia en esta localidad. El acto estuvo encabezado por el gobernador Mariano Arcioni,&hellip;\" \/>\n<meta property=\"og:url\" content=\"https:\/\/fmpatagoniamadryn.com.ar\/?p=3557\" \/>\n<meta property=\"og:site_name\" content=\"FM Patagonia Madryn\" \/>\n<meta property=\"article:published_time\" content=\"2023-06-16T13:32:50+00:00\" \/>\n<meta property=\"article:modified_time\" content=\"2023-06-16T13:32:57+00:00\" \/>\n<meta property=\"og:image\" content=\"https:\/\/fmpatagoniamadryn.com.ar\/wp-content\/uploads\/2023\/06\/FB_IMG_1686922350983.jpg\" \/>\n\t<meta property=\"og:image:width\" content=\"720\" \/>\n\t<meta property=\"og:image:height\" content=\"390\" \/>\n\t<meta property=\"og:image:type\" content=\"image\/jpeg\" \/>\n<meta name=\"author\" content=\"FM Patagonia\" \/>\n<meta name=\"twitter:card\" content=\"summary_large_image\" \/>\n<meta name=\"twitter:label1\" content=\"Escrito por\" \/>\n\t<meta name=\"twitter:data1\" content=\"FM Patagonia\" \/>\n\t<meta name=\"twitter:label2\" content=\"Tiempo de lectura\" \/>\n\t<meta name=\"twitter:data2\" content=\"3 minutos\" \/>\n<script type=\"application\/ld+json\" class=\"yoast-schema-graph\">{\"@context\":\"https:\\\/\\\/schema.org\",\"@graph\":[{\"@type\":\"Article\",\"@id\":\"https:\\\/\\\/fmpatagoniamadryn.com.ar\\\/?p=3557#article\",\"isPartOf\":{\"@id\":\"https:\\\/\\\/fmpatagoniamadryn.com.ar\\\/?p=3557\"},\"author\":{\"name\":\"FM Patagonia\",\"@id\":\"https:\\\/\\\/fmpatagoniamadryn.com.ar\\\/#\\\/schema\\\/person\\\/1d968ec613613768e14b4e6420a2b125\"},\"headline\":\"\u00abSE LANZ\u00d3 LA TEMPORADA DE BALLENAS 2023 EN PUERTO MADRYN\u00bb\",\"datePublished\":\"2023-06-16T13:32:50+00:00\",\"dateModified\":\"2023-06-16T13:32:57+00:00\",\"mainEntityOfPage\":{\"@id\":\"https:\\\/\\\/fmpatagoniamadryn.com.ar\\\/?p=3557\"},\"wordCount\":538,\"publisher\":{\"@id\":\"https:\\\/\\\/fmpatagoniamadryn.com.ar\\\/#organization\"},\"image\":{\"@id\":\"https:\\\/\\\/fmpatagoniamadryn.com.ar\\\/?p=3557#primaryimage\"},\"thumbnailUrl\":\"https:\\\/\\\/fmpatagoniamadryn.com.ar\\\/wp-content\\\/uploads\\\/2023\\\/06\\\/FB_IMG_1686922350983.jpg\",\"articleSection\":[\"Locales\"],\"inLanguage\":\"es\"},{\"@type\":\"WebPage\",\"@id\":\"https:\\\/\\\/fmpatagoniamadryn.com.ar\\\/?p=3557\",\"url\":\"https:\\\/\\\/fmpatagoniamadryn.com.ar\\\/?p=3557\",\"name\":\"\\\"SE LANZ\u00d3 LA TEMPORADA DE BALLENAS 2023 EN PUERTO MADRYN\\\" - FM Patagonia Madryn\",\"isPartOf\":{\"@id\":\"https:\\\/\\\/fmpatagoniamadryn.com.ar\\\/#website\"},\"primaryImageOfPage\":{\"@id\":\"https:\\\/\\\/fmpatagoniamadryn.com.ar\\\/?p=3557#primaryimage\"},\"image\":{\"@id\":\"https:\\\/\\\/fmpatagoniamadryn.com.ar\\\/?p=3557#primaryimage\"},\"thumbnailUrl\":\"https:\\\/\\\/fmpatagoniamadryn.com.ar\\\/wp-content\\\/uploads\\\/2023\\\/06\\\/FB_IMG_1686922350983.jpg\",\"datePublished\":\"2023-06-16T13:32:50+00:00\",\"dateModified\":\"2023-06-16T13:32:57+00:00\",\"breadcrumb\":{\"@id\":\"https:\\\/\\\/fmpatagoniamadryn.com.ar\\\/?p=3557#breadcrumb\"},\"inLanguage\":\"es\",\"potentialAction\":[{\"@type\":\"ReadAction\",\"target\":[\"https:\\\/\\\/fmpatagoniamadryn.com.ar\\\/?p=3557\"]}]},{\"@type\":\"ImageObject\",\"inLanguage\":\"es\",\"@id\":\"https:\\\/\\\/fmpatagoniamadryn.com.ar\\\/?p=3557#primaryimage\",\"url\":\"https:\\\/\\\/fmpatagoniamadryn.com.ar\\\/wp-content\\\/uploads\\\/2023\\\/06\\\/FB_IMG_1686922350983.jpg\",\"contentUrl\":\"https:\\\/\\\/fmpatagoniamadryn.com.ar\\\/wp-content\\\/uploads\\\/2023\\\/06\\\/FB_IMG_1686922350983.jpg\",\"width\":720,\"height\":390},{\"@type\":\"BreadcrumbList\",\"@id\":\"https:\\\/\\\/fmpatagoniamadryn.com.ar\\\/?p=3557#breadcrumb\",\"itemListElement\":[{\"@type\":\"ListItem\",\"position\":1,\"name\":\"Portada\",\"item\":\"https:\\\/\\\/fmpatagoniamadryn.com.ar\\\/\"},{\"@type\":\"ListItem\",\"position\":2,\"name\":\"\u00abSE LANZ\u00d3 LA TEMPORADA DE BALLENAS 2023 EN PUERTO MADRYN\u00bb\"}]},{\"@type\":\"WebSite\",\"@id\":\"https:\\\/\\\/fmpatagoniamadryn.com.ar\\\/#website\",\"url\":\"https:\\\/\\\/fmpatagoniamadryn.com.ar\\\/\",\"name\":\"FM Patagonia Madryn\",\"description\":\"Radio Patagonia 105.5\",\"publisher\":{\"@id\":\"https:\\\/\\\/fmpatagoniamadryn.com.ar\\\/#organization\"},\"potentialAction\":[{\"@type\":\"SearchAction\",\"target\":{\"@type\":\"EntryPoint\",\"urlTemplate\":\"https:\\\/\\\/fmpatagoniamadryn.com.ar\\\/?s={search_term_string}\"},\"query-input\":{\"@type\":\"PropertyValueSpecification\",\"valueRequired\":true,\"valueName\":\"search_term_string\"}}],\"inLanguage\":\"es\"},{\"@type\":\"Organization\",\"@id\":\"https:\\\/\\\/fmpatagoniamadryn.com.ar\\\/#organization\",\"name\":\"FM Patagonia Madryn\",\"url\":\"https:\\\/\\\/fmpatagoniamadryn.com.ar\\\/\",\"logo\":{\"@type\":\"ImageObject\",\"inLanguage\":\"es\",\"@id\":\"https:\\\/\\\/fmpatagoniamadryn.com.ar\\\/#\\\/schema\\\/logo\\\/image\\\/\",\"url\":\"https:\\\/\\\/fmpatagoniamadryn.com.ar\\\/wp-content\\\/uploads\\\/2023\\\/01\\\/cropped-Diseno-sin-titulo.png\",\"contentUrl\":\"https:\\\/\\\/fmpatagoniamadryn.com.ar\\\/wp-content\\\/uploads\\\/2023\\\/01\\\/cropped-Diseno-sin-titulo.png\",\"width\":6911,\"height\":2657,\"caption\":\"FM Patagonia Madryn\"},\"image\":{\"@id\":\"https:\\\/\\\/fmpatagoniamadryn.com.ar\\\/#\\\/schema\\\/logo\\\/image\\\/\"}},{\"@type\":\"Person\",\"@id\":\"https:\\\/\\\/fmpatagoniamadryn.com.ar\\\/#\\\/schema\\\/person\\\/1d968ec613613768e14b4e6420a2b125\",\"name\":\"FM Patagonia\",\"url\":\"https:\\\/\\\/fmpatagoniamadryn.com.ar\\\/?author=3\"}]}<\/script>\n<!-- \/ Yoast SEO plugin. -->","yoast_head_json":{"title":"\"SE LANZ\u00d3 LA TEMPORADA DE BALLENAS 2023 EN PUERTO MADRYN\" - FM Patagonia Madryn","robots":{"index":"index","follow":"follow","max-snippet":"max-snippet:-1","max-image-preview":"max-image-preview:large","max-video-preview":"max-video-preview:-1"},"canonical":"https:\/\/fmpatagoniamadryn.com.ar\/?p=3557","og_locale":"es_ES","og_type":"article","og_title":"\"SE LANZ\u00d3 LA TEMPORADA DE BALLENAS 2023 EN PUERTO MADRYN\" - FM Patagonia Madryn","og_description":"Por segundo a\u00f1o consecutivo, se hizo la presentaci\u00f3n de uno de los principales atractivos tur\u00edsticos de la provincia en esta localidad. El acto estuvo encabezado por el gobernador Mariano Arcioni,&hellip;","og_url":"https:\/\/fmpatagoniamadryn.com.ar\/?p=3557","og_site_name":"FM Patagonia Madryn","article_published_time":"2023-06-16T13:32:50+00:00","article_modified_time":"2023-06-16T13:32:57+00:00","og_image":[{"width":720,"height":390,"url":"https:\/\/fmpatagoniamadryn.com.ar\/wp-content\/uploads\/2023\/06\/FB_IMG_1686922350983.jpg","type":"image\/jpeg"}],"author":"FM Patagonia","twitter_card":"summary_large_image","twitter_misc":{"Escrito por":"FM Patagonia","Tiempo de lectura":"3 minutos"},"schema":{"@context":"https:\/\/schema.org","@graph":[{"@type":"Article","@id":"https:\/\/fmpatagoniamadryn.com.ar\/?p=3557#article","isPartOf":{"@id":"https:\/\/fmpatagoniamadryn.com.ar\/?p=3557"},"author":{"name":"FM Patagonia","@id":"https:\/\/fmpatagoniamadryn.com.ar\/#\/schema\/person\/1d968ec613613768e14b4e6420a2b125"},"headline":"\u00abSE LANZ\u00d3 LA TEMPORADA DE BALLENAS 2023 EN PUERTO MADRYN\u00bb","datePublished":"2023-06-16T13:32:50+00:00","dateModified":"2023-06-16T13:32:57+00:00","mainEntityOfPage":{"@id":"https:\/\/fmpatagoniamadryn.com.ar\/?p=3557"},"wordCount":538,"publisher":{"@id":"https:\/\/fmpatagoniamadryn.com.ar\/#organization"},"image":{"@id":"https:\/\/fmpatagoniamadryn.com.ar\/?p=3557#primaryimage"},"thumbnailUrl":"https:\/\/fmpatagoniamadryn.com.ar\/wp-content\/uploads\/2023\/06\/FB_IMG_1686922350983.jpg","articleSection":["Locales"],"inLanguage":"es"},{"@type":"WebPage","@id":"https:\/\/fmpatagoniamadryn.com.ar\/?p=3557","url":"https:\/\/fmpatagoniamadryn.com.ar\/?p=3557","name":"\"SE LANZ\u00d3 LA TEMPORADA DE BALLENAS 2023 EN PUERTO MADRYN\" - FM Patagonia Madryn","isPartOf":{"@id":"https:\/\/fmpatagoniamadryn.com.ar\/#website"},"primaryImageOfPage":{"@id":"https:\/\/fmpatagoniamadryn.com.ar\/?p=3557#primaryimage"},"image":{"@id":"https:\/\/fmpatagoniamadryn.com.ar\/?p=3557#primaryimage"},"thumbnailUrl":"https:\/\/fmpatagoniamadryn.com.ar\/wp-content\/uploads\/2023\/06\/FB_IMG_1686922350983.jpg","datePublished":"2023-06-16T13:32:50+00:00","dateModified":"2023-06-16T13:32:57+00:00","breadcrumb":{"@id":"https:\/\/fmpatagoniamadryn.com.ar\/?p=3557#breadcrumb"},"inLanguage":"es","potentialAction":[{"@type":"ReadAction","target":["https:\/\/fmpatagoniamadryn.com.ar\/?p=3557"]}]},{"@type":"ImageObject","inLanguage":"es","@id":"https:\/\/fmpatagoniamadryn.com.ar\/?p=3557#primaryimage","url":"https:\/\/fmpatagoniamadryn.com.ar\/wp-content\/uploads\/2023\/06\/FB_IMG_1686922350983.jpg","contentUrl":"https:\/\/fmpatagoniamadryn.com.ar\/wp-content\/uploads\/2023\/06\/FB_IMG_1686922350983.jpg","width":720,"height":390},{"@type":"BreadcrumbList","@id":"https:\/\/fmpatagoniamadryn.com.ar\/?p=3557#breadcrumb","itemListElement":[{"@type":"ListItem","position":1,"name":"Portada","item":"https:\/\/fmpatagoniamadryn.com.ar\/"},{"@type":"ListItem","position":2,"name":"\u00abSE LANZ\u00d3 LA TEMPORADA DE BALLENAS 2023 EN PUERTO MADRYN\u00bb"}]},{"@type":"WebSite","@id":"https:\/\/fmpatagoniamadryn.com.ar\/#website","url":"https:\/\/fmpatagoniamadryn.com.ar\/","name":"FM Patagonia Madryn","description":"Radio Patagonia 105.5","publisher":{"@id":"https:\/\/fmpatagoniamadryn.com.ar\/#organization"},"potentialAction":[{"@type":"SearchAction","target":{"@type":"EntryPoint","urlTemplate":"https:\/\/fmpatagoniamadryn.com.ar\/?s={search_term_string}"},"query-input":{"@type":"PropertyValueSpecification","valueRequired":true,"valueName":"search_term_string"}}],"inLanguage":"es"},{"@type":"Organization","@id":"https:\/\/fmpatagoniamadryn.com.ar\/#organization","name":"FM Patagonia Madryn","url":"https:\/\/fmpatagoniamadryn.com.ar\/","logo":{"@type":"ImageObject","inLanguage":"es","@id":"https:\/\/fmpatagoniamadryn.com.ar\/#\/schema\/logo\/image\/","url":"https:\/\/fmpatagoniamadryn.com.ar\/wp-content\/uploads\/2023\/01\/cropped-Diseno-sin-titulo.png","contentUrl":"https:\/\/fmpatagoniamadryn.com.ar\/wp-content\/uploads\/2023\/01\/cropped-Diseno-sin-titulo.png","width":6911,"height":2657,"caption":"FM Patagonia Madryn"},"image":{"@id":"https:\/\/fmpatagoniamadryn.com.ar\/#\/schema\/logo\/image\/"}},{"@type":"Person","@id":"https:\/\/fmpatagoniamadryn.com.ar\/#\/schema\/person\/1d968ec613613768e14b4e6420a2b125","name":"FM Patagonia","url":"https:\/\/fmpatagoniamadryn.com.ar\/?author=3"}]}},"jetpack_featured_media_url":"https:\/\/fmpatagoniamadryn.com.ar\/wp-content\/uploads\/2023\/06\/FB_IMG_1686922350983.jpg","_links":{"self":[{"href":"https:\/\/fmpatagoniamadryn.com.ar\/index.php?rest_route=\/wp\/v2\/posts\/3557","targetHints":{"allow":["GET"]}}],"collection":[{"href":"https:\/\/fmpatagoniamadryn.com.ar\/index.php?rest_route=\/wp\/v2\/posts"}],"about":[{"href":"https:\/\/fmpatagoniamadryn.com.ar\/index.php?rest_route=\/wp\/v2\/types\/post"}],"author":[{"embeddable":true,"href":"https:\/\/fmpatagoniamadryn.com.ar\/index.php?rest_route=\/wp\/v2\/users\/3"}],"replies":[{"embeddable":true,"href":"https:\/\/fmpatagoniamadryn.com.ar\/index.php?rest_route=%2Fwp%2Fv2%2Fcomments&post=3557"}],"version-history":[{"count":1,"href":"https:\/\/fmpatagoniamadryn.com.ar\/index.php?rest_route=\/wp\/v2\/posts\/3557\/revisions"}],"predecessor-version":[{"id":3558,"href":"https:\/\/fmpatagoniamadryn.com.ar\/index.php?rest_route=\/wp\/v2\/posts\/3557\/revisions\/3558"}],"wp:featuredmedia":[{"embeddable":true,"href":"https:\/\/fmpatagoniamadryn.com.ar\/index.php?rest_route=\/wp\/v2\/media\/3556"}],"wp:attachment":[{"href":"https:\/\/fmpatagoniamadryn.com.ar\/index.php?rest_route=%2Fwp%2Fv2%2Fmedia&parent=3557"}],"wp:term":[{"taxonomy":"category","embeddable":true,"href":"https:\/\/fmpatagoniamadryn.com.ar\/index.php?rest_route=%2Fwp%2Fv2%2Fcategories&post=3557"},{"taxonomy":"post_tag","embeddable":true,"href":"https:\/\/fmpatagoniamadryn.com.ar\/index.php?rest_route=%2Fwp%2Fv2%2Ftags&post=3557"}],"curies":[{"name":"wp","href":"https:\/\/api.w.org\/{rel}","templated":true}]}}