{"id":3572,"date":"2023-06-16T11:37:44","date_gmt":"2023-06-16T14:37:44","guid":{"rendered":"https:\/\/fmpatagoniamadryn.com.ar\/?p=3572"},"modified":"2023-06-16T11:38:09","modified_gmt":"2023-06-16T14:38:09","slug":"arcioni-refrendo-el-acuerdo-de-cancelacion-total-de-la-deuda-historica-del-ias-con-el-instituto-de-seguridad-social-y-seguros","status":"publish","type":"post","link":"https:\/\/fmpatagoniamadryn.com.ar\/?p=3572","title":{"rendered":"Arcioni refrend\u00f3 el acuerdo de cancelaci\u00f3n total de la deuda hist\u00f3rica del IAS con el Instituto de Seguridad Social y Seguros"},"content":{"rendered":"\n<p>El mandatario recibi\u00f3 en su despacho a los presidentes de ambos organismos, Alfredo Prior y Luis Mar\u00eda Aguirre. Se abonar\u00e1 en una cuota m\u00e1s de 360 millones de pesos y se cancela as\u00ed una deuda que comenz\u00f3 a generarse en 2013. <br><br>El gobernador del Chubut, Mariano Arcioni, recibi\u00f3 esta ma\u00f1ana en su despacho a los presidentes del Instituto de Seguridad Social y Seguros, (ISSyS) Alfredo Prior, y del Instituto de Asistencia Social (IAS), Luis Mar\u00eda Aguirre, y en la ocasi\u00f3n se firm\u00f3 un acuerdo de pago mediante el cual el organismo del juego   cancelar\u00e1 la totalidad de la deuda que mantiene por aportes patronales y de obra social. <br><br>El pago de m\u00e1s de 360 millones de pesos significa la cancelaci\u00f3n total de las acreencias que tiene el ISSyS sobre Loter\u00eda del Chubut, que comenzaron a generarse en el a\u00f1o 2013. <br><br>Estuvieron presentes adem\u00e1s el gerente general del IAS, Francisco Salto, y empleados jer\u00e1rquicos del Instituto de Asistencia Social. <br><br>El monto de cancelaci\u00f3n al Instituto asciende a la suma de 360.405.301 pesos y se abonar\u00e1 en una sola cuota. <br><br>Arcioni felicit\u00f3 a \u201ctodos y cada uno\u201d trabajadores del IAS y tambi\u00e9n a los responsables de ambos organismos por la tarea de reordenamiento de las cuentas p\u00fablicas. <br><br>\u201cEs el resultado del esfuerzo del conjunto y no de una persona. No voy a decir por todo lo que hemos pasado en todo este tiempo. Pero en este caso Loter\u00eda es una demostraci\u00f3n m\u00e1s de todo lo que nos toc\u00f3 ordenar\u201d, expres\u00f3. <br><br>Tambi\u00e9n Arcioni valor\u00f3 la tarea llevada a cabo en el ISSyS y afirm\u00f3 que \u201cahora los jubilados cobran el mismo d\u00eda que los agentes activos, y cuando se cierra una paritaria con el sector activo autom\u00e1ticamente pasa al sector pasivo. Antes, primero se cerraba con los activos, y el beneficio demoraba dos o tres meses para los jubilados\u201d. <br><br>El mandatario agreg\u00f3 que \u201ctambi\u00e9n estamos pagando la deuda hist\u00f3rica del Instituto que viene desde que se cre\u00f3 pr\u00e1cticamente\u201d y enfatiz\u00f3 que \u201ca\u00fan en los momentos m\u00e1s dif\u00edciles nunca dejamos de pagar las cargas sociales, porque sostener el Instituto era muy importante y lo hemos logrado\u201d. <br><br>Ordenamiento estatal <br><br>Por su parte, el presidente del ISSyS precis\u00f3 que \u201ca partir de esta nueva gesti\u00f3n, empezamos a trabajar y con Loter\u00eda y aunando trabajo y gesti\u00f3n, estamos llegando a este ordenamiento de las cuentas del Estado\u201d. <br><br>Prior remarc\u00f3 la importancia que \u201cesto representa para el Instituto, tener cancelada la deuda de un organismo provincial tanto en previsi\u00f3n como en la obra social\u201d. <br><br>\u201cSolamente pensar de d\u00f3nde venimos para poder mostrar esto hoy a todos los chubutenses, y en nuestro caso a nuestros jubilados y afiliados. La regularidad de c\u00f3mo se perciben los haberes, porque no hay que olvidar de donde salimos y todo lo que hemos tenido que transitar\u201d, manifest\u00f3 el titular del ISSyS. <br><br>Prior valor\u00f3 que \u201choy se pueden saldar los salarios de activos y pasivos el cuarto d\u00eda h\u00e1bil del mes, aunque la ley prev\u00e9 que despu\u00e9s de cinco d\u00edas de pagados los sueldos a los activos se deben cancelar las jubilaciones, pero por decisi\u00f3n del gobernador en Chubut se pagan el mismo d\u00eda\u201d. <br><br>\u201cY esto tiene que ver con todo ese eje de trabajo y ordenamiento que ha marcado el gobernador\u201d, concluy\u00f3. <br><br>A su turno, el titular del IAS tambi\u00e9n manifest\u00f3 que \u201cesto es parte del ordenamiento de las cuentas p\u00fablicas del Estado. Estamos terminando de cancelar una deuda originada en 2013. Hubo un trabajo muy a conciencia de todo el organismo. Los excedentes del juego se destinaron a atender la acci\u00f3n social de instituciones que lo solicitan y tambi\u00e9n a cumplir con nuestras obligaciones, que en este caso la m\u00e1s importante era con el Instituto\u201d. <br><br>Por \u00faltimo, Aguirre indic\u00f3 que \u201choy estamos al corriente con todos los proveedores de Chubut, con los juegos y con el Instituto. Entra una boleta a Loter\u00eda y a los 15 d\u00edas se salda\u201d.<\/p>\n","protected":false},"excerpt":{"rendered":"<p>El mandatario recibi\u00f3 en su despacho a los presidentes de ambos organismos, Alfredo Prior y Luis Mar\u00eda Aguirre. Se abonar\u00e1 en una cuota m\u00e1s de 360 millones de pesos y&hellip; <\/p>\n","protected":false},"author":3,"featured_media":3571,"comment_status":"closed","ping_status":"closed","sticky":false,"template":"","format":"standard","meta":{"footnotes":""},"categories":[14],"tags":[],"class_list":["post-3572","post","type-post","status-publish","format-standard","has-post-thumbnail","hentry","category-provinciales"],"yoast_head":"<!-- This site is optimized with the Yoast SEO plugin v27.4 - https:\/\/yoast.com\/product\/yoast-seo-wordpress\/ -->\n<title>Arcioni refrend\u00f3 el acuerdo de cancelaci\u00f3n total de la deuda hist\u00f3rica del IAS con el Instituto de Seguridad Social y Seguros - FM Patagonia Madryn<\/title>\n<meta name=\"robots\" content=\"index, follow, max-snippet:-1, max-image-preview:large, max-video-preview:-1\" \/>\n<link rel=\"canonical\" href=\"https:\/\/fmpatagoniamadryn.com.ar\/?p=3572\" \/>\n<meta property=\"og:locale\" content=\"es_ES\" \/>\n<meta property=\"og:type\" content=\"article\" \/>\n<meta property=\"og:title\" content=\"Arcioni refrend\u00f3 el acuerdo de cancelaci\u00f3n total de la deuda hist\u00f3rica del IAS con el Instituto de Seguridad Social y Seguros - FM Patagonia Madryn\" \/>\n<meta property=\"og:description\" content=\"El mandatario recibi\u00f3 en su despacho a los presidentes de ambos organismos, Alfredo Prior y Luis Mar\u00eda Aguirre. Se abonar\u00e1 en una cuota m\u00e1s de 360 millones de pesos y&hellip;\" \/>\n<meta property=\"og:url\" content=\"https:\/\/fmpatagoniamadryn.com.ar\/?p=3572\" \/>\n<meta property=\"og:site_name\" content=\"FM Patagonia Madryn\" \/>\n<meta property=\"article:published_time\" content=\"2023-06-16T14:37:44+00:00\" \/>\n<meta property=\"article:modified_time\" content=\"2023-06-16T14:38:09+00:00\" \/>\n<meta property=\"og:image\" content=\"https:\/\/fmpatagoniamadryn.com.ar\/wp-content\/uploads\/2023\/06\/ARCIONI-IAS-ISSyS-2-scaled.jpg\" \/>\n\t<meta property=\"og:image:width\" content=\"2560\" \/>\n\t<meta property=\"og:image:height\" content=\"1653\" \/>\n\t<meta property=\"og:image:type\" content=\"image\/jpeg\" \/>\n<meta name=\"author\" content=\"FM Patagonia\" \/>\n<meta name=\"twitter:card\" content=\"summary_large_image\" \/>\n<meta name=\"twitter:label1\" content=\"Escrito por\" \/>\n\t<meta name=\"twitter:data1\" content=\"FM Patagonia\" \/>\n\t<meta name=\"twitter:label2\" content=\"Tiempo de lectura\" \/>\n\t<meta name=\"twitter:data2\" content=\"3 minutos\" \/>\n<script type=\"application\/ld+json\" class=\"yoast-schema-graph\">{\"@context\":\"https:\\\/\\\/schema.org\",\"@graph\":[{\"@type\":\"Article\",\"@id\":\"https:\\\/\\\/fmpatagoniamadryn.com.ar\\\/?p=3572#article\",\"isPartOf\":{\"@id\":\"https:\\\/\\\/fmpatagoniamadryn.com.ar\\\/?p=3572\"},\"author\":{\"name\":\"FM Patagonia\",\"@id\":\"https:\\\/\\\/fmpatagoniamadryn.com.ar\\\/#\\\/schema\\\/person\\\/1d968ec613613768e14b4e6420a2b125\"},\"headline\":\"Arcioni refrend\u00f3 el acuerdo de cancelaci\u00f3n total de la deuda hist\u00f3rica del IAS con el Instituto de Seguridad Social y Seguros\",\"datePublished\":\"2023-06-16T14:37:44+00:00\",\"dateModified\":\"2023-06-16T14:38:09+00:00\",\"mainEntityOfPage\":{\"@id\":\"https:\\\/\\\/fmpatagoniamadryn.com.ar\\\/?p=3572\"},\"wordCount\":708,\"publisher\":{\"@id\":\"https:\\\/\\\/fmpatagoniamadryn.com.ar\\\/#organization\"},\"image\":{\"@id\":\"https:\\\/\\\/fmpatagoniamadryn.com.ar\\\/?p=3572#primaryimage\"},\"thumbnailUrl\":\"https:\\\/\\\/fmpatagoniamadryn.com.ar\\\/wp-content\\\/uploads\\\/2023\\\/06\\\/ARCIONI-IAS-ISSyS-2-scaled.jpg\",\"articleSection\":[\"Provinciales\"],\"inLanguage\":\"es\"},{\"@type\":\"WebPage\",\"@id\":\"https:\\\/\\\/fmpatagoniamadryn.com.ar\\\/?p=3572\",\"url\":\"https:\\\/\\\/fmpatagoniamadryn.com.ar\\\/?p=3572\",\"name\":\"Arcioni refrend\u00f3 el acuerdo de cancelaci\u00f3n total de la deuda hist\u00f3rica del IAS con el Instituto de Seguridad Social y Seguros - FM Patagonia Madryn\",\"isPartOf\":{\"@id\":\"https:\\\/\\\/fmpatagoniamadryn.com.ar\\\/#website\"},\"primaryImageOfPage\":{\"@id\":\"https:\\\/\\\/fmpatagoniamadryn.com.ar\\\/?p=3572#primaryimage\"},\"image\":{\"@id\":\"https:\\\/\\\/fmpatagoniamadryn.com.ar\\\/?p=3572#primaryimage\"},\"thumbnailUrl\":\"https:\\\/\\\/fmpatagoniamadryn.com.ar\\\/wp-content\\\/uploads\\\/2023\\\/06\\\/ARCIONI-IAS-ISSyS-2-scaled.jpg\",\"datePublished\":\"2023-06-16T14:37:44+00:00\",\"dateModified\":\"2023-06-16T14:38:09+00:00\",\"breadcrumb\":{\"@id\":\"https:\\\/\\\/fmpatagoniamadryn.com.ar\\\/?p=3572#breadcrumb\"},\"inLanguage\":\"es\",\"potentialAction\":[{\"@type\":\"ReadAction\",\"target\":[\"https:\\\/\\\/fmpatagoniamadryn.com.ar\\\/?p=3572\"]}]},{\"@type\":\"ImageObject\",\"inLanguage\":\"es\",\"@id\":\"https:\\\/\\\/fmpatagoniamadryn.com.ar\\\/?p=3572#primaryimage\",\"url\":\"https:\\\/\\\/fmpatagoniamadryn.com.ar\\\/wp-content\\\/uploads\\\/2023\\\/06\\\/ARCIONI-IAS-ISSyS-2-scaled.jpg\",\"contentUrl\":\"https:\\\/\\\/fmpatagoniamadryn.com.ar\\\/wp-content\\\/uploads\\\/2023\\\/06\\\/ARCIONI-IAS-ISSyS-2-scaled.jpg\",\"width\":2560,\"height\":1653},{\"@type\":\"BreadcrumbList\",\"@id\":\"https:\\\/\\\/fmpatagoniamadryn.com.ar\\\/?p=3572#breadcrumb\",\"itemListElement\":[{\"@type\":\"ListItem\",\"position\":1,\"name\":\"Portada\",\"item\":\"https:\\\/\\\/fmpatagoniamadryn.com.ar\\\/\"},{\"@type\":\"ListItem\",\"position\":2,\"name\":\"Arcioni refrend\u00f3 el acuerdo de cancelaci\u00f3n total de la deuda hist\u00f3rica del IAS con el Instituto de Seguridad Social y Seguros\"}]},{\"@type\":\"WebSite\",\"@id\":\"https:\\\/\\\/fmpatagoniamadryn.com.ar\\\/#website\",\"url\":\"https:\\\/\\\/fmpatagoniamadryn.com.ar\\\/\",\"name\":\"FM Patagonia Madryn\",\"description\":\"Radio Patagonia 105.5\",\"publisher\":{\"@id\":\"https:\\\/\\\/fmpatagoniamadryn.com.ar\\\/#organization\"},\"potentialAction\":[{\"@type\":\"SearchAction\",\"target\":{\"@type\":\"EntryPoint\",\"urlTemplate\":\"https:\\\/\\\/fmpatagoniamadryn.com.ar\\\/?s={search_term_string}\"},\"query-input\":{\"@type\":\"PropertyValueSpecification\",\"valueRequired\":true,\"valueName\":\"search_term_string\"}}],\"inLanguage\":\"es\"},{\"@type\":\"Organization\",\"@id\":\"https:\\\/\\\/fmpatagoniamadryn.com.ar\\\/#organization\",\"name\":\"FM Patagonia Madryn\",\"url\":\"https:\\\/\\\/fmpatagoniamadryn.com.ar\\\/\",\"logo\":{\"@type\":\"ImageObject\",\"inLanguage\":\"es\",\"@id\":\"https:\\\/\\\/fmpatagoniamadryn.com.ar\\\/#\\\/schema\\\/logo\\\/image\\\/\",\"url\":\"https:\\\/\\\/fmpatagoniamadryn.com.ar\\\/wp-content\\\/uploads\\\/2023\\\/01\\\/cropped-Diseno-sin-titulo.png\",\"contentUrl\":\"https:\\\/\\\/fmpatagoniamadryn.com.ar\\\/wp-content\\\/uploads\\\/2023\\\/01\\\/cropped-Diseno-sin-titulo.png\",\"width\":6911,\"height\":2657,\"caption\":\"FM Patagonia Madryn\"},\"image\":{\"@id\":\"https:\\\/\\\/fmpatagoniamadryn.com.ar\\\/#\\\/schema\\\/logo\\\/image\\\/\"}},{\"@type\":\"Person\",\"@id\":\"https:\\\/\\\/fmpatagoniamadryn.com.ar\\\/#\\\/schema\\\/person\\\/1d968ec613613768e14b4e6420a2b125\",\"name\":\"FM Patagonia\",\"url\":\"https:\\\/\\\/fmpatagoniamadryn.com.ar\\\/?author=3\"}]}<\/script>\n<!-- \/ Yoast SEO plugin. -->","yoast_head_json":{"title":"Arcioni refrend\u00f3 el acuerdo de cancelaci\u00f3n total de la deuda hist\u00f3rica del IAS con el Instituto de Seguridad Social y Seguros - FM Patagonia Madryn","robots":{"index":"index","follow":"follow","max-snippet":"max-snippet:-1","max-image-preview":"max-image-preview:large","max-video-preview":"max-video-preview:-1"},"canonical":"https:\/\/fmpatagoniamadryn.com.ar\/?p=3572","og_locale":"es_ES","og_type":"article","og_title":"Arcioni refrend\u00f3 el acuerdo de cancelaci\u00f3n total de la deuda hist\u00f3rica del IAS con el Instituto de Seguridad Social y Seguros - FM Patagonia Madryn","og_description":"El mandatario recibi\u00f3 en su despacho a los presidentes de ambos organismos, Alfredo Prior y Luis Mar\u00eda Aguirre. Se abonar\u00e1 en una cuota m\u00e1s de 360 millones de pesos y&hellip;","og_url":"https:\/\/fmpatagoniamadryn.com.ar\/?p=3572","og_site_name":"FM Patagonia Madryn","article_published_time":"2023-06-16T14:37:44+00:00","article_modified_time":"2023-06-16T14:38:09+00:00","og_image":[{"width":2560,"height":1653,"url":"https:\/\/fmpatagoniamadryn.com.ar\/wp-content\/uploads\/2023\/06\/ARCIONI-IAS-ISSyS-2-scaled.jpg","type":"image\/jpeg"}],"author":"FM Patagonia","twitter_card":"summary_large_image","twitter_misc":{"Escrito por":"FM Patagonia","Tiempo de lectura":"3 minutos"},"schema":{"@context":"https:\/\/schema.org","@graph":[{"@type":"Article","@id":"https:\/\/fmpatagoniamadryn.com.ar\/?p=3572#article","isPartOf":{"@id":"https:\/\/fmpatagoniamadryn.com.ar\/?p=3572"},"author":{"name":"FM Patagonia","@id":"https:\/\/fmpatagoniamadryn.com.ar\/#\/schema\/person\/1d968ec613613768e14b4e6420a2b125"},"headline":"Arcioni refrend\u00f3 el acuerdo de cancelaci\u00f3n total de la deuda hist\u00f3rica del IAS con el Instituto de Seguridad Social y Seguros","datePublished":"2023-06-16T14:37:44+00:00","dateModified":"2023-06-16T14:38:09+00:00","mainEntityOfPage":{"@id":"https:\/\/fmpatagoniamadryn.com.ar\/?p=3572"},"wordCount":708,"publisher":{"@id":"https:\/\/fmpatagoniamadryn.com.ar\/#organization"},"image":{"@id":"https:\/\/fmpatagoniamadryn.com.ar\/?p=3572#primaryimage"},"thumbnailUrl":"https:\/\/fmpatagoniamadryn.com.ar\/wp-content\/uploads\/2023\/06\/ARCIONI-IAS-ISSyS-2-scaled.jpg","articleSection":["Provinciales"],"inLanguage":"es"},{"@type":"WebPage","@id":"https:\/\/fmpatagoniamadryn.com.ar\/?p=3572","url":"https:\/\/fmpatagoniamadryn.com.ar\/?p=3572","name":"Arcioni refrend\u00f3 el acuerdo de cancelaci\u00f3n total de la deuda hist\u00f3rica del IAS con el Instituto de Seguridad Social y Seguros - FM Patagonia Madryn","isPartOf":{"@id":"https:\/\/fmpatagoniamadryn.com.ar\/#website"},"primaryImageOfPage":{"@id":"https:\/\/fmpatagoniamadryn.com.ar\/?p=3572#primaryimage"},"image":{"@id":"https:\/\/fmpatagoniamadryn.com.ar\/?p=3572#primaryimage"},"thumbnailUrl":"https:\/\/fmpatagoniamadryn.com.ar\/wp-content\/uploads\/2023\/06\/ARCIONI-IAS-ISSyS-2-scaled.jpg","datePublished":"2023-06-16T14:37:44+00:00","dateModified":"2023-06-16T14:38:09+00:00","breadcrumb":{"@id":"https:\/\/fmpatagoniamadryn.com.ar\/?p=3572#breadcrumb"},"inLanguage":"es","potentialAction":[{"@type":"ReadAction","target":["https:\/\/fmpatagoniamadryn.com.ar\/?p=3572"]}]},{"@type":"ImageObject","inLanguage":"es","@id":"https:\/\/fmpatagoniamadryn.com.ar\/?p=3572#primaryimage","url":"https:\/\/fmpatagoniamadryn.com.ar\/wp-content\/uploads\/2023\/06\/ARCIONI-IAS-ISSyS-2-scaled.jpg","contentUrl":"https:\/\/fmpatagoniamadryn.com.ar\/wp-content\/uploads\/2023\/06\/ARCIONI-IAS-ISSyS-2-scaled.jpg","width":2560,"height":1653},{"@type":"BreadcrumbList","@id":"https:\/\/fmpatagoniamadryn.com.ar\/?p=3572#breadcrumb","itemListElement":[{"@type":"ListItem","position":1,"name":"Portada","item":"https:\/\/fmpatagoniamadryn.com.ar\/"},{"@type":"ListItem","position":2,"name":"Arcioni refrend\u00f3 el acuerdo de cancelaci\u00f3n total de la deuda hist\u00f3rica del IAS con el Instituto de Seguridad Social y Seguros"}]},{"@type":"WebSite","@id":"https:\/\/fmpatagoniamadryn.com.ar\/#website","url":"https:\/\/fmpatagoniamadryn.com.ar\/","name":"FM Patagonia Madryn","description":"Radio Patagonia 105.5","publisher":{"@id":"https:\/\/fmpatagoniamadryn.com.ar\/#organization"},"potentialAction":[{"@type":"SearchAction","target":{"@type":"EntryPoint","urlTemplate":"https:\/\/fmpatagoniamadryn.com.ar\/?s={search_term_string}"},"query-input":{"@type":"PropertyValueSpecification","valueRequired":true,"valueName":"search_term_string"}}],"inLanguage":"es"},{"@type":"Organization","@id":"https:\/\/fmpatagoniamadryn.com.ar\/#organization","name":"FM Patagonia Madryn","url":"https:\/\/fmpatagoniamadryn.com.ar\/","logo":{"@type":"ImageObject","inLanguage":"es","@id":"https:\/\/fmpatagoniamadryn.com.ar\/#\/schema\/logo\/image\/","url":"https:\/\/fmpatagoniamadryn.com.ar\/wp-content\/uploads\/2023\/01\/cropped-Diseno-sin-titulo.png","contentUrl":"https:\/\/fmpatagoniamadryn.com.ar\/wp-content\/uploads\/2023\/01\/cropped-Diseno-sin-titulo.png","width":6911,"height":2657,"caption":"FM Patagonia Madryn"},"image":{"@id":"https:\/\/fmpatagoniamadryn.com.ar\/#\/schema\/logo\/image\/"}},{"@type":"Person","@id":"https:\/\/fmpatagoniamadryn.com.ar\/#\/schema\/person\/1d968ec613613768e14b4e6420a2b125","name":"FM Patagonia","url":"https:\/\/fmpatagoniamadryn.com.ar\/?author=3"}]}},"jetpack_featured_media_url":"https:\/\/fmpatagoniamadryn.com.ar\/wp-content\/uploads\/2023\/06\/ARCIONI-IAS-ISSyS-2-scaled.jpg","_links":{"self":[{"href":"https:\/\/fmpatagoniamadryn.com.ar\/index.php?rest_route=\/wp\/v2\/posts\/3572","targetHints":{"allow":["GET"]}}],"collection":[{"href":"https:\/\/fmpatagoniamadryn.com.ar\/index.php?rest_route=\/wp\/v2\/posts"}],"about":[{"href":"https:\/\/fmpatagoniamadryn.com.ar\/index.php?rest_route=\/wp\/v2\/types\/post"}],"author":[{"embeddable":true,"href":"https:\/\/fmpatagoniamadryn.com.ar\/index.php?rest_route=\/wp\/v2\/users\/3"}],"replies":[{"embeddable":true,"href":"https:\/\/fmpatagoniamadryn.com.ar\/index.php?rest_route=%2Fwp%2Fv2%2Fcomments&post=3572"}],"version-history":[{"count":1,"href":"https:\/\/fmpatagoniamadryn.com.ar\/index.php?rest_route=\/wp\/v2\/posts\/3572\/revisions"}],"predecessor-version":[{"id":3573,"href":"https:\/\/fmpatagoniamadryn.com.ar\/index.php?rest_route=\/wp\/v2\/posts\/3572\/revisions\/3573"}],"wp:featuredmedia":[{"embeddable":true,"href":"https:\/\/fmpatagoniamadryn.com.ar\/index.php?rest_route=\/wp\/v2\/media\/3571"}],"wp:attachment":[{"href":"https:\/\/fmpatagoniamadryn.com.ar\/index.php?rest_route=%2Fwp%2Fv2%2Fmedia&parent=3572"}],"wp:term":[{"taxonomy":"category","embeddable":true,"href":"https:\/\/fmpatagoniamadryn.com.ar\/index.php?rest_route=%2Fwp%2Fv2%2Fcategories&post=3572"},{"taxonomy":"post_tag","embeddable":true,"href":"https:\/\/fmpatagoniamadryn.com.ar\/index.php?rest_route=%2Fwp%2Fv2%2Ftags&post=3572"}],"curies":[{"name":"wp","href":"https:\/\/api.w.org\/{rel}","templated":true}]}}