{"id":3578,"date":"2023-06-16T14:24:28","date_gmt":"2023-06-16T17:24:28","guid":{"rendered":"https:\/\/fmpatagoniamadryn.com.ar\/?p=3578"},"modified":"2023-06-16T14:24:37","modified_gmt":"2023-06-16T17:24:37","slug":"el-gobierno-del-chubut-licito-la-ampliacion-de-la-escuela-n-68-de-gobernador-costa","status":"publish","type":"post","link":"https:\/\/fmpatagoniamadryn.com.ar\/?p=3578","title":{"rendered":"El Gobierno del Chubut licit\u00f3 la ampliaci\u00f3n de la Escuela N\u00b0 68 de Gobernador Costa"},"content":{"rendered":"\n<p>La directora del establecimiento, Mariela Rosales, expres\u00f3 la alegr\u00eda de toda la comunidad educativa ante esta obra que comprende la construcci\u00f3n de un nuevo comedor, un dep\u00f3sito, una cocina con despensa y una sala de m\u00e1quinas. Esta mejora es de gran importancia considerando que la escuela funciona con jornada completa desde el a\u00f1o pasado.<br><br>El Gobierno del Chubut, realiz\u00f3 este jueves la apertura de sobres de la Licitaci\u00f3n P\u00fablica N\u00b0 08\/23, para la ampliaci\u00f3n de la Escuela N\u00b0 68 de Gobernador Costa. El presupuesto oficial es de $ 123.805.808,77 y el plazo de ejecuci\u00f3n se fij\u00f3 en 240 d\u00edas corridos. La obra consiste en la construcci\u00f3n de un comedor, un dep\u00f3sito, una cocina con despensa y una sala de m\u00e1quinas.<br><br>El acto se desarroll\u00f3 en el Ministerio de Infraestructura, Energ\u00eda y Planificaci\u00f3n, y cont\u00f3 con la presencia del subsecretario de Obras Municipales, Sergio Ram\u00f3n; la subsecretaria de Planificaci\u00f3n, Mar\u00eda Lorena Lavecchia; el intendente de la localidad, Miguel G\u00f3mez; el secretario de Bosques, Rodrigo Roveta; la directora del establecimiento, Mariela Rosales; y Maciel Carrasco, referente de Gobernador Costa.<br><br>Al tomar la palabra, Sergio Ram\u00f3n, subsecretario de Obras Municipales, destac\u00f3: \u201cNo podr\u00edamos llevar adelante estas obras sin la decisi\u00f3n del gobernador Mariano Arcioni y del ministro de Infraestructura, Gustavo Aguilera, quienes, junto con el equipo de trabajo de toda la cartera, apuestan firmemente a este tipo de proyectos\u201d. El funcionario aprovech\u00f3 la ocasi\u00f3n para resaltar que est\u00e1n llevando a cabo numerosas obras de reparaci\u00f3n y ampliaci\u00f3n de escuelas.<br><br>\u201cEstamos realizando todas esas obras en tiempos dif\u00edciles, pero seguimos apostando por proyectos que benefician no solo a la comunidad educativa, sino tambi\u00e9n al sector empresarial, ya que generan empleo, lo cual es muy importante\u201d, se\u00f1al\u00f3 Ram\u00f3n.<br><br>Desde el a\u00f1o pasado la escuela opera con jornada completa<br><br>Al finalizar el acto, la directora de la Escuela N\u00b068, Mariela Rosales, expres\u00f3 su alegr\u00eda porque \u201cvoy a poder llevar esta hermosa noticia a toda la comunidad educativa. La escuela cumpli\u00f3 100 a\u00f1os en el 2022 y, con estos a\u00f1os de trayectoria, ha ido creciendo. Adem\u00e1s, desde abril del a\u00f1o pasado, comenzamos a funcionar con jornada completa\u201d.<br><br>\u201cNuestro comedor escolar qued\u00f3 muy peque\u00f1o y, con el paso del tiempo, ha sufrido deterioros en las instalaciones. Por eso, esta obra es muy importante. Estamos agradecidos de que vamos a poder brindar espacios m\u00e1s c\u00f3modos a nuestros estudiantes. Tambi\u00e9n para el personal, que va a poder elaborar los alimentos en un \u00e1rea acorde a las necesidades\u201d, indic\u00f3 la directora.<br><br>Con respecto a las obras planificadas, se inform\u00f3 que, adem\u00e1s de lo mencionado anteriormente, en la sala de m\u00e1quinas se instalar\u00e1 un equipo de calefacci\u00f3n por aire y un termotanque. Asimismo, se construir\u00e1 una torre tanque que abastecer\u00e1 el consumo de la cocina y el sistema de bombeo contra incendios.<br><br>Oferta<br><br>El escribano General de Gobierno, Esc. Marcelo Lizurume, abri\u00f3 la \u00fanica oferta correspondiente a la licitaci\u00f3n N\u00b008\/23, para la ampliaci\u00f3n de la Escuela N\u00b068 de Gobernador Costa. La empresa AVR Construcciones realiz\u00f3 una oferta de $136.186.389,66 y una oferta alternativa que propone realizar un descuento del 5% sobre todos y cada uno de los \u00edtems.<br><br>&#8212;<\/p>\n","protected":false},"excerpt":{"rendered":"<p>La directora del establecimiento, Mariela Rosales, expres\u00f3 la alegr\u00eda de toda la comunidad educativa ante esta obra que comprende la construcci\u00f3n de un nuevo comedor, un dep\u00f3sito, una cocina con&hellip; <\/p>\n","protected":false},"author":3,"featured_media":3577,"comment_status":"closed","ping_status":"closed","sticky":false,"template":"","format":"standard","meta":{"footnotes":""},"categories":[14],"tags":[],"class_list":["post-3578","post","type-post","status-publish","format-standard","has-post-thumbnail","hentry","category-provinciales"],"yoast_head":"<!-- This site is optimized with the Yoast SEO plugin v27.4 - https:\/\/yoast.com\/product\/yoast-seo-wordpress\/ -->\n<title>El Gobierno del Chubut licit\u00f3 la ampliaci\u00f3n de la Escuela N\u00b0 68 de Gobernador Costa - FM Patagonia Madryn<\/title>\n<meta name=\"robots\" content=\"index, follow, max-snippet:-1, max-image-preview:large, max-video-preview:-1\" \/>\n<link rel=\"canonical\" href=\"https:\/\/fmpatagoniamadryn.com.ar\/?p=3578\" \/>\n<meta property=\"og:locale\" content=\"es_ES\" \/>\n<meta property=\"og:type\" content=\"article\" \/>\n<meta property=\"og:title\" content=\"El Gobierno del Chubut licit\u00f3 la ampliaci\u00f3n de la Escuela N\u00b0 68 de Gobernador Costa - FM Patagonia Madryn\" \/>\n<meta property=\"og:description\" content=\"La directora del establecimiento, Mariela Rosales, expres\u00f3 la alegr\u00eda de toda la comunidad educativa ante esta obra que comprende la construcci\u00f3n de un nuevo comedor, un dep\u00f3sito, una cocina con&hellip;\" \/>\n<meta property=\"og:url\" content=\"https:\/\/fmpatagoniamadryn.com.ar\/?p=3578\" \/>\n<meta property=\"og:site_name\" content=\"FM Patagonia Madryn\" \/>\n<meta property=\"article:published_time\" content=\"2023-06-16T17:24:28+00:00\" \/>\n<meta property=\"article:modified_time\" content=\"2023-06-16T17:24:37+00:00\" \/>\n<meta property=\"og:image\" content=\"https:\/\/fmpatagoniamadryn.com.ar\/wp-content\/uploads\/2023\/06\/Licitacion-Gobernador-Costa-1.jpg\" \/>\n\t<meta property=\"og:image:width\" content=\"2500\" \/>\n\t<meta property=\"og:image:height\" content=\"1824\" \/>\n\t<meta property=\"og:image:type\" content=\"image\/jpeg\" \/>\n<meta name=\"author\" content=\"FM Patagonia\" \/>\n<meta name=\"twitter:card\" content=\"summary_large_image\" \/>\n<meta name=\"twitter:label1\" content=\"Escrito por\" \/>\n\t<meta name=\"twitter:data1\" content=\"FM Patagonia\" \/>\n\t<meta name=\"twitter:label2\" content=\"Tiempo de lectura\" \/>\n\t<meta name=\"twitter:data2\" content=\"3 minutos\" \/>\n<script type=\"application\/ld+json\" class=\"yoast-schema-graph\">{\"@context\":\"https:\\\/\\\/schema.org\",\"@graph\":[{\"@type\":\"Article\",\"@id\":\"https:\\\/\\\/fmpatagoniamadryn.com.ar\\\/?p=3578#article\",\"isPartOf\":{\"@id\":\"https:\\\/\\\/fmpatagoniamadryn.com.ar\\\/?p=3578\"},\"author\":{\"name\":\"FM Patagonia\",\"@id\":\"https:\\\/\\\/fmpatagoniamadryn.com.ar\\\/#\\\/schema\\\/person\\\/1d968ec613613768e14b4e6420a2b125\"},\"headline\":\"El Gobierno del Chubut licit\u00f3 la ampliaci\u00f3n de la Escuela N\u00b0 68 de Gobernador Costa\",\"datePublished\":\"2023-06-16T17:24:28+00:00\",\"dateModified\":\"2023-06-16T17:24:37+00:00\",\"mainEntityOfPage\":{\"@id\":\"https:\\\/\\\/fmpatagoniamadryn.com.ar\\\/?p=3578\"},\"wordCount\":568,\"publisher\":{\"@id\":\"https:\\\/\\\/fmpatagoniamadryn.com.ar\\\/#organization\"},\"image\":{\"@id\":\"https:\\\/\\\/fmpatagoniamadryn.com.ar\\\/?p=3578#primaryimage\"},\"thumbnailUrl\":\"https:\\\/\\\/fmpatagoniamadryn.com.ar\\\/wp-content\\\/uploads\\\/2023\\\/06\\\/Licitacion-Gobernador-Costa-1.jpg\",\"articleSection\":[\"Provinciales\"],\"inLanguage\":\"es\"},{\"@type\":\"WebPage\",\"@id\":\"https:\\\/\\\/fmpatagoniamadryn.com.ar\\\/?p=3578\",\"url\":\"https:\\\/\\\/fmpatagoniamadryn.com.ar\\\/?p=3578\",\"name\":\"El Gobierno del Chubut licit\u00f3 la ampliaci\u00f3n de la Escuela N\u00b0 68 de Gobernador Costa - FM Patagonia Madryn\",\"isPartOf\":{\"@id\":\"https:\\\/\\\/fmpatagoniamadryn.com.ar\\\/#website\"},\"primaryImageOfPage\":{\"@id\":\"https:\\\/\\\/fmpatagoniamadryn.com.ar\\\/?p=3578#primaryimage\"},\"image\":{\"@id\":\"https:\\\/\\\/fmpatagoniamadryn.com.ar\\\/?p=3578#primaryimage\"},\"thumbnailUrl\":\"https:\\\/\\\/fmpatagoniamadryn.com.ar\\\/wp-content\\\/uploads\\\/2023\\\/06\\\/Licitacion-Gobernador-Costa-1.jpg\",\"datePublished\":\"2023-06-16T17:24:28+00:00\",\"dateModified\":\"2023-06-16T17:24:37+00:00\",\"breadcrumb\":{\"@id\":\"https:\\\/\\\/fmpatagoniamadryn.com.ar\\\/?p=3578#breadcrumb\"},\"inLanguage\":\"es\",\"potentialAction\":[{\"@type\":\"ReadAction\",\"target\":[\"https:\\\/\\\/fmpatagoniamadryn.com.ar\\\/?p=3578\"]}]},{\"@type\":\"ImageObject\",\"inLanguage\":\"es\",\"@id\":\"https:\\\/\\\/fmpatagoniamadryn.com.ar\\\/?p=3578#primaryimage\",\"url\":\"https:\\\/\\\/fmpatagoniamadryn.com.ar\\\/wp-content\\\/uploads\\\/2023\\\/06\\\/Licitacion-Gobernador-Costa-1.jpg\",\"contentUrl\":\"https:\\\/\\\/fmpatagoniamadryn.com.ar\\\/wp-content\\\/uploads\\\/2023\\\/06\\\/Licitacion-Gobernador-Costa-1.jpg\",\"width\":2500,\"height\":1824},{\"@type\":\"BreadcrumbList\",\"@id\":\"https:\\\/\\\/fmpatagoniamadryn.com.ar\\\/?p=3578#breadcrumb\",\"itemListElement\":[{\"@type\":\"ListItem\",\"position\":1,\"name\":\"Portada\",\"item\":\"https:\\\/\\\/fmpatagoniamadryn.com.ar\\\/\"},{\"@type\":\"ListItem\",\"position\":2,\"name\":\"El Gobierno del Chubut licit\u00f3 la ampliaci\u00f3n de la Escuela N\u00b0 68 de Gobernador Costa\"}]},{\"@type\":\"WebSite\",\"@id\":\"https:\\\/\\\/fmpatagoniamadryn.com.ar\\\/#website\",\"url\":\"https:\\\/\\\/fmpatagoniamadryn.com.ar\\\/\",\"name\":\"FM Patagonia Madryn\",\"description\":\"Radio Patagonia 105.5\",\"publisher\":{\"@id\":\"https:\\\/\\\/fmpatagoniamadryn.com.ar\\\/#organization\"},\"potentialAction\":[{\"@type\":\"SearchAction\",\"target\":{\"@type\":\"EntryPoint\",\"urlTemplate\":\"https:\\\/\\\/fmpatagoniamadryn.com.ar\\\/?s={search_term_string}\"},\"query-input\":{\"@type\":\"PropertyValueSpecification\",\"valueRequired\":true,\"valueName\":\"search_term_string\"}}],\"inLanguage\":\"es\"},{\"@type\":\"Organization\",\"@id\":\"https:\\\/\\\/fmpatagoniamadryn.com.ar\\\/#organization\",\"name\":\"FM Patagonia Madryn\",\"url\":\"https:\\\/\\\/fmpatagoniamadryn.com.ar\\\/\",\"logo\":{\"@type\":\"ImageObject\",\"inLanguage\":\"es\",\"@id\":\"https:\\\/\\\/fmpatagoniamadryn.com.ar\\\/#\\\/schema\\\/logo\\\/image\\\/\",\"url\":\"https:\\\/\\\/fmpatagoniamadryn.com.ar\\\/wp-content\\\/uploads\\\/2023\\\/01\\\/cropped-Diseno-sin-titulo.png\",\"contentUrl\":\"https:\\\/\\\/fmpatagoniamadryn.com.ar\\\/wp-content\\\/uploads\\\/2023\\\/01\\\/cropped-Diseno-sin-titulo.png\",\"width\":6911,\"height\":2657,\"caption\":\"FM Patagonia Madryn\"},\"image\":{\"@id\":\"https:\\\/\\\/fmpatagoniamadryn.com.ar\\\/#\\\/schema\\\/logo\\\/image\\\/\"}},{\"@type\":\"Person\",\"@id\":\"https:\\\/\\\/fmpatagoniamadryn.com.ar\\\/#\\\/schema\\\/person\\\/1d968ec613613768e14b4e6420a2b125\",\"name\":\"FM Patagonia\",\"url\":\"https:\\\/\\\/fmpatagoniamadryn.com.ar\\\/?author=3\"}]}<\/script>\n<!-- \/ Yoast SEO plugin. -->","yoast_head_json":{"title":"El Gobierno del Chubut licit\u00f3 la ampliaci\u00f3n de la Escuela N\u00b0 68 de Gobernador Costa - FM Patagonia Madryn","robots":{"index":"index","follow":"follow","max-snippet":"max-snippet:-1","max-image-preview":"max-image-preview:large","max-video-preview":"max-video-preview:-1"},"canonical":"https:\/\/fmpatagoniamadryn.com.ar\/?p=3578","og_locale":"es_ES","og_type":"article","og_title":"El Gobierno del Chubut licit\u00f3 la ampliaci\u00f3n de la Escuela N\u00b0 68 de Gobernador Costa - FM Patagonia Madryn","og_description":"La directora del establecimiento, Mariela Rosales, expres\u00f3 la alegr\u00eda de toda la comunidad educativa ante esta obra que comprende la construcci\u00f3n de un nuevo comedor, un dep\u00f3sito, una cocina con&hellip;","og_url":"https:\/\/fmpatagoniamadryn.com.ar\/?p=3578","og_site_name":"FM Patagonia Madryn","article_published_time":"2023-06-16T17:24:28+00:00","article_modified_time":"2023-06-16T17:24:37+00:00","og_image":[{"width":2500,"height":1824,"url":"https:\/\/fmpatagoniamadryn.com.ar\/wp-content\/uploads\/2023\/06\/Licitacion-Gobernador-Costa-1.jpg","type":"image\/jpeg"}],"author":"FM Patagonia","twitter_card":"summary_large_image","twitter_misc":{"Escrito por":"FM Patagonia","Tiempo de lectura":"3 minutos"},"schema":{"@context":"https:\/\/schema.org","@graph":[{"@type":"Article","@id":"https:\/\/fmpatagoniamadryn.com.ar\/?p=3578#article","isPartOf":{"@id":"https:\/\/fmpatagoniamadryn.com.ar\/?p=3578"},"author":{"name":"FM Patagonia","@id":"https:\/\/fmpatagoniamadryn.com.ar\/#\/schema\/person\/1d968ec613613768e14b4e6420a2b125"},"headline":"El Gobierno del Chubut licit\u00f3 la ampliaci\u00f3n de la Escuela N\u00b0 68 de Gobernador Costa","datePublished":"2023-06-16T17:24:28+00:00","dateModified":"2023-06-16T17:24:37+00:00","mainEntityOfPage":{"@id":"https:\/\/fmpatagoniamadryn.com.ar\/?p=3578"},"wordCount":568,"publisher":{"@id":"https:\/\/fmpatagoniamadryn.com.ar\/#organization"},"image":{"@id":"https:\/\/fmpatagoniamadryn.com.ar\/?p=3578#primaryimage"},"thumbnailUrl":"https:\/\/fmpatagoniamadryn.com.ar\/wp-content\/uploads\/2023\/06\/Licitacion-Gobernador-Costa-1.jpg","articleSection":["Provinciales"],"inLanguage":"es"},{"@type":"WebPage","@id":"https:\/\/fmpatagoniamadryn.com.ar\/?p=3578","url":"https:\/\/fmpatagoniamadryn.com.ar\/?p=3578","name":"El Gobierno del Chubut licit\u00f3 la ampliaci\u00f3n de la Escuela N\u00b0 68 de Gobernador Costa - FM Patagonia Madryn","isPartOf":{"@id":"https:\/\/fmpatagoniamadryn.com.ar\/#website"},"primaryImageOfPage":{"@id":"https:\/\/fmpatagoniamadryn.com.ar\/?p=3578#primaryimage"},"image":{"@id":"https:\/\/fmpatagoniamadryn.com.ar\/?p=3578#primaryimage"},"thumbnailUrl":"https:\/\/fmpatagoniamadryn.com.ar\/wp-content\/uploads\/2023\/06\/Licitacion-Gobernador-Costa-1.jpg","datePublished":"2023-06-16T17:24:28+00:00","dateModified":"2023-06-16T17:24:37+00:00","breadcrumb":{"@id":"https:\/\/fmpatagoniamadryn.com.ar\/?p=3578#breadcrumb"},"inLanguage":"es","potentialAction":[{"@type":"ReadAction","target":["https:\/\/fmpatagoniamadryn.com.ar\/?p=3578"]}]},{"@type":"ImageObject","inLanguage":"es","@id":"https:\/\/fmpatagoniamadryn.com.ar\/?p=3578#primaryimage","url":"https:\/\/fmpatagoniamadryn.com.ar\/wp-content\/uploads\/2023\/06\/Licitacion-Gobernador-Costa-1.jpg","contentUrl":"https:\/\/fmpatagoniamadryn.com.ar\/wp-content\/uploads\/2023\/06\/Licitacion-Gobernador-Costa-1.jpg","width":2500,"height":1824},{"@type":"BreadcrumbList","@id":"https:\/\/fmpatagoniamadryn.com.ar\/?p=3578#breadcrumb","itemListElement":[{"@type":"ListItem","position":1,"name":"Portada","item":"https:\/\/fmpatagoniamadryn.com.ar\/"},{"@type":"ListItem","position":2,"name":"El Gobierno del Chubut licit\u00f3 la ampliaci\u00f3n de la Escuela N\u00b0 68 de Gobernador Costa"}]},{"@type":"WebSite","@id":"https:\/\/fmpatagoniamadryn.com.ar\/#website","url":"https:\/\/fmpatagoniamadryn.com.ar\/","name":"FM Patagonia Madryn","description":"Radio Patagonia 105.5","publisher":{"@id":"https:\/\/fmpatagoniamadryn.com.ar\/#organization"},"potentialAction":[{"@type":"SearchAction","target":{"@type":"EntryPoint","urlTemplate":"https:\/\/fmpatagoniamadryn.com.ar\/?s={search_term_string}"},"query-input":{"@type":"PropertyValueSpecification","valueRequired":true,"valueName":"search_term_string"}}],"inLanguage":"es"},{"@type":"Organization","@id":"https:\/\/fmpatagoniamadryn.com.ar\/#organization","name":"FM Patagonia Madryn","url":"https:\/\/fmpatagoniamadryn.com.ar\/","logo":{"@type":"ImageObject","inLanguage":"es","@id":"https:\/\/fmpatagoniamadryn.com.ar\/#\/schema\/logo\/image\/","url":"https:\/\/fmpatagoniamadryn.com.ar\/wp-content\/uploads\/2023\/01\/cropped-Diseno-sin-titulo.png","contentUrl":"https:\/\/fmpatagoniamadryn.com.ar\/wp-content\/uploads\/2023\/01\/cropped-Diseno-sin-titulo.png","width":6911,"height":2657,"caption":"FM Patagonia Madryn"},"image":{"@id":"https:\/\/fmpatagoniamadryn.com.ar\/#\/schema\/logo\/image\/"}},{"@type":"Person","@id":"https:\/\/fmpatagoniamadryn.com.ar\/#\/schema\/person\/1d968ec613613768e14b4e6420a2b125","name":"FM Patagonia","url":"https:\/\/fmpatagoniamadryn.com.ar\/?author=3"}]}},"jetpack_featured_media_url":"https:\/\/fmpatagoniamadryn.com.ar\/wp-content\/uploads\/2023\/06\/Licitacion-Gobernador-Costa-1.jpg","_links":{"self":[{"href":"https:\/\/fmpatagoniamadryn.com.ar\/index.php?rest_route=\/wp\/v2\/posts\/3578","targetHints":{"allow":["GET"]}}],"collection":[{"href":"https:\/\/fmpatagoniamadryn.com.ar\/index.php?rest_route=\/wp\/v2\/posts"}],"about":[{"href":"https:\/\/fmpatagoniamadryn.com.ar\/index.php?rest_route=\/wp\/v2\/types\/post"}],"author":[{"embeddable":true,"href":"https:\/\/fmpatagoniamadryn.com.ar\/index.php?rest_route=\/wp\/v2\/users\/3"}],"replies":[{"embeddable":true,"href":"https:\/\/fmpatagoniamadryn.com.ar\/index.php?rest_route=%2Fwp%2Fv2%2Fcomments&post=3578"}],"version-history":[{"count":1,"href":"https:\/\/fmpatagoniamadryn.com.ar\/index.php?rest_route=\/wp\/v2\/posts\/3578\/revisions"}],"predecessor-version":[{"id":3579,"href":"https:\/\/fmpatagoniamadryn.com.ar\/index.php?rest_route=\/wp\/v2\/posts\/3578\/revisions\/3579"}],"wp:featuredmedia":[{"embeddable":true,"href":"https:\/\/fmpatagoniamadryn.com.ar\/index.php?rest_route=\/wp\/v2\/media\/3577"}],"wp:attachment":[{"href":"https:\/\/fmpatagoniamadryn.com.ar\/index.php?rest_route=%2Fwp%2Fv2%2Fmedia&parent=3578"}],"wp:term":[{"taxonomy":"category","embeddable":true,"href":"https:\/\/fmpatagoniamadryn.com.ar\/index.php?rest_route=%2Fwp%2Fv2%2Fcategories&post=3578"},{"taxonomy":"post_tag","embeddable":true,"href":"https:\/\/fmpatagoniamadryn.com.ar\/index.php?rest_route=%2Fwp%2Fv2%2Ftags&post=3578"}],"curies":[{"name":"wp","href":"https:\/\/api.w.org\/{rel}","templated":true}]}}