{"id":3581,"date":"2023-06-16T14:25:12","date_gmt":"2023-06-16T17:25:12","guid":{"rendered":"https:\/\/fmpatagoniamadryn.com.ar\/?p=3581"},"modified":"2023-06-16T14:25:20","modified_gmt":"2023-06-16T17:25:20","slug":"chubut-trabaja-en-el-armado-de-una-red-provincial-interdisciplinaria-de-cuidados-paliativos","status":"publish","type":"post","link":"https:\/\/fmpatagoniamadryn.com.ar\/?p=3581","title":{"rendered":"Chubut trabaja en el armado de una Red Provincial Interdisciplinaria de Cuidados Paliativos"},"content":{"rendered":"\n<p>Con esta iniciativa, se busca acompa\u00f1ar de forma integral a las personas que atraviesan enfermedades severas, sus familiares y cuidadores.<br><br>El Gobierno del Chubut, a trav\u00e9s del Ministerio de Salud provincial, trabaja en el armado de una Red Provincial Interdisciplinaria de Cuidados Paliativos, que consisten en la asistencia activa, hol\u00edstica, de personas de todas las edades con sufrimiento severo relacionado con la salud, debido a una enfermedad grave, con el objetivo de mejorar la calidad de vida de los pacientes, sus familias y sus cuidadores.<br><br>En tal sentido, se realiz\u00f3 una reuni\u00f3n de trabajo en Rawson, que fue encabezada por la ministra de Salud provincial, Miry\u00e1m Monasterolo de la Naci\u00f3n, y su par de Naci\u00f3n, Carla Vizzotti, donde la referente provincial en Cuidados Paliativos, la doctora Gabriela Deburen, realiz\u00f3 una presentaci\u00f3n sobre los avances en el tema.<br><br>Reglamentaci\u00f3n de la Ley Nacional N\u00b0 27.678<br><br>El encuentro tuvo lugar este 14 de junio, fecha en la cual el Ministerio de Salud de la Naci\u00f3n reglament\u00f3 a trav\u00e9s del decreto 311\/2023 la Ley Nacional N\u00ba 27.678 de Cuidados Paliativos que busca asegurar el acceso de las y los pacientes que se enfrentan a los problemas asociados con enfermedades que amenazan o limitan la vida, a las prestaciones integrales en sus distintas modalidades, en el \u00e1mbito p\u00fablico, privado y de la seguridad social, junto al acompa\u00f1amiento de las familias.<br><br>Equidad en el acceso<br><br>Al respecto, la subsecretaria de Programas de Salud la provincia, Valeria Nazar, explic\u00f3 que la estrategia de conformar una red interdisciplinaria de cuidados paliativos \u201cbusca mejorar la calidad de vida de las personas que est\u00e1n atravesando un sufrimiento severo a causa de enfermedades graves, como el c\u00e1ncer\u201d.<br><br>\u201cEl armado de esta red provincial tiene que ver con la equidad en el acceso a los cuidados paliativos, para que las personas que los necesiten puedan recibirlos de manera oportuna a lo largo de toda su enfermedad\u201d, destac\u00f3 Nazar.<br><br>Adem\u00e1s, en la reuni\u00f3n \u201cse trabajaron los lineamientos nacionales en cuidados paliativos, desde la prevenci\u00f3n y el diagn\u00f3stico hasta el tratamiento de los s\u00edntomas, incluido el final de vida\u201d, a\u00f1adi\u00f3.<br><br>Cannabis medicinal<br><br>Por otra parte, la referente provincial se\u00f1al\u00f3 que en la oportunidad \u201ctambi\u00e9n le compartimos a la ministra Vizzotti los avances del trabajo de investigaci\u00f3n en Cannabis medicinal que el Ministerio de Salud provincial lleva adelante junto al CENPAT en Puerto Madryn\u201d.<\/p>\n","protected":false},"excerpt":{"rendered":"<p>Con esta iniciativa, se busca acompa\u00f1ar de forma integral a las personas que atraviesan enfermedades severas, sus familiares y cuidadores. El Gobierno del Chubut, a trav\u00e9s del Ministerio de Salud&hellip; <\/p>\n","protected":false},"author":3,"featured_media":3580,"comment_status":"closed","ping_status":"closed","sticky":false,"template":"","format":"standard","meta":{"footnotes":""},"categories":[14],"tags":[],"class_list":["post-3581","post","type-post","status-publish","format-standard","has-post-thumbnail","hentry","category-provinciales"],"yoast_head":"<!-- This site is optimized with the Yoast SEO plugin v27.4 - https:\/\/yoast.com\/product\/yoast-seo-wordpress\/ -->\n<title>Chubut trabaja en el armado de una Red Provincial Interdisciplinaria de Cuidados Paliativos - FM Patagonia Madryn<\/title>\n<meta name=\"robots\" content=\"index, follow, max-snippet:-1, max-image-preview:large, max-video-preview:-1\" \/>\n<link rel=\"canonical\" href=\"https:\/\/fmpatagoniamadryn.com.ar\/?p=3581\" \/>\n<meta property=\"og:locale\" content=\"es_ES\" \/>\n<meta property=\"og:type\" content=\"article\" \/>\n<meta property=\"og:title\" content=\"Chubut trabaja en el armado de una Red Provincial Interdisciplinaria de Cuidados Paliativos - FM Patagonia Madryn\" \/>\n<meta property=\"og:description\" content=\"Con esta iniciativa, se busca acompa\u00f1ar de forma integral a las personas que atraviesan enfermedades severas, sus familiares y cuidadores. El Gobierno del Chubut, a trav\u00e9s del Ministerio de Salud&hellip;\" \/>\n<meta property=\"og:url\" content=\"https:\/\/fmpatagoniamadryn.com.ar\/?p=3581\" \/>\n<meta property=\"og:site_name\" content=\"FM Patagonia Madryn\" \/>\n<meta property=\"article:published_time\" content=\"2023-06-16T17:25:12+00:00\" \/>\n<meta property=\"article:modified_time\" content=\"2023-06-16T17:25:20+00:00\" \/>\n<meta property=\"og:image\" content=\"https:\/\/fmpatagoniamadryn.com.ar\/wp-content\/uploads\/2023\/06\/RED-DE-CUIDADOS-PALIATIVOS-1.jpg\" \/>\n\t<meta property=\"og:image:width\" content=\"1600\" \/>\n\t<meta property=\"og:image:height\" content=\"755\" \/>\n\t<meta property=\"og:image:type\" content=\"image\/jpeg\" \/>\n<meta name=\"author\" content=\"FM Patagonia\" \/>\n<meta name=\"twitter:card\" content=\"summary_large_image\" \/>\n<meta name=\"twitter:label1\" content=\"Escrito por\" \/>\n\t<meta name=\"twitter:data1\" content=\"FM Patagonia\" \/>\n\t<meta name=\"twitter:label2\" content=\"Tiempo de lectura\" \/>\n\t<meta name=\"twitter:data2\" content=\"2 minutos\" \/>\n<script type=\"application\/ld+json\" class=\"yoast-schema-graph\">{\"@context\":\"https:\\\/\\\/schema.org\",\"@graph\":[{\"@type\":\"Article\",\"@id\":\"https:\\\/\\\/fmpatagoniamadryn.com.ar\\\/?p=3581#article\",\"isPartOf\":{\"@id\":\"https:\\\/\\\/fmpatagoniamadryn.com.ar\\\/?p=3581\"},\"author\":{\"name\":\"FM Patagonia\",\"@id\":\"https:\\\/\\\/fmpatagoniamadryn.com.ar\\\/#\\\/schema\\\/person\\\/1d968ec613613768e14b4e6420a2b125\"},\"headline\":\"Chubut trabaja en el armado de una Red Provincial Interdisciplinaria de Cuidados Paliativos\",\"datePublished\":\"2023-06-16T17:25:12+00:00\",\"dateModified\":\"2023-06-16T17:25:20+00:00\",\"mainEntityOfPage\":{\"@id\":\"https:\\\/\\\/fmpatagoniamadryn.com.ar\\\/?p=3581\"},\"wordCount\":423,\"publisher\":{\"@id\":\"https:\\\/\\\/fmpatagoniamadryn.com.ar\\\/#organization\"},\"image\":{\"@id\":\"https:\\\/\\\/fmpatagoniamadryn.com.ar\\\/?p=3581#primaryimage\"},\"thumbnailUrl\":\"https:\\\/\\\/fmpatagoniamadryn.com.ar\\\/wp-content\\\/uploads\\\/2023\\\/06\\\/RED-DE-CUIDADOS-PALIATIVOS-1.jpg\",\"articleSection\":[\"Provinciales\"],\"inLanguage\":\"es\"},{\"@type\":\"WebPage\",\"@id\":\"https:\\\/\\\/fmpatagoniamadryn.com.ar\\\/?p=3581\",\"url\":\"https:\\\/\\\/fmpatagoniamadryn.com.ar\\\/?p=3581\",\"name\":\"Chubut trabaja en el armado de una Red Provincial Interdisciplinaria de Cuidados Paliativos - FM Patagonia Madryn\",\"isPartOf\":{\"@id\":\"https:\\\/\\\/fmpatagoniamadryn.com.ar\\\/#website\"},\"primaryImageOfPage\":{\"@id\":\"https:\\\/\\\/fmpatagoniamadryn.com.ar\\\/?p=3581#primaryimage\"},\"image\":{\"@id\":\"https:\\\/\\\/fmpatagoniamadryn.com.ar\\\/?p=3581#primaryimage\"},\"thumbnailUrl\":\"https:\\\/\\\/fmpatagoniamadryn.com.ar\\\/wp-content\\\/uploads\\\/2023\\\/06\\\/RED-DE-CUIDADOS-PALIATIVOS-1.jpg\",\"datePublished\":\"2023-06-16T17:25:12+00:00\",\"dateModified\":\"2023-06-16T17:25:20+00:00\",\"breadcrumb\":{\"@id\":\"https:\\\/\\\/fmpatagoniamadryn.com.ar\\\/?p=3581#breadcrumb\"},\"inLanguage\":\"es\",\"potentialAction\":[{\"@type\":\"ReadAction\",\"target\":[\"https:\\\/\\\/fmpatagoniamadryn.com.ar\\\/?p=3581\"]}]},{\"@type\":\"ImageObject\",\"inLanguage\":\"es\",\"@id\":\"https:\\\/\\\/fmpatagoniamadryn.com.ar\\\/?p=3581#primaryimage\",\"url\":\"https:\\\/\\\/fmpatagoniamadryn.com.ar\\\/wp-content\\\/uploads\\\/2023\\\/06\\\/RED-DE-CUIDADOS-PALIATIVOS-1.jpg\",\"contentUrl\":\"https:\\\/\\\/fmpatagoniamadryn.com.ar\\\/wp-content\\\/uploads\\\/2023\\\/06\\\/RED-DE-CUIDADOS-PALIATIVOS-1.jpg\",\"width\":1600,\"height\":755},{\"@type\":\"BreadcrumbList\",\"@id\":\"https:\\\/\\\/fmpatagoniamadryn.com.ar\\\/?p=3581#breadcrumb\",\"itemListElement\":[{\"@type\":\"ListItem\",\"position\":1,\"name\":\"Portada\",\"item\":\"https:\\\/\\\/fmpatagoniamadryn.com.ar\\\/\"},{\"@type\":\"ListItem\",\"position\":2,\"name\":\"Chubut trabaja en el armado de una Red Provincial Interdisciplinaria de Cuidados Paliativos\"}]},{\"@type\":\"WebSite\",\"@id\":\"https:\\\/\\\/fmpatagoniamadryn.com.ar\\\/#website\",\"url\":\"https:\\\/\\\/fmpatagoniamadryn.com.ar\\\/\",\"name\":\"FM Patagonia Madryn\",\"description\":\"Radio Patagonia 105.5\",\"publisher\":{\"@id\":\"https:\\\/\\\/fmpatagoniamadryn.com.ar\\\/#organization\"},\"potentialAction\":[{\"@type\":\"SearchAction\",\"target\":{\"@type\":\"EntryPoint\",\"urlTemplate\":\"https:\\\/\\\/fmpatagoniamadryn.com.ar\\\/?s={search_term_string}\"},\"query-input\":{\"@type\":\"PropertyValueSpecification\",\"valueRequired\":true,\"valueName\":\"search_term_string\"}}],\"inLanguage\":\"es\"},{\"@type\":\"Organization\",\"@id\":\"https:\\\/\\\/fmpatagoniamadryn.com.ar\\\/#organization\",\"name\":\"FM Patagonia Madryn\",\"url\":\"https:\\\/\\\/fmpatagoniamadryn.com.ar\\\/\",\"logo\":{\"@type\":\"ImageObject\",\"inLanguage\":\"es\",\"@id\":\"https:\\\/\\\/fmpatagoniamadryn.com.ar\\\/#\\\/schema\\\/logo\\\/image\\\/\",\"url\":\"https:\\\/\\\/fmpatagoniamadryn.com.ar\\\/wp-content\\\/uploads\\\/2023\\\/01\\\/cropped-Diseno-sin-titulo.png\",\"contentUrl\":\"https:\\\/\\\/fmpatagoniamadryn.com.ar\\\/wp-content\\\/uploads\\\/2023\\\/01\\\/cropped-Diseno-sin-titulo.png\",\"width\":6911,\"height\":2657,\"caption\":\"FM Patagonia Madryn\"},\"image\":{\"@id\":\"https:\\\/\\\/fmpatagoniamadryn.com.ar\\\/#\\\/schema\\\/logo\\\/image\\\/\"}},{\"@type\":\"Person\",\"@id\":\"https:\\\/\\\/fmpatagoniamadryn.com.ar\\\/#\\\/schema\\\/person\\\/1d968ec613613768e14b4e6420a2b125\",\"name\":\"FM Patagonia\",\"url\":\"https:\\\/\\\/fmpatagoniamadryn.com.ar\\\/?author=3\"}]}<\/script>\n<!-- \/ Yoast SEO plugin. -->","yoast_head_json":{"title":"Chubut trabaja en el armado de una Red Provincial Interdisciplinaria de Cuidados Paliativos - FM Patagonia Madryn","robots":{"index":"index","follow":"follow","max-snippet":"max-snippet:-1","max-image-preview":"max-image-preview:large","max-video-preview":"max-video-preview:-1"},"canonical":"https:\/\/fmpatagoniamadryn.com.ar\/?p=3581","og_locale":"es_ES","og_type":"article","og_title":"Chubut trabaja en el armado de una Red Provincial Interdisciplinaria de Cuidados Paliativos - FM Patagonia Madryn","og_description":"Con esta iniciativa, se busca acompa\u00f1ar de forma integral a las personas que atraviesan enfermedades severas, sus familiares y cuidadores. El Gobierno del Chubut, a trav\u00e9s del Ministerio de Salud&hellip;","og_url":"https:\/\/fmpatagoniamadryn.com.ar\/?p=3581","og_site_name":"FM Patagonia Madryn","article_published_time":"2023-06-16T17:25:12+00:00","article_modified_time":"2023-06-16T17:25:20+00:00","og_image":[{"width":1600,"height":755,"url":"https:\/\/fmpatagoniamadryn.com.ar\/wp-content\/uploads\/2023\/06\/RED-DE-CUIDADOS-PALIATIVOS-1.jpg","type":"image\/jpeg"}],"author":"FM Patagonia","twitter_card":"summary_large_image","twitter_misc":{"Escrito por":"FM Patagonia","Tiempo de lectura":"2 minutos"},"schema":{"@context":"https:\/\/schema.org","@graph":[{"@type":"Article","@id":"https:\/\/fmpatagoniamadryn.com.ar\/?p=3581#article","isPartOf":{"@id":"https:\/\/fmpatagoniamadryn.com.ar\/?p=3581"},"author":{"name":"FM Patagonia","@id":"https:\/\/fmpatagoniamadryn.com.ar\/#\/schema\/person\/1d968ec613613768e14b4e6420a2b125"},"headline":"Chubut trabaja en el armado de una Red Provincial Interdisciplinaria de Cuidados Paliativos","datePublished":"2023-06-16T17:25:12+00:00","dateModified":"2023-06-16T17:25:20+00:00","mainEntityOfPage":{"@id":"https:\/\/fmpatagoniamadryn.com.ar\/?p=3581"},"wordCount":423,"publisher":{"@id":"https:\/\/fmpatagoniamadryn.com.ar\/#organization"},"image":{"@id":"https:\/\/fmpatagoniamadryn.com.ar\/?p=3581#primaryimage"},"thumbnailUrl":"https:\/\/fmpatagoniamadryn.com.ar\/wp-content\/uploads\/2023\/06\/RED-DE-CUIDADOS-PALIATIVOS-1.jpg","articleSection":["Provinciales"],"inLanguage":"es"},{"@type":"WebPage","@id":"https:\/\/fmpatagoniamadryn.com.ar\/?p=3581","url":"https:\/\/fmpatagoniamadryn.com.ar\/?p=3581","name":"Chubut trabaja en el armado de una Red Provincial Interdisciplinaria de Cuidados Paliativos - FM Patagonia Madryn","isPartOf":{"@id":"https:\/\/fmpatagoniamadryn.com.ar\/#website"},"primaryImageOfPage":{"@id":"https:\/\/fmpatagoniamadryn.com.ar\/?p=3581#primaryimage"},"image":{"@id":"https:\/\/fmpatagoniamadryn.com.ar\/?p=3581#primaryimage"},"thumbnailUrl":"https:\/\/fmpatagoniamadryn.com.ar\/wp-content\/uploads\/2023\/06\/RED-DE-CUIDADOS-PALIATIVOS-1.jpg","datePublished":"2023-06-16T17:25:12+00:00","dateModified":"2023-06-16T17:25:20+00:00","breadcrumb":{"@id":"https:\/\/fmpatagoniamadryn.com.ar\/?p=3581#breadcrumb"},"inLanguage":"es","potentialAction":[{"@type":"ReadAction","target":["https:\/\/fmpatagoniamadryn.com.ar\/?p=3581"]}]},{"@type":"ImageObject","inLanguage":"es","@id":"https:\/\/fmpatagoniamadryn.com.ar\/?p=3581#primaryimage","url":"https:\/\/fmpatagoniamadryn.com.ar\/wp-content\/uploads\/2023\/06\/RED-DE-CUIDADOS-PALIATIVOS-1.jpg","contentUrl":"https:\/\/fmpatagoniamadryn.com.ar\/wp-content\/uploads\/2023\/06\/RED-DE-CUIDADOS-PALIATIVOS-1.jpg","width":1600,"height":755},{"@type":"BreadcrumbList","@id":"https:\/\/fmpatagoniamadryn.com.ar\/?p=3581#breadcrumb","itemListElement":[{"@type":"ListItem","position":1,"name":"Portada","item":"https:\/\/fmpatagoniamadryn.com.ar\/"},{"@type":"ListItem","position":2,"name":"Chubut trabaja en el armado de una Red Provincial Interdisciplinaria de Cuidados Paliativos"}]},{"@type":"WebSite","@id":"https:\/\/fmpatagoniamadryn.com.ar\/#website","url":"https:\/\/fmpatagoniamadryn.com.ar\/","name":"FM Patagonia Madryn","description":"Radio Patagonia 105.5","publisher":{"@id":"https:\/\/fmpatagoniamadryn.com.ar\/#organization"},"potentialAction":[{"@type":"SearchAction","target":{"@type":"EntryPoint","urlTemplate":"https:\/\/fmpatagoniamadryn.com.ar\/?s={search_term_string}"},"query-input":{"@type":"PropertyValueSpecification","valueRequired":true,"valueName":"search_term_string"}}],"inLanguage":"es"},{"@type":"Organization","@id":"https:\/\/fmpatagoniamadryn.com.ar\/#organization","name":"FM Patagonia Madryn","url":"https:\/\/fmpatagoniamadryn.com.ar\/","logo":{"@type":"ImageObject","inLanguage":"es","@id":"https:\/\/fmpatagoniamadryn.com.ar\/#\/schema\/logo\/image\/","url":"https:\/\/fmpatagoniamadryn.com.ar\/wp-content\/uploads\/2023\/01\/cropped-Diseno-sin-titulo.png","contentUrl":"https:\/\/fmpatagoniamadryn.com.ar\/wp-content\/uploads\/2023\/01\/cropped-Diseno-sin-titulo.png","width":6911,"height":2657,"caption":"FM Patagonia Madryn"},"image":{"@id":"https:\/\/fmpatagoniamadryn.com.ar\/#\/schema\/logo\/image\/"}},{"@type":"Person","@id":"https:\/\/fmpatagoniamadryn.com.ar\/#\/schema\/person\/1d968ec613613768e14b4e6420a2b125","name":"FM Patagonia","url":"https:\/\/fmpatagoniamadryn.com.ar\/?author=3"}]}},"jetpack_featured_media_url":"https:\/\/fmpatagoniamadryn.com.ar\/wp-content\/uploads\/2023\/06\/RED-DE-CUIDADOS-PALIATIVOS-1.jpg","_links":{"self":[{"href":"https:\/\/fmpatagoniamadryn.com.ar\/index.php?rest_route=\/wp\/v2\/posts\/3581","targetHints":{"allow":["GET"]}}],"collection":[{"href":"https:\/\/fmpatagoniamadryn.com.ar\/index.php?rest_route=\/wp\/v2\/posts"}],"about":[{"href":"https:\/\/fmpatagoniamadryn.com.ar\/index.php?rest_route=\/wp\/v2\/types\/post"}],"author":[{"embeddable":true,"href":"https:\/\/fmpatagoniamadryn.com.ar\/index.php?rest_route=\/wp\/v2\/users\/3"}],"replies":[{"embeddable":true,"href":"https:\/\/fmpatagoniamadryn.com.ar\/index.php?rest_route=%2Fwp%2Fv2%2Fcomments&post=3581"}],"version-history":[{"count":1,"href":"https:\/\/fmpatagoniamadryn.com.ar\/index.php?rest_route=\/wp\/v2\/posts\/3581\/revisions"}],"predecessor-version":[{"id":3582,"href":"https:\/\/fmpatagoniamadryn.com.ar\/index.php?rest_route=\/wp\/v2\/posts\/3581\/revisions\/3582"}],"wp:featuredmedia":[{"embeddable":true,"href":"https:\/\/fmpatagoniamadryn.com.ar\/index.php?rest_route=\/wp\/v2\/media\/3580"}],"wp:attachment":[{"href":"https:\/\/fmpatagoniamadryn.com.ar\/index.php?rest_route=%2Fwp%2Fv2%2Fmedia&parent=3581"}],"wp:term":[{"taxonomy":"category","embeddable":true,"href":"https:\/\/fmpatagoniamadryn.com.ar\/index.php?rest_route=%2Fwp%2Fv2%2Fcategories&post=3581"},{"taxonomy":"post_tag","embeddable":true,"href":"https:\/\/fmpatagoniamadryn.com.ar\/index.php?rest_route=%2Fwp%2Fv2%2Ftags&post=3581"}],"curies":[{"name":"wp","href":"https:\/\/api.w.org\/{rel}","templated":true}]}}