{"id":3584,"date":"2023-06-16T14:26:17","date_gmt":"2023-06-16T17:26:17","guid":{"rendered":"https:\/\/fmpatagoniamadryn.com.ar\/?p=3584"},"modified":"2023-06-16T14:26:24","modified_gmt":"2023-06-16T17:26:24","slug":"41o-aniversario-del-dia-que-madryn-se-quedo-sin-pan","status":"publish","type":"post","link":"https:\/\/fmpatagoniamadryn.com.ar\/?p=3584","title":{"rendered":"41\u00ba ANIVERSARIO DEL D\u00cdA QUE MADRYN SE QUED\u00d3 SIN PAN"},"content":{"rendered":"\n<p>El acto oficial ser\u00e1 el lunes 19 de junio a las 10 horas en el Ecocentro Pampa Azul. Las actividades se desarrollar\u00e1n desde este viernes<br><br> <br><br> <br><br>La Municipalidad de Puerto Madryn invita a participar de las actividades que se desarrollar\u00e1n en el marco del 41\u00ba aniversario del \u201cD\u00eda que Madryn se qued\u00f3 sin pan\u201d. El acto oficial ser\u00e1 el lunes 19 de junio a partir de las 10 horas en el Ecocentro Pampa Azul, donde se inaugurar\u00e1 la muestra \u201cPisar Malvinas\u201d, realizada en conjunto con el Museo Malvinas. Adem\u00e1s, se exhibir\u00e1n fotograf\u00edas de Dar\u00edo Podest\u00e1 y Mabel Outeda. Asimismo, el martes 20 se invita a participar de la ceremonia por el D\u00eda de la Bandera en el Club Social y Deportivo Madryn.<br><br> <br><br>Cabe destacar que las variadas propuestas comenzar\u00e1n el viernes 16 de junio con la inauguraci\u00f3n de un mural conmemorativo en homenaje a la fot\u00f3grafa Mabel Outeda, promovida por la Pe\u00f1a Patag\u00f3nica Granate \u201cLuis Zubeld\u00eda\u201d.<br><br> <br><br>Las distintas acciones son organizadas de manera conjunta entre la Municipalidad de Puerto Madryn, la Armada Argentina, Prefectura Naval Argentina, el Centro de Veteranos de Malvinas de nuestra ciudad, el Ecocentro Pampa Azul, la Administraci\u00f3n Portuaria y la C\u00e1mara de Industria y Comercio local, la Pe\u00f1a Patag\u00f3nica Granate \u201cLuis Zubeld\u00eda\u201d y el Gobierno provincial.<br><br> <br><br>CRONOGRAMA<br><br> <br><br>VIERNES 16 DE JUNIO<br><br>11 horas &#8211; Inauguraci\u00f3n mural alusivo al \u201cD\u00eda que Madryn se qued\u00f3 sin pan\u201d- Homenaje a la fot\u00f3grafa Mabel Outeda \u2013 promovida por la Pe\u00f1a Patag\u00f3nica Granate \u201cLuis Zubeld\u00eda\u201d &#8211; Ex Barraca Lahusen \u2013 Belgrano y Alvear (Bingo Municipal).<br><br> <br><br>S\u00c1BADO 17 DE JUNIO<br><br>De 15 a 19 horas &#8211; Muestra Malvinas en el Ecocentro Pampa Azul.<br><br> <br><br>DOMINGO 18 DE JUNIO<br><br>De 15 a 19 horas &#8211; Muestra Malvinas en el Ecocentro Pampa Azul.<br><br> <br><br>LUNES 19 DE JUNIO<br><br>9 horas &#8211; Invocaci\u00f3n religiosa en Monumentos a los Ca\u00eddos en Malvinas \u2013 Avenida Rawson 250.<br><br> <br><br>ACTIVIDADES EN ECOCENTRO PAMPA AZUL (lunes y martes ingreso gratuito para veteranos de guerra, familiares y residentes)<br><br>10 horas &#8211; ACTO OFICIAL \u201cEL D\u00cdA QUE MADRYN SE QUED\u00d3 SIN PAN\u201d &#8211; Inauguraci\u00f3n de la Muestra Pisar Malvinas \u2013 conjuntamente con Museo Malvinas.<br><br>Muestra de Objetos del Centro de Veteranos de Guerra de Puerto Madryn y Fotograf\u00edas de Dar\u00edo Podest\u00e1 y Mabel Outeda.<br><br> <br><br>12 horas &#8211; \u00d3mnibus disponible para traslado de Veteranos de Guerra al Muelle Storni desde el Ecocentro Pampa Azul (de 12 a 15 horas se permitir\u00e1 el acceso de Veteranos visitantes al sitio 3 del Muelle Storni).<br><br> <br><br>16 horas &#8211; Charla \u201cUna postal del Canberra\u201d \u2013 Germ\u00e1n Stoessel.<br><br> <br><br>16:30 horas &#8211; Charla \u201cAgradecer y Recordar\u201d \u2013 Mabel Outeda y fotoperiodismo con mirada femenina, basada en los estudios e investigaci\u00f3n del Profesor Gast\u00f3n Ballesteros.<br><br> <br><br>17 horas &#8211; Charla \u201cEl regreso, el turismo cient\u00edfico como herramienta de malvinizaci\u00f3n\u201d Federico Abbodio y Diego Gonz\u00e1lez Zeballos.<br><br> <br><br>MARTES 20 DE JUNIO<br><br>11 horas &#8211; ACTO OFICIAL POR D\u00cdA DE LA BANDERA &#8211; Promesa conjunta con Escuelas de la ciudad y Veteranos de Guerra locales y visitantes &#8211; Club Social y Deportivo Madryn.<br><br> <br><br>EL D\u00cdA QUE MADRYN SE QUED\u00d3 SIN PAN<br><br> <br><br>El 19 de junio de 1982, Puerto Madryn fue una de las ciudades donde desembarcaron m\u00e1s de 4.100 excombatientes de Malvinas y vecinos y vecinas salieron a recibir a los soldados de Malvinas, pero cuando intentaron acercarse al Muelle Almirante Storni se toparon con un operativo de seguridad militar que hab\u00eda cercado toda la zona en un radio de 3 kil\u00f3metros.<br><br> <br><br>De acuerdo a la Ordenanza 9449, aprobada en 2016, se instituy\u00f3 el 19 de junio de cada a\u00f1o como el \u201cD\u00eda que Madryn se qued\u00f3 sin pan: por la solidaridad y gratitud de los vecinos\u201d. La fecha fue incluida en el calendario municipal con el objeto de que se celebre y recuerde a aquellos madrynenses que recibieron, con respeto y amor, a m\u00e1s de 4100 ex combatientes.<br><br> <br><br>&#8212;<\/p>\n","protected":false},"excerpt":{"rendered":"<p>El acto oficial ser\u00e1 el lunes 19 de junio a las 10 horas en el Ecocentro Pampa Azul. Las actividades se desarrollar\u00e1n desde este viernes La Municipalidad de Puerto Madryn&hellip; <\/p>\n","protected":false},"author":3,"featured_media":3583,"comment_status":"closed","ping_status":"closed","sticky":false,"template":"","format":"standard","meta":{"footnotes":""},"categories":[15],"tags":[],"class_list":["post-3584","post","type-post","status-publish","format-standard","has-post-thumbnail","hentry","category-locales"],"yoast_head":"<!-- This site is optimized with the Yoast SEO plugin v27.4 - https:\/\/yoast.com\/product\/yoast-seo-wordpress\/ -->\n<title>41\u00ba ANIVERSARIO DEL D\u00cdA QUE MADRYN SE QUED\u00d3 SIN PAN - FM Patagonia Madryn<\/title>\n<meta name=\"robots\" content=\"index, follow, max-snippet:-1, max-image-preview:large, max-video-preview:-1\" \/>\n<link rel=\"canonical\" href=\"https:\/\/fmpatagoniamadryn.com.ar\/?p=3584\" \/>\n<meta property=\"og:locale\" content=\"es_ES\" \/>\n<meta property=\"og:type\" content=\"article\" \/>\n<meta property=\"og:title\" content=\"41\u00ba ANIVERSARIO DEL D\u00cdA QUE MADRYN SE QUED\u00d3 SIN PAN - FM Patagonia Madryn\" \/>\n<meta property=\"og:description\" content=\"El acto oficial ser\u00e1 el lunes 19 de junio a las 10 horas en el Ecocentro Pampa Azul. Las actividades se desarrollar\u00e1n desde este viernes La Municipalidad de Puerto Madryn&hellip;\" \/>\n<meta property=\"og:url\" content=\"https:\/\/fmpatagoniamadryn.com.ar\/?p=3584\" \/>\n<meta property=\"og:site_name\" content=\"FM Patagonia Madryn\" \/>\n<meta property=\"article:published_time\" content=\"2023-06-16T17:26:17+00:00\" \/>\n<meta property=\"article:modified_time\" content=\"2023-06-16T17:26:24+00:00\" \/>\n<meta property=\"og:image\" content=\"https:\/\/fmpatagoniamadryn.com.ar\/wp-content\/uploads\/2023\/06\/1b899272-7d12-4a1e-b3b4-70689064febd.jpeg\" \/>\n\t<meta property=\"og:image:width\" content=\"1287\" \/>\n\t<meta property=\"og:image:height\" content=\"858\" \/>\n\t<meta property=\"og:image:type\" content=\"image\/jpeg\" \/>\n<meta name=\"author\" content=\"FM Patagonia\" \/>\n<meta name=\"twitter:card\" content=\"summary_large_image\" \/>\n<meta name=\"twitter:label1\" content=\"Escrito por\" \/>\n\t<meta name=\"twitter:data1\" content=\"FM Patagonia\" \/>\n\t<meta name=\"twitter:label2\" content=\"Tiempo de lectura\" \/>\n\t<meta name=\"twitter:data2\" content=\"3 minutos\" \/>\n<script type=\"application\/ld+json\" class=\"yoast-schema-graph\">{\"@context\":\"https:\\\/\\\/schema.org\",\"@graph\":[{\"@type\":\"Article\",\"@id\":\"https:\\\/\\\/fmpatagoniamadryn.com.ar\\\/?p=3584#article\",\"isPartOf\":{\"@id\":\"https:\\\/\\\/fmpatagoniamadryn.com.ar\\\/?p=3584\"},\"author\":{\"name\":\"FM Patagonia\",\"@id\":\"https:\\\/\\\/fmpatagoniamadryn.com.ar\\\/#\\\/schema\\\/person\\\/1d968ec613613768e14b4e6420a2b125\"},\"headline\":\"41\u00ba ANIVERSARIO DEL D\u00cdA QUE MADRYN SE QUED\u00d3 SIN PAN\",\"datePublished\":\"2023-06-16T17:26:17+00:00\",\"dateModified\":\"2023-06-16T17:26:24+00:00\",\"mainEntityOfPage\":{\"@id\":\"https:\\\/\\\/fmpatagoniamadryn.com.ar\\\/?p=3584\"},\"wordCount\":648,\"publisher\":{\"@id\":\"https:\\\/\\\/fmpatagoniamadryn.com.ar\\\/#organization\"},\"image\":{\"@id\":\"https:\\\/\\\/fmpatagoniamadryn.com.ar\\\/?p=3584#primaryimage\"},\"thumbnailUrl\":\"https:\\\/\\\/fmpatagoniamadryn.com.ar\\\/wp-content\\\/uploads\\\/2023\\\/06\\\/1b899272-7d12-4a1e-b3b4-70689064febd.jpeg\",\"articleSection\":[\"Locales\"],\"inLanguage\":\"es\"},{\"@type\":\"WebPage\",\"@id\":\"https:\\\/\\\/fmpatagoniamadryn.com.ar\\\/?p=3584\",\"url\":\"https:\\\/\\\/fmpatagoniamadryn.com.ar\\\/?p=3584\",\"name\":\"41\u00ba ANIVERSARIO DEL D\u00cdA QUE MADRYN SE QUED\u00d3 SIN PAN - FM Patagonia Madryn\",\"isPartOf\":{\"@id\":\"https:\\\/\\\/fmpatagoniamadryn.com.ar\\\/#website\"},\"primaryImageOfPage\":{\"@id\":\"https:\\\/\\\/fmpatagoniamadryn.com.ar\\\/?p=3584#primaryimage\"},\"image\":{\"@id\":\"https:\\\/\\\/fmpatagoniamadryn.com.ar\\\/?p=3584#primaryimage\"},\"thumbnailUrl\":\"https:\\\/\\\/fmpatagoniamadryn.com.ar\\\/wp-content\\\/uploads\\\/2023\\\/06\\\/1b899272-7d12-4a1e-b3b4-70689064febd.jpeg\",\"datePublished\":\"2023-06-16T17:26:17+00:00\",\"dateModified\":\"2023-06-16T17:26:24+00:00\",\"breadcrumb\":{\"@id\":\"https:\\\/\\\/fmpatagoniamadryn.com.ar\\\/?p=3584#breadcrumb\"},\"inLanguage\":\"es\",\"potentialAction\":[{\"@type\":\"ReadAction\",\"target\":[\"https:\\\/\\\/fmpatagoniamadryn.com.ar\\\/?p=3584\"]}]},{\"@type\":\"ImageObject\",\"inLanguage\":\"es\",\"@id\":\"https:\\\/\\\/fmpatagoniamadryn.com.ar\\\/?p=3584#primaryimage\",\"url\":\"https:\\\/\\\/fmpatagoniamadryn.com.ar\\\/wp-content\\\/uploads\\\/2023\\\/06\\\/1b899272-7d12-4a1e-b3b4-70689064febd.jpeg\",\"contentUrl\":\"https:\\\/\\\/fmpatagoniamadryn.com.ar\\\/wp-content\\\/uploads\\\/2023\\\/06\\\/1b899272-7d12-4a1e-b3b4-70689064febd.jpeg\",\"width\":1287,\"height\":858},{\"@type\":\"BreadcrumbList\",\"@id\":\"https:\\\/\\\/fmpatagoniamadryn.com.ar\\\/?p=3584#breadcrumb\",\"itemListElement\":[{\"@type\":\"ListItem\",\"position\":1,\"name\":\"Portada\",\"item\":\"https:\\\/\\\/fmpatagoniamadryn.com.ar\\\/\"},{\"@type\":\"ListItem\",\"position\":2,\"name\":\"41\u00ba ANIVERSARIO DEL D\u00cdA QUE MADRYN SE QUED\u00d3 SIN PAN\"}]},{\"@type\":\"WebSite\",\"@id\":\"https:\\\/\\\/fmpatagoniamadryn.com.ar\\\/#website\",\"url\":\"https:\\\/\\\/fmpatagoniamadryn.com.ar\\\/\",\"name\":\"FM Patagonia Madryn\",\"description\":\"Radio Patagonia 105.5\",\"publisher\":{\"@id\":\"https:\\\/\\\/fmpatagoniamadryn.com.ar\\\/#organization\"},\"potentialAction\":[{\"@type\":\"SearchAction\",\"target\":{\"@type\":\"EntryPoint\",\"urlTemplate\":\"https:\\\/\\\/fmpatagoniamadryn.com.ar\\\/?s={search_term_string}\"},\"query-input\":{\"@type\":\"PropertyValueSpecification\",\"valueRequired\":true,\"valueName\":\"search_term_string\"}}],\"inLanguage\":\"es\"},{\"@type\":\"Organization\",\"@id\":\"https:\\\/\\\/fmpatagoniamadryn.com.ar\\\/#organization\",\"name\":\"FM Patagonia Madryn\",\"url\":\"https:\\\/\\\/fmpatagoniamadryn.com.ar\\\/\",\"logo\":{\"@type\":\"ImageObject\",\"inLanguage\":\"es\",\"@id\":\"https:\\\/\\\/fmpatagoniamadryn.com.ar\\\/#\\\/schema\\\/logo\\\/image\\\/\",\"url\":\"https:\\\/\\\/fmpatagoniamadryn.com.ar\\\/wp-content\\\/uploads\\\/2023\\\/01\\\/cropped-Diseno-sin-titulo.png\",\"contentUrl\":\"https:\\\/\\\/fmpatagoniamadryn.com.ar\\\/wp-content\\\/uploads\\\/2023\\\/01\\\/cropped-Diseno-sin-titulo.png\",\"width\":6911,\"height\":2657,\"caption\":\"FM Patagonia Madryn\"},\"image\":{\"@id\":\"https:\\\/\\\/fmpatagoniamadryn.com.ar\\\/#\\\/schema\\\/logo\\\/image\\\/\"}},{\"@type\":\"Person\",\"@id\":\"https:\\\/\\\/fmpatagoniamadryn.com.ar\\\/#\\\/schema\\\/person\\\/1d968ec613613768e14b4e6420a2b125\",\"name\":\"FM Patagonia\",\"url\":\"https:\\\/\\\/fmpatagoniamadryn.com.ar\\\/?author=3\"}]}<\/script>\n<!-- \/ Yoast SEO plugin. -->","yoast_head_json":{"title":"41\u00ba ANIVERSARIO DEL D\u00cdA QUE MADRYN SE QUED\u00d3 SIN PAN - FM Patagonia Madryn","robots":{"index":"index","follow":"follow","max-snippet":"max-snippet:-1","max-image-preview":"max-image-preview:large","max-video-preview":"max-video-preview:-1"},"canonical":"https:\/\/fmpatagoniamadryn.com.ar\/?p=3584","og_locale":"es_ES","og_type":"article","og_title":"41\u00ba ANIVERSARIO DEL D\u00cdA QUE MADRYN SE QUED\u00d3 SIN PAN - FM Patagonia Madryn","og_description":"El acto oficial ser\u00e1 el lunes 19 de junio a las 10 horas en el Ecocentro Pampa Azul. Las actividades se desarrollar\u00e1n desde este viernes La Municipalidad de Puerto Madryn&hellip;","og_url":"https:\/\/fmpatagoniamadryn.com.ar\/?p=3584","og_site_name":"FM Patagonia Madryn","article_published_time":"2023-06-16T17:26:17+00:00","article_modified_time":"2023-06-16T17:26:24+00:00","og_image":[{"width":1287,"height":858,"url":"https:\/\/fmpatagoniamadryn.com.ar\/wp-content\/uploads\/2023\/06\/1b899272-7d12-4a1e-b3b4-70689064febd.jpeg","type":"image\/jpeg"}],"author":"FM Patagonia","twitter_card":"summary_large_image","twitter_misc":{"Escrito por":"FM Patagonia","Tiempo de lectura":"3 minutos"},"schema":{"@context":"https:\/\/schema.org","@graph":[{"@type":"Article","@id":"https:\/\/fmpatagoniamadryn.com.ar\/?p=3584#article","isPartOf":{"@id":"https:\/\/fmpatagoniamadryn.com.ar\/?p=3584"},"author":{"name":"FM Patagonia","@id":"https:\/\/fmpatagoniamadryn.com.ar\/#\/schema\/person\/1d968ec613613768e14b4e6420a2b125"},"headline":"41\u00ba ANIVERSARIO DEL D\u00cdA QUE MADRYN SE QUED\u00d3 SIN PAN","datePublished":"2023-06-16T17:26:17+00:00","dateModified":"2023-06-16T17:26:24+00:00","mainEntityOfPage":{"@id":"https:\/\/fmpatagoniamadryn.com.ar\/?p=3584"},"wordCount":648,"publisher":{"@id":"https:\/\/fmpatagoniamadryn.com.ar\/#organization"},"image":{"@id":"https:\/\/fmpatagoniamadryn.com.ar\/?p=3584#primaryimage"},"thumbnailUrl":"https:\/\/fmpatagoniamadryn.com.ar\/wp-content\/uploads\/2023\/06\/1b899272-7d12-4a1e-b3b4-70689064febd.jpeg","articleSection":["Locales"],"inLanguage":"es"},{"@type":"WebPage","@id":"https:\/\/fmpatagoniamadryn.com.ar\/?p=3584","url":"https:\/\/fmpatagoniamadryn.com.ar\/?p=3584","name":"41\u00ba ANIVERSARIO DEL D\u00cdA QUE MADRYN SE QUED\u00d3 SIN PAN - FM Patagonia Madryn","isPartOf":{"@id":"https:\/\/fmpatagoniamadryn.com.ar\/#website"},"primaryImageOfPage":{"@id":"https:\/\/fmpatagoniamadryn.com.ar\/?p=3584#primaryimage"},"image":{"@id":"https:\/\/fmpatagoniamadryn.com.ar\/?p=3584#primaryimage"},"thumbnailUrl":"https:\/\/fmpatagoniamadryn.com.ar\/wp-content\/uploads\/2023\/06\/1b899272-7d12-4a1e-b3b4-70689064febd.jpeg","datePublished":"2023-06-16T17:26:17+00:00","dateModified":"2023-06-16T17:26:24+00:00","breadcrumb":{"@id":"https:\/\/fmpatagoniamadryn.com.ar\/?p=3584#breadcrumb"},"inLanguage":"es","potentialAction":[{"@type":"ReadAction","target":["https:\/\/fmpatagoniamadryn.com.ar\/?p=3584"]}]},{"@type":"ImageObject","inLanguage":"es","@id":"https:\/\/fmpatagoniamadryn.com.ar\/?p=3584#primaryimage","url":"https:\/\/fmpatagoniamadryn.com.ar\/wp-content\/uploads\/2023\/06\/1b899272-7d12-4a1e-b3b4-70689064febd.jpeg","contentUrl":"https:\/\/fmpatagoniamadryn.com.ar\/wp-content\/uploads\/2023\/06\/1b899272-7d12-4a1e-b3b4-70689064febd.jpeg","width":1287,"height":858},{"@type":"BreadcrumbList","@id":"https:\/\/fmpatagoniamadryn.com.ar\/?p=3584#breadcrumb","itemListElement":[{"@type":"ListItem","position":1,"name":"Portada","item":"https:\/\/fmpatagoniamadryn.com.ar\/"},{"@type":"ListItem","position":2,"name":"41\u00ba ANIVERSARIO DEL D\u00cdA QUE MADRYN SE QUED\u00d3 SIN PAN"}]},{"@type":"WebSite","@id":"https:\/\/fmpatagoniamadryn.com.ar\/#website","url":"https:\/\/fmpatagoniamadryn.com.ar\/","name":"FM Patagonia Madryn","description":"Radio Patagonia 105.5","publisher":{"@id":"https:\/\/fmpatagoniamadryn.com.ar\/#organization"},"potentialAction":[{"@type":"SearchAction","target":{"@type":"EntryPoint","urlTemplate":"https:\/\/fmpatagoniamadryn.com.ar\/?s={search_term_string}"},"query-input":{"@type":"PropertyValueSpecification","valueRequired":true,"valueName":"search_term_string"}}],"inLanguage":"es"},{"@type":"Organization","@id":"https:\/\/fmpatagoniamadryn.com.ar\/#organization","name":"FM Patagonia Madryn","url":"https:\/\/fmpatagoniamadryn.com.ar\/","logo":{"@type":"ImageObject","inLanguage":"es","@id":"https:\/\/fmpatagoniamadryn.com.ar\/#\/schema\/logo\/image\/","url":"https:\/\/fmpatagoniamadryn.com.ar\/wp-content\/uploads\/2023\/01\/cropped-Diseno-sin-titulo.png","contentUrl":"https:\/\/fmpatagoniamadryn.com.ar\/wp-content\/uploads\/2023\/01\/cropped-Diseno-sin-titulo.png","width":6911,"height":2657,"caption":"FM Patagonia Madryn"},"image":{"@id":"https:\/\/fmpatagoniamadryn.com.ar\/#\/schema\/logo\/image\/"}},{"@type":"Person","@id":"https:\/\/fmpatagoniamadryn.com.ar\/#\/schema\/person\/1d968ec613613768e14b4e6420a2b125","name":"FM Patagonia","url":"https:\/\/fmpatagoniamadryn.com.ar\/?author=3"}]}},"jetpack_featured_media_url":"https:\/\/fmpatagoniamadryn.com.ar\/wp-content\/uploads\/2023\/06\/1b899272-7d12-4a1e-b3b4-70689064febd.jpeg","_links":{"self":[{"href":"https:\/\/fmpatagoniamadryn.com.ar\/index.php?rest_route=\/wp\/v2\/posts\/3584","targetHints":{"allow":["GET"]}}],"collection":[{"href":"https:\/\/fmpatagoniamadryn.com.ar\/index.php?rest_route=\/wp\/v2\/posts"}],"about":[{"href":"https:\/\/fmpatagoniamadryn.com.ar\/index.php?rest_route=\/wp\/v2\/types\/post"}],"author":[{"embeddable":true,"href":"https:\/\/fmpatagoniamadryn.com.ar\/index.php?rest_route=\/wp\/v2\/users\/3"}],"replies":[{"embeddable":true,"href":"https:\/\/fmpatagoniamadryn.com.ar\/index.php?rest_route=%2Fwp%2Fv2%2Fcomments&post=3584"}],"version-history":[{"count":1,"href":"https:\/\/fmpatagoniamadryn.com.ar\/index.php?rest_route=\/wp\/v2\/posts\/3584\/revisions"}],"predecessor-version":[{"id":3585,"href":"https:\/\/fmpatagoniamadryn.com.ar\/index.php?rest_route=\/wp\/v2\/posts\/3584\/revisions\/3585"}],"wp:featuredmedia":[{"embeddable":true,"href":"https:\/\/fmpatagoniamadryn.com.ar\/index.php?rest_route=\/wp\/v2\/media\/3583"}],"wp:attachment":[{"href":"https:\/\/fmpatagoniamadryn.com.ar\/index.php?rest_route=%2Fwp%2Fv2%2Fmedia&parent=3584"}],"wp:term":[{"taxonomy":"category","embeddable":true,"href":"https:\/\/fmpatagoniamadryn.com.ar\/index.php?rest_route=%2Fwp%2Fv2%2Fcategories&post=3584"},{"taxonomy":"post_tag","embeddable":true,"href":"https:\/\/fmpatagoniamadryn.com.ar\/index.php?rest_route=%2Fwp%2Fv2%2Ftags&post=3584"}],"curies":[{"name":"wp","href":"https:\/\/api.w.org\/{rel}","templated":true}]}}